{"id":491355,"date":"2025-11-26T10:27:37","date_gmt":"2025-11-26T09:27:37","guid":{"rendered":"https:\/\/www.tui.at\/blog\/?p=491355"},"modified":"2025-11-28T11:09:31","modified_gmt":"2025-11-28T10:09:31","slug":"montenegro-roadtrip","status":"publish","type":"post","link":"https:\/\/www.tui.at\/blog\/montenegro-roadtrip\/","title":{"rendered":"Montenegro Roadtrip \u2013 Das bestgeh\u00fctete Geheimnis des Balkans"},"content":{"rendered":"\n<p id=\"montenegro-roadtrip\"><a href=\"https:\/\/www.tui.at\/pauschalreisen\/montenegro\/\" target=\"_blank\" rel=\"noreferrer noopener\">Montenegro<\/a> hat uns vom ersten Moment an verzaubert. Dieses kleine Land auf dem Balkan vereint einfach alles, was das Reiseherz begehrt. Authentische Landschaften, atemberaubende Nationalparks und malerische K\u00fcstenorte mit mittelalterlichem Charme. Ob man beim Wandern die Bergwelt erkunden, beim Rafting den Adrenalinkick suchen, am Strand oder Skadarsee die Seele baumeln lassen oder durch verwinkelte historische Gassen schlendern m\u00f6chte, Montenegro bietet das perfekte Rundumpaket f\u00fcr jeden Reisetyp.<\/p>\n\n\n<div class=\"table-of-contents\">\r\n    <div class=\"toc-head\">\r\n        <span class=\"toc-headline\">Inhalt<\/span>\r\n        <button class=\"toggle-toc\"\r\n            aria-expanded=\"false\"\r\n            aria-controls=\"toc-list\"\r\n            aria-label=\"Inhaltsverzeichnis ein- oder ausklappen\">\r\n            <svg xmlns=\"http:\/\/www.w3.org\/2000\/svg\" width=\"17.503\" height=\"10.303\" viewBox=\"0 0 17.503 10.303\">\r\n                <path id=\"Icon_ionic-ios-arrow-back\" data-name=\"Icon ionic-ios-arrow-back\" d=\"M14.356,14.943l6.819-6.618a1.22,1.22,0,0,0,0-1.766,1.321,1.321,0,0,0-1.824,0l-7.726,7.5a1.223,1.223,0,0,0-.038,1.725l7.758,7.55a1.323,1.323,0,0,0,1.824,0,1.22,1.22,0,0,0,0-1.766Z\" transform=\"translate(23.697 -11.251) rotate(90)\" fill=\"#1B115C\"><\/path>\r\n            <\/svg>\r\n        <\/button>\r\n    <\/div>\r\n    <ul id=\"toc-list\" class=\"toc-list\"><\/ul>\r\n<\/div>\n\n\n<h2 class=\"wp-block-heading\">1. Allgemeine Infos zu Montenegro<\/h2>\n\n\n\n<h6 class=\"wp-block-heading\">Lage &amp; Nachbarl\u00e4nder<\/h6>\n\n\n\n<ul class=\"wp-block-list\">\n<li>S\u00fcdosteuropa, Balkan, an der Adriak\u00fcste<\/li>\n\n\n\n<li>Grenzt an Kroatien, Bosnien-Herzegowina, Serbien, Kosovo und Albanien<\/li>\n<\/ul>\n\n\n\n<h6 class=\"gb-headline gb-headline-de00538a gb-headline-text\">Beste Reisezeit &amp; Klima<\/h6>\n\n\n\n<ul class=\"wp-block-list\">\n<li>Ideal: Mai und Oktober<\/li>\n\n\n\n<li>Hochsaison: Juli und August<\/li>\n\n\n\n<li>Sommertemperaturen: K\u00fcste 25-35\u00b0C, Berge 15-25\u00b0C <\/li>\n<\/ul>\n\n\n\n<h6 class=\"gb-headline gb-headline-a7e05a90 gb-headline-text\">Anreise<\/h6>\n\n\n\n<ul class=\"wp-block-list\">\n<li>1,5 Stunden <a href=\"https:\/\/www.tui.at\/pauschalreisen\/suchen\/hotels\/Serbien,-Montenegro\/1277\/list\/?searchScope=PACKAGE&amp;departureAirports=VIE&amp;startDate=2025-11-24&amp;endDate=2026-11-30&amp;cities=32193&amp;airlines=OS\" target=\"_blank\" rel=\"noreferrer noopener\">Direktflug <\/a>mit Austrian Airlines Wien nach Podgorica<\/li>\n\n\n\n<li>1,5 Stunden <a href=\"https:\/\/www.tui.at\/pauschalreisen\/suchen\/hotels\/S%C3%BCddalmatien\/1289\/list\/?searchScope=PACKAGE&amp;departureAirports=VIE&amp;startDate=2025-11-24&amp;endDate=2026-11-30&amp;cities=442&amp;airlines=FR\" target=\"_blank\" rel=\"noreferrer noopener\">Direktflug <\/a>mit Ryanair Wien nach Dubrovnik<\/li>\n\n\n\n<li>11 Stunden Selbstanreise mit PKW von Wien nach Herceg Novi \u00fcber Slowenien und Kroatien<\/li>\n<\/ul>\n\n\n\n<h6 class=\"gb-headline gb-headline-2cf8a455 gb-headline-text\">W\u00e4hrung &amp; Kosten<\/h6>\n\n\n\n<ul class=\"wp-block-list\">\n<li>Euro (obwohl nicht in der EU)<\/li>\n\n\n\n<li>Bargeld bevorzugt, Kreditkarten in gr\u00f6\u00dferen Orten akzeptiert<\/li>\n\n\n\n<li>Trinkgeld: ca. 10%<\/li>\n\n\n\n<li>Geringe Eintrittsgeb\u00fchr f\u00fcr Nationalparks<\/li>\n<\/ul>\n\n\n\n<h6 class=\"gb-headline gb-headline-61da94e8 gb-headline-text\">Sprache<\/h6>\n\n\n\n<ul class=\"wp-block-list\">\n<li>Montenegrinisch<\/li>\n\n\n\n<li>Englisch in Touristenorten gut verbreitet<\/li>\n\n\n\n<li>N\u00fctzliche W\u00f6rter: Dobar dan (Guten Tag), Hvala (Danke), Molim (Bitte)<\/li>\n<\/ul>\n\n\n\n<h6 class=\"gb-headline gb-headline-6ce76c9d gb-headline-text\">Mobilfunk<\/h6>\n\n\n\n<ul class=\"wp-block-list\">\n<li>EU-Roaming gilt NICHT<\/li>\n\n\n\n<li>Lokale SIM-Karte empfohlen<\/li>\n<\/ul>\n\n\n\n<h6 class=\"gb-headline gb-headline-a6771aa5 gb-headline-text\">Mietwagen-Tipps<\/h6>\n\n\n\n<ul class=\"wp-block-list\">\n<li>Grenzgeb\u00fchr Montenegro: 50 EUR (einmalig)<\/li>\n\n\n\n<li>Gr\u00fcne Versicherungskarte mit &#8222;MNE&#8220; pr\u00fcfen<\/li>\n\n\n\n<li>Vollkasko ohne Selbstbeteiligung empfohlen<\/li>\n\n\n\n<li>Abblendlicht ganzj\u00e4hrig Pflicht<\/li>\n\n\n\n<li>Promillegrenze: 0,3 Promille<\/li>\n\n\n\n<li>Geschwindigkeiten: Innerorts 50 km\/h, Landstra\u00dfe 80 km\/h, Autobahn 120 km\/h<\/li>\n\n\n\n<li>Buchbar direkt \u00fcber <a href=\"https:\/\/www.tui.at\/mietwagen\/\" target=\"_blank\" rel=\"noreferrer noopener\">TUI Cars<\/a><\/li>\n<\/ul>\n\n\n\n<h6 class=\"gb-headline gb-headline-ee8b4a42 gb-headline-text\">Wichtig<\/h6>\n\n\n\n<ul class=\"wp-block-list\">\n<li>Touren im Voraus buchen (Rafting, Speedboot-Tour, Bootsfahrt Skadar See)<\/li>\n\n\n\n<li>Mietwagen vor Grenz\u00fcbertritt von allen Seiten fotografieren<\/li>\n\n\n\n<li>Mein pers\u00f6nlicher Tipp: Mit <a href=\"https:\/\/www.tui.at\/individualreisen\/\" target=\"_blank\" rel=\"noreferrer noopener\">TUI tours <\/a>kannst du deine Reise ganz individuell planen <\/li>\n<\/ul>\n\n\n\r\n<div class=\"img-gal-block\">\r\n            <div class=\"img-gal-desktop\">\r\n            <div class=\"inner landscape\">\r\n                                    <div class=\"img-container \">\r\n                        <div class=\"img-inner\">\r\n                            <img decoding=\"async\" src=\"https:\/\/www.tui.at\/blog\/wp-content\/uploads\/2025\/11\/Route-Montenegro-Kopie.jpg\" alt=\"Unsere Montenegro Roadtrip Route\"\/>\r\n                                                    <\/div>\r\n                        <p>\r\n                            Unsere Montenegro Roadtrip Route                            <span> | Google Maps                        <\/p>\r\n                    <\/div>\r\n                            <\/div>\r\n        <\/div>\r\n\r\n        <div class=\"slides\" id=\"image-gal-slide\">\r\n                            <div>\r\n                    <img decoding=\"async\" src=\"https:\/\/www.tui.at\/blog\/wp-content\/uploads\/2025\/11\/Route-Montenegro-Kopie.jpg\"\/>\r\n                    <div class=\"caption\">\r\n                        <p>\r\n                            Unsere Montenegro Roadtrip Route                            <span> | Google Maps                        <\/p>\r\n                    <\/div>\r\n                <\/div>\r\n                    <\/div>\r\n    <\/div>\r\n\n\n<div class=\"gb-container gb-container-56c3bc9a\">\n\n<h2 class=\"wp-block-heading\">Tag 1: Ankunft in Herceg Novi<\/h2>\n\n\n<div class=\"gb-grid-wrapper gb-grid-wrapper-430d999f\">\n<div class=\"gb-grid-column gb-grid-column-4a161313\"><div class=\"gb-container gb-container-4a161313\">\n\n<p>Nach unserer Landung in Dubrovnik, Kroatien haben wir unseren vorher gebuchten <a href=\"https:\/\/www.tui.at\/mietwagen\/\" target=\"_blank\" rel=\"noreferrer noopener\">Mietwagen<\/a> abgeholt. Wichtig war hier die 50 EUR Grenzgeb\u00fchr f\u00fcr Montenegro an TUI Cars zu zahlen und die gr\u00fcne Versicherungskarte auf den Vermerk MNE (Montenegro) zu pr\u00fcfen. Das ist ein essenzielles Detail, weil man sonst in Montenegro nicht versichert w\u00e4re und im Falle eines Unfalls alles selbst zahlen m\u00fcsste.<\/p>\n\n\n\n<p>Nachdem die \u00dcbergabe des Mietwagens einwandfrei und schnell erfolgte, konnten wir es kaum erwarten unseren Roadtrip zu beginnen. Die Fahrt nach Herceg Novi f\u00fchrte uns das erste Mal \u00fcber die montenegrinische Grenze, wof\u00fcr wir etwa eine halbe Stunde Wartezeit einplanten. Angekommen in Herceg Novi konnten wir direkt im <a href=\"https:\/\/www.tui.at\/pauschalreisen\/suchen\/angebote\/Lazure-Hotel-&amp;-Marina\/857531\/hotelDescription\/\" target=\"_blank\" rel=\"noreferrer noopener\">Lazure Hotel &amp; Marina<\/a> einchecken und erkundeten dann am Nachmittag dieses wundersch\u00f6ne St\u00e4dtchen. Die Festung Kanli Kula mit ihrer imposanten Open-Air-B\u00fchne bot einen herrlichen Ausblick \u00fcber die Bucht. Wir schlenderten durch die Altstadt mit ihrem markanten Uhrturm und lie\u00dfen das mediterrane Flair auf uns wirken. Das Kloster Savina rundete den ersten Eindruck perfekt ab. Zum Abendessen suchten wir uns ein gem\u00fctliches Restaurant in der Altstadt, der ideale Auftakt f\u00fcr unseren zweiw\u00f6chigen Urlaub.<\/p>\n\n<\/div><\/div>\n\n<div class=\"gb-grid-column gb-grid-column-0488691e\"><div class=\"gb-container gb-container-0488691e\">\n<div class=\"gb-container gb-container-94d1076e\">\n<div class=\"tui-infobox__small \">\r\n    <div class=\"inner\">\r\n                    <p class=\"title\">Tipp:<\/p>\r\n        \r\n                    <div class=\"infobox_image_wrapper\">\r\n                <img decoding=\"async\" src=\"https:\/\/www.tui.at\/blog\/wp-content\/uploads\/2025\/11\/Gluehbirne-1.png\" class=\"infobox_small_image\" title=\"Gl\u00fchbirne\" alt=\"Gl\u00fchbirne\" \/>\r\n                            <\/div>\r\n                    \r\n                    <p>Ich empfehle eine Vollkaskoversicherung ohne Selbstbehalt abzuschlie\u00dfen.<\/p>\n            <\/div>\r\n<\/div>\n<\/div>\n<\/div><\/div>\n<\/div>\n\n\n<h2 class=\"wp-block-heading\">Tag 2: Entlang der K\u00fcste nach Kotor<\/h2>\n\n\n<div class=\"gb-container gb-container-d6c710a7\">\n\n<p>Nach einem k\u00f6stlichen Fr\u00fchst\u00fcck checkten wir aus dem <a href=\"https:\/\/www.tui.at\/pauschalreisen\/suchen\/angebote\/Lazure-Hotel-&amp;-Marina\/857531\/hotelDescription\/\" target=\"_blank\" rel=\"noreferrer noopener\">Lazure Hotel &amp; Marina<\/a> aus und machten uns auf dem Weg Richtung Perast. Die Fahrt entlang der K\u00fcstenstra\u00dfe war bereits ein Highlight f\u00fcr sich. Die fjordartige Landschaft, ges\u00e4umt von hohen Bergen, lie\u00df uns immer wieder anhalten, um Fotos zu machen. Perast selbst ist ein kleines Juwel. Einst eine Seefahrerrepublik, heute eine romantische Barockstadt mit der beeindruckenden St. Nikola Kirche und ihrem Glockenturm. Wir schlenderten f\u00fcr eine Stunde durch das kleine St\u00e4dtchen und genossenen das mediterrane Flair.<\/p>\n\n\n\r\n<div class=\"img-gal-block\">\r\n            <div class=\"img-gal-desktop\">\r\n            <div class=\"inner landscape\">\r\n                                    <div class=\"img-container \">\r\n                        <div class=\"img-inner\">\r\n                            <img decoding=\"async\" src=\"https:\/\/www.tui.at\/blog\/wp-content\/uploads\/2025\/11\/Montenegro_Perast_BayofKotor-scaled.jpeg\" alt=\"Perast und Hafen von Kotor, Montenegro\"\/>\r\n                                                    <\/div>\r\n                        <p>\r\n                            Perast und Hafen von Kotor, Montenegro                            <span> | Adobe Stock &#8211; oleksii.leonov                        <\/p>\r\n                    <\/div>\r\n                                    <div class=\"img-container \">\r\n                        <div class=\"img-inner\">\r\n                            <img decoding=\"async\" src=\"https:\/\/www.tui.at\/blog\/wp-content\/uploads\/2025\/11\/Montenegro_Perast-scaled.jpeg\" alt=\"Perast in Montenegro\"\/>\r\n                                                    <\/div>\r\n                        <p>\r\n                            Perast in Montenegro                            <span> | Adobe Stock &#8211; mrotchka                        <\/p>\r\n                    <\/div>\r\n                            <\/div>\r\n        <\/div>\r\n\r\n        <div class=\"slides\" id=\"image-gal-slide\">\r\n                            <div>\r\n                    <img decoding=\"async\" src=\"https:\/\/www.tui.at\/blog\/wp-content\/uploads\/2025\/11\/Montenegro_Perast_BayofKotor-scaled.jpeg\"\/>\r\n                    <div class=\"caption\">\r\n                        <p>\r\n                            Perast und Hafen von Kotor, Montenegro                            <span> | Adobe Stock &#8211; oleksii.leonov                        <\/p>\r\n                    <\/div>\r\n                <\/div>\r\n                            <div>\r\n                    <img decoding=\"async\" src=\"https:\/\/www.tui.at\/blog\/wp-content\/uploads\/2025\/11\/Montenegro_Perast-scaled.jpeg\"\/>\r\n                    <div class=\"caption\">\r\n                        <p>\r\n                            Perast in Montenegro                            <span> | Adobe Stock &#8211; mrotchka                        <\/p>\r\n                    <\/div>\r\n                <\/div>\r\n                    <\/div>\r\n    <\/div>\r\n\n\n\n<p>Nach einer kurzen Weiterfahrt in Kotor angekommen, genossen wir erst einmal ein ausgiebiges Mittagessen mit frischem Fisch und Risotto. Die Sonne erw\u00e4rmte unsere Gesichter und wir fragten uns, warum wir zuvor noch nie von diesem sch\u00f6nen Ort geh\u00f6rt hatten. Wir checkten f\u00fcr die n\u00e4chsten drei N\u00e4chte im sch\u00f6nen <a href=\"https:\/\/www.tui.at\/hotel\/suchen\/angebote\/Historic-Boutique-Hotel-Cattaro\/300506\/offer\/?startDate=2025-10-30&amp;endDate=2026-10-31&amp;duration=7&amp;travellers=2&amp;searchScope=HOTEL&amp;selectedDuration=7#hotel-overview\" target=\"_blank\" rel=\"noreferrer noopener\">Historic Boutique Hotel Cattaro<\/a> ein und begaben uns auf eine erste Erkundungstour durch die Altstadt. Die mittelalterlichen Pal\u00e4ste und Kirchen erz\u00e4hlen von der Geschichte als wichtige Handelsstadt. Einen besonderen Charme verleihen dieser Stadt die Katzen, welche einem \u00fcberall begegnen. Anl\u00e4sslich dieser samtpfotigen Bewohner gibt es sogar ein Katzenmuseum. Zum Sonnenuntergang spazierten wir entlang der vier Kilometer langen Festungsmauer und verloren uns in den verwinkelten Gassen der Stadt. Abends zog es uns in den Nitrox Pub, ein absolutes Muss f\u00fcr alle Cocktail-Liebhaber:innen. Die ausgefallenen Drinks waren super fancy angerichtet und die Auswahl riesig. Ja, es war nicht ganz g\u00fcnstig, aber jeden Euro wert.<\/p>\n\n<\/div>\n<\/div>\n\n\n<figure class=\"wp-block-gallery has-nested-images columns-default is-cropped wp-block-gallery-1 is-layout-flex wp-block-gallery-is-layout-flex\">\n<figure class=\"wp-block-image size-large\"><img loading=\"lazy\" decoding=\"async\" width=\"422\" height=\"563\" data-id=\"491467\" src=\"https:\/\/www.tui.at\/blog\/wp-content\/uploads\/2025\/11\/Montenegro_Freunde_Kotor-422x563.jpg\" alt=\"Montenegro_Kotor\" class=\"wp-image-491467\" srcset=\"https:\/\/www.tui.at\/blog\/wp-content\/uploads\/2025\/11\/Montenegro_Freunde_Kotor-422x563.jpg 422w, https:\/\/www.tui.at\/blog\/wp-content\/uploads\/2025\/11\/Montenegro_Freunde_Kotor-333x444.jpg 333w, https:\/\/www.tui.at\/blog\/wp-content\/uploads\/2025\/11\/Montenegro_Freunde_Kotor-768x1024.jpg 768w, https:\/\/www.tui.at\/blog\/wp-content\/uploads\/2025\/11\/Montenegro_Freunde_Kotor-165x220.jpg 165w, https:\/\/www.tui.at\/blog\/wp-content\/uploads\/2025\/11\/Montenegro_Freunde_Kotor.jpg 900w\" sizes=\"auto, (max-width: 422px) 100vw, 422px\" \/><\/figure>\n\n\n\n<figure class=\"wp-block-image size-large\"><img loading=\"lazy\" decoding=\"async\" width=\"422\" height=\"563\" data-id=\"491463\" src=\"https:\/\/www.tui.at\/blog\/wp-content\/uploads\/2025\/11\/Montenegro_Freunde_Kotor-Festungsmauer-422x563.jpeg\" alt=\"Montenegro_Kotor Festungsmauer\" class=\"wp-image-491463\" srcset=\"https:\/\/www.tui.at\/blog\/wp-content\/uploads\/2025\/11\/Montenegro_Freunde_Kotor-Festungsmauer-422x563.jpeg 422w, https:\/\/www.tui.at\/blog\/wp-content\/uploads\/2025\/11\/Montenegro_Freunde_Kotor-Festungsmauer-333x444.jpeg 333w, https:\/\/www.tui.at\/blog\/wp-content\/uploads\/2025\/11\/Montenegro_Freunde_Kotor-Festungsmauer-768x1024.jpeg 768w, https:\/\/www.tui.at\/blog\/wp-content\/uploads\/2025\/11\/Montenegro_Freunde_Kotor-Festungsmauer-1152x1536.jpeg 1152w, https:\/\/www.tui.at\/blog\/wp-content\/uploads\/2025\/11\/Montenegro_Freunde_Kotor-Festungsmauer-165x220.jpeg 165w, https:\/\/www.tui.at\/blog\/wp-content\/uploads\/2025\/11\/Montenegro_Freunde_Kotor-Festungsmauer.jpeg 1200w\" sizes=\"auto, (max-width: 422px) 100vw, 422px\" \/><\/figure>\n\n\n\n<figure class=\"wp-block-image size-large\"><img loading=\"lazy\" decoding=\"async\" width=\"432\" height=\"563\" data-id=\"491461\" src=\"https:\/\/www.tui.at\/blog\/wp-content\/uploads\/2025\/11\/Montenegro_Freunde_Kotor-Cocktail-Nitrox-Pub-432x563.jpeg\" alt=\"Montenegro Kotor Cocktail Nitrox Pub\" class=\"wp-image-491461\" srcset=\"https:\/\/www.tui.at\/blog\/wp-content\/uploads\/2025\/11\/Montenegro_Freunde_Kotor-Cocktail-Nitrox-Pub-432x563.jpeg 432w, https:\/\/www.tui.at\/blog\/wp-content\/uploads\/2025\/11\/Montenegro_Freunde_Kotor-Cocktail-Nitrox-Pub-341x444.jpeg 341w, https:\/\/www.tui.at\/blog\/wp-content\/uploads\/2025\/11\/Montenegro_Freunde_Kotor-Cocktail-Nitrox-Pub-169x220.jpeg 169w, https:\/\/www.tui.at\/blog\/wp-content\/uploads\/2025\/11\/Montenegro_Freunde_Kotor-Cocktail-Nitrox-Pub.jpeg 747w\" sizes=\"auto, (max-width: 432px) 100vw, 432px\" \/><\/figure>\n\n\n\n<figure class=\"wp-block-image size-large\"><img loading=\"lazy\" decoding=\"async\" width=\"900\" height=\"539\" data-id=\"491465\" src=\"https:\/\/www.tui.at\/blog\/wp-content\/uploads\/2025\/11\/Montenegro_Freunde_Kotor-Insel-Maria-von-Felsen.jpeg\" alt=\"Kotor, Montenegro\" class=\"wp-image-491465\" srcset=\"https:\/\/www.tui.at\/blog\/wp-content\/uploads\/2025\/11\/Montenegro_Freunde_Kotor-Insel-Maria-von-Felsen.jpeg 900w, https:\/\/www.tui.at\/blog\/wp-content\/uploads\/2025\/11\/Montenegro_Freunde_Kotor-Insel-Maria-von-Felsen-741x444.jpeg 741w, https:\/\/www.tui.at\/blog\/wp-content\/uploads\/2025\/11\/Montenegro_Freunde_Kotor-Insel-Maria-von-Felsen-768x460.jpeg 768w, https:\/\/www.tui.at\/blog\/wp-content\/uploads\/2025\/11\/Montenegro_Freunde_Kotor-Insel-Maria-von-Felsen-367x220.jpeg 367w\" sizes=\"auto, (max-width: 900px) 100vw, 900px\" \/><\/figure>\n<\/figure>\n\n\n\n<h2 class=\"wp-block-heading\">Tag 3: Bootstour und Lov\u0107en Abenteuer<\/h2>\n\n\n\n<p>Der dritte Tag startete mit einer <a href=\"https:\/\/www.tuimusement.com\/de\/montenegro\/kotor\/blue-cave-and-zanjic-beach-half-day-adventure\/e_2vvqzo-d_525-c_117\/?aid=tuiexperiences-21407-atrt\" target=\"_blank\" rel=\"noreferrer noopener\">Schnellboot-Tour, die wir \u00fcber TUI bereits gebucht hatten.<\/a> Wir fuhren zu einem alten Submarine U-Boot-Tunnel und besuchten die Insel Mamula mit ihrer Festung. &nbsp;Unser Highlight der Tour war die \u201eBlue Cave\u201c. Hier konnte man ein einzigartiges Lichterspiel im t\u00fcrkisfarbenen Wasser beobachten, sich abk\u00fchlen und schnorcheln. Auf dem R\u00fcckweg hielten wir noch einmal an der Insel \u201eOur Lady of the Rocks\u201c, welche wir gestern schon von Perast aus gesehen hatten. Dieser Perspektivwechsel war echt beeindruckend.<\/p>\n\n\n\n<p>Nach einem sp\u00e4ten Mittagessen in Kotor fuhren wir mit dem Auto zum Mausoleum Petar II. Petrovi\u0107 Njego\u0161. Die \u00fcber 460 Stufen auf 1.660 Meter H\u00f6he waren schwei\u00dftreibend, aber der Blick \u00fcber ganz Montenegro entsch\u00e4digte f\u00fcr jede einzelne Stufe. Ganz in der N\u00e4he befindet sich eine alpine Achterbahn, die wir uns nicht entgehen lassen konnten, da sie ganz oben auf unserer Bucket Liste stand. Mit 40 km\/h durch die Berglandschaft zu sausen war ein echtes Panoramaerlebnis. Ein paar Gehminuten neben der Achterbahn befindet sich die kleine Monte 1350 Bar. Ein Live DJ und Saxophonist sorgten f\u00fcr eine gro\u00dfartige Stimmung und bei einem erstaunlich erschwinglichen Aperol genossen wir einen der sch\u00f6nsten Sonnenunterg\u00e4nge unseres Lebens.<\/p>\n\n\n\r\n<div class=\"img-gal-block\">\r\n            <div class=\"img-gal-desktop\">\r\n            <div class=\"inner landscape\">\r\n                                    <div class=\"img-container \">\r\n                        <div class=\"img-inner\">\r\n                            <img decoding=\"async\" src=\"https:\/\/www.tui.at\/blog\/wp-content\/uploads\/2025\/11\/Montenegro_Freunde_Kotor-Monte-1350-Bar-Sonnenuntergang.jpeg\" alt=\"Montenegro Kotor Monte 1350 Bar Sonnenuntergang\"\/>\r\n                                                    <\/div>\r\n                        <p>\r\n                            1350 Bar Sonnenuntergang, Kotor                            <span> | Jule Schmidt                        <\/p>\r\n                    <\/div>\r\n                            <\/div>\r\n        <\/div>\r\n\r\n        <div class=\"slides\" id=\"image-gal-slide\">\r\n                            <div>\r\n                    <img decoding=\"async\" src=\"https:\/\/www.tui.at\/blog\/wp-content\/uploads\/2025\/11\/Montenegro_Freunde_Kotor-Monte-1350-Bar-Sonnenuntergang.jpeg\"\/>\r\n                    <div class=\"caption\">\r\n                        <p>\r\n                            1350 Bar Sonnenuntergang, Kotor                            <span> | Jule Schmidt                        <\/p>\r\n                    <\/div>\r\n                <\/div>\r\n                    <\/div>\r\n    <\/div>\r\n\n\n\n<h2 class=\"wp-block-heading\">Tag 4: Festung St. Jovan und Bergdorf-Kulinarik<\/h2>\n\n\n<div class=\"gb-grid-wrapper gb-grid-wrapper-8acdffe8\">\n<div class=\"gb-grid-column gb-grid-column-9f7012d3\"><div class=\"gb-container gb-container-9f7012d3\">\n\n<p>Fr\u00fch morgens machten wir uns an den Aufstieg zur Festung St. Jovan. Etwa eineinhalb Stunden brauchten wir nach oben, aber der gro\u00dfartige Blick auf Kotor und den Hafen war jede Anstrengung wert.<\/p>\n\n\n\n<p>Mittags fuhren wir ins traditionelle Bergdorf Njegu\u0161i, das f\u00fcr sein Original Prosciutto, K\u00e4se und Steak bekannt ist. Die Zubereitung erfolgt noch nach traditioneller Art und wir k\u00f6nnen sagen, dass dies eines der besten Essen unseres Urlaubs war. <\/p>\n\n\n\n<p>Am Nachmittag besuchten wir Cetinje, die ehemalige Hauptstadt des K\u00f6nigreichs Montenegro von 1878 bis 1918. Das Kloster vor Ort ist das religi\u00f6se Zentrum Montenegros und strahlt eine besondere Ruhe aus. Sp\u00e4ter ging es wieder zur\u00fcck nach Kotor, wo wir einen letzten Abend das mittelalterliche Flair genossen.<\/p>\n\n<\/div><\/div>\n\n<div class=\"gb-grid-column gb-grid-column-17f4c526\"><div class=\"gb-container gb-container-17f4c526\">\n<div class=\"tui-infobox__small \">\r\n    <div class=\"inner\">\r\n                    <p class=\"title\">Tipp<\/p>\r\n        \r\n                    <div class=\"infobox_image_wrapper\">\r\n                <img decoding=\"async\" src=\"https:\/\/www.tui.at\/blog\/wp-content\/uploads\/2025\/11\/Gluehbirne-1.png\" class=\"infobox_small_image\" title=\"Gl\u00fchbirne\" alt=\"Gl\u00fchbirne\" \/>\r\n                            <\/div>\r\n                    \r\n                    <p>Wirklich fr\u00fch starten, denn in der Mittagshitze wird es sehr anstrengend.<\/p>\n            <\/div>\r\n<\/div>\n<\/div><\/div>\n<\/div>\n\n\n<h2 class=\"gb-headline gb-headline-51bc1bc4 gb-headline-text\">Tag 5: Entlang der K\u00fcste Richtung Ulcinj<\/h2>\n\n\n\n<p>Nach dem Check-out in Kotor f\u00fchrte uns unsere Route nach Budva. Die Altstadt auf der Halbinsel vereint Kultur und Lebensfreude auf einzigartige Weise. Wir besichtigten die Zitadelle sowie das arch\u00e4ologische Museum und spazierten entlang der venezianischen Stadtmauern durch die historischen Gassen.<\/p>\n\n\n\n<p>Nur eine 10-min\u00fctige Autofahrt entfernt liegt Sveti Stefan. Einst ein Fischerdorf mit einer vorgelagerten Insel, welche als sch\u00f6nstes Fotomotiv Montenegros gilt und bis 2021 eines der exklusivsten Luxushotels weltweit beherbergte. Da das Hotel und die Villa Milo\u010der zurzeit nicht betrieben werden, genossen wir den Nachmittag am Queens Beach und fuhren f\u00fcr den Sonnenuntergang zum Aussichtspunkt der St. Sava Church. Ein absoluter Geheimtipp, wenn ihr uns fragt!<\/p>\n\n\n\n<p>Die Fahrt nach Ulcinj dauerte noch etwa eineinhalb Stunden, aber das sp\u00e4te Check-in im authentischen <a href=\"https:\/\/www.tui.at\/hotel\/suchen\/angebote\/Hotel-Palata-Venezia\/416338\/offer\/?startDate=2025-10-30&amp;endDate=2026-10-31&amp;duration=7&amp;travellers=2&amp;searchScope=HOTEL&amp;selectedDuration=7#guest-reviews\" target=\"_blank\" rel=\"noreferrer noopener\">Hotel Palata Venezia<\/a> war kein Problem.<\/p>\n\n\n\r\n<div class=\"img-gal-block\">\r\n            <div class=\"img-gal-desktop\">\r\n            <div class=\"inner landscape\">\r\n                                    <div class=\"img-container \">\r\n                        <div class=\"img-inner\">\r\n                            <img decoding=\"async\" src=\"https:\/\/www.tui.at\/blog\/wp-content\/uploads\/2025\/11\/Sveti-Stefan_2-scaled.jpg\" alt=\"\"\/>\r\n                                                    <\/div>\r\n                        <p>\r\n                            Sveti Stefan, Montenegro                        <\/p>\r\n                    <\/div>\r\n                                    <div class=\"img-container \">\r\n                        <div class=\"img-inner\">\r\n                            <img decoding=\"async\" src=\"https:\/\/www.tui.at\/blog\/wp-content\/uploads\/2025\/11\/Sveti-Stefan_1-scaled.jpg\" alt=\"\"\/>\r\n                                                    <\/div>\r\n                        <p>\r\n                            Sveti Stefan, Montenegro                            <span> | Christofer Dracke                        <\/p>\r\n                    <\/div>\r\n                            <\/div>\r\n        <\/div>\r\n\r\n        <div class=\"slides\" id=\"image-gal-slide\">\r\n                            <div>\r\n                    <img decoding=\"async\" src=\"https:\/\/www.tui.at\/blog\/wp-content\/uploads\/2025\/11\/Sveti-Stefan_2-scaled.jpg\"\/>\r\n                    <div class=\"caption\">\r\n                        <p>\r\n                            Sveti Stefan, Montenegro                        <\/p>\r\n                    <\/div>\r\n                <\/div>\r\n                            <div>\r\n                    <img decoding=\"async\" src=\"https:\/\/www.tui.at\/blog\/wp-content\/uploads\/2025\/11\/Sveti-Stefan_1-scaled.jpg\"\/>\r\n                    <div class=\"caption\">\r\n                        <p>\r\n                            Sveti Stefan, Montenegro                            <span> | Christofer Dracke                        <\/p>\r\n                    <\/div>\r\n                <\/div>\r\n                    <\/div>\r\n    <\/div>\r\n\n\n\n<h2 class=\"gb-headline gb-headline-ec83e543 gb-headline-text\">Tag 6: Strandtag an der Velika Pla\u017ea<\/h2>\n\n\n\n<p>Dieser Tag geh\u00f6rte ganz der Velika Pla\u017ea. Mit 13 Kilometern ist dies der l\u00e4ngste Sandstrand der Adria. Wir verbrachten den Tag mit Sonnenbaden, Strandspazierg\u00e4ngen und schauten den Kitesurfern zu, die hier ideale Bedingungen vorfinden. Die entspannte Atmosph\u00e4re und das t\u00fcrkisfarbene Wasser machten diesen Tag zu einer perfekten Auszeit. Abends gab es Abendessen direkt am Strand, einfach herrlich.<\/p>\n\n\n\n<h2 class=\"gb-headline gb-headline-903d3424 gb-headline-text\">Tag 7: Ada Bojana und Ankunft am Skadar See<\/h2>\n\n\n\n<p>Am Morgen fuhren wir zur Flussinsel Ada Bojana, die ein wahres Paradies f\u00fcr Natur- und Fischliebhaber:innen ist. Die Ruhe und unber\u00fchrte Natur hier waren beeindruckend. Die Saline von Ulcinj w\u00e4re unsere Alternative f\u00fcr diesen Vormittag gewesen. Hier wurde noch bis 2013 Salz produziert und wie wir h\u00f6rten, kann man Zugv\u00f6geln beim Br\u00fcten und Flamingos beobachten.<\/p>\n\n\n\n<p>Wir setzten unseren Roadtrip am fr\u00fchen Nachmittag Richtung Skadar See fort. Nach dem Check-in im<a href=\"https:\/\/www.tui.at\/hotels\/monte-casa-spa-and-wellness-de-luxe-100557\/hotelinformation\/\" target=\"_blank\" rel=\"noreferrer noopener\"> <\/a>Hotel <a href=\"https:\/\/www.tui.at\/suchen\/angebote\/AMI-Budva-Petrovac\/868324\/hotelDescription\" target=\"_blank\" rel=\"noreferrer noopener\">AMI Budva Petrovac<\/a> genossen wir ein entspanntes Abendessen und den SPA Bereich.<\/p>\n\n\n\n<h2 class=\"gb-headline gb-headline-38ddecf3 gb-headline-text\">Tag 8: Skadar See Nationalpark<\/h2>\n\n\n<div class=\"gb-grid-wrapper gb-grid-wrapper-43980b4a\">\n<div class=\"gb-grid-column gb-grid-column-d71cf548\"><div class=\"gb-container gb-container-d71cf548\">\n\n<p>Der Morgen begann mit einer zweist\u00fcndigen Bootsfahrt auf dem gr\u00f6\u00dften See des Balkans. Wir passierten kleine Fischerd\u00f6rfer und genossen die Ruhe der unber\u00fchrten Natur. Die Tour gibt es auch k\u00fcrzer, aber erst ab der 2-Stunden-Tour hat man die M\u00f6glichkeit, die wirklich sch\u00f6nen, ruhigen Orte zu erreichen.<\/p>\n\n\n\n<p>Zur\u00fcck im Hotel checkten wir aus und fuhren \u00fcber die Panoramastra\u00dfe nach Rijeka, unseren Zwischenstopp auf dem Weg zum Biogradska Gora Nationalpark. Es ist ein malerisches Dorf, das zum Schlendern und Mittagessen einl\u00e4dt. Der Aussichtspunkt Pavlova Strana am Fluss Crnojevi\u0107a bot uns einen spektakul\u00e4ren Blick auf die ikonische Flussschleife und sorgte eindeutig f\u00fcr weniger Speicherplatz auf unserer Kamera \ud83d\ude09<\/p>\n\n\n\n<p>Die anschlie\u00dfende Fahrt in Richtung Biogradska Gora Nationalpark dauerte noch zwei Stunden. Wir wurden sehr herzlich im <a href=\"https:\/\/www.tui.at\/pauschalreisen\/suchen\/angebote\/Wulfenia-Hotel\/1472747\/hotelDescription\" target=\"_blank\" rel=\"noreferrer noopener\">Wulfenia Hotel<\/a> empfangen, wo wir eine Nacht gebucht hatten. <\/p>\n\n\n\n<hr class=\"wp-block-separator has-alpha-channel-opacity\"\/>\n\n\n\n<p><a id=\"_msocom_1\"><\/a><\/p>\n\n<\/div><\/div>\n\n<div class=\"gb-grid-column gb-grid-column-d698905c\"><div class=\"gb-container gb-container-d698905c\">\n<div class=\"tui-infobox__small \">\r\n    <div class=\"inner\">\r\n                    <p class=\"title\">Tipp<\/p>\r\n        \r\n                    <div class=\"infobox_image_wrapper\">\r\n                <img decoding=\"async\" src=\"https:\/\/www.tui.at\/blog\/wp-content\/uploads\/2025\/11\/Gluehbirne-1.png\" class=\"infobox_small_image\" title=\"Gl\u00fchbirne\" alt=\"Gl\u00fchbirne\" \/>\r\n                            <\/div>\r\n                    \r\n                    <p>Macht diese Tour bei Sonnenaufgang. Die zu beobachtende Farb- und Artenvielfalt ist so viel spektakul\u00e4rer. <\/p>\n            <\/div>\r\n<\/div>\n<\/div><\/div>\n<\/div>\n\n\r\n<div class=\"img-gal-block\">\r\n            <div class=\"img-gal-desktop\">\r\n            <div class=\"inner landscape\">\r\n                                    <div class=\"img-container \">\r\n                        <div class=\"img-inner\">\r\n                            <img decoding=\"async\" src=\"https:\/\/www.tui.at\/blog\/wp-content\/uploads\/2025\/11\/AdobeStock_282092254-scaled.jpeg\" alt=\"Panoramablick, Skadar See Nationalpark\"\/>\r\n                                                    <\/div>\r\n                        <p>\r\n                            Skadar See Nationalpark                            <span> | Adobe Stock &#8211; Simon                        <\/p>\r\n                    <\/div>\r\n                                    <div class=\"img-container \">\r\n                        <div class=\"img-inner\">\r\n                            <img decoding=\"async\" src=\"https:\/\/www.tui.at\/blog\/wp-content\/uploads\/2025\/11\/AdobeStock_281816512-scaled.jpeg\" alt=\"\"\/>\r\n                                                    <\/div>\r\n                        <p>\r\n                            Skadar See Nationalpark                            <span> | Adobe Stock &#8211; Shaganart                        <\/p>\r\n                    <\/div>\r\n                            <\/div>\r\n        <\/div>\r\n\r\n        <div class=\"slides\" id=\"image-gal-slide\">\r\n                            <div>\r\n                    <img decoding=\"async\" src=\"https:\/\/www.tui.at\/blog\/wp-content\/uploads\/2025\/11\/AdobeStock_282092254-scaled.jpeg\"\/>\r\n                    <div class=\"caption\">\r\n                        <p>\r\n                            Skadar See Nationalpark                            <span> | Adobe Stock &#8211; Simon                        <\/p>\r\n                    <\/div>\r\n                <\/div>\r\n                            <div>\r\n                    <img decoding=\"async\" src=\"https:\/\/www.tui.at\/blog\/wp-content\/uploads\/2025\/11\/AdobeStock_281816512-scaled.jpeg\"\/>\r\n                    <div class=\"caption\">\r\n                        <p>\r\n                            Skadar See Nationalpark                            <span> | Adobe Stock &#8211; Shaganart                        <\/p>\r\n                    <\/div>\r\n                <\/div>\r\n                    <\/div>\r\n    <\/div>\r\n\n\n\n<h2 class=\"gb-headline gb-headline-798f02a1 gb-headline-text\">Tag 9: Vom Biogradska Gora Nationalpark zur Tara-Schlucht<\/h2>\n\n\n\n<p>Wusstet ihr, dass der Biogradska Gora Nationalpark<a> <\/a>einer der letzten Urw\u00e4lder Europas ist? Die riesigen B\u00e4ume, kristallklare Seen und unber\u00fchrte Natur haben unsere Erwartungen weit \u00fcbertroffen. Wir wanderten rund um den Biogradsko See und wir k\u00f6nnen sagen: f\u00fcr Naturliebhaber:innen und Aktivurlauber:innen ist dieser Ort ein absolutes Muss.<\/p>\n\n\n\n<p>Nach dem Mittagessen in einem rustikalen Restaurant begaben wir uns auf die Weiterfahrt nach \u017dabljak. Die Strecke f\u00fchrte an der beeindruckenden Tara Schlucht vorbei. Mit 1.333 Metern ist es die tiefste Schlucht Europas und nach dem Grand Canyon der zweittiefste Gebirgseinschnitt der Welt. Von der \u0110ur\u0111evi\u0107a Tara Br\u00fccke hatten wir spektakul\u00e4re Ausblicke in die Tiefe und haben den mutigen Besucher:innen der Zip-Line zugeschaut. Bis zu unserem <a href=\"https:\/\/ferienwohnung.tui.at\/rental\/9ded59589e2872aadc804cf73c74ed9d\" target=\"_blank\" rel=\"noreferrer noopener\">privaten Ferienhaus<\/a> am Rande des Durmitor Nationalparks war es dann nicht mehr weit und wir freuten uns auf drei Tage voller Aktivit\u00e4ten und unvergesslichen Panoramen<\/p>\n\n\n\r\n<div class=\"img-gal-block\">\r\n            <div class=\"img-gal-desktop\">\r\n            <div class=\"inner landscape\">\r\n                                    <div class=\"img-container \">\r\n                        <div class=\"img-inner\">\r\n                            <img decoding=\"async\" src=\"https:\/\/www.tui.at\/blog\/wp-content\/uploads\/2025\/11\/AdobeStock_774401040-scaled.jpeg\" alt=\"\"\/>\r\n                                                    <\/div>\r\n                        <p>\r\n                            Ausblick auf die Djurdjevica-Bogenbr\u00fccke \u00fcber der Tara-Schlucht                            <span> | Adobe Stock &#8211; Kokhanchikov                        <\/p>\r\n                    <\/div>\r\n                            <\/div>\r\n        <\/div>\r\n\r\n        <div class=\"slides\" id=\"image-gal-slide\">\r\n                            <div>\r\n                    <img decoding=\"async\" src=\"https:\/\/www.tui.at\/blog\/wp-content\/uploads\/2025\/11\/AdobeStock_774401040-scaled.jpeg\"\/>\r\n                    <div class=\"caption\">\r\n                        <p>\r\n                            Ausblick auf die Djurdjevica-Bogenbr\u00fccke \u00fcber der Tara-Schlucht                            <span> | Adobe Stock &#8211; Kokhanchikov                        <\/p>\r\n                    <\/div>\r\n                <\/div>\r\n                    <\/div>\r\n    <\/div>\r\n\n\n\n<h2 class=\"gb-headline gb-headline-c6e3bd84 gb-headline-text\">Tag 10: Adrenalin und Bergseen<\/h2>\n\n\n\n<p>Der Vormittag stand ganz im Zeichen des Adrenalins. Die dreist\u00fcndige Rafting-Tour durch Tara Schlucht war definitiv eines der aufregendsten Erlebnisse der ganzen Reise. Zur\u00fcck in der Lodge g\u00f6nnten wir uns eine Dusche und etwas Ruhe auf der Terasse.<\/p>\n\n\n\n<p>Am Nachmittag besuchten wir die Seen Vrazje Jezero und Riblje Jezero und genossen die untergehende Sonne. Ein perfekter Ausklang f\u00fcr diesen actionreichen Tag.<\/p>\n\n\n\n<h2 class=\"gb-headline gb-headline-8aa500f7 gb-headline-text\">Tag 11: Durmitor Ringstra\u00dfe<\/h2>\n\n\n\n<p>Heute stand ein Ganztagesausflug auf einer der spektakul\u00e4rsten Stra\u00dfen Montenegros an. Von \u017dabljak aus f\u00fchrt die Durmitor Ringstra\u00dfe einmal im Kreis durch das Durmitor Gebirge zu den landschaftlich sch\u00f6nsten Spots des Nationalparks. Wir fuhren gegen den Uhrzeigersinn, um uns die Highlights, allen voran den Sedlo Pass, f\u00fcr den Sonnenuntergang aufzuheben.<\/p>\n\n\n\n<p>Unterwegs machten wir eine kleine Wanderung zum Aussichtspunkt \u0106urevac und genossen das atemberaubende Panorama. Die Stra\u00dfe ist asphaltiert und f\u00fcr normale PKWs problemlos befahrbar, aber es gibt keine Tankstellen und kaum Verpflegung. Gut, dass wir in \u017dabljak vollgetankt und Proviant eingepackt hatten.<\/p>\n\n\n\r\n<div class=\"img-gal-block\">\r\n            <div class=\"img-gal-desktop\">\r\n            <div class=\"inner landscape\">\r\n                                    <div class=\"img-container \">\r\n                        <div class=\"img-inner\">\r\n                            <img decoding=\"async\" src=\"https:\/\/www.tui.at\/blog\/wp-content\/uploads\/2025\/11\/AdobeStock_241179964-scaled.jpeg\" alt=\"\"\/>\r\n                                                    <\/div>\r\n                        <p>\r\n                            Durmitor Nationalpark, Sedlo Pass                            <span> | Adobe Stock &#8211; Novak                        <\/p>\r\n                    <\/div>\r\n                                    <div class=\"img-container \">\r\n                        <div class=\"img-inner\">\r\n                            <img decoding=\"async\" src=\"https:\/\/www.tui.at\/blog\/wp-content\/uploads\/2025\/11\/Durmitor-Ringstrasse-scaled.png\" alt=\"\"\/>\r\n                                                    <\/div>\r\n                        <p>\r\n                            Panoramastra\u00dfe im Durmitor Nationalpark                            <span> | Adobe Stock &#8211; happyimages                        <\/p>\r\n                    <\/div>\r\n                            <\/div>\r\n        <\/div>\r\n\r\n        <div class=\"slides\" id=\"image-gal-slide\">\r\n                            <div>\r\n                    <img decoding=\"async\" src=\"https:\/\/www.tui.at\/blog\/wp-content\/uploads\/2025\/11\/AdobeStock_241179964-scaled.jpeg\"\/>\r\n                    <div class=\"caption\">\r\n                        <p>\r\n                            Durmitor Nationalpark, Sedlo Pass                            <span> | Adobe Stock &#8211; Novak                        <\/p>\r\n                    <\/div>\r\n                <\/div>\r\n                            <div>\r\n                    <img decoding=\"async\" src=\"https:\/\/www.tui.at\/blog\/wp-content\/uploads\/2025\/11\/Durmitor-Ringstrasse-scaled.png\"\/>\r\n                    <div class=\"caption\">\r\n                        <p>\r\n                            Panoramastra\u00dfe im Durmitor Nationalpark                            <span> | Adobe Stock &#8211; happyimages                        <\/p>\r\n                    <\/div>\r\n                <\/div>\r\n                    <\/div>\r\n    <\/div>\r\n\n\n\n<h2 class=\"gb-headline gb-headline-86d74e31 gb-headline-text\">Tag 12: Gipfelsturm und Gletschersee<\/h2>\n\n\n\n<p>Am vorletzten Tag wagten wir uns an die Wanderung zum Bobotov Kuk, welcher mit 2.523 Metern der h\u00f6chste Gipfel des Durmitor Nationalparks ist. Die unber\u00fchrte Natur, Wildpferde und G\u00e4msen am Wegesrand machten diese Tour zu einem unvergesslichen Erlebnis.<\/p>\n\n\n\n<p>Wer noch Kraft hat, dem empfehlen wir noch einen Ausflug zum wundersch\u00f6nen Schwarzen See. Wir genossen an diesem Gletschersee unseren letzten Nachmittag in Montenegro.<\/p>\n\n\n\r\n<div class=\"img-gal-block\">\r\n            <div class=\"img-gal-desktop\">\r\n            <div class=\"inner landscape\">\r\n                                    <div class=\"img-container \">\r\n                        <div class=\"img-inner\">\r\n                            <img decoding=\"async\" src=\"https:\/\/www.tui.at\/blog\/wp-content\/uploads\/2025\/11\/Bobotov-Kuk-scaled.jpeg\" alt=\"\"\/>\r\n                                                    <\/div>\r\n                        <p>\r\n                            Schwarzer See, Durmitor Nationalpark, Montenegro                            <span> | Adobe Stock &#8211; RaquelMogado                        <\/p>\r\n                    <\/div>\r\n                            <\/div>\r\n        <\/div>\r\n\r\n        <div class=\"slides\" id=\"image-gal-slide\">\r\n                            <div>\r\n                    <img decoding=\"async\" src=\"https:\/\/www.tui.at\/blog\/wp-content\/uploads\/2025\/11\/Bobotov-Kuk-scaled.jpeg\"\/>\r\n                    <div class=\"caption\">\r\n                        <p>\r\n                            Schwarzer See, Durmitor Nationalpark, Montenegro                            <span> | Adobe Stock &#8211; RaquelMogado                        <\/p>\r\n                    <\/div>\r\n                <\/div>\r\n                    <\/div>\r\n    <\/div>\r\n\n\n\n<h2 class=\"gb-headline gb-headline-6a4f8018 gb-headline-text\">Tag 13: Kloster Ostrog und R\u00fcckreise<\/h2>\n\n\n\n<p>An unserem letzten Morgen verlie\u00dfen wir \u017dabljak schon zeitig, da wir noch einen letzten Stopp auf unserer Rundreise offen hatten. Das Kloster Ostrog gilt als das wichtigste Pilgerziel der Serbisch-Orthodoxen Kirche in Montenegro. Im 17. Jahrhundert baute man das obere Kloster spektakul\u00e4r in eine senkrechte Felswand und verband es mit dem unteren Kloster durch einen Wanderweg. Menschen verschiedener Religionen kommen hierher zum Beten.<\/p>\n\n\n\n<p>Nun hie\u00df es aber wirklich Abschied nehmen und wir machten uns auf den Weg zum Flughafen Dubrovnik. Die Grenzwartezeit war diesmal k\u00fcrzer und nach der Mietwagen R\u00fcckgabe ging es schon wieder nach Hause.<\/p>\n\n\n\n<h2 class=\"gb-headline gb-headline-d0c2d72c gb-headline-text\">Unser Fazit<\/h2>\n\n\n\n<p><a href=\"https:\/\/www.tui.at\/pauschalreisen\/montenegro\/\">Montene<\/a><a href=\"https:\/\/www.tui.at\/pauschalreisen\/montenegro\/\" target=\"_blank\" rel=\"noreferrer noopener\">gro<\/a> hat uns absolut begeistert. Dieser Roadtrip war die perfekte Mischung aus Kultur, Natur, Abenteuer und Entspannung. Von den mittelalterlichen K\u00fcstenst\u00e4dten \u00fcber die spektakul\u00e4ren Nationalparks bis hin zu den herzlichen Menschen bot jeder Tag neue Highlights. Die Route, die wir gew\u00e4hlt haben, w\u00fcrden wir jederzeit wieder so machen und k\u00f6nnen sie allen weiterempfehlen, die ein echtes Balkan Abenteuer erleben m\u00f6chte.<\/p>\n\n\n\n<p><strong>Wusstest du?<\/strong> In Montenegro kann man auch Ski fahren. Die Skigebiete &#8222;Skizentrum 1450&#8220; und &#8222;Skizentrum 1600&#8220; in Kola\u0161in sind beliebte Wintersportdestinationen und bieten Pisten aller Schwierigkeitsstufen.<\/p>\n\n\n\n<p><strong>Geheimtipp:<\/strong> Velja Spila Beach ist ein superkleiner Strand mit dem t\u00fcrkisesten Wasser, das man sich vorstellen kann und einem netten kleinen Beachclub.<\/p>\n\n\n\r\n<div class=\"img-gal-block\">\r\n            <div class=\"img-gal-desktop\">\r\n            <div class=\"inner landscape\">\r\n                                    <div class=\"img-container \">\r\n                        <div class=\"img-inner\">\r\n                            <img decoding=\"async\" src=\"https:\/\/www.tui.at\/blog\/wp-content\/uploads\/2025\/11\/Montenegro_Logo_2.jpg\" alt=\"\"\/>\r\n                                                    <\/div>\r\n                        <p>\r\n                                                    <\/p>\r\n                    <\/div>\r\n                            <\/div>\r\n        <\/div>\r\n\r\n        <div class=\"slides\" id=\"image-gal-slide\">\r\n                            <div>\r\n                    <img decoding=\"async\" src=\"https:\/\/www.tui.at\/blog\/wp-content\/uploads\/2025\/11\/Montenegro_Logo_2.jpg\"\/>\r\n                    <div class=\"caption\">\r\n                        <p>\r\n                                                    <\/p>\r\n                    <\/div>\r\n                <\/div>\r\n                    <\/div>\r\n    <\/div>\r\n\n\n\n<p>Dieser Blogbeitrag ist in Zusammenarbeit mit der National Tourism Organisation of Montenegro entstanden. <\/p>\n","protected":false},"excerpt":{"rendered":"<p>Lust auf einen Roadtrip durch Montenegro? Wir verraten dir unsere Geheimtipps und Must-Do&#8217;s, die deinen Urlaub unvergesslich machen.<\/p>\n","protected":false},"author":255,"featured_media":491649,"comment_status":"open","ping_status":"closed","sticky":false,"template":"","format":"standard","meta":{"_acf_changed":false,"footnotes":""},"categories":[5152],"tags":[4940,5123,5087,5157,4942],"class_list":["post-491355","post","type-post","status-publish","format-standard","has-post-thumbnail","hentry","category-archiv-roadtrips-und-rundreisen","tag-autoreise","tag-eigenanreise","tag-europa","tag-montenegro","tag-roadtrip"],"acf":[],"yoast_head":"<!-- This site is optimized with the Yoast SEO plugin v27.4 - https:\/\/yoast.com\/product\/yoast-seo-wordpress\/ -->\n<title>Montenegro Roadtrip \u2013 Das bestgeh\u00fctete Geheimnis des Balkans<\/title>\n<meta name=\"description\" content=\"Roadtrip durch Montenegro - wir verraten dir unsere Geheimtipps und Must-Do&#039;s, die deinen Urlaub unvergesslich machen.\" \/>\n<meta name=\"robots\" content=\"index, follow, max-snippet:-1, max-image-preview:large, max-video-preview:-1\" \/>\n<link rel=\"canonical\" href=\"https:\/\/www.tui.at\/blog\/montenegro-roadtrip\/\" \/>\n<meta property=\"og:locale\" content=\"de_DE\" \/>\n<meta property=\"og:type\" content=\"article\" \/>\n<meta property=\"og:title\" content=\"Montenegro Roadtrip \u2013 Das bestgeh\u00fctete Geheimnis des Balkans\" \/>\n<meta property=\"og:description\" content=\"Roadtrip durch Montenegro - wir verraten dir unsere Geheimtipps und Must-Do&#039;s, die deinen Urlaub unvergesslich machen.\" \/>\n<meta property=\"og:url\" content=\"https:\/\/www.tui.at\/blog\/montenegro-roadtrip\/\" \/>\n<meta property=\"og:site_name\" content=\"TUI.at Reiseblog\" \/>\n<meta property=\"article:published_time\" content=\"2025-11-26T09:27:37+00:00\" \/>\n<meta property=\"article:modified_time\" content=\"2025-11-28T10:09:31+00:00\" \/>\n<meta property=\"og:image\" content=\"https:\/\/www.tui.at\/blog\/wp-content\/uploads\/2025\/11\/Montenegro_Headerbild.jpg\" \/>\n\t<meta property=\"og:image:width\" content=\"1920\" \/>\n\t<meta property=\"og:image:height\" content=\"1080\" \/>\n\t<meta property=\"og:image:type\" content=\"image\/jpeg\" \/>\n<meta name=\"author\" content=\"Lara Fischer\" \/>\n<meta name=\"twitter:card\" content=\"summary_large_image\" \/>\n<meta name=\"twitter:label1\" content=\"Verfasst von\" \/>\n\t<meta name=\"twitter:data1\" content=\"Lara Fischer\" \/>\n\t<meta name=\"twitter:label2\" content=\"Gesch\u00e4tzte Lesezeit\" \/>\n\t<meta name=\"twitter:data2\" content=\"11\u00a0Minuten\" \/>\n<script type=\"application\/ld+json\" class=\"yoast-schema-graph\">{\"@context\":\"https:\\\/\\\/schema.org\",\"@graph\":[{\"@type\":\"BlogPosting\",\"@id\":\"https:\\\/\\\/www.tui.at\\\/blog\\\/montenegro-roadtrip\\\/#article\",\"isPartOf\":{\"@id\":\"https:\\\/\\\/www.tui.at\\\/blog\\\/montenegro-roadtrip\\\/\"},\"author\":{\"name\":\"Lara Fischer\",\"@id\":\"https:\\\/\\\/www.tui.at\\\/blog\\\/#\\\/schema\\\/person\\\/bc263680e30807b6681644dd5e43a16a\"},\"headline\":\"Montenegro Roadtrip \u2013 Das bestgeh\u00fctete Geheimnis des Balkans\",\"datePublished\":\"2025-11-26T09:27:37+00:00\",\"dateModified\":\"2025-11-28T10:09:31+00:00\",\"mainEntityOfPage\":{\"@id\":\"https:\\\/\\\/www.tui.at\\\/blog\\\/montenegro-roadtrip\\\/\"},\"wordCount\":2165,\"commentCount\":0,\"publisher\":{\"@id\":\"https:\\\/\\\/www.tui.at\\\/blog\\\/#organization\"},\"image\":{\"@id\":\"https:\\\/\\\/www.tui.at\\\/blog\\\/montenegro-roadtrip\\\/#primaryimage\"},\"thumbnailUrl\":\"https:\\\/\\\/www.tui.at\\\/blog\\\/wp-content\\\/uploads\\\/2025\\\/11\\\/Montenegro_Headerbild.jpg\",\"keywords\":[\"Autoreise\",\"Eigenanreise\",\"Europa\",\"Montenegro\",\"Roadtrip\"],\"articleSection\":[\"Roadtrips &amp; Rundreisen\"],\"inLanguage\":\"de\",\"potentialAction\":[{\"@type\":\"CommentAction\",\"name\":\"Comment\",\"target\":[\"https:\\\/\\\/www.tui.at\\\/blog\\\/montenegro-roadtrip\\\/#respond\"]}]},{\"@type\":\"WebPage\",\"@id\":\"https:\\\/\\\/www.tui.at\\\/blog\\\/montenegro-roadtrip\\\/\",\"url\":\"https:\\\/\\\/www.tui.at\\\/blog\\\/montenegro-roadtrip\\\/\",\"name\":\"Montenegro Roadtrip \u2013 Das bestgeh\u00fctete Geheimnis des Balkans\",\"isPartOf\":{\"@id\":\"https:\\\/\\\/www.tui.at\\\/blog\\\/#website\"},\"primaryImageOfPage\":{\"@id\":\"https:\\\/\\\/www.tui.at\\\/blog\\\/montenegro-roadtrip\\\/#primaryimage\"},\"image\":{\"@id\":\"https:\\\/\\\/www.tui.at\\\/blog\\\/montenegro-roadtrip\\\/#primaryimage\"},\"thumbnailUrl\":\"https:\\\/\\\/www.tui.at\\\/blog\\\/wp-content\\\/uploads\\\/2025\\\/11\\\/Montenegro_Headerbild.jpg\",\"datePublished\":\"2025-11-26T09:27:37+00:00\",\"dateModified\":\"2025-11-28T10:09:31+00:00\",\"description\":\"Roadtrip durch Montenegro - wir verraten dir unsere Geheimtipps und Must-Do's, die deinen Urlaub unvergesslich machen.\",\"breadcrumb\":{\"@id\":\"https:\\\/\\\/www.tui.at\\\/blog\\\/montenegro-roadtrip\\\/#breadcrumb\"},\"inLanguage\":\"de\",\"potentialAction\":[{\"@type\":\"ReadAction\",\"target\":[\"https:\\\/\\\/www.tui.at\\\/blog\\\/montenegro-roadtrip\\\/\"]}]},{\"@type\":\"ImageObject\",\"inLanguage\":\"de\",\"@id\":\"https:\\\/\\\/www.tui.at\\\/blog\\\/montenegro-roadtrip\\\/#primaryimage\",\"url\":\"https:\\\/\\\/www.tui.at\\\/blog\\\/wp-content\\\/uploads\\\/2025\\\/11\\\/Montenegro_Headerbild.jpg\",\"contentUrl\":\"https:\\\/\\\/www.tui.at\\\/blog\\\/wp-content\\\/uploads\\\/2025\\\/11\\\/Montenegro_Headerbild.jpg\",\"width\":1920,\"height\":1080},{\"@type\":\"BreadcrumbList\",\"@id\":\"https:\\\/\\\/www.tui.at\\\/blog\\\/montenegro-roadtrip\\\/#breadcrumb\",\"itemListElement\":[{\"@type\":\"ListItem\",\"position\":1,\"name\":\"Startseite\",\"item\":\"https:\\\/\\\/www.tui.at\\\/blog\\\/\"},{\"@type\":\"ListItem\",\"position\":2,\"name\":\"Montenegro Roadtrip \u2013 Das bestgeh\u00fctete Geheimnis des Balkans\"}]},{\"@type\":\"WebSite\",\"@id\":\"https:\\\/\\\/www.tui.at\\\/blog\\\/#website\",\"url\":\"https:\\\/\\\/www.tui.at\\\/blog\\\/\",\"name\":\"TUI.at Reiseblog\",\"description\":\"Inspirationen f\u00fcr den perfekten Urlaub\",\"publisher\":{\"@id\":\"https:\\\/\\\/www.tui.at\\\/blog\\\/#organization\"},\"potentialAction\":[{\"@type\":\"SearchAction\",\"target\":{\"@type\":\"EntryPoint\",\"urlTemplate\":\"https:\\\/\\\/www.tui.at\\\/blog\\\/?s={search_term_string}\"},\"query-input\":{\"@type\":\"PropertyValueSpecification\",\"valueRequired\":true,\"valueName\":\"search_term_string\"}}],\"inLanguage\":\"de\"},{\"@type\":\"Organization\",\"@id\":\"https:\\\/\\\/www.tui.at\\\/blog\\\/#organization\",\"name\":\"TUI.at Reiseblog\",\"url\":\"https:\\\/\\\/www.tui.at\\\/blog\\\/\",\"logo\":{\"@type\":\"ImageObject\",\"inLanguage\":\"de\",\"@id\":\"https:\\\/\\\/www.tui.at\\\/blog\\\/#\\\/schema\\\/logo\\\/image\\\/\",\"url\":\"https:\\\/\\\/www.tui.at\\\/blog\\\/wp-content\\\/uploads\\\/2025\\\/09\\\/cropped-tui-logo-3.webp\",\"contentUrl\":\"https:\\\/\\\/www.tui.at\\\/blog\\\/wp-content\\\/uploads\\\/2025\\\/09\\\/cropped-tui-logo-3.webp\",\"width\":164,\"height\":72,\"caption\":\"TUI.at Reiseblog\"},\"image\":{\"@id\":\"https:\\\/\\\/www.tui.at\\\/blog\\\/#\\\/schema\\\/logo\\\/image\\\/\"}},{\"@type\":\"Person\",\"@id\":\"https:\\\/\\\/www.tui.at\\\/blog\\\/#\\\/schema\\\/person\\\/bc263680e30807b6681644dd5e43a16a\",\"name\":\"Lara Fischer\",\"description\":\"Mit einer Leidenschaft f\u00fcr individuelle Abenteuer bin ich stets auf der Suche nach unbekannten Orten und neuen Geheimtipps. Das Reisen lehrt uns viel \u00fcber uns selbst und gibt uns die M\u00f6glichkeit, zu wachsen. Mein Reisetipp: Komm mit Einheimischen ins Gespr\u00e4ch und erfreue dich an der Vielfalt unserer Welt.\",\"url\":\"https:\\\/\\\/www.tui.at\\\/blog\\\/author\\\/lara\\\/\"}]}<\/script>\n<!-- \/ Yoast SEO plugin. -->","yoast_head_json":{"title":"Montenegro Roadtrip \u2013 Das bestgeh\u00fctete Geheimnis des Balkans","description":"Roadtrip durch Montenegro - wir verraten dir unsere Geheimtipps und Must-Do's, die deinen Urlaub unvergesslich machen.","robots":{"index":"index","follow":"follow","max-snippet":"max-snippet:-1","max-image-preview":"max-image-preview:large","max-video-preview":"max-video-preview:-1"},"canonical":"https:\/\/www.tui.at\/blog\/montenegro-roadtrip\/","og_locale":"de_DE","og_type":"article","og_title":"Montenegro Roadtrip \u2013 Das bestgeh\u00fctete Geheimnis des Balkans","og_description":"Roadtrip durch Montenegro - wir verraten dir unsere Geheimtipps und Must-Do's, die deinen Urlaub unvergesslich machen.","og_url":"https:\/\/www.tui.at\/blog\/montenegro-roadtrip\/","og_site_name":"TUI.at Reiseblog","article_published_time":"2025-11-26T09:27:37+00:00","article_modified_time":"2025-11-28T10:09:31+00:00","og_image":[{"width":1920,"height":1080,"url":"https:\/\/www.tui.at\/blog\/wp-content\/uploads\/2025\/11\/Montenegro_Headerbild.jpg","type":"image\/jpeg"}],"author":"Lara Fischer","twitter_card":"summary_large_image","twitter_misc":{"Verfasst von":"Lara Fischer","Gesch\u00e4tzte Lesezeit":"11\u00a0Minuten"},"schema":{"@context":"https:\/\/schema.org","@graph":[{"@type":"BlogPosting","@id":"https:\/\/www.tui.at\/blog\/montenegro-roadtrip\/#article","isPartOf":{"@id":"https:\/\/www.tui.at\/blog\/montenegro-roadtrip\/"},"author":{"name":"Lara Fischer","@id":"https:\/\/www.tui.at\/blog\/#\/schema\/person\/bc263680e30807b6681644dd5e43a16a"},"headline":"Montenegro Roadtrip \u2013 Das bestgeh\u00fctete Geheimnis des Balkans","datePublished":"2025-11-26T09:27:37+00:00","dateModified":"2025-11-28T10:09:31+00:00","mainEntityOfPage":{"@id":"https:\/\/www.tui.at\/blog\/montenegro-roadtrip\/"},"wordCount":2165,"commentCount":0,"publisher":{"@id":"https:\/\/www.tui.at\/blog\/#organization"},"image":{"@id":"https:\/\/www.tui.at\/blog\/montenegro-roadtrip\/#primaryimage"},"thumbnailUrl":"https:\/\/www.tui.at\/blog\/wp-content\/uploads\/2025\/11\/Montenegro_Headerbild.jpg","keywords":["Autoreise","Eigenanreise","Europa","Montenegro","Roadtrip"],"articleSection":["Roadtrips &amp; Rundreisen"],"inLanguage":"de","potentialAction":[{"@type":"CommentAction","name":"Comment","target":["https:\/\/www.tui.at\/blog\/montenegro-roadtrip\/#respond"]}]},{"@type":"WebPage","@id":"https:\/\/www.tui.at\/blog\/montenegro-roadtrip\/","url":"https:\/\/www.tui.at\/blog\/montenegro-roadtrip\/","name":"Montenegro Roadtrip \u2013 Das bestgeh\u00fctete Geheimnis des Balkans","isPartOf":{"@id":"https:\/\/www.tui.at\/blog\/#website"},"primaryImageOfPage":{"@id":"https:\/\/www.tui.at\/blog\/montenegro-roadtrip\/#primaryimage"},"image":{"@id":"https:\/\/www.tui.at\/blog\/montenegro-roadtrip\/#primaryimage"},"thumbnailUrl":"https:\/\/www.tui.at\/blog\/wp-content\/uploads\/2025\/11\/Montenegro_Headerbild.jpg","datePublished":"2025-11-26T09:27:37+00:00","dateModified":"2025-11-28T10:09:31+00:00","description":"Roadtrip durch Montenegro - wir verraten dir unsere Geheimtipps und Must-Do's, die deinen Urlaub unvergesslich machen.","breadcrumb":{"@id":"https:\/\/www.tui.at\/blog\/montenegro-roadtrip\/#breadcrumb"},"inLanguage":"de","potentialAction":[{"@type":"ReadAction","target":["https:\/\/www.tui.at\/blog\/montenegro-roadtrip\/"]}]},{"@type":"ImageObject","inLanguage":"de","@id":"https:\/\/www.tui.at\/blog\/montenegro-roadtrip\/#primaryimage","url":"https:\/\/www.tui.at\/blog\/wp-content\/uploads\/2025\/11\/Montenegro_Headerbild.jpg","contentUrl":"https:\/\/www.tui.at\/blog\/wp-content\/uploads\/2025\/11\/Montenegro_Headerbild.jpg","width":1920,"height":1080},{"@type":"BreadcrumbList","@id":"https:\/\/www.tui.at\/blog\/montenegro-roadtrip\/#breadcrumb","itemListElement":[{"@type":"ListItem","position":1,"name":"Startseite","item":"https:\/\/www.tui.at\/blog\/"},{"@type":"ListItem","position":2,"name":"Montenegro Roadtrip \u2013 Das bestgeh\u00fctete Geheimnis des Balkans"}]},{"@type":"WebSite","@id":"https:\/\/www.tui.at\/blog\/#website","url":"https:\/\/www.tui.at\/blog\/","name":"TUI.at Reiseblog","description":"Inspirationen f\u00fcr den perfekten Urlaub","publisher":{"@id":"https:\/\/www.tui.at\/blog\/#organization"},"potentialAction":[{"@type":"SearchAction","target":{"@type":"EntryPoint","urlTemplate":"https:\/\/www.tui.at\/blog\/?s={search_term_string}"},"query-input":{"@type":"PropertyValueSpecification","valueRequired":true,"valueName":"search_term_string"}}],"inLanguage":"de"},{"@type":"Organization","@id":"https:\/\/www.tui.at\/blog\/#organization","name":"TUI.at Reiseblog","url":"https:\/\/www.tui.at\/blog\/","logo":{"@type":"ImageObject","inLanguage":"de","@id":"https:\/\/www.tui.at\/blog\/#\/schema\/logo\/image\/","url":"https:\/\/www.tui.at\/blog\/wp-content\/uploads\/2025\/09\/cropped-tui-logo-3.webp","contentUrl":"https:\/\/www.tui.at\/blog\/wp-content\/uploads\/2025\/09\/cropped-tui-logo-3.webp","width":164,"height":72,"caption":"TUI.at Reiseblog"},"image":{"@id":"https:\/\/www.tui.at\/blog\/#\/schema\/logo\/image\/"}},{"@type":"Person","@id":"https:\/\/www.tui.at\/blog\/#\/schema\/person\/bc263680e30807b6681644dd5e43a16a","name":"Lara Fischer","description":"Mit einer Leidenschaft f\u00fcr individuelle Abenteuer bin ich stets auf der Suche nach unbekannten Orten und neuen Geheimtipps. Das Reisen lehrt uns viel \u00fcber uns selbst und gibt uns die M\u00f6glichkeit, zu wachsen. Mein Reisetipp: Komm mit Einheimischen ins Gespr\u00e4ch und erfreue dich an der Vielfalt unserer Welt.","url":"https:\/\/www.tui.at\/blog\/author\/lara\/"}]}},"_links":{"self":[{"href":"https:\/\/www.tui.at\/blog\/wp-json\/wp\/v2\/posts\/491355","targetHints":{"allow":["GET"]}}],"collection":[{"href":"https:\/\/www.tui.at\/blog\/wp-json\/wp\/v2\/posts"}],"about":[{"href":"https:\/\/www.tui.at\/blog\/wp-json\/wp\/v2\/types\/post"}],"author":[{"embeddable":true,"href":"https:\/\/www.tui.at\/blog\/wp-json\/wp\/v2\/users\/255"}],"replies":[{"embeddable":true,"href":"https:\/\/www.tui.at\/blog\/wp-json\/wp\/v2\/comments?post=491355"}],"version-history":[{"count":121,"href":"https:\/\/www.tui.at\/blog\/wp-json\/wp\/v2\/posts\/491355\/revisions"}],"predecessor-version":[{"id":491793,"href":"https:\/\/www.tui.at\/blog\/wp-json\/wp\/v2\/posts\/491355\/revisions\/491793"}],"wp:featuredmedia":[{"embeddable":true,"href":"https:\/\/www.tui.at\/blog\/wp-json\/wp\/v2\/media\/491649"}],"wp:attachment":[{"href":"https:\/\/www.tui.at\/blog\/wp-json\/wp\/v2\/media?parent=491355"}],"wp:term":[{"taxonomy":"category","embeddable":true,"href":"https:\/\/www.tui.at\/blog\/wp-json\/wp\/v2\/categories?post=491355"},{"taxonomy":"post_tag","embeddable":true,"href":"https:\/\/www.tui.at\/blog\/wp-json\/wp\/v2\/tags?post=491355"}],"curies":[{"name":"wp","href":"https:\/\/api.w.org\/{rel}","templated":true}]}}