{"id":490211,"date":"2025-08-13T07:20:10","date_gmt":"2025-08-13T05:20:10","guid":{"rendered":"https:\/\/www.tui.at\/blog\/inselliebe-pur-madeira-in-nur-wenigen-tagen-erleben\/"},"modified":"2025-10-29T10:48:51","modified_gmt":"2025-10-29T09:48:51","slug":"madeira-erleben","status":"publish","type":"post","link":"https:\/\/www.tui.at\/blog\/madeira-erleben\/","title":{"rendered":"Inselliebe pur: Madeira in nur wenigen Tagen erleben!"},"content":{"rendered":"<p><div class=\"legacy-fullwidth\"><div class=\"legacy-fusion-text\">Neulich sa\u00df ich mit meiner Mitbewohnerin auf der Couch und wir tr\u00e4umten davon, wohin es als N\u00e4chstes gehen k\u00f6nnte. Pl\u00f6tzlich sagte sie: \u201ePortugal w\u00e4re super \u2013 dort gibt\u2019s tolle Vibes!\u201c<\/p>\n<p>Mhhh\u2026 Sekunden, nachdem sie \u201ePortugal\u201c ausgesprochen hatte, kam mir sofort Madeira in den Sinn. Also sagte ich: \u201eUnd was ist mit Madeira? Eine portugiesische Insel k\u00e4me doch sicher auch infrage, oder?\u201c Sie \u00fcberlegte kurz, zuckte mit den Schultern und meinte: \u201eEigentlich habe ich mich noch nicht mit Madeira besch\u00e4ftigt \u2026 aber erz\u00e4hl mal!\u201c<\/p>\n<p>Puh, ja, wo fange ich da an?<\/p>\n<p>F\u00fcr mich pers\u00f6nlich ist <strong><a href=\"https:\/\/www.tui.at\/pauschalreisen\/portugal\/madeira\/\" target=\"_blank\" rel=\"noopener\">Madeira<\/a><\/strong> die perfekte Destination, <strong>wenn mich das Fernweh packt, ich aber nicht zw\u00f6lf Stunden im Flieger sitzen m\u00f6chte.<\/strong> Die Insel verspr\u00fcht echtes <strong>Tropen-Feeling<\/strong>, ohne dass man den halben Globus umrunden muss. Au\u00dferdem kann man sich preislich so einiges sparen, wenn der Flug innerhalb der Europ\u00e4ischen Grenzen bleibt (pssst\u2026 besonders mit den <a href=\"https:\/\/www.tui.at\/last-minute\/\" target=\"_blank\" rel=\"noopener\">TUI Super Last Minute Angeboten<\/a>!).<\/p>\n<p>Doch selbst wenn dich die ganz gro\u00dfe Ferne nicht reizt: Madeira geh\u00f6rt zu <strong><a href=\"https:\/\/www.tui.at\/pauschalreisen\/portugal\" target=\"_blank\" rel=\"noopener\">Portugal<\/a> <\/strong>und das sp\u00fcrt man \u2013 in der herzlichen Gastfreundschaft und der entspannten Lebensart.<\/p>\n<p>Somit nehme ich dich jetzt mit auf eine kurze (Lese-)Rundreise: Dich erwarten pr\u00e4chtige Bl\u00fcten, milde Tage mitten im Atlantik und Kulinarik, die deinen Gaumen verw\u00f6hnt.<\/div><\/div><div class=\"legacy-fullwidth\"><div class=\"legacy-fusion-title\"><h4>Die pulsierende Hauptstadt Funchal wartet auf dich mit\u2026 <\/h4><\/div><div class=\"legacy-fusion-text\">\u2026farbenfroher Street Art, lebhaften M\u00e4rkten und prachtvollen G\u00e4rten. Was zun\u00e4chst kompakt wirkt, entpuppt sich rasch als Paradies f\u00fcr Entdecker:innen. Der Tag l\u00e4sst sich also wunderbar mit einem gem\u00fctlichen Spaziergang durch die Altstadt beginnen. \u00a0Insbesondere das <strong>Viertel <em>Zona Velha<\/em><\/strong> verzaubert mit kunstvoll bemalten T\u00fcren &amp; Co.<\/p>\n<p>Als n\u00e4chsten Stopp solltest du unbedingt die <strong>Seilbahn Funchal<\/strong> einplanen. Sie befindet sich noch in der Zona Velha, nur wenige Gehminuten von der pittoresken Innenstadt entfernt. Sei jedoch darauf vorbereitet: Die Attraktion ist \u00e4u\u00dferst beliebt, sodass etwas Geduld gefragt ist, bevor du in die Gondel steigst. Alternativ kann man nach dem Motto \u201eDer fr\u00fche Vogel f\u00e4ngt den Wurm\u201c fr\u00fchzeitig dort sein.<\/p>\n<p>Folgende Optionen gibt es bei der Seilbahn: Ein One-Way-Ticket f\u00fcr 14,50 Euro oder Hin- und R\u00fcckfahrt f\u00fcr 20 Euro. Warum ich das One-Way-Ticket vorschlage? Weil du von oben aus eine traditionelle Schlittenfahrt \u2013 ganz ohne Schnee \u2013 zur\u00fcck ins Tal machen kannst. Im 19. Jahrhundert sch\u00e4tzten Besucher:innen die Korbschlitten als originelles Transportmittel. Man munkelt sogar, dass Kaiserin Sissi einst damit hinuntergesaust ist.<\/p>\n<p>Die Fahrt startet bei der Kirche von Monte und endet in Livramento \u2013 genau zwischen der Altstadt und dem Berg Monte. Preislich solltest du mit etwa 28 Euro f\u00fcr eine Einzelkarte rechnen, wenn du aber zwei charmante Urlaubs-Buddys mitbringst, reduziert sich der Preis auf etwa 18 Euro pro Person.<\/p>\n<p>Aber zur\u00fcck zum Berg Monte und zur Seilbahn: Nach einer rund f\u00fcnfzehnmin\u00fctigen Fahrt erwartet dich der faszinierende <strong><em>Monte Palace Tropical Garden<\/em><\/strong>. Lass dich verzaubern vom japanischen Garten, sanft gleitenden Kois sowie einem Museum mit einer wertvollen Mineraliensammlung und afrikanischen Skulpturensammlung. Der Eintritt betr\u00e4gt 14 Euro, Kinder unter 14 Jahren genie\u00dfen freien Eintritt. Vor Ort solltest du 2\u20133 Stunden einplanen, um alles ausgiebig zu genie\u00dfen \u2013 die Gesamtfl\u00e4che ist so gro\u00df wie etwa zehn Fu\u00dfballfelder.<\/p>\n<p>F\u00fcr die Budget-Traveller unter euch: Die Busse 20, 21, 22 und 48 fahren ebenfalls den Monte hinauf und hinunter (2 Euro pro Fahrt, direkt bei dem\/der Fahrer:in zu zahlen). Die<strong> <em>Kirche Igreja de Nossa Senhora do Monte<\/em><\/strong> ist allemal einen Abstecher wert, denn hier befindet sich die letzte Ruhest\u00e4tte des letzten \u00f6sterreichischen Kaisers Karl I.<\/p>\n<p>Auch ein kostenloser Besuch im <strong><em>Stadtpark Monte<\/em><\/strong> lohnt sich. Die Wege sind charmant gepflastert und teilweise schmal. Zudem findest du dort einen See mit einer \u201eSteinkarte Madeiras\u201c und verschiedene exotische Pflanzen.<\/p>\n<p>Zur\u00fcck in der Innenstadt lockt der zentral gelegene <strong><em>Mercado dos Lavradores<\/em><\/strong>: Im Art-d\u00e9co-Geb\u00e4ude stapeln sich tropische Fr\u00fcchte in H\u00fclle und F\u00fclle. Nur nicht verwundert sein \u2013 eine Drachenfrucht kann gut 20 Euro kosten. Dann wird eben nur mit den Augen geschlemmt. \ud83d\ude09 Am besten Obst an den kleinen St\u00e4nden in der Umgebung kaufen.<\/p>\n<p>Gegen Mittag oder abends sollte man zu einem guten Glas Madeirawein einkehren. Bei Blandy\u2019s Wine Lodge reifen seit \u00fcber 200 Jahren edle Tropfen. Empfehlenswert ist eine 40-min\u00fctige F\u00fchrung mit anschlie\u00dfender Weinverkostung f\u00fcr 18 Euro. \u00dcbrigens: Vorkenntnisse sind nicht n\u00f6tig, um das Thema zu verstehen.<\/div><\/div><div class=\"legacy-fullwidth\"><div class=\"legacy-row\"><div class=\"one-half\"><div class=\"legacy-fusion-text\"><img loading=\"lazy\" decoding=\"async\" class=\"alignnone size-medium wp-image-27871\" src=\"https:\/\/www.tui.at\/blog\/wp-content\/uploads\/2019\/07\/Madeira_Funchal_shutterstock_346608569.jpg\" alt=\"\" width=\"615\" height=\"410\" \/><\/div><\/div><div class=\"one-half\"><div class=\"legacy-fusion-text\"><img loading=\"lazy\" decoding=\"async\" class=\"alignnone size-medium wp-image-27870 aligncenter\" src=\"https:\/\/www.tui.at\/blog\/wp-content\/uploads\/2025\/08\/AdobeStock_714805926.jpeg\" alt=\"\" width=\"615\" height=\"411\" \/><\/div><\/div><\/div><\/div><div class=\"legacy-fullwidth\"><div class=\"legacy-fusion-title\"><h4>Unsere Hoteltipps f\u00fcr Funchal<\/h4><\/div><div class=\"legacy-fusion-text\">Das Adults-only-Hotel <strong><a href=\"https:\/\/www.tui.at\/pauschalreisen\/suchen\/angebote\/TUI-BLUE-Madeira-Gardens\/2208\/hotelDescription\" target=\"_blank\" rel=\"noopener\"><em>TUI Blue Madeira Gardens<\/em><\/a><\/strong> lockt mit einem bezaubernden Meerblick und einer im Reisepreis inkludierten Sauna \u2013 perfekt nach einem ausgiebigen Stadtbummel. Wenn du dich, so wie ich, gerne f\u00fcr Halbpension entscheidest, dann ist einmal pro Aufenthalt ein \u00c0-la-carte-Dinner im zweiten Hotelrestaurant ebenfalls inkludiert \u2013 lieben wir! Au\u00dferdem ist die Innenstadt leicht erreichbar, da sie nur rund 2 km entfernt ist.<\/div><\/div><div class=\"legacy-fullwidth\"><div class=\"legacy-row\"><div class=\"one-half\"><div class=\"legacy-fusion-text\"><img loading=\"lazy\" decoding=\"async\" class=\"alignnone size-medium wp-image-27873 aligncenter\" src=\"https:\/\/www.tui.at\/blog\/wp-content\/uploads\/2025\/08\/fgh.jpg\" alt=\"\" width=\"615\" height=\"410\" \/><\/div><\/div><div class=\"one-half\"><div class=\"legacy-fusion-text\"><img loading=\"lazy\" decoding=\"async\" class=\"alignnone size-medium wp-image-27874 aligncenter\" src=\"https:\/\/www.tui.at\/blog\/wp-content\/uploads\/2025\/08\/ACC_033205_MAD_58.jpg\" alt=\"\" width=\"615\" height=\"411\" \/><\/div><\/div><\/div><div class=\"legacy-row\"><div class=\"one-half\"><div class=\"legacy-fusion-text\"><img loading=\"lazy\" decoding=\"async\" class=\"alignnone size-medium wp-image-27872 aligncenter\" src=\"https:\/\/www.tui.at\/blog\/wp-content\/uploads\/2025\/08\/gfdsgdf.jpg\" alt=\"\" width=\"615\" height=\"410\" \/><\/div><\/div><div class=\"one-half\"><div class=\"legacy-fusion-text\"><img loading=\"lazy\" decoding=\"async\" class=\"alignnone size-medium wp-image-27875 aligncenter\" src=\"https:\/\/www.tui.at\/blog\/wp-content\/uploads\/2025\/08\/ACC_033205_AC9405759_TB_MadeiraGardens-Whirlpool.jpg\" alt=\"\" width=\"615\" height=\"410\" \/><\/div><\/div><\/div><\/div><div class=\"legacy-fullwidth\"><div class=\"legacy-fusion-text\">Willkommen hei\u00dft dich das<strong> <a href=\"https:\/\/www.tui.at\/hotel\/suchen\/angebote\/Riu-Palace-Madeira\/20439\/hotelDescription\" target=\"_blank\" rel=\"noopener\"><em>RIU Madeira<\/em><\/a> i<\/strong>m schicken Wohlf\u00fchl-Ambiente etwa 12 km von Funchal entfernt. Hier kannst du dich 24\/7 auf kulinarische Reisen begeben und das in bester Lage zwischen Bergen und Strand. In diesem Hotel f\u00fchlt man sich fast schon wie in einem Schloss!<\/div><\/div><div class=\"legacy-fullwidth\"><div class=\"legacy-row\"><div class=\"one-half\"><div class=\"legacy-fusion-text\"><img loading=\"lazy\" decoding=\"async\" class=\"alignnone size-medium wp-image-27878\" src=\"https:\/\/www.tui.at\/blog\/wp-content\/uploads\/2025\/08\/RIU-Madeira-1.jpg\" alt=\"\" width=\"615\" height=\"410\" \/><\/div><\/div><div class=\"one-half\"><div class=\"legacy-fusion-text\"><img loading=\"lazy\" decoding=\"async\" class=\"alignnone size-medium wp-image-27877 aligncenter\" src=\"https:\/\/www.tui.at\/blog\/wp-content\/uploads\/2025\/08\/ACC_013642_MAD_55.jpg\" alt=\"\" width=\"615\" height=\"410\" \/><\/div><\/div><\/div><\/div><div class=\"legacy-fullwidth\"><div class=\"legacy-fusion-title\"><h4>Ein Tag und bis zu f\u00fcnf Highlights \u2013 Zwischen spektakul\u00e4rer Weite und zuckers\u00fc\u00dfen H\u00e4uschen im Osten <\/h4><\/div><div class=\"legacy-fusion-text\">Lust auf Gipfelgl\u00fcck? Dann nichts wie hin zum spektakul\u00e4ren Aussichtspunkt <strong><em>Pico do Areeiro<\/em><\/strong>! Wer mit dem Mietwagen anreist, parkt am besten fr\u00fchmorgens oder am sp\u00e4ten Nachmittag \u2013 beachte dabei die Parkgeb\u00fchr von 4\u202fEuro pro Stunde. Von hier aus kannst du verschiedene Wanderwege erkunden, der absolute <em>TOP<\/em>-Ausblick erwartet dich auf dem PR1 \u2013 der Eintritt kostet 3\u202fEuro und lohnt sich allemal.<\/p>\n<p>Danach geht\u2019s weiter ins etwa eine Stunde entfernte <em>Santana<\/em>, das mit seinen strohgedeckten M\u00e4rchenh\u00e4uschen begeistert. Das charmante Dorf ist zwar klein, aber ideal, um ein St\u00fcck traditionelles Madeira zu erleben.<\/p>\n<p>Ganz in der N\u00e4he wartet der <strong><em>Miradouro do Guindaste<\/em> <\/strong>auf dich \u2013 ein kostenloser Aussichtspunkt mit Skywalks \u00fcber dem Atlantik. Auch das Parken ist hier gratis!<\/p>\n<p>Ein Highlight jagt das andere: Die Zuckerrohrtradition in <em>Porto da Cruz<\/em>. In der <strong><em>Companhia dos Engenhos do Norte<\/em> <\/strong>kannst du bei einer kostenlosen Mini-F\u00fchrung in die Geschichte des Zuckerrohranbaus eintauchen und authentische Einblicke gewinnen.<\/p>\n<p>Zu guter Letzt bietet das einzigartige Naturschutzgebiet <strong><em>Ponta de S\u00e3o Louren\u00e7o<\/em><\/strong> eine Kulisse mit Panoramablick auf die Nord- und S\u00fcdseite der Insel. \u00dcbrigens kannst du einige dieser fantastischen Sehensw\u00fcrdigkeiten ganz entspannt auf einer <strong><a href=\"https:\/\/www.tuimusement.com\/de\/portugal\/madeira\/bezauberndes-ost-madeira-tour-mit-mittagessen-in-santana-1\/e_9zw00-d_74-c_139\/?aid=tuiexperiences-21407-atrt\" target=\"_blank\" rel=\"noopener\">Tour<\/a><\/strong> erleben \u00fcber <strong>TUI Experiences<\/strong>.<\/div><\/div><div class=\"legacy-fullwidth\"><div class=\"legacy-row\"><div class=\"one-half\"><div class=\"legacy-fusion-text\"><img loading=\"lazy\" decoding=\"async\" class=\"alignnone size-medium wp-image-27946 aligncenter\" src=\"https:\/\/www.tui.at\/blog\/wp-content\/uploads\/2025\/08\/safsdafsdafsaf.jpg\" alt=\"\" width=\"615\" height=\"410\" \/>\n<img loading=\"lazy\" decoding=\"async\" class=\"size-medium wp-image-27930 aligncenter\" src=\"https:\/\/www.tui.at\/blog\/wp-content\/uploads\/2025\/08\/AdobeStock_509980521.jpeg\" alt=\"\" width=\"615\" height=\"410\" \/><\/div><\/div><div class=\"one-half\"><div class=\"legacy-fusion-text\"><img loading=\"lazy\" decoding=\"async\" class=\"aligncenter wp-image-27941 size-medium\" src=\"https:\/\/www.tui.at\/blog\/wp-content\/uploads\/2025\/08\/MADEIRA_BRAND_23_F166_SANTANA-2-e1754982803824.jpg\" alt=\"\" width=\"445\" height=\"615\" \/><\/div><\/div><\/div><\/div><div class=\"legacy-fullwidth\"><div class=\"legacy-fusion-title\"><h4>Unser Hoteltipp f\u00fcr den Osten<\/h4><\/div><div class=\"legacy-fusion-text\">Im Gebirgigen Osten der Insel findest du die heimeligen Chalets <a href=\"https:\/\/www.tui.at\/suchen\/angebote\/Quinta-Santo-Antonio-Da-Serra\/19693\/hotelDescription\/?searchScope=PACKAGE&amp;startDate=2025-08-08&amp;endDate=2025-09-07\" target=\"_blank\" rel=\"noopener\"><strong>Quinta Santo Antonio Da Serra<\/strong><\/a>\u00a0im Dorf Santo de Serra<strong>. <\/strong>Du kannst dort kostenlos parken und verbringst in absoluter Ruhe und Natur deine Morgende \u2013 hier kannst du ganz einfach selbst Leckereien zubereiten und auf der privaten Terrasse verspeisen, ein Supermarkt ist nicht einmal 5 Gehminuten entfernt.<\/div><\/div><div class=\"legacy-fullwidth\"><div class=\"legacy-row\"><div class=\"one-half\"><div class=\"legacy-fusion-text\"><img loading=\"lazy\" decoding=\"async\" class=\"alignnone size-medium wp-image-27884 aligncenter\" src=\"https:\/\/www.tui.at\/blog\/wp-content\/uploads\/2025\/08\/02a22490a3d3dc424d646a77e4a0936d_ocpprod.jpg\" alt=\"\" width=\"615\" height=\"461\" \/><\/div><\/div><div class=\"one-half\"><div class=\"legacy-fusion-text\"><img loading=\"lazy\" decoding=\"async\" class=\"alignnone size-medium wp-image-27885 aligncenter\" src=\"https:\/\/www.tui.at\/blog\/wp-content\/uploads\/2025\/08\/3cb91a09cb1025f1c1a4e2bf6c7bd5c1_ocpprod.jpg\" alt=\"\" width=\"615\" height=\"461\" \/><\/div><\/div><\/div><\/div><div class=\"legacy-fullwidth\"><div class=\"legacy-fusion-title\"><h4>\u201eN\u201c wie Naturliebhaber:in und Norden<\/h4><\/div><div class=\"legacy-fusion-text\"><strong><em>Fanal? Wow!<\/em><\/strong> Ja, diese Worte geh\u00f6ren quasi zusammen. <strong><em>Fanal<\/em> <\/strong>ist ein Waldgebiet mit traumhaften Highlights: Ein m\u00e4rchenhafter Lorbeerwald und weitl\u00e4ufige, gr\u00fcne Wiesen mit tierischen Freund:innen (K\u00fchen). Definitiv ein Ort f\u00fcr eine Wanderung. Hier ist sogar \u201eschlechtes\u201c Wetter erw\u00fcnscht, denn dann sieht der Wald besonders mystisch aus!<\/p>\n<p>Wenn du den Ort ganz f\u00fcr dich allein erleben m\u00f6chtest, lohnt es sich, m\u00f6glichst fr\u00fch aufzubrechen. Au\u00dferdem steht ein gro\u00dfer, kostenloser Parkplatz zur Verf\u00fcgung, doch zur Mittagszeit kann es dort ziemlich voll werden. Als Bonustipp gebe ich dir noch mit: Markiere deinen Parkplatz auf einer Karte. Sollte dichter Nebel aufziehen, kann es schwierig werden, sich zurechtzufinden \u2013 und wer m\u00f6chte schon vor lauter Suchen die Freude am Reisen verlieren?<\/p>\n<p>Wenn du gerne wanderst, gibt es die M\u00f6glichkeit eine <strong>Fanal\u2013Assobiadores-Wanderung<\/strong> zu unternehmen. Die Guided Tour f\u00fchrt durch das beeindruckende <strong>UNESCO-Weltnaturerbe<\/strong> und erspart dir langes Suchen nach dem richtigen Weg. So kannst du dich ganz auf die einzigartige Landschaft konzentrieren. Buchbar ist sie<strong> <a href=\"https:\/\/www.tuimusement.com\/de\/portugal\/madeira\/fanal-assobiadores-wanderung-1\/e_8zo5n-d_74-c_139\/?aid=tuiexperiences-21407-atrt\" target=\"_blank\" rel=\"noopener\">hier<\/a>.<\/strong><\/p>\n<p>Nur 14\u202fKilometer weiter, an der Nordk\u00fcste, wartet schon das n\u00e4chste Highlight: Ein Sprung in die<strong> nat\u00fcrlichen Wasserbecken von <em>Porto Moniz<\/em><\/strong>. Der Atlantik empf\u00e4ngt dich dort mit erfrischenden 20\u202fGrad. Besonders beliebt sind die <strong><em>Piscinas Naturais do Porto Moniz<\/em><\/strong>, in denen sich sogar kleine Fische tummeln. Das Naturbad ist in zwei Bereiche gegliedert \u2013 der gepflegtere und sicherere Abschnitt kostet 3\u202fEuro Eintritt und bietet daf\u00fcr komfortables Badevergn\u00fcgen \u2013 Badeschuhe machen den Aufenthalt nochmal angenehmer.<\/div><\/div><div class=\"legacy-fullwidth\"><div class=\"legacy-row\"><div class=\"one-half\"><div class=\"legacy-fusion-text\"><img loading=\"lazy\" decoding=\"async\" class=\"alignnone size-medium wp-image-27890 aligncenter\" src=\"https:\/\/www.tui.at\/blog\/wp-content\/uploads\/2025\/08\/Piscinas-Naruais-do-Cachalote005\u00a9Tiago-Machado.jpg\" alt=\"\" width=\"615\" height=\"411\" \/><\/div><\/div><div class=\"one-half\"><div class=\"legacy-fusion-text\"><img loading=\"lazy\" decoding=\"async\" class=\"alignnone size-medium wp-image-27889 aligncenter\" src=\"https:\/\/www.tui.at\/blog\/wp-content\/uploads\/2025\/08\/Porto-Moniz1\u00a9Henrique-Seruca.jpg\" alt=\"\" width=\"615\" height=\"410\" \/><\/div><\/div><\/div><div class=\"legacy-row\"><div class=\"one-half\"><div class=\"legacy-fusion-text\"><img loading=\"lazy\" decoding=\"async\" class=\"size-medium wp-image-27888\" src=\"https:\/\/www.tui.at\/blog\/wp-content\/uploads\/2025\/08\/AdobeStock_253130060.jpeg\" alt=\"\" width=\"615\" height=\"410\" \/><\/div><\/div><div class=\"one-half\"><div class=\"legacy-fusion-text\"><img loading=\"lazy\" decoding=\"async\" class=\"alignnone size-medium wp-image-27887 aligncenter\" src=\"https:\/\/www.tui.at\/blog\/wp-content\/uploads\/2025\/08\/Parque-Florestal-do-Fanal010\u00a9Tiago-Machado.jpg\" alt=\"\" width=\"615\" height=\"411\" \/><\/div><\/div><\/div><\/div><div class=\"legacy-fullwidth\"><div class=\"legacy-fusion-title\"><h4>Unser Hoteltipp f\u00fcr den Norden Madeiras<\/h4><\/div><div class=\"legacy-fusion-text\">Wenn es dich in den Norden zieht und du ein eher kleines Hotel bevorzugst, dann empfehle ich dir das <a href=\"https:\/\/www.tui.at\/pauschalreisen\/suchen\/angebote\/Quinta-do-Furao\/2219\/hotelDescription\/\" target=\"_blank\" rel=\"noopener\"><strong><em>Quinta do Fur\u00e3o<\/em><\/strong><\/a>. \u00c4u\u00dferst charmant auf dem Gramacho-Plateau gelegen, bietet das Haus wundervolle Boutique-Zimmer und ist zudem hervorragend bewertet.<\/div><\/div><div class=\"legacy-fullwidth\"><div class=\"legacy-row\"><div class=\"one-half\"><div class=\"legacy-fusion-text\"><img loading=\"lazy\" decoding=\"async\" class=\"alignnone size-medium wp-image-27897\" src=\"https:\/\/www.tui.at\/blog\/wp-content\/uploads\/2025\/08\/tui_430965-1.jpg\" alt=\"\" width=\"615\" height=\"409\" \/><\/div><\/div><div class=\"one-half\"><div class=\"legacy-fusion-text\"><img loading=\"lazy\" decoding=\"async\" class=\"alignnone size-medium wp-image-27898 aligncenter\" src=\"https:\/\/www.tui.at\/blog\/wp-content\/uploads\/2025\/08\/ACC_008113_MAD_04.jpg\" alt=\"\" width=\"615\" height=\"410\" \/><\/div><\/div><\/div><\/div><div class=\"legacy-fullwidth\"><div class=\"legacy-fusion-title\"><h4>Entlang der S\u00fcdwestk\u00fcste \u2013 authentische D\u00f6rfer und sonniges Gem\u00fct<\/h4><\/div><div class=\"legacy-fusion-text\">Die Klippen von <strong><em>Ponta do Pargo<\/em><\/strong> bieten spektakul\u00e4re Aussichten, besonders bei Sonnenuntergang. Dort befindet sich auch ein Leuchtturmgeb\u00e4ude, das ein kleines Museum \u00fcber\u2026 *<em>Trommelwirbel*<\/em>\u2026 die Leuchtt\u00fcrme auf Madeira beherbergt. Unter der Woche ist es t\u00e4glich von 10:00 bis 12:30 Uhr sowie von 14:00 bis 16:30 Uhr ge\u00f6ffnet. Das Gel\u00e4nde rund um die Klippen ist nicht vollst\u00e4ndig gesichert, daher sollten Kleinkinder lieber an die Hand genommen werden. Mit etwas Gl\u00fcck lassen sich hier Eidechsen beobachten, die die letzten Sonnenstrahlen aufsaugen.<\/p>\n<p>Nur 7,2 km von den Klippen findest du in <strong>Faj\u00e3 da Ovelha<\/strong> \u2013 einem h\u00f6her gelegenen Dorf \u2013traumhafte Fotomotive, w\u00e4hrend das <strong>Fischerdorf Paul do Mar<\/strong> mit frischem Fisch (Speiseempfehlungen folgen noch) und entspannter Atmosph\u00e4re punktet.<\/p>\n<p>Du sehnst dich nach Strandfeeling? In <em><strong>Calheta<\/strong> <\/em>findest du einen der wenigen Sandstr\u00e4nde Madeiras. Wellenbrecher sorgen f\u00fcr angenehmes Schwimmen und Liegest\u00fchle mit Sonnenschirm werden f\u00fcr etwa 11 Euro vermietet.<\/p>\n<p>Lass dich im entspanntem Inseltempo bei einer gef\u00fchrten Tour inspirieren, <a href=\"https:\/\/www.tuimusement.com\/de\/portugal\/madeira\/tagesausfluge-gefuhrte-tour-an-der-sudwestkuste-madeiras-2\/e_vnqyqr-d_74-c_139\/?aid=tuiexperiences-21407-atrt\" target=\"_blank\" rel=\"noopener\"><strong>hier<\/strong><\/a> buchbar \u00fcber TUI Musement.<\/div><\/div><div class=\"legacy-fullwidth\"><div class=\"legacy-row\"><div class=\"one-half\"><div class=\"legacy-fusion-text\"><img loading=\"lazy\" decoding=\"async\" class=\"alignnone size-medium wp-image-27900 aligncenter\" src=\"https:\/\/www.tui.at\/blog\/wp-content\/uploads\/2025\/08\/paul-do-mar.jpg\" alt=\"\" width=\"615\" height=\"410\" \/><\/div><\/div><div class=\"one-half\"><div class=\"legacy-fusion-text\"><img loading=\"lazy\" decoding=\"async\" class=\"alignnone size-medium wp-image-27899 aligncenter\" src=\"https:\/\/www.tui.at\/blog\/wp-content\/uploads\/2025\/08\/Jardim-Municipal-da-Calheta002\u00a9Simon-Zino-1.jpeg\" alt=\"\" width=\"615\" height=\"410\" \/><\/div><\/div><\/div><\/div><div class=\"legacy-fullwidth\"><div class=\"legacy-fusion-title\"><h4>Die kulinarische Seite Madeiras<\/h4><\/div><div class=\"legacy-fusion-text\">Nachdem wir nun in allen Himmelsrichtungen <strong><a href=\"https:\/\/blog.tui.at\/madeira-highlights-die-7-schoensten-plaetze-auf-madeira\/\" target=\"_blank\" rel=\"noopener\">Madeiras<\/a> <\/strong>Sehenswertes entdeckt haben, d\u00fcrfen regionale Spezialit\u00e4ten nat\u00fcrlich nicht fehlen. Deshalb hier ein paar Speisen und Getr\u00e4nke, die man unbedingt probiert haben sollte: Starten wir mit dem Kultgetr\u00e4nk <strong>Poncha<\/strong> \u2013 eine warme Mischung aus wei\u00dfem Rum, Inselhonig und frischem Zitronensaft \u2013 fast schon ein Cocktail! Ein guter Tipp, wo man diese Mischung verkosten kann, ist die Rei da Poncha Bar in Funchals Altstadt. Dort gibt es eine tolle Auswahl an verschiedenen Sorten, preislich zwischen 3,50 und 4,00 Euro pro Glas.<\/p>\n<p>F\u00fcr alle, die nicht auf ihr erstes Date gehen, empfiehlt sich <strong>Bolo de Caco<\/strong> \u2013 ein warmes Fladenbrot mit Knoblauchbutter und als Hauptgang kann <strong>Espada com Banana<\/strong> sehr wohlschmeckend sein: Ein fast gr\u00e4tenloser Tiefseefisch, serviert mit gebackener Banane \u2013 klingt ungew\u00f6hnlich, ist geschmacklich aber eine \u00fcberraschend gute Kombination. Alternativ sind auch <strong>Espetada<\/strong> regional, gegrillte Rindfleischspie\u00dfe mit Lorbeer und Knoblauch, \u00e4u\u00dferst k\u00f6stlich.<\/p>\n<p>Zum Abschluss sollte noch <strong>Bolo de Mel<\/strong> erw\u00e4hnt werden \u2013 ein w\u00fcrziger Kuchen mit Melasse oder Honig, kandierten Fr\u00fcchten und N\u00fcssen\u2026 vielleicht das \u00e4lteste Dessert der Insel!<\/div><\/div><div class=\"legacy-fullwidth\"><div class=\"legacy-fusion-text\"><img loading=\"lazy\" decoding=\"async\" class=\"alignnone size-medium wp-image-27901 aligncenter\" src=\"https:\/\/www.tui.at\/blog\/wp-content\/uploads\/2025\/08\/Bolo-de-Mel5\u00a9Francisco-Correia.jpg\" alt=\"\" width=\"615\" height=\"461\" \/><\/div><\/div><div class=\"legacy-fullwidth\"><div class=\"legacy-fusion-title\"><h4>Und so endete ein Gespr\u00e4ch auf der Couch&#8230;<\/h4><\/div><div class=\"legacy-fusion-text\">Zwischen \u201ePortugal klingt gut\u201c und \u201eMadeira \u2013 warum eigentlich nicht?\u201c liegen nun bl\u00fchende G\u00e4rten, Lorbeerw\u00e4lder und Meerblick-Fr\u00fchst\u00fccken. Aus einem beil\u00e4ufigen Reisewunsch wurde eine kleine Liebeserkl\u00e4rung an eine Insel, die mehr bietet als man je auf eine Liste schreiben k\u00f6nnte. Also: Vielleicht ist jetzt der Moment, spontan zu sein \u2013 und der n\u00e4chste Couch-Talk wird dann mitten im Atlantik gef\u00fchrt, nat\u00fcrlich mit einem Gl\u00e4schen Poncha in der Hand.<\/p>\n<blockquote><p><strong>Bonus-Tipp: <\/strong>Du willst noch mehr von Portugal entdecken? Warum nicht mit der F\u00e4hre auf die Nachbarinsel <strong><em>Porto Santo<\/em><\/strong> schippern und einige Tage dort verweilen! Hier gibt es einen goldenen Sandstrand, stilvolle Kirchen und traumhafte Wanderoptionen wie den <strong><em>Vereda do Pico Branco e Terra Ch\u00e3 Trail<\/em><\/strong>.<\/p><\/blockquote>\n<p><\/div><\/div><div class=\"legacy-fullwidth\"><div class=\"legacy-fusion-text\"><img loading=\"lazy\" decoding=\"async\" class=\"alignnone size-medium wp-image-27937 aligncenter\" src=\"https:\/\/www.tui.at\/blog\/wp-content\/uploads\/2025\/08\/Ponta-da-Calheta1\u00a9Carlos-Gouvia-1.jpg\" alt=\"\" width=\"615\" height=\"410\" \/><\/div><\/div><\/p>\n","protected":false},"excerpt":{"rendered":"<p>Du fragst dich, was du auf Madeira auf keinen Fall verpassen darfst? Wir haben den optimalen Guide, mit dem du die Insel in nur wenigen Tagen erkunden kannst.<\/p>\n","protected":false},"author":253,"featured_media":491211,"comment_status":"open","ping_status":"closed","sticky":false,"template":"","format":"standard","meta":{"_acf_changed":false,"footnotes":""},"categories":[5148],"tags":[5145,5010,5011],"class_list":["post-490211","post","type-post","status-publish","format-standard","has-post-thumbnail","hentry","category-archiv-aktivurlaub","tag-inselurlaub","tag-madeira","tag-portugal"],"acf":[],"yoast_head":"<!-- This site is optimized with the Yoast SEO plugin v27.4 - https:\/\/yoast.com\/product\/yoast-seo-wordpress\/ -->\n<title>Inselliebe pur: Madeira in nur wenigen Tagen erleben!<\/title>\n<meta name=\"description\" content=\"Was darf man auf Madeira auf keinen Fall verpassen? Wir haben den optimalen Guide, mit dem du die Insel in nur wenigen Tagen erkunden kannst.\" \/>\n<meta name=\"robots\" content=\"index, follow, max-snippet:-1, max-image-preview:large, max-video-preview:-1\" \/>\n<link rel=\"canonical\" href=\"https:\/\/www.tui.at\/blog\/madeira-erleben\/\" \/>\n<meta property=\"og:locale\" content=\"de_DE\" \/>\n<meta property=\"og:type\" content=\"article\" \/>\n<meta property=\"og:title\" content=\"Inselliebe pur: Madeira in nur wenigen Tagen erleben!\" \/>\n<meta property=\"og:description\" content=\"Was darf man auf Madeira auf keinen Fall verpassen? Wir haben den optimalen Guide, mit dem du die Insel in nur wenigen Tagen erkunden kannst.\" \/>\n<meta property=\"og:url\" content=\"https:\/\/www.tui.at\/blog\/madeira-erleben\/\" \/>\n<meta property=\"og:site_name\" content=\"TUI.at Reiseblog\" \/>\n<meta property=\"article:published_time\" content=\"2025-08-13T05:20:10+00:00\" \/>\n<meta property=\"article:modified_time\" content=\"2025-10-29T09:48:51+00:00\" \/>\n<meta property=\"og:image\" content=\"https:\/\/www.tui.at\/blog\/wp-content\/uploads\/2025\/08\/Blogbeitrag_Madeira_Header-1000x462.png\" \/>\n\t<meta property=\"og:image:width\" content=\"1000\" \/>\n\t<meta property=\"og:image:height\" content=\"462\" \/>\n\t<meta property=\"og:image:type\" content=\"image\/png\" \/>\n<meta name=\"author\" content=\"Victoria Rothen\" \/>\n<meta name=\"twitter:card\" content=\"summary_large_image\" \/>\n<meta name=\"twitter:label1\" content=\"Verfasst von\" \/>\n\t<meta name=\"twitter:data1\" content=\"Victoria Rothen\" \/>\n\t<meta name=\"twitter:label2\" content=\"Gesch\u00e4tzte Lesezeit\" \/>\n\t<meta name=\"twitter:data2\" content=\"20\u00a0Minuten\" \/>\n<script type=\"application\/ld+json\" class=\"yoast-schema-graph\">{\"@context\":\"https:\\\/\\\/schema.org\",\"@graph\":[{\"@type\":\"BlogPosting\",\"@id\":\"https:\\\/\\\/www.tui.at\\\/blog\\\/madeira-erleben\\\/#article\",\"isPartOf\":{\"@id\":\"https:\\\/\\\/www.tui.at\\\/blog\\\/madeira-erleben\\\/\"},\"author\":{\"name\":\"Victoria Rothen\",\"@id\":\"https:\\\/\\\/www.tui.at\\\/blog\\\/#\\\/schema\\\/person\\\/ec6ac99dc957d29d6e73728bfe6b9566\"},\"headline\":\"Inselliebe pur: Madeira in nur wenigen Tagen erleben!\",\"datePublished\":\"2025-08-13T05:20:10+00:00\",\"dateModified\":\"2025-10-29T09:48:51+00:00\",\"mainEntityOfPage\":{\"@id\":\"https:\\\/\\\/www.tui.at\\\/blog\\\/madeira-erleben\\\/\"},\"wordCount\":3914,\"commentCount\":0,\"publisher\":{\"@id\":\"https:\\\/\\\/www.tui.at\\\/blog\\\/#organization\"},\"image\":{\"@id\":\"https:\\\/\\\/www.tui.at\\\/blog\\\/madeira-erleben\\\/#primaryimage\"},\"thumbnailUrl\":\"https:\\\/\\\/www.tui.at\\\/blog\\\/wp-content\\\/uploads\\\/2025\\\/08\\\/Blogbeitrag_Madeira_Header.png\",\"keywords\":[\"Inselurlaub\",\"Madeira\",\"Portugal\"],\"articleSection\":[\"Aktivurlaub\"],\"inLanguage\":\"de\",\"potentialAction\":[{\"@type\":\"CommentAction\",\"name\":\"Comment\",\"target\":[\"https:\\\/\\\/www.tui.at\\\/blog\\\/madeira-erleben\\\/#respond\"]}]},{\"@type\":\"WebPage\",\"@id\":\"https:\\\/\\\/www.tui.at\\\/blog\\\/madeira-erleben\\\/\",\"url\":\"https:\\\/\\\/www.tui.at\\\/blog\\\/madeira-erleben\\\/\",\"name\":\"Inselliebe pur: Madeira in nur wenigen Tagen erleben!\",\"isPartOf\":{\"@id\":\"https:\\\/\\\/www.tui.at\\\/blog\\\/#website\"},\"primaryImageOfPage\":{\"@id\":\"https:\\\/\\\/www.tui.at\\\/blog\\\/madeira-erleben\\\/#primaryimage\"},\"image\":{\"@id\":\"https:\\\/\\\/www.tui.at\\\/blog\\\/madeira-erleben\\\/#primaryimage\"},\"thumbnailUrl\":\"https:\\\/\\\/www.tui.at\\\/blog\\\/wp-content\\\/uploads\\\/2025\\\/08\\\/Blogbeitrag_Madeira_Header.png\",\"datePublished\":\"2025-08-13T05:20:10+00:00\",\"dateModified\":\"2025-10-29T09:48:51+00:00\",\"description\":\"Was darf man auf Madeira auf keinen Fall verpassen? Wir haben den optimalen Guide, mit dem du die Insel in nur wenigen Tagen erkunden kannst.\",\"breadcrumb\":{\"@id\":\"https:\\\/\\\/www.tui.at\\\/blog\\\/madeira-erleben\\\/#breadcrumb\"},\"inLanguage\":\"de\",\"potentialAction\":[{\"@type\":\"ReadAction\",\"target\":[\"https:\\\/\\\/www.tui.at\\\/blog\\\/madeira-erleben\\\/\"]}]},{\"@type\":\"ImageObject\",\"inLanguage\":\"de\",\"@id\":\"https:\\\/\\\/www.tui.at\\\/blog\\\/madeira-erleben\\\/#primaryimage\",\"url\":\"https:\\\/\\\/www.tui.at\\\/blog\\\/wp-content\\\/uploads\\\/2025\\\/08\\\/Blogbeitrag_Madeira_Header.png\",\"contentUrl\":\"https:\\\/\\\/www.tui.at\\\/blog\\\/wp-content\\\/uploads\\\/2025\\\/08\\\/Blogbeitrag_Madeira_Header.png\",\"width\":1950,\"height\":900},{\"@type\":\"BreadcrumbList\",\"@id\":\"https:\\\/\\\/www.tui.at\\\/blog\\\/madeira-erleben\\\/#breadcrumb\",\"itemListElement\":[{\"@type\":\"ListItem\",\"position\":1,\"name\":\"Startseite\",\"item\":\"https:\\\/\\\/www.tui.at\\\/blog\\\/\"},{\"@type\":\"ListItem\",\"position\":2,\"name\":\"Inselliebe pur: Madeira in nur wenigen Tagen erleben!\"}]},{\"@type\":\"WebSite\",\"@id\":\"https:\\\/\\\/www.tui.at\\\/blog\\\/#website\",\"url\":\"https:\\\/\\\/www.tui.at\\\/blog\\\/\",\"name\":\"TUI.at Reiseblog\",\"description\":\"Inspirationen f\u00fcr den perfekten Urlaub\",\"publisher\":{\"@id\":\"https:\\\/\\\/www.tui.at\\\/blog\\\/#organization\"},\"potentialAction\":[{\"@type\":\"SearchAction\",\"target\":{\"@type\":\"EntryPoint\",\"urlTemplate\":\"https:\\\/\\\/www.tui.at\\\/blog\\\/?s={search_term_string}\"},\"query-input\":{\"@type\":\"PropertyValueSpecification\",\"valueRequired\":true,\"valueName\":\"search_term_string\"}}],\"inLanguage\":\"de\"},{\"@type\":\"Organization\",\"@id\":\"https:\\\/\\\/www.tui.at\\\/blog\\\/#organization\",\"name\":\"TUI.at Reiseblog\",\"url\":\"https:\\\/\\\/www.tui.at\\\/blog\\\/\",\"logo\":{\"@type\":\"ImageObject\",\"inLanguage\":\"de\",\"@id\":\"https:\\\/\\\/www.tui.at\\\/blog\\\/#\\\/schema\\\/logo\\\/image\\\/\",\"url\":\"https:\\\/\\\/www.tui.at\\\/blog\\\/wp-content\\\/uploads\\\/2025\\\/09\\\/cropped-tui-logo-3.webp\",\"contentUrl\":\"https:\\\/\\\/www.tui.at\\\/blog\\\/wp-content\\\/uploads\\\/2025\\\/09\\\/cropped-tui-logo-3.webp\",\"width\":164,\"height\":72,\"caption\":\"TUI.at Reiseblog\"},\"image\":{\"@id\":\"https:\\\/\\\/www.tui.at\\\/blog\\\/#\\\/schema\\\/logo\\\/image\\\/\"}},{\"@type\":\"Person\",\"@id\":\"https:\\\/\\\/www.tui.at\\\/blog\\\/#\\\/schema\\\/person\\\/ec6ac99dc957d29d6e73728bfe6b9566\",\"name\":\"Victoria Rothen\",\"description\":\"Wenn es in Wien mal wieder regnet, plant Vici vermutlich schon die n\u00e4chste Reise quer durch Europa. Ihre Bucket List ist l\u00e4nger als ein Wiener Walzer und mindestens genauso schwungvoll. Guter Humor wird gesch\u00e4tzt und auch ihre Tanzschulzeiten sind noch nicht vor\u00fcber. Ihr Pro-Reisetipp ist simpel: Kombiniere etwas Teures mit etwas G\u00fcnstigem. Zum Beispiel: Zelten (g\u00fcnstig) in Schottland (teuer).\",\"url\":\"https:\\\/\\\/www.tui.at\\\/blog\\\/author\\\/vici\\\/\"}]}<\/script>\n<!-- \/ Yoast SEO plugin. -->","yoast_head_json":{"title":"Inselliebe pur: Madeira in nur wenigen Tagen erleben!","description":"Was darf man auf Madeira auf keinen Fall verpassen? Wir haben den optimalen Guide, mit dem du die Insel in nur wenigen Tagen erkunden kannst.","robots":{"index":"index","follow":"follow","max-snippet":"max-snippet:-1","max-image-preview":"max-image-preview:large","max-video-preview":"max-video-preview:-1"},"canonical":"https:\/\/www.tui.at\/blog\/madeira-erleben\/","og_locale":"de_DE","og_type":"article","og_title":"Inselliebe pur: Madeira in nur wenigen Tagen erleben!","og_description":"Was darf man auf Madeira auf keinen Fall verpassen? Wir haben den optimalen Guide, mit dem du die Insel in nur wenigen Tagen erkunden kannst.","og_url":"https:\/\/www.tui.at\/blog\/madeira-erleben\/","og_site_name":"TUI.at Reiseblog","article_published_time":"2025-08-13T05:20:10+00:00","article_modified_time":"2025-10-29T09:48:51+00:00","og_image":[{"width":1000,"height":462,"url":"https:\/\/www.tui.at\/blog\/wp-content\/uploads\/2025\/08\/Blogbeitrag_Madeira_Header-1000x462.png","type":"image\/png"}],"author":"Victoria Rothen","twitter_card":"summary_large_image","twitter_misc":{"Verfasst von":"Victoria Rothen","Gesch\u00e4tzte Lesezeit":"20\u00a0Minuten"},"schema":{"@context":"https:\/\/schema.org","@graph":[{"@type":"BlogPosting","@id":"https:\/\/www.tui.at\/blog\/madeira-erleben\/#article","isPartOf":{"@id":"https:\/\/www.tui.at\/blog\/madeira-erleben\/"},"author":{"name":"Victoria Rothen","@id":"https:\/\/www.tui.at\/blog\/#\/schema\/person\/ec6ac99dc957d29d6e73728bfe6b9566"},"headline":"Inselliebe pur: Madeira in nur wenigen Tagen erleben!","datePublished":"2025-08-13T05:20:10+00:00","dateModified":"2025-10-29T09:48:51+00:00","mainEntityOfPage":{"@id":"https:\/\/www.tui.at\/blog\/madeira-erleben\/"},"wordCount":3914,"commentCount":0,"publisher":{"@id":"https:\/\/www.tui.at\/blog\/#organization"},"image":{"@id":"https:\/\/www.tui.at\/blog\/madeira-erleben\/#primaryimage"},"thumbnailUrl":"https:\/\/www.tui.at\/blog\/wp-content\/uploads\/2025\/08\/Blogbeitrag_Madeira_Header.png","keywords":["Inselurlaub","Madeira","Portugal"],"articleSection":["Aktivurlaub"],"inLanguage":"de","potentialAction":[{"@type":"CommentAction","name":"Comment","target":["https:\/\/www.tui.at\/blog\/madeira-erleben\/#respond"]}]},{"@type":"WebPage","@id":"https:\/\/www.tui.at\/blog\/madeira-erleben\/","url":"https:\/\/www.tui.at\/blog\/madeira-erleben\/","name":"Inselliebe pur: Madeira in nur wenigen Tagen erleben!","isPartOf":{"@id":"https:\/\/www.tui.at\/blog\/#website"},"primaryImageOfPage":{"@id":"https:\/\/www.tui.at\/blog\/madeira-erleben\/#primaryimage"},"image":{"@id":"https:\/\/www.tui.at\/blog\/madeira-erleben\/#primaryimage"},"thumbnailUrl":"https:\/\/www.tui.at\/blog\/wp-content\/uploads\/2025\/08\/Blogbeitrag_Madeira_Header.png","datePublished":"2025-08-13T05:20:10+00:00","dateModified":"2025-10-29T09:48:51+00:00","description":"Was darf man auf Madeira auf keinen Fall verpassen? Wir haben den optimalen Guide, mit dem du die Insel in nur wenigen Tagen erkunden kannst.","breadcrumb":{"@id":"https:\/\/www.tui.at\/blog\/madeira-erleben\/#breadcrumb"},"inLanguage":"de","potentialAction":[{"@type":"ReadAction","target":["https:\/\/www.tui.at\/blog\/madeira-erleben\/"]}]},{"@type":"ImageObject","inLanguage":"de","@id":"https:\/\/www.tui.at\/blog\/madeira-erleben\/#primaryimage","url":"https:\/\/www.tui.at\/blog\/wp-content\/uploads\/2025\/08\/Blogbeitrag_Madeira_Header.png","contentUrl":"https:\/\/www.tui.at\/blog\/wp-content\/uploads\/2025\/08\/Blogbeitrag_Madeira_Header.png","width":1950,"height":900},{"@type":"BreadcrumbList","@id":"https:\/\/www.tui.at\/blog\/madeira-erleben\/#breadcrumb","itemListElement":[{"@type":"ListItem","position":1,"name":"Startseite","item":"https:\/\/www.tui.at\/blog\/"},{"@type":"ListItem","position":2,"name":"Inselliebe pur: Madeira in nur wenigen Tagen erleben!"}]},{"@type":"WebSite","@id":"https:\/\/www.tui.at\/blog\/#website","url":"https:\/\/www.tui.at\/blog\/","name":"TUI.at Reiseblog","description":"Inspirationen f\u00fcr den perfekten Urlaub","publisher":{"@id":"https:\/\/www.tui.at\/blog\/#organization"},"potentialAction":[{"@type":"SearchAction","target":{"@type":"EntryPoint","urlTemplate":"https:\/\/www.tui.at\/blog\/?s={search_term_string}"},"query-input":{"@type":"PropertyValueSpecification","valueRequired":true,"valueName":"search_term_string"}}],"inLanguage":"de"},{"@type":"Organization","@id":"https:\/\/www.tui.at\/blog\/#organization","name":"TUI.at Reiseblog","url":"https:\/\/www.tui.at\/blog\/","logo":{"@type":"ImageObject","inLanguage":"de","@id":"https:\/\/www.tui.at\/blog\/#\/schema\/logo\/image\/","url":"https:\/\/www.tui.at\/blog\/wp-content\/uploads\/2025\/09\/cropped-tui-logo-3.webp","contentUrl":"https:\/\/www.tui.at\/blog\/wp-content\/uploads\/2025\/09\/cropped-tui-logo-3.webp","width":164,"height":72,"caption":"TUI.at Reiseblog"},"image":{"@id":"https:\/\/www.tui.at\/blog\/#\/schema\/logo\/image\/"}},{"@type":"Person","@id":"https:\/\/www.tui.at\/blog\/#\/schema\/person\/ec6ac99dc957d29d6e73728bfe6b9566","name":"Victoria Rothen","description":"Wenn es in Wien mal wieder regnet, plant Vici vermutlich schon die n\u00e4chste Reise quer durch Europa. Ihre Bucket List ist l\u00e4nger als ein Wiener Walzer und mindestens genauso schwungvoll. Guter Humor wird gesch\u00e4tzt und auch ihre Tanzschulzeiten sind noch nicht vor\u00fcber. Ihr Pro-Reisetipp ist simpel: Kombiniere etwas Teures mit etwas G\u00fcnstigem. Zum Beispiel: Zelten (g\u00fcnstig) in Schottland (teuer).","url":"https:\/\/www.tui.at\/blog\/author\/vici\/"}]}},"_links":{"self":[{"href":"https:\/\/www.tui.at\/blog\/wp-json\/wp\/v2\/posts\/490211","targetHints":{"allow":["GET"]}}],"collection":[{"href":"https:\/\/www.tui.at\/blog\/wp-json\/wp\/v2\/posts"}],"about":[{"href":"https:\/\/www.tui.at\/blog\/wp-json\/wp\/v2\/types\/post"}],"author":[{"embeddable":true,"href":"https:\/\/www.tui.at\/blog\/wp-json\/wp\/v2\/users\/253"}],"replies":[{"embeddable":true,"href":"https:\/\/www.tui.at\/blog\/wp-json\/wp\/v2\/comments?post=490211"}],"version-history":[{"count":2,"href":"https:\/\/www.tui.at\/blog\/wp-json\/wp\/v2\/posts\/490211\/revisions"}],"predecessor-version":[{"id":491353,"href":"https:\/\/www.tui.at\/blog\/wp-json\/wp\/v2\/posts\/490211\/revisions\/491353"}],"wp:featuredmedia":[{"embeddable":true,"href":"https:\/\/www.tui.at\/blog\/wp-json\/wp\/v2\/media\/491211"}],"wp:attachment":[{"href":"https:\/\/www.tui.at\/blog\/wp-json\/wp\/v2\/media?parent=490211"}],"wp:term":[{"taxonomy":"category","embeddable":true,"href":"https:\/\/www.tui.at\/blog\/wp-json\/wp\/v2\/categories?post=490211"},{"taxonomy":"post_tag","embeddable":true,"href":"https:\/\/www.tui.at\/blog\/wp-json\/wp\/v2\/tags?post=490211"}],"curies":[{"name":"wp","href":"https:\/\/api.w.org\/{rel}","templated":true}]}}