{"id":489642,"date":"2024-03-25T11:31:28","date_gmt":"2024-03-25T10:31:28","guid":{"rendered":"https:\/\/www.tui.at\/blog\/urlaub-im-skiparadies-montafon\/"},"modified":"2025-10-24T11:39:38","modified_gmt":"2025-10-24T09:39:38","slug":"skiparadies-montafon","status":"publish","type":"post","link":"https:\/\/www.tui.at\/blog\/skiparadies-montafon\/","title":{"rendered":"Urlaub im Skiparadies Montafon"},"content":{"rendered":"<p><div class=\"legacy-fullwidth\"><div class=\"legacy-fusion-text\">Hi, ich bin Sabrina \u2013 Content Creatorin und Outdoor Influencerin aus Nieder\u00f6sterreich. Seit 2018 bin ich hauptberuflich als Content Creatorin t\u00e4tig und nehme die Menschen virtuell mit in die Berge. Eine meiner liebsten Regionen ist das Montafon in Vorarlberg und dar\u00fcber soll es in<br \/>\ndiesem Beitrag auch gehen.<\/div><\/div><div class=\"legacy-fullwidth\"><div class=\"legacy-fusion-title\"><h3>Urlaub im eigenen Land &#8211; ab nach Vorarlberg<\/h3><\/div><div class=\"legacy-fusion-text\">W\u00e4hrend es andere Menschen immer wieder ans Meer zieht, zieht es mich immer wieder in die Berge. Was praktisch ist, da die \u00f6sterreichischen Alpen definitiv eine der sch\u00f6nsten Bergregionen Europas sind \u2013 Ger\u00fcchten zufolge sogar DIE sch\u00f6nste Bergregion Europas. \ud83d\ude09<\/p>\n<p><a href=\"https:\/\/www.tui.at\/urlaub\/oesterreich\/vorarlberg\/\" target=\"_blank\" rel=\"noopener\">Vorarlberg<\/a> liegt f\u00fcr mich am anderen Ende \u00d6sterreichs. Um ins wundersch\u00f6ne Montafon zu gelangen, muss ich einmal quer durch ganz \u00d6sterreich fahren. Diese Reise nehme ich aber gerne in Kauf. Das Montafon ist n\u00e4mlich wirklich zu jeder Jahreszeit einen Besuch wert.<\/p>\n<p>Die Vorarlberger Bergwelt wird, meiner Meinung nach, immer wieder untersch\u00e4tzt. F\u00fcr viele enden die Berge in Tirol. Vielleicht liegt es daran, dass die Bergwelt in Vorarlberg wieder sanfter wird. W\u00e4hrend Tirols Berge sehr rau und hart wirken, zeigen sich <strong>die Berge in Vorarlberg<\/strong> \u2013 vor allem in den w\u00e4rmeren bzw. schneefreien Jahreszeiten \u2013 <strong>sanft und einladend.<\/strong><\/p>\n<p>Wer Bergsport-begeistert ist und noch nie in Vorarlberg war, hat definitiv was verpasst. Denn egal ob Wanderurlaub im Sommer oder <a href=\"https:\/\/blog.tui.at\/winterabenteuer-oesterreich\" target=\"_blank\" rel=\"noopener\">Skiurlaub<\/a> im Winter, das Montafon bietet f\u00fcr jedes Alter und Aktivit\u00e4tslevel die passenden Rahmenbedingungen.<\/div><\/div><div class=\"legacy-fullwidth\"><div class=\"legacy-fusion-text\"><img loading=\"lazy\" decoding=\"async\" class=\"size-medium wp-image-26617 aligncenter\" src=\"https:\/\/www.tui.at\/blog\/wp-content\/uploads\/2024\/03\/Skigebiet-Silvretta-Montafon.jpg\" alt=\"\" width=\"615\" height=\"410\" \/><\/div><\/div><div class=\"legacy-fullwidth\"><div class=\"legacy-fusion-title\"><h3>Das Skigebiet Silvretta Montafon <\/h3><\/div><div class=\"legacy-fusion-text\">Da es f\u00fcr uns zum Winterurlaub ins Montafon ging, m\u00f6chte ich euch vorher noch ein paar sehr coole \u201eFun-Facts\u201c \u00fcber das Skigebiet Silvretta Montafon dalassen:<\/p>\n<p>Wenn es eins der \u00fcber 400 Skigebiete in \u00d6sterreich schafft, sich von allen anderen abzuheben, ist das definitiv eine au\u00dfergew\u00f6hnliche Leistung. Das Skigebiet Silvretta Montafon hat das geschafft. Das Zukunftslabor f\u00fcr nachhaltigen Tourismus<a href=\"https:\/\/piz.montafon.at\/\" target=\"_blank\" rel=\"noopener\"> PIZ Montafon<\/a> ist der erste <strong>rein touristische Innovation Hub<\/strong> im Alpenraum. Hier werden eine Denkwerkstatt (ThinkTank) und eine Projektwerkstatt (DoTank) miteinander vereint, um neue L\u00f6sungen und Formate f\u00fcr den Tourismus der Region zu kreieren.\u00a0 Au\u00dferdem verpflichtet sich das Skigebiet mit der Initiative <a href=\"https:\/\/www.silvretta-montafon.at\/de\/aktuelles\/green-mountains-initiative\" target=\"_blank\" rel=\"noopener\">\u201eGreen Mountains\u201c<\/a>\u00a0zu einer nachhaltigen Zukunft.<\/div><\/div><div class=\"legacy-fullwidth\"><div class=\"legacy-fusion-text\"><img loading=\"lazy\" decoding=\"async\" class=\"alignnone size-medium wp-image-26609 aligncenter\" src=\"https:\/\/www.tui.at\/blog\/wp-content\/uploads\/2024\/03\/Skigebiet-Silvretta-Montafon-Bergpanorama1.jpg\" alt=\"\" width=\"615\" height=\"346\" \/><\/div><\/div><div class=\"legacy-fullwidth\"><div class=\"legacy-fusion-title\"><h3>TUI BLUE Montafon<\/h3><\/div><div class=\"legacy-fusion-text\"><\/p>\n<p class=\"Text\"><span lang=\"DE\">F\u00fcr uns ging es ins TUI BLUE Montafon. Das <a href=\"https:\/\/www.tui.at\/pauschalreisen\/suchen\/angebote\/TUI-BLUE-Montafon\/1038382\/hotelDescription\/\" target=\"_blank\" rel=\"noopener\">TUI Blue Montafon<\/a> hat die perfekte Ausgangslage f\u00fcr einen Aktivurlaub. Die n\u00e4chste Liftstation ins Skigebiet ist gerade mal 1,2 Kilometer entfernt und die n\u00e4chste Skibus-Haltestelle in unmittelbarer N\u00e4he. <\/span><\/p>\n<p><\/div><div class=\"legacy-row\"><div class=\"one-half\"><div class=\"legacy-fusion-text\"><img loading=\"lazy\" decoding=\"async\" class=\"alignnone size-medium wp-image-26620\" src=\"https:\/\/www.tui.at\/blog\/wp-content\/uploads\/2024\/03\/TUI-Blue-Montafon-Eingangsbereich-1.jpg\" alt=\"\" width=\"410\" height=\"615\" \/><\/div><\/div><div class=\"one-half\"><div class=\"legacy-fusion-text\"><img loading=\"lazy\" decoding=\"async\" class=\"alignnone size-medium wp-image-26618 aligncenter\" src=\"https:\/\/www.tui.at\/blog\/wp-content\/uploads\/2024\/03\/TUI-Blue-Montafon-Eingangsbereich.jpg\" alt=\"\" width=\"410\" height=\"615\" \/><\/div><\/div><\/div><div class=\"legacy-fusion-text\"><img loading=\"lazy\" decoding=\"async\" class=\"alignnone size-medium wp-image-26602 aligncenter\" src=\"https:\/\/www.tui.at\/blog\/wp-content\/uploads\/2024\/03\/TUI-Blue-Montafon-Lobby.jpg\" alt=\"\" width=\"615\" height=\"410\" \/><\/div><\/div><div class=\"legacy-fullwidth\"><div class=\"legacy-fusion-text\">Im TUI Blue Montafon wird man t\u00e4glich \u00fcber das aktuelle Bergwetter informiert. Sollte es nicht zum Skifahren auf die Piste gehen, hat man in der <strong>hoteleigenen App<\/strong> die M\u00f6glichkeit Aktivit\u00e4ten abseits der Skipiste zu buchen. Beispielsweise werden regelm\u00e4\u00dfig Schneeschuh- oder Winterwanderungen angeboten \u2013 auch ein perfektes Alternativprogramm f\u00fcr Nicht-Skifahrer:innen.<\/p>\n<p>Die <strong>Aktivit\u00e4ten sind im Preis inbegriffen<\/strong>, was es nat\u00fcrlich besonders attraktiv macht teilzunehmen. L\u00e4dt das Wetter mal nicht zu Outdooraktivit\u00e4ten ein, kann man die Zeit aber auch gut im Wellnessbereich genie\u00dfen z.B. in der Sauna, Infrarotkabine oder bei einer Massage. \ud83d\ude09<\/div><div class=\"legacy-row\"><div class=\"one-half\"><div class=\"legacy-fusion-text\"><img loading=\"lazy\" decoding=\"async\" class=\"alignnone size-medium wp-image-26606\" src=\"https:\/\/www.tui.at\/blog\/wp-content\/uploads\/2024\/03\/TUI-Blue-Montafon-Sauna2.jpg\" alt=\"\" width=\"615\" height=\"410\" \/><\/div><\/div><div class=\"one-half\"><div class=\"legacy-fusion-text\"><img loading=\"lazy\" decoding=\"async\" class=\"alignnone size-medium wp-image-26604 aligncenter\" src=\"https:\/\/www.tui.at\/blog\/wp-content\/uploads\/2024\/03\/TUI-Blue-Montafon-Ruheraum.jpg\" alt=\"\" width=\"615\" height=\"410\" \/><\/div><\/div><\/div><\/div><div class=\"legacy-fullwidth\"><div class=\"legacy-fusion-text\">Ebenfalls \u00fcber die App buchbar sind Gruppentrainings. Angefangen von <strong>Ski Warm-up<\/strong> in der Fr\u00fch, \u00fcber <strong>Koordinationseinheiten<\/strong> und <strong>High Intensity Trainings,<\/strong>\u00a0bis hin zu regenerativen <strong>Stretch &amp; Relax Einheiten<\/strong> findet man f\u00fcr jeden Geschmack und jedes Fitnesslevel das passende Training.<\/div><\/div><div class=\"legacy-row\"><div class=\"one-half\"><div class=\"legacy-fusion-text\"><img loading=\"lazy\" decoding=\"async\" class=\"alignnone size-medium wp-image-26599\" src=\"https:\/\/www.tui.at\/blog\/wp-content\/uploads\/2024\/03\/TUI-Blue-Montafon-Gruppenraum.jpg\" alt=\"\" width=\"410\" height=\"615\" \/><\/div><\/div><div class=\"one-half\"><div class=\"legacy-fusion-text\"><img loading=\"lazy\" decoding=\"async\" class=\"alignnone size-medium wp-image-26594 aligncenter\" src=\"https:\/\/www.tui.at\/blog\/wp-content\/uploads\/2024\/03\/TUI-Blue-Montafon-Fitnessstudio2.jpg\" alt=\"\" width=\"410\" height=\"615\" \/><\/div><\/div><\/div><div class=\"legacy-fullwidth\"><div class=\"legacy-fusion-text\">Um ehrlich zu sein waren unsere Fitnessstunden mit Giovanni eine meiner Urlaubshighlights. Wir haben eine Stretching-, eine Functional Fitness und eine Aerobic Stunde bei Giovanni gebucht. Abgesehen davon, dass es wirklich unheimlich viel Spa\u00df gemacht hat, bin ich auch ordentlich ins Schwitzen gekommen \u2013 und das hei\u00dft was bei mir. Die Gruppentrainings kann ich also wirklich nur w\u00e4rmstens empfehlen. Wer lieber alleine schwitzt, findet im hauseigenen Fitnessstudio alles, was man f\u00fcr ein anst\u00e4ndiges Workout braucht.<\/div><\/div><div class=\"legacy-fusion-text\"><img loading=\"lazy\" decoding=\"async\" class=\"alignnone size-medium wp-image-26600 aligncenter\" src=\"https:\/\/www.tui.at\/blog\/wp-content\/uploads\/2024\/03\/TUI-Blue-Montafon-Gruppentraining1.jpg\" alt=\"\" width=\"615\" height=\"410\" \/><\/div><div class=\"legacy-fullwidth\"><\/div><div class=\"legacy-fullwidth\"><div class=\"legacy-fusion-title\"><h3>Im veganen Himmel<\/h3><\/div><div class=\"legacy-fusion-text\"><\/p>\n<p class=\"Text\"><span lang=\"DE\">Wenn wir schon bei Empfehlungen sind, muss ich das hervorragende Essen im TUI Blue Montafon erw\u00e4hnen. Seit mittlerweile 12 Jahren ern\u00e4hre ich mich vegan und es ist (leider) immer noch eine Seltenheit, dass ich in Hotels ausreichend pflanzliche Alternativen finde. Nicht so im TUI Blue Montafon. <\/span><\/p>\n<p><\/div><div class=\"legacy-fusion-text\"><\/p>\n<p class=\"Text\">Sowohl beim Fr\u00fchst\u00fcck als auch beim Abendessen (wir hatten Halbpension), kam ich nie zu kurz. Ich musste nicht einmal nach <strong>veganen Alternativen<\/strong> fragen, denn sie standen, ganz selbstverst\u00e4ndlich, jeden Tag zur Wahl. Besonders positiv sind mir auch die <strong>Allergen-Kennzeichnungen<\/strong> bei allen Speisen aufgefallen \u2013 auch Allergiker:innen k\u00f6nnen im TUI Blue Montafon sorglos genie\u00dfen.<\/p>\n<p><\/div><div class=\"legacy-row\"><div class=\"one-half\"><div class=\"legacy-fusion-text\"><img loading=\"lazy\" decoding=\"async\" class=\"alignnone size-medium wp-image-26603\" src=\"https:\/\/www.tui.at\/blog\/wp-content\/uploads\/2024\/03\/TUI-Blue-Montafon-Muesli.jpg\" alt=\"\" width=\"615\" height=\"410\" \/><\/div><\/div><div class=\"one-half\"><div class=\"legacy-fusion-text\"><img loading=\"lazy\" decoding=\"async\" class=\"alignnone size-medium wp-image-26596\" src=\"https:\/\/www.tui.at\/blog\/wp-content\/uploads\/2024\/03\/TUI-Blue-Montafon-Fruechte.jpg\" alt=\"\" width=\"615\" height=\"410\" \/><\/div><\/div><\/div><\/div><div class=\"legacy-fullwidth\"><div class=\"legacy-fusion-text\"><\/p>\n<p class=\"Text\"><span lang=\"DE\">Richtig cool fand ich auch das <strong>Live-Cooking<\/strong>. Beim Fr\u00fchst\u00fcck wurden dort Omeletts sowie Waffeln frisch zubereitet und abends die unterschiedlichen Hauptg\u00e4nge angerichtet. <\/span><span lang=\"DE\">Auch meine allesessende Begleitung wurde kulinarisch \u00fcberzeugt. Besonders sch\u00f6n finde ich auch den Bezug zur Region. Die Zutaten werden <strong>regional und saisonal<\/strong> ausgew\u00e4hlt.<\/span><\/p>\n<p><\/div><div class=\"legacy-row\"><div class=\"one-half\"><div class=\"legacy-fusion-text\"><img loading=\"lazy\" decoding=\"async\" class=\"alignnone size-medium wp-image-26601\" src=\"https:\/\/www.tui.at\/blog\/wp-content\/uploads\/2024\/03\/TUI-Blue-Montafon-Live-Cooking.jpg\" alt=\"\" width=\"410\" height=\"615\" \/><\/div><\/div><div class=\"one-half\"><div class=\"legacy-fusion-text\"><img loading=\"lazy\" decoding=\"async\" class=\"alignnone size-medium wp-image-26598\" src=\"https:\/\/www.tui.at\/blog\/wp-content\/uploads\/2024\/03\/TUI-Blue-Montafon-FruehstueckVegan.jpg\" alt=\"\" width=\"410\" height=\"615\" \/><\/div><\/div><\/div><\/div><div class=\"legacy-fullwidth\"><div class=\"legacy-fusion-title\"><h3>Nachhaltigkeit<\/h3><\/div><div class=\"legacy-fusion-text\"><\/p>\n<p class=\"Text\"><span lang=\"DE\">Nachdem mir unsere Natur sehr am Herzen liegt, m\u00f6chte ich auch ein paar Zeilen zum Thema Nachhaltigkeit dalassen. Wenn sich Gedanken dar\u00fcber gemacht wurde, wie man den Betrieb nachhaltiger gestalten kann, bekommen Hotels von mir ein extra Sternchen. \u2b50<\/span><\/p>\n<p><\/div><div class=\"legacy-fusion-text\">Neben der Regionalit\u00e4t und Saisonalit\u00e4t bei den Speisen, setzt das TUI Blue Montafon auch auf erneuerbare Energie. Es gibt Ladestationen f\u00fcr e-Autos und es werden im ganzen Hotel ressourcenschonende Ma\u00dfnahmen ergriffen. Erst vor kurzem hat ein unabh\u00e4ngiges Institut best\u00e4tigt, dass die CO<sub>2<\/sub>-Emissionen aus dem operativen Hotelbetrieb auf ein Minimum gesenkt werden konnten und das Hotel wurde daf\u00fcr mit dem <strong>TUI Carbon Reduction<\/strong> <strong>Award<\/strong> ausgezeichnet. Mehr Informationen findet ihr auch auf der Homepage des Hotels.<\/div><div class=\"legacy-fusion-text\"><\/p>\n<p class=\"Text\"><span lang=\"DE\">Das TUI Blue Montafon f\u00fcgt sich somit mit seinem <a href=\"https:\/\/www.tui.at\/pauschalreisen\/suchen\/angebote\/TUI-BLUE-Montafon\/1038382\/sustainability\/\" target=\"_blank\" rel=\"noopener\">Nachhaltigkeitskonzept<\/a> gut in das Gesamtbild der Region ein.<\/span><\/p>\n<p><\/div><\/div><div class=\"legacy-fullwidth\"><div class=\"legacy-fusion-title\"><h3>Pistengaudi<\/h3><\/div><div class=\"legacy-fusion-text\"><\/p>\n<p class=\"Text\"><span lang=\"DE\">Eingangs habe ich schon ein paar \u201eFun-Facts\u201c \u00fcber das Skigebiet Silvretta Montafon erw\u00e4hnt. Neben dem nachhaltigen Konzept des Skigebiets, gibt es aber auch noch ein paar andere Highlights: Beispielsweise den <strong>l\u00e4ngsten Skitunnel der Welt.<\/strong> Der Tunnel f\u00fchrt unter dem Hochjoch durch und ist 476 Meter lang. Wer also in der Silvretta Montafon unterwegs ist, darf den Tunnel nat\u00fcrlich nicht auslassen.<\/span><\/p>\n<p><\/div><div class=\"legacy-fusion-text\"><\/p>\n<p class=\"Text\"><span lang=\"DE\">Wir haben au\u00dferdem ein kleines Tagesprojekt verfolgt. Wir sind von der Talstation Schruns bis rauf zur Stoba Nova \u2013 was quasi ein Ausflug durchs ganze Skigebiet ist. Passen die Schneebedingungen darf die \u201eHochjoch Totale\u201c \u2013 die l\u00e4ngste Talabfahrt Vorarlbergs \u2013 nat\u00fcrlich auch nicht ausgelassen werden. <\/span><\/p>\n<p><\/div><div class=\"legacy-row\"><div class=\"one-third\"><div class=\"legacy-fusion-text\"><img loading=\"lazy\" decoding=\"async\" class=\"alignnone size-medium wp-image-26616\" src=\"https:\/\/www.tui.at\/blog\/wp-content\/uploads\/2024\/03\/Skigebiet-Silvretta-Montafon-Skitunnel.jpg\" alt=\"\" width=\"352\" height=\"615\" \/><\/div><\/div><div class=\"one-third\"><div class=\"legacy-fusion-text\"><img loading=\"lazy\" decoding=\"async\" class=\"alignnone size-medium wp-image-26615\" src=\"https:\/\/www.tui.at\/blog\/wp-content\/uploads\/2024\/03\/Skigebiet-Silvretta-Montafon-Pistenplan.jpg\" alt=\"\" width=\"346\" height=\"615\" \/><\/div><\/div><div class=\"one-third\"><div class=\"legacy-fusion-text\"><img loading=\"lazy\" decoding=\"async\" class=\"alignnone size-medium wp-image-26613\" src=\"https:\/\/www.tui.at\/blog\/wp-content\/uploads\/2024\/03\/Skigebiet-Silvretta-Montafon-Nova-Stoba.jpg\" alt=\"\" width=\"346\" height=\"615\" \/><\/div><\/div><\/div><\/div><div class=\"legacy-fullwidth\"><div class=\"legacy-fusion-text\"><\/p>\n<p class=\"Text\"><span lang=\"DE\">Mit \u00fcber <strong>140 Pistenkilometer<\/strong> ist die Silvretta Montafon das gr\u00f6\u00dfte Skigebiet im Montafon und \u00fcberzeugt durch sonnige und breite Pisten. Es gibt aber auch steile H\u00e4nge und Buckelpisten, sowie einen Funpark. Wer lieber abseits des Pistenrummels unterwegs ist, hat auch tolle Skitouren-Optionen. <\/span><\/p>\n<p><\/div><div class=\"legacy-fusion-text\">Apr\u00e8s-Ski Fans kommen nat\u00fcrlich auch nicht zu kurz. In der Silvretta Montafon sind regelm\u00e4\u00dfig bekannte Acts wie DJ \u00d6tzi oder Sportfreunde Stiller zu Besuch. W\u00e4hrend unseres Aufenthalts waren zum Beispiel \u201eDie Atzen\u201c da \u2013 die wir uns nat\u00fcrlich nicht entgehen lie\u00dfen.<\/div><\/div><div class=\"legacy-fullwidth\"><div class=\"legacy-fusion-text\"><img loading=\"lazy\" decoding=\"async\" class=\"alignnone size-medium wp-image-26611 aligncenter\" src=\"https:\/\/www.tui.at\/blog\/wp-content\/uploads\/2024\/03\/Skigebiet-Silvretta-Montafon-DieAtzen.jpg\" alt=\"\" width=\"615\" height=\"346\" \/><\/div><\/div><div class=\"legacy-fullwidth\"><div class=\"legacy-fusion-title\"><h3>Montafon, wir sehen uns wieder<\/h3><\/div><div class=\"legacy-fusion-text\">Obwohl ich schon so oft im Montafon zu Besuch war, war auch das bestimmt nicht mein Letzter. Das Montafon ist einfach zu jeder Jahreszeit sehenswert. Ich kann nur allen Bergliebhaber:innen empfehlen sich diese wundersch\u00f6ne Region, am westlichen Ende \u00d6sterreichs, anzusehen.<\/div><div class=\"legacy-fusion-text\"><\/p>\n<p class=\"Text\"><span lang=\"DE\">Ich freue mich jetzt schon auf meinen n\u00e4chsten Besuch.<\/span><\/p>\n<p>Vielleicht trifft man sich ja in der n\u00e4chsten Wintersaison, mit Skiwasser in der Hand und Grinsen im Gesicht, auf einer der vielen Sonnenterrassen der Silvretta Montafon.<\/div><\/div><div class=\"legacy-fullwidth\"><div class=\"legacy-fusion-text\"><img loading=\"lazy\" decoding=\"async\" class=\"alignnone size-medium wp-image-26608 aligncenter\" src=\"https:\/\/www.tui.at\/blog\/wp-content\/uploads\/2024\/03\/Skigebiet-Silvratta-Montafon3.jpg\" alt=\"\" width=\"615\" height=\"461\" \/><\/div><\/div><\/p>\n","protected":false},"excerpt":{"rendered":"<p>Content Creatorin Sabrina war mit uns auf Winterurlaub. Sie erz\u00e4hlt, warum sie das Skigebiet Silvretta Montafon so sehr mag und wie ihr Aufenthalt im TUI BLUE Montafon war. <\/p>\n","protected":false},"author":247,"featured_media":489643,"comment_status":"open","ping_status":"closed","sticky":false,"template":"","format":"standard","meta":{"_acf_changed":false,"footnotes":""},"categories":[5148],"tags":[5053,5101,4960,5104,5120,5121,5063,5122],"class_list":["post-489642","post","type-post","status-publish","format-standard","has-post-thumbnail","hentry","category-archiv-aktivurlaub","tag-aktivurlaub","tag-erlebnisurlaub","tag-familienurlaub","tag-ski","tag-skiurlaub","tag-snowboarden","tag-winterurlaub","tag-winterziele"],"acf":[],"yoast_head":"<!-- This site is optimized with the Yoast SEO plugin v27.4 - https:\/\/yoast.com\/product\/yoast-seo-wordpress\/ -->\n<title>Urlaub im Skiparadies Montafon - TUI.at Reiseblog<\/title>\n<meta name=\"description\" content=\"Content Creatorin Sabrina war mit uns auf Winterurlaub im Skigebiet Silvretta Montafon. Sie erz\u00e4hlt, was sie dort erlebt hat.\" \/>\n<meta name=\"robots\" content=\"index, follow, max-snippet:-1, max-image-preview:large, max-video-preview:-1\" \/>\n<link rel=\"canonical\" href=\"https:\/\/www.tui.at\/blog\/skiparadies-montafon\/\" \/>\n<meta property=\"og:locale\" content=\"de_DE\" \/>\n<meta property=\"og:type\" content=\"article\" \/>\n<meta property=\"og:title\" content=\"Urlaub im Skiparadies Montafon - TUI.at Reiseblog\" \/>\n<meta property=\"og:description\" content=\"Content Creatorin Sabrina war mit uns auf Winterurlaub im Skigebiet Silvretta Montafon. Sie erz\u00e4hlt, was sie dort erlebt hat.\" \/>\n<meta property=\"og:url\" content=\"https:\/\/www.tui.at\/blog\/skiparadies-montafon\/\" \/>\n<meta property=\"og:site_name\" content=\"TUI.at Reiseblog\" \/>\n<meta property=\"article:published_time\" content=\"2024-03-25T10:31:28+00:00\" \/>\n<meta property=\"article:modified_time\" content=\"2025-10-24T09:39:38+00:00\" \/>\n<meta property=\"og:image\" content=\"https:\/\/www.tui.at\/blog\/wp-content\/uploads\/2024\/03\/Silvretta-Montafon.jpg\" \/>\n\t<meta property=\"og:image:width\" content=\"1600\" \/>\n\t<meta property=\"og:image:height\" content=\"1067\" \/>\n\t<meta property=\"og:image:type\" content=\"image\/jpeg\" \/>\n<meta name=\"author\" content=\"Sabrina Majnek\" \/>\n<meta name=\"twitter:card\" content=\"summary_large_image\" \/>\n<meta name=\"twitter:label1\" content=\"Verfasst von\" \/>\n\t<meta name=\"twitter:data1\" content=\"Sabrina Majnek\" \/>\n\t<meta name=\"twitter:label2\" content=\"Gesch\u00e4tzte Lesezeit\" \/>\n\t<meta name=\"twitter:data2\" content=\"14\u00a0Minuten\" \/>\n<script type=\"application\/ld+json\" class=\"yoast-schema-graph\">{\"@context\":\"https:\\\/\\\/schema.org\",\"@graph\":[{\"@type\":\"BlogPosting\",\"@id\":\"https:\\\/\\\/www.tui.at\\\/blog\\\/skiparadies-montafon\\\/#article\",\"isPartOf\":{\"@id\":\"https:\\\/\\\/www.tui.at\\\/blog\\\/skiparadies-montafon\\\/\"},\"author\":{\"name\":\"Sabrina Majnek\",\"@id\":\"https:\\\/\\\/www.tui.at\\\/blog\\\/#\\\/schema\\\/person\\\/fd38e1eb0d93938968b95ad6e3e7f050\"},\"headline\":\"Urlaub im Skiparadies Montafon\",\"datePublished\":\"2024-03-25T10:31:28+00:00\",\"dateModified\":\"2025-10-24T09:39:38+00:00\",\"mainEntityOfPage\":{\"@id\":\"https:\\\/\\\/www.tui.at\\\/blog\\\/skiparadies-montafon\\\/\"},\"wordCount\":2813,\"commentCount\":0,\"publisher\":{\"@id\":\"https:\\\/\\\/www.tui.at\\\/blog\\\/#organization\"},\"image\":{\"@id\":\"https:\\\/\\\/www.tui.at\\\/blog\\\/skiparadies-montafon\\\/#primaryimage\"},\"thumbnailUrl\":\"https:\\\/\\\/www.tui.at\\\/blog\\\/wp-content\\\/uploads\\\/2024\\\/03\\\/Silvretta-Montafon.jpg\",\"keywords\":[\"Aktivurlaub\",\"Erlebnisurlaub\",\"Familienurlaub\",\"Ski\",\"Skiurlaub\",\"Snowboarden\",\"winterurlaub\",\"Winterziele\"],\"articleSection\":[\"Aktivurlaub\"],\"inLanguage\":\"de\",\"potentialAction\":[{\"@type\":\"CommentAction\",\"name\":\"Comment\",\"target\":[\"https:\\\/\\\/www.tui.at\\\/blog\\\/skiparadies-montafon\\\/#respond\"]}]},{\"@type\":\"WebPage\",\"@id\":\"https:\\\/\\\/www.tui.at\\\/blog\\\/skiparadies-montafon\\\/\",\"url\":\"https:\\\/\\\/www.tui.at\\\/blog\\\/skiparadies-montafon\\\/\",\"name\":\"Urlaub im Skiparadies Montafon - TUI.at Reiseblog\",\"isPartOf\":{\"@id\":\"https:\\\/\\\/www.tui.at\\\/blog\\\/#website\"},\"primaryImageOfPage\":{\"@id\":\"https:\\\/\\\/www.tui.at\\\/blog\\\/skiparadies-montafon\\\/#primaryimage\"},\"image\":{\"@id\":\"https:\\\/\\\/www.tui.at\\\/blog\\\/skiparadies-montafon\\\/#primaryimage\"},\"thumbnailUrl\":\"https:\\\/\\\/www.tui.at\\\/blog\\\/wp-content\\\/uploads\\\/2024\\\/03\\\/Silvretta-Montafon.jpg\",\"datePublished\":\"2024-03-25T10:31:28+00:00\",\"dateModified\":\"2025-10-24T09:39:38+00:00\",\"description\":\"Content Creatorin Sabrina war mit uns auf Winterurlaub im Skigebiet Silvretta Montafon. Sie erz\u00e4hlt, was sie dort erlebt hat.\",\"breadcrumb\":{\"@id\":\"https:\\\/\\\/www.tui.at\\\/blog\\\/skiparadies-montafon\\\/#breadcrumb\"},\"inLanguage\":\"de\",\"potentialAction\":[{\"@type\":\"ReadAction\",\"target\":[\"https:\\\/\\\/www.tui.at\\\/blog\\\/skiparadies-montafon\\\/\"]}]},{\"@type\":\"ImageObject\",\"inLanguage\":\"de\",\"@id\":\"https:\\\/\\\/www.tui.at\\\/blog\\\/skiparadies-montafon\\\/#primaryimage\",\"url\":\"https:\\\/\\\/www.tui.at\\\/blog\\\/wp-content\\\/uploads\\\/2024\\\/03\\\/Silvretta-Montafon.jpg\",\"contentUrl\":\"https:\\\/\\\/www.tui.at\\\/blog\\\/wp-content\\\/uploads\\\/2024\\\/03\\\/Silvretta-Montafon.jpg\",\"width\":1600,\"height\":1067},{\"@type\":\"BreadcrumbList\",\"@id\":\"https:\\\/\\\/www.tui.at\\\/blog\\\/skiparadies-montafon\\\/#breadcrumb\",\"itemListElement\":[{\"@type\":\"ListItem\",\"position\":1,\"name\":\"Startseite\",\"item\":\"https:\\\/\\\/www.tui.at\\\/blog\\\/\"},{\"@type\":\"ListItem\",\"position\":2,\"name\":\"Urlaub im Skiparadies Montafon\"}]},{\"@type\":\"WebSite\",\"@id\":\"https:\\\/\\\/www.tui.at\\\/blog\\\/#website\",\"url\":\"https:\\\/\\\/www.tui.at\\\/blog\\\/\",\"name\":\"TUI.at Reiseblog\",\"description\":\"Inspirationen f\u00fcr den perfekten Urlaub\",\"publisher\":{\"@id\":\"https:\\\/\\\/www.tui.at\\\/blog\\\/#organization\"},\"potentialAction\":[{\"@type\":\"SearchAction\",\"target\":{\"@type\":\"EntryPoint\",\"urlTemplate\":\"https:\\\/\\\/www.tui.at\\\/blog\\\/?s={search_term_string}\"},\"query-input\":{\"@type\":\"PropertyValueSpecification\",\"valueRequired\":true,\"valueName\":\"search_term_string\"}}],\"inLanguage\":\"de\"},{\"@type\":\"Organization\",\"@id\":\"https:\\\/\\\/www.tui.at\\\/blog\\\/#organization\",\"name\":\"TUI.at Reiseblog\",\"url\":\"https:\\\/\\\/www.tui.at\\\/blog\\\/\",\"logo\":{\"@type\":\"ImageObject\",\"inLanguage\":\"de\",\"@id\":\"https:\\\/\\\/www.tui.at\\\/blog\\\/#\\\/schema\\\/logo\\\/image\\\/\",\"url\":\"https:\\\/\\\/www.tui.at\\\/blog\\\/wp-content\\\/uploads\\\/2025\\\/09\\\/cropped-tui-logo-3.webp\",\"contentUrl\":\"https:\\\/\\\/www.tui.at\\\/blog\\\/wp-content\\\/uploads\\\/2025\\\/09\\\/cropped-tui-logo-3.webp\",\"width\":164,\"height\":72,\"caption\":\"TUI.at Reiseblog\"},\"image\":{\"@id\":\"https:\\\/\\\/www.tui.at\\\/blog\\\/#\\\/schema\\\/logo\\\/image\\\/\"}},{\"@type\":\"Person\",\"@id\":\"https:\\\/\\\/www.tui.at\\\/blog\\\/#\\\/schema\\\/person\\\/fd38e1eb0d93938968b95ad6e3e7f050\",\"name\":\"Sabrina Majnek\",\"description\":\"Sabrina ist Content Creatorin und Outdoor Influencerin aus Nieder\u00f6sterreich. Seit 2018 nimmt sie ihre Community virtuell mit in die Berge, wo sie snowboardet, wandert oder auch einfach mal nur die frische Luft genie\u00dft. Zudem ist ihr das Thema Nachhaltigkeit ein besonderes Anliegen.\",\"url\":\"https:\\\/\\\/www.tui.at\\\/blog\\\/author\\\/sabrina-majnek\\\/\"}]}<\/script>\n<!-- \/ Yoast SEO plugin. -->","yoast_head_json":{"title":"Urlaub im Skiparadies Montafon - TUI.at Reiseblog","description":"Content Creatorin Sabrina war mit uns auf Winterurlaub im Skigebiet Silvretta Montafon. Sie erz\u00e4hlt, was sie dort erlebt hat.","robots":{"index":"index","follow":"follow","max-snippet":"max-snippet:-1","max-image-preview":"max-image-preview:large","max-video-preview":"max-video-preview:-1"},"canonical":"https:\/\/www.tui.at\/blog\/skiparadies-montafon\/","og_locale":"de_DE","og_type":"article","og_title":"Urlaub im Skiparadies Montafon - TUI.at Reiseblog","og_description":"Content Creatorin Sabrina war mit uns auf Winterurlaub im Skigebiet Silvretta Montafon. Sie erz\u00e4hlt, was sie dort erlebt hat.","og_url":"https:\/\/www.tui.at\/blog\/skiparadies-montafon\/","og_site_name":"TUI.at Reiseblog","article_published_time":"2024-03-25T10:31:28+00:00","article_modified_time":"2025-10-24T09:39:38+00:00","og_image":[{"width":1600,"height":1067,"url":"https:\/\/www.tui.at\/blog\/wp-content\/uploads\/2024\/03\/Silvretta-Montafon.jpg","type":"image\/jpeg"}],"author":"Sabrina Majnek","twitter_card":"summary_large_image","twitter_misc":{"Verfasst von":"Sabrina Majnek","Gesch\u00e4tzte Lesezeit":"14\u00a0Minuten"},"schema":{"@context":"https:\/\/schema.org","@graph":[{"@type":"BlogPosting","@id":"https:\/\/www.tui.at\/blog\/skiparadies-montafon\/#article","isPartOf":{"@id":"https:\/\/www.tui.at\/blog\/skiparadies-montafon\/"},"author":{"name":"Sabrina Majnek","@id":"https:\/\/www.tui.at\/blog\/#\/schema\/person\/fd38e1eb0d93938968b95ad6e3e7f050"},"headline":"Urlaub im Skiparadies Montafon","datePublished":"2024-03-25T10:31:28+00:00","dateModified":"2025-10-24T09:39:38+00:00","mainEntityOfPage":{"@id":"https:\/\/www.tui.at\/blog\/skiparadies-montafon\/"},"wordCount":2813,"commentCount":0,"publisher":{"@id":"https:\/\/www.tui.at\/blog\/#organization"},"image":{"@id":"https:\/\/www.tui.at\/blog\/skiparadies-montafon\/#primaryimage"},"thumbnailUrl":"https:\/\/www.tui.at\/blog\/wp-content\/uploads\/2024\/03\/Silvretta-Montafon.jpg","keywords":["Aktivurlaub","Erlebnisurlaub","Familienurlaub","Ski","Skiurlaub","Snowboarden","winterurlaub","Winterziele"],"articleSection":["Aktivurlaub"],"inLanguage":"de","potentialAction":[{"@type":"CommentAction","name":"Comment","target":["https:\/\/www.tui.at\/blog\/skiparadies-montafon\/#respond"]}]},{"@type":"WebPage","@id":"https:\/\/www.tui.at\/blog\/skiparadies-montafon\/","url":"https:\/\/www.tui.at\/blog\/skiparadies-montafon\/","name":"Urlaub im Skiparadies Montafon - TUI.at Reiseblog","isPartOf":{"@id":"https:\/\/www.tui.at\/blog\/#website"},"primaryImageOfPage":{"@id":"https:\/\/www.tui.at\/blog\/skiparadies-montafon\/#primaryimage"},"image":{"@id":"https:\/\/www.tui.at\/blog\/skiparadies-montafon\/#primaryimage"},"thumbnailUrl":"https:\/\/www.tui.at\/blog\/wp-content\/uploads\/2024\/03\/Silvretta-Montafon.jpg","datePublished":"2024-03-25T10:31:28+00:00","dateModified":"2025-10-24T09:39:38+00:00","description":"Content Creatorin Sabrina war mit uns auf Winterurlaub im Skigebiet Silvretta Montafon. Sie erz\u00e4hlt, was sie dort erlebt hat.","breadcrumb":{"@id":"https:\/\/www.tui.at\/blog\/skiparadies-montafon\/#breadcrumb"},"inLanguage":"de","potentialAction":[{"@type":"ReadAction","target":["https:\/\/www.tui.at\/blog\/skiparadies-montafon\/"]}]},{"@type":"ImageObject","inLanguage":"de","@id":"https:\/\/www.tui.at\/blog\/skiparadies-montafon\/#primaryimage","url":"https:\/\/www.tui.at\/blog\/wp-content\/uploads\/2024\/03\/Silvretta-Montafon.jpg","contentUrl":"https:\/\/www.tui.at\/blog\/wp-content\/uploads\/2024\/03\/Silvretta-Montafon.jpg","width":1600,"height":1067},{"@type":"BreadcrumbList","@id":"https:\/\/www.tui.at\/blog\/skiparadies-montafon\/#breadcrumb","itemListElement":[{"@type":"ListItem","position":1,"name":"Startseite","item":"https:\/\/www.tui.at\/blog\/"},{"@type":"ListItem","position":2,"name":"Urlaub im Skiparadies Montafon"}]},{"@type":"WebSite","@id":"https:\/\/www.tui.at\/blog\/#website","url":"https:\/\/www.tui.at\/blog\/","name":"TUI.at Reiseblog","description":"Inspirationen f\u00fcr den perfekten Urlaub","publisher":{"@id":"https:\/\/www.tui.at\/blog\/#organization"},"potentialAction":[{"@type":"SearchAction","target":{"@type":"EntryPoint","urlTemplate":"https:\/\/www.tui.at\/blog\/?s={search_term_string}"},"query-input":{"@type":"PropertyValueSpecification","valueRequired":true,"valueName":"search_term_string"}}],"inLanguage":"de"},{"@type":"Organization","@id":"https:\/\/www.tui.at\/blog\/#organization","name":"TUI.at Reiseblog","url":"https:\/\/www.tui.at\/blog\/","logo":{"@type":"ImageObject","inLanguage":"de","@id":"https:\/\/www.tui.at\/blog\/#\/schema\/logo\/image\/","url":"https:\/\/www.tui.at\/blog\/wp-content\/uploads\/2025\/09\/cropped-tui-logo-3.webp","contentUrl":"https:\/\/www.tui.at\/blog\/wp-content\/uploads\/2025\/09\/cropped-tui-logo-3.webp","width":164,"height":72,"caption":"TUI.at Reiseblog"},"image":{"@id":"https:\/\/www.tui.at\/blog\/#\/schema\/logo\/image\/"}},{"@type":"Person","@id":"https:\/\/www.tui.at\/blog\/#\/schema\/person\/fd38e1eb0d93938968b95ad6e3e7f050","name":"Sabrina Majnek","description":"Sabrina ist Content Creatorin und Outdoor Influencerin aus Nieder\u00f6sterreich. Seit 2018 nimmt sie ihre Community virtuell mit in die Berge, wo sie snowboardet, wandert oder auch einfach mal nur die frische Luft genie\u00dft. Zudem ist ihr das Thema Nachhaltigkeit ein besonderes Anliegen.","url":"https:\/\/www.tui.at\/blog\/author\/sabrina-majnek\/"}]}},"_links":{"self":[{"href":"https:\/\/www.tui.at\/blog\/wp-json\/wp\/v2\/posts\/489642","targetHints":{"allow":["GET"]}}],"collection":[{"href":"https:\/\/www.tui.at\/blog\/wp-json\/wp\/v2\/posts"}],"about":[{"href":"https:\/\/www.tui.at\/blog\/wp-json\/wp\/v2\/types\/post"}],"author":[{"embeddable":true,"href":"https:\/\/www.tui.at\/blog\/wp-json\/wp\/v2\/users\/247"}],"replies":[{"embeddable":true,"href":"https:\/\/www.tui.at\/blog\/wp-json\/wp\/v2\/comments?post=489642"}],"version-history":[{"count":1,"href":"https:\/\/www.tui.at\/blog\/wp-json\/wp\/v2\/posts\/489642\/revisions"}],"predecessor-version":[{"id":490274,"href":"https:\/\/www.tui.at\/blog\/wp-json\/wp\/v2\/posts\/489642\/revisions\/490274"}],"wp:featuredmedia":[{"embeddable":true,"href":"https:\/\/www.tui.at\/blog\/wp-json\/wp\/v2\/media\/489643"}],"wp:attachment":[{"href":"https:\/\/www.tui.at\/blog\/wp-json\/wp\/v2\/media?parent=489642"}],"wp:term":[{"taxonomy":"category","embeddable":true,"href":"https:\/\/www.tui.at\/blog\/wp-json\/wp\/v2\/categories?post=489642"},{"taxonomy":"post_tag","embeddable":true,"href":"https:\/\/www.tui.at\/blog\/wp-json\/wp\/v2\/tags?post=489642"}],"curies":[{"name":"wp","href":"https:\/\/api.w.org\/{rel}","templated":true}]}}