{"id":489357,"date":"2023-05-04T10:49:49","date_gmt":"2023-05-04T08:49:49","guid":{"rendered":"https:\/\/www.tui.at\/blog\/10-gruende-die-azoren-als-naechstes-reiseziel-einzuplanen\/"},"modified":"2025-10-24T13:52:40","modified_gmt":"2025-10-24T11:52:40","slug":"10-gruende-azoren","status":"publish","type":"post","link":"https:\/\/www.tui.at\/blog\/10-gruende-azoren\/","title":{"rendered":"10 Gr\u00fcnde, die Azoren als n\u00e4chstes Reiseziel einzuplanen"},"content":{"rendered":"<p><div class=\"legacy-fullwidth\"><div class=\"legacy-fusion-text\">Ein Hoch auf die Azoren!<\/p>\n<p>Mitten im Atlantik, nur wenige Flugstunden entfernt, liegen die <a href=\"https:\/\/www.tui.at\/pauschalreisen\/portugal\/azoren\/?utm_source=social+media&amp;utm_medium=blog&amp;utm_campaign=last-minute\">Azoren<\/a>. Der Insel-Archipel besteht aus insgesamt neun Inseln: <strong>S\u00e3o Miguel, Santa Maria, Faial, S\u00e3o Jorge, Graciosa, Pico, Flores, Terceira und Corvo. <\/strong><\/p>\n<p>Jede einzelne Insel ist landschaftlich \u00e4u\u00dferst faszinierend und bietet von gr\u00fcnen Feldern, tiefblauen Kraterseen bis hin zu atemberaubenden K\u00fcsten und Wasserf\u00e4llen ein wahres Paradies f\u00fcr Naturliebhaber:innen! <strong>S\u00e3o Miguel<\/strong> ist die gr\u00f6\u00dfte Azoreninsel und gilt f\u00fcr viele als Tor in die faszinierende Inselwelt. Wir waren dort und eines sei gesagt: die Insel macht Maui (Hawaii) richtig Konkurrenz. \ud83d\ude09<\/p>\n<p>In diesem Artikel geben wir euch gleich <strong>10 (!) Gr\u00fcnde<\/strong> f\u00fcr einen Besuch auf S\u00e3o Miguel.<br \/>\nNicht umsonst nennt man die Azoreninsel auch das &#8222;europ\u00e4ische Hawaii&#8220;.<\/div><\/div><div class=\"legacy-fusion-text\"><\/p>\n<h3><strong>Wir geben dir 10 Gr\u00fcnde, wieso du die Azoren, das Paradies auf Erden, f\u00fcr deine n\u00e4chste Reise einplanen solltest:<\/strong><\/h3>\n<p><\/div><div class=\"legacy-fullwidth\"><div class=\"legacy-fusion-title\"><h3>1. Europas einzige Teeplantage<\/h3><\/div><div class=\"legacy-row\"><div class=\"one-half\"><div class=\"legacy-fusion-text\"><img loading=\"lazy\" decoding=\"async\" class=\" wp-image-25743 aligncenter\" src=\"https:\/\/www.tui.at\/blog\/wp-content\/uploads\/2023\/04\/Portugal09-2017-193-e1683189138188.jpg\" alt=\"\" width=\"393\" height=\"485\" \/><\/div><\/div><div class=\"one-half\"><div class=\"legacy-fusion-text\">Auf Sao Miguel auf den <a href=\"https:\/\/www.tui.at\/pauschalreisen\/portugal\/azoren\/\">Azoren<\/a> gibt es <strong>die letzten beiden Teeplantagen Europas<\/strong>. Die \u00e4lteste Plantage Europas Ch\u00e1 Gorreana ist jedenfalls einen Abstecher wert. Die F\u00fchrung durch die Teefabrik ist recht kurzweilig und wirklich interessant.\nDanach kann man sich mit k\u00f6stlichem Schwarz- und Gr\u00fcntee den Bauch &#8222;vollschlagen&#8220; und nat\u00fcrlich mit Proviant f\u00fcr zu Hause eindecken. Der Gr\u00fcntee mit Yasmin ist vorz\u00fcglich und auch der Schwarztee mit Bergamotte ist ein Traum.\nRund herum um die Teeplantage gibt es ein paar sehr <strong>nette Wanderungen<\/strong>, die man nicht verpassen sollte.<\/div><\/div><\/div><\/div><div class=\"legacy-fullwidth\"><div class=\"legacy-fusion-title\"><h3>2. Hei\u00dfe Quellen mitten im Urwald<\/h3><\/div><div class=\"legacy-fusion-text\">Auf der ganzen Insel verstreut findet man mehrere hei\u00dfe Quellen, die zum Entspannen und Baden einladen. Eine der sch\u00f6nsten Quellen, <strong>Caldeira Velha<\/strong>, ist mitten im Urwald, umgeben von uralten B\u00e4umen und Str\u00e4uchern. M\u00f6glichkeiten zum Duschen, Umziehen und Toiletten sind vor Ort und es gibt zwei verschiedene Becken mit unterschiedlichen Wassertemperaturen.<\/p>\n<p>Die <strong>k\u00fcnstlich angelegten Wasserpools<\/strong> bei Po\u00e7a da Dona Beija in Furnas sind ebenfalls wundersch\u00f6n &#8211; vor allem am Abend, kann man nicht nur das hei\u00dfe Bad, sondern auch die Atmosph\u00e4re der Insel genie\u00dfen.<\/p>\n<p><\/div><\/div><div class=\"legacy-row\"><div class=\"one-half\"><div class=\"legacy-fusion-text\"><img loading=\"lazy\" decoding=\"async\" class=\"size-medium wp-image-25744 aligncenter\" src=\"https:\/\/www.tui.at\/blog\/wp-content\/uploads\/2023\/04\/Portugal09-2017-426.jpg\" alt=\"\" width=\"615\" height=\"410\" \/><\/div><\/div><div class=\"one-half\"><div class=\"legacy-fusion-text\"><img loading=\"lazy\" decoding=\"async\" class=\"size-medium wp-image-25745 aligncenter\" src=\"https:\/\/www.tui.at\/blog\/wp-content\/uploads\/2023\/04\/Portugal09-2017-427.jpg\" alt=\"\" width=\"615\" height=\"410\" \/><\/div><\/div><\/div><div class=\"legacy-fusion-text\">Aber es geht sogar noch sch\u00f6ner und cooler. Die &#8222;Termas da Ferraria&#8220; bei Ginetes und der <strong>wundervolle Pool mitten im Atlantik<\/strong> sind absolut verzaubernd. Rund herum peitscht das Meer auf die schwarzen Felsen, w\u00e4hrend man im lauwarmen Salzwasserpool schwimmt und auf das offene Meer starrt.<\/div><div class=\"legacy-fusion-text\"><\/p>\n<blockquote><p><strong>Achtung:<\/strong> Die Stra\u00dfe zur Therme ist sehr steil und eng, unten angekommen sind aber gen\u00fcgend Parkpl\u00e4tze vorhanden.<\/p><\/blockquote>\n<p><\/div><div class=\"legacy-fullwidth\"><div class=\"legacy-fusion-title\"><h3>3. Einsame schwarze Str\u00e4nde <\/h3><\/div><div class=\"legacy-fusion-text\">Die meisten Str\u00e4nde auf Sao Miguel sind schwarz. Es gibt sowohl im S\u00fcden, als auch im Norden ausreichend Badem\u00f6glichkeiten &#8211; solange das Wetter mitspielt. Sehr empfehlenswert ist beispielsweise der Strand <strong>&#8222;Praia de Santa B\u00e1rbara&#8220;<\/strong> bei Ribeira Grande (Lifeguards sind vor Ort). Auch Surfer f\u00fchlen sich hier \u00fcbrigens pudelwohl und oberhalb der Steilwand liegt das wundersch\u00f6ne <a href=\"https:\/\/www.tui.at\/hotel\/suchen\/angebote\/Santa-Barbara-Eco-Beach-Resort\/434091\/offer\/?searchScope=HOTEL&amp;startDate=2023-05-05&amp;endDate=2024-01-05&amp;duration=7&amp;adults=2&amp;showTotalPrice=0&amp;contentid=289_hoauto_a2_PDL12037_20220915&amp;regionIds=1059&amp;language=de\">Santa Barbara Eco-Beach Resort<\/a>!<\/p>\n<p><\/div><div class=\"legacy-row\"><div class=\"one-half\"><div class=\"legacy-fusion-text\"><img loading=\"lazy\" decoding=\"async\" class=\"wp-image-25746 alignleft\" src=\"https:\/\/www.tui.at\/blog\/wp-content\/uploads\/2023\/04\/Portugal09-2017-386.jpg\" alt=\"\" width=\"519\" height=\"346\" \/><\/div><\/div><div class=\"one-half\"><div class=\"legacy-fusion-text\"><img loading=\"lazy\" decoding=\"async\" class=\"wp-image-25789 alignright\" src=\"https:\/\/www.tui.at\/blog\/wp-content\/uploads\/2023\/05\/eco-beach-resort-e1683190469792.jpg\" alt=\"\" width=\"556\" height=\"363\" \/><\/div><\/div><\/div><\/div><div class=\"legacy-fullwidth\"><div class=\"legacy-fusion-title\"><h3>4. Die rauhe See und ihre Leuchtt\u00fcrme<\/h3><\/div><div class=\"legacy-row\"><div class=\"one-half\"><div class=\"legacy-fusion-text\"><img loading=\"lazy\" decoding=\"async\" class=\"wp-image-25747 aligncenter\" src=\"https:\/\/www.tui.at\/blog\/wp-content\/uploads\/2023\/04\/Portugal09-2017-339-e1683189318722.jpg\" alt=\"\" width=\"403\" height=\"483\" \/><\/div><\/div><div class=\"one-half\"><div class=\"legacy-fusion-text\">Der <strong>Leuchtturm von Arnel<\/strong> im Osten der Insel ist traumhaft sch\u00f6n und liegt ganz unten am Meer, w\u00e4hrend man von einem Steilhang herunterblickt. Auf diesen atemberaubenden Ausblick solltest du bei deinem Azoren-Aufenthalt keinesfalls verzichten.\n<strong>Aber aufgepasst:\u00a0<\/strong>Bitte unbedingt das Auto oben stehen lassen und zu Fu\u00df zum Leuchtturm marschieren. Die Stra\u00dfe ist extrem kurvenreich und besonders steil. Die Gefahr h\u00e4ngen zu bleiben bzw. nicht mehr hoch zu kommen ist wirklich gro\u00df.<\/div><\/div><\/div><\/div><div class=\"legacy-fullwidth\"><div class=\"legacy-fusion-title\"><h3>5. St\u00e4dte &amp; Kulturen auf der Insel<\/h3><\/div><div class=\"legacy-fusion-text\">Sei es ein Meer voller Blumen an einem Feiertag oder<strong> kunstvolle Graffiti an H\u00e4userw\u00e4nden<\/strong>. Jede noch so kleine Stadt auf der <a href=\"https:\/\/www.tui.at\/pauschalreisen\/portugal\/azoren\/\">Azoren<\/a>-Insel \u00fcberzeugt mit seinem eigenen Charme. Die Gastfreundschaft der Azoreaner ist un\u00fcbertrefflich. Da die Azoren noch nicht so touristisch sind wie manch andere Inseln in Europa, erlebt man auch Momente und Orte, in denen man ganz alleine oder nur unter Einheimischen ist.<\/p>\n<p><\/div><div class=\"legacy-row\"><div class=\"one-half\"><div class=\"legacy-fusion-text\"><img loading=\"lazy\" decoding=\"async\" class=\" wp-image-25748 aligncenter\" src=\"https:\/\/www.tui.at\/blog\/wp-content\/uploads\/2023\/04\/Portugal09-2017-258.jpg\" alt=\"\" width=\"350\" height=\"525\" \/><\/div><\/div><div class=\"one-half\"><div class=\"legacy-fusion-text\"><img loading=\"lazy\" decoding=\"async\" class=\" wp-image-25749 aligncenter\" src=\"https:\/\/www.tui.at\/blog\/wp-content\/uploads\/2023\/04\/Portugal09-2017-407.jpg\" alt=\"\" width=\"352\" height=\"528\" \/><\/div><\/div><\/div><\/div><div class=\"legacy-fullwidth\"><div class=\"legacy-fusion-title\"><h3>6. Hortensien in H\u00fclle und F\u00fclle<\/h3><\/div><div class=\"legacy-fusion-text\">Eine der <strong>landestypischen Pflanzen<\/strong> von Sao Miguel ist die <strong>Hortensie<\/strong>. Zu unterschiedlichen Zeiten im Jahr tr\u00e4gt sie viele verschiedene bunte Farben. Die Hortensie ist keine heimische Pflanzenart der Azoren, sondern wurde von Seglern irgendwann eingef\u00fchrt. Seitdem gedeiht sie auf den portugiesischen Inseln dank des Klimas \u00e4u\u00dferst pr\u00e4chtig und ist so zum Symbol der Azoren geworden.<\/p>\n<p><\/div><div class=\"legacy-row\"><div class=\"one-half\"><div class=\"legacy-fusion-text\"><img loading=\"lazy\" decoding=\"async\" class=\" wp-image-25751 aligncenter\" src=\"https:\/\/www.tui.at\/blog\/wp-content\/uploads\/2023\/04\/Portugal09-2017-378.jpg\" alt=\"\" width=\"350\" height=\"525\" \/><\/div><\/div><div class=\"one-half\"><div class=\"legacy-fusion-text\"><img loading=\"lazy\" decoding=\"async\" class=\" wp-image-25750 aligncenter\" src=\"https:\/\/www.tui.at\/blog\/wp-content\/uploads\/2023\/04\/Portugal09-2017-187.jpg\" alt=\"\" width=\"350\" height=\"526\" \/><\/div><\/div><\/div><\/div><div class=\"legacy-fullwidth\"><div class=\"legacy-fusion-title\"><h3>7. Wanderungen zwischen T\u00e4lern und Bergen<\/h3><\/div><div class=\"legacy-fusion-text\">Sowohl im Landesinneren, als auch am K\u00fcstenrand lassen sich zahlreiche Wanderungen finden. Von leicht \u00fcber mittel bis schwer ist wirklich f\u00fcr jeden etwas dabei. Ein <strong>besonderer Tipp<\/strong> sind die <strong>Wanderungen um den Furnas See<\/strong> und <strong>zu den Seen bei Sete Cidades<\/strong> (ein Vulkankrater). Furnas ist vor allem als Kurort sehr bekannt. Rund um den S\u00fc\u00dfwassersee kann man spazieren, aber Achtung: der See ist aufgrund von \u00dcberd\u00fcngung nicht zum Baden geeignet.<\/p>\n<p><\/div><div class=\"legacy-row\"><div class=\"one-half\"><div class=\"legacy-fusion-text\"><img loading=\"lazy\" decoding=\"async\" class=\" wp-image-25753 aligncenter\" src=\"https:\/\/www.tui.at\/blog\/wp-content\/uploads\/2023\/04\/Portugal09-2017-343.jpg\" alt=\"\" width=\"290\" height=\"435\" \/><\/div><\/div><div class=\"one-half\"><div class=\"legacy-fusion-text\"><img loading=\"lazy\" decoding=\"async\" class=\" wp-image-25752 aligncenter\" src=\"https:\/\/www.tui.at\/blog\/wp-content\/uploads\/2023\/04\/Portugal09-2017-239.jpg\" alt=\"\" width=\"290\" height=\"435\" \/><\/div><\/div><\/div><div class=\"legacy-fusion-text\"><strong>Die Seen im Krater<\/strong> von Sete Cidades sind <strong>das Highlight<\/strong> auf Sao Miguel. Die Wanderung beginnt sehr steil und f\u00fchrt dann rund herum um die beiden Seen (blauer und gr\u00fcner See) bis hinab in den Krater, wo eine nette kleine Stadt wartet.<\/div><\/div><div class=\"legacy-fullwidth\"><div class=\"legacy-fusion-title\"><h3>8. Geisterhotel mit Ausblick<\/h3><\/div><div class=\"legacy-fusion-text\">Oberhalb des Kraters von Sete Cidades liegt <strong>das verlassene und ehemalige 5* Hotel Monte Palace<\/strong>. Bitte unbedingt einen Abstecher dorthin einplanen. Ohne zu viel verraten zu wollen, aber der Ausblick von der Dachterrasse ist der absolute Wahnsinn!!!<\/p>\n<p><\/div><div class=\"legacy-fusion-text\"><img loading=\"lazy\" decoding=\"async\" class=\" wp-image-25754 aligncenter\" src=\"https:\/\/www.tui.at\/blog\/wp-content\/uploads\/2023\/04\/Portugal09-2017-418.jpg\" alt=\"\" width=\"545\" height=\"363\" \/><\/div><\/div><div class=\"legacy-fullwidth\"><div class=\"legacy-fusion-title\"><h3>9. Seen \u00fcber Seen<\/h3><\/div><div class=\"legacy-fusion-text\">Da die Insel <strong>vulkanischen Ursprungs<\/strong> ist, findet man zahlreiche Seen auf dem Eiland. Eigentlich sind alle Seen-Wanderungen zu empfehlen, bei der <strong>Wanderung zum Lagoa do Fogo<\/strong> (Feuersee) sollte man jedoch unbedingt vorher das Wetter checken, da man sonst vor lauter Nebel gar nichts sieht.\u00a0Ansonsten ist die Wanderung entlang der Levada (k\u00fcnstlicher Wasserlauf vom See bis an die K\u00fcste) wirklich sehr sch\u00f6n.<\/p>\n<p><\/div><div class=\"legacy-row\"><div class=\"one-half\"><div class=\"legacy-fusion-text\"><img loading=\"lazy\" decoding=\"async\" class=\"size-medium wp-image-25755 aligncenter\" src=\"https:\/\/www.tui.at\/blog\/wp-content\/uploads\/2023\/04\/Portugal09-2017-373.jpg\" alt=\"\" width=\"615\" height=\"410\" \/><\/div><\/div><div class=\"one-half\"><div class=\"legacy-fusion-text\"><img loading=\"lazy\" decoding=\"async\" class=\"size-medium wp-image-25756 aligncenter\" src=\"https:\/\/www.tui.at\/blog\/wp-content\/uploads\/2023\/04\/Portugal09-2017-403.jpg\" alt=\"\" width=\"615\" height=\"410\" \/><\/div><\/div><\/div><div class=\"legacy-fusion-text\"><\/p>\n<blockquote><p><em>Tipp:<\/em>\u00a0Das Wetter auf den Azoren ist generell sehr wechselhaft und kann von br\u00fctend hei\u00df auf windig und frisch innerhalb von ein paar Minuten umschwenken. Daher unbedingt nur gut ausger\u00fcstet auf Wanderschaft gehen (mit gen\u00fcgend Proviant, Pullover, Wind- und Wetterjacke, Sonnencreme und Kopfbedeckung).<\/p><\/blockquote>\n<p><\/div><\/div><div class=\"legacy-fullwidth\"><div class=\"legacy-fusion-title\"><h3>10. Portugiesische K\u00f6stlichkeiten<\/h3><\/div><div class=\"legacy-row\"><div class=\"one-half\"><div class=\"legacy-fusion-text\"><img loading=\"lazy\" decoding=\"async\" class=\"alignright wp-image-25758 \" src=\"https:\/\/www.tui.at\/blog\/wp-content\/uploads\/2023\/04\/Portugal09-2017-259-e1682600259119.jpg\" alt=\"\" width=\"477\" height=\"526\" \/><\/div><\/div><div class=\"one-half\"><div class=\"legacy-fusion-text\">Auf den Azoren wird gegessen, was die Insel zu bieten hat &#8211; und das ist ganz sch\u00f6n viel!\n<strong>Fisch und Meeresfr\u00fcchte<\/strong> geh\u00f6ren zum Grundnahrungsmittel auf den Azoren. So gut wie \u00fcberall auf der Insel, erh\u00e4lt man fangfrischen Fisch.\nDoch auch die Vielfalt an Fleisch- (Burger und Steak in allen Variationen) und S\u00fc\u00dfspeisen machen Portugal zu einer richtigen <strong>Feinschmeckerkultur.<\/strong>\nVegetarier k\u00f6nnen sich an der reichen Vielfalt an saftigem Obst erfreuen. So beinhaltet die Nachspeise auf den Azoren fast immer Ananas.<\/div><\/div><\/div><\/div><div class=\"legacy-fullwidth\"><div class=\"legacy-fusion-text\">Und&#8230; brauchst du noch mehr Gr\u00fcnde? \ud83d\ude09<\/div><\/div><\/p>\n","protected":false},"excerpt":{"rendered":"<p>Sind die Azoren einen Besuch wert?<br \/>\nDie Antwort ist eindeutig JA!<br \/>\nIn diesem Artikel erf\u00e4hrst du gleich 10 Gr\u00fcnde, weshalb die Azoren dein n\u00e4chstes Reiseziel sein sollten. <\/p>\n","protected":false},"author":221,"featured_media":489344,"comment_status":"open","ping_status":"closed","sticky":false,"template":"","format":"standard","meta":{"_acf_changed":false,"footnotes":""},"categories":[5148],"tags":[4899,5076,5077,5078,4946],"class_list":["post-489357","post","type-post","status-publish","format-standard","has-post-thumbnail","hentry","category-archiv-aktivurlaub","tag-afrika","tag-safari","tag-sansibar","tag-tansania","tag-urlaubsglueck"],"acf":[],"yoast_head":"<!-- This site is optimized with the Yoast SEO plugin v27.4 - https:\/\/yoast.com\/product\/yoast-seo-wordpress\/ -->\n<title>10 Gr\u00fcnde, die Azoren als n\u00e4chstes Reiseziel einzuplanen - TUI.at Reiseblog<\/title>\n<meta name=\"description\" content=\"Einsame Str\u00e4nde, ein Meer voller Blumen und faszinierende Seen, sind nur wenige Gr\u00fcnde, f\u00fcr eine Reise auf die Azoren.\" \/>\n<meta name=\"robots\" content=\"index, follow, max-snippet:-1, max-image-preview:large, max-video-preview:-1\" \/>\n<link rel=\"canonical\" href=\"https:\/\/www.tui.at\/blog\/10-gruende-azoren\/\" \/>\n<meta property=\"og:locale\" content=\"de_DE\" \/>\n<meta property=\"og:type\" content=\"article\" \/>\n<meta property=\"og:title\" content=\"10 Gr\u00fcnde, die Azoren als n\u00e4chstes Reiseziel einzuplanen - TUI.at Reiseblog\" \/>\n<meta property=\"og:description\" content=\"Einsame Str\u00e4nde, ein Meer voller Blumen und faszinierende Seen, sind nur wenige Gr\u00fcnde, f\u00fcr eine Reise auf die Azoren.\" \/>\n<meta property=\"og:url\" content=\"https:\/\/www.tui.at\/blog\/10-gruende-azoren\/\" \/>\n<meta property=\"og:site_name\" content=\"TUI.at Reiseblog\" \/>\n<meta property=\"article:published_time\" content=\"2023-05-04T08:49:49+00:00\" \/>\n<meta property=\"article:modified_time\" content=\"2025-10-24T11:52:40+00:00\" \/>\n<meta property=\"og:image\" content=\"https:\/\/www.tui.at\/blog\/wp-content\/uploads\/2023\/04\/Portugal09-2017-386.jpg\" \/>\n\t<meta property=\"og:image:width\" content=\"1500\" \/>\n\t<meta property=\"og:image:height\" content=\"1000\" \/>\n\t<meta property=\"og:image:type\" content=\"image\/jpeg\" \/>\n<meta name=\"author\" content=\"TUI Insider\" \/>\n<meta name=\"twitter:card\" content=\"summary_large_image\" \/>\n<meta name=\"twitter:label1\" content=\"Verfasst von\" \/>\n\t<meta name=\"twitter:data1\" content=\"TUI Insider\" \/>\n\t<meta name=\"twitter:label2\" content=\"Gesch\u00e4tzte Lesezeit\" \/>\n\t<meta name=\"twitter:data2\" content=\"13\u00a0Minuten\" \/>\n<script type=\"application\/ld+json\" class=\"yoast-schema-graph\">{\"@context\":\"https:\\\/\\\/schema.org\",\"@graph\":[{\"@type\":\"BlogPosting\",\"@id\":\"https:\\\/\\\/www.tui.at\\\/blog\\\/10-gruende-azoren\\\/#article\",\"isPartOf\":{\"@id\":\"https:\\\/\\\/www.tui.at\\\/blog\\\/10-gruende-azoren\\\/\"},\"author\":{\"name\":\"TUI Insider\",\"@id\":\"https:\\\/\\\/www.tui.at\\\/blog\\\/#\\\/schema\\\/person\\\/6b70df8230df09e2dcde2883dbd438fb\"},\"headline\":\"10 Gr\u00fcnde, die Azoren als n\u00e4chstes Reiseziel einzuplanen\",\"datePublished\":\"2023-05-04T08:49:49+00:00\",\"dateModified\":\"2025-10-24T11:52:40+00:00\",\"mainEntityOfPage\":{\"@id\":\"https:\\\/\\\/www.tui.at\\\/blog\\\/10-gruende-azoren\\\/\"},\"wordCount\":2531,\"commentCount\":0,\"publisher\":{\"@id\":\"https:\\\/\\\/www.tui.at\\\/blog\\\/#organization\"},\"image\":{\"@id\":\"https:\\\/\\\/www.tui.at\\\/blog\\\/10-gruende-azoren\\\/#primaryimage\"},\"thumbnailUrl\":\"https:\\\/\\\/www.tui.at\\\/blog\\\/wp-content\\\/uploads\\\/2023\\\/04\\\/Portugal09-2017-386.jpg\",\"keywords\":[\"Afrika\",\"safari\",\"sansibar\",\"Tansania\",\"urlaubsgl\u00fcck\"],\"articleSection\":[\"Aktivurlaub\"],\"inLanguage\":\"de\",\"potentialAction\":[{\"@type\":\"CommentAction\",\"name\":\"Comment\",\"target\":[\"https:\\\/\\\/www.tui.at\\\/blog\\\/10-gruende-azoren\\\/#respond\"]}]},{\"@type\":\"WebPage\",\"@id\":\"https:\\\/\\\/www.tui.at\\\/blog\\\/10-gruende-azoren\\\/\",\"url\":\"https:\\\/\\\/www.tui.at\\\/blog\\\/10-gruende-azoren\\\/\",\"name\":\"10 Gr\u00fcnde, die Azoren als n\u00e4chstes Reiseziel einzuplanen - TUI.at Reiseblog\",\"isPartOf\":{\"@id\":\"https:\\\/\\\/www.tui.at\\\/blog\\\/#website\"},\"primaryImageOfPage\":{\"@id\":\"https:\\\/\\\/www.tui.at\\\/blog\\\/10-gruende-azoren\\\/#primaryimage\"},\"image\":{\"@id\":\"https:\\\/\\\/www.tui.at\\\/blog\\\/10-gruende-azoren\\\/#primaryimage\"},\"thumbnailUrl\":\"https:\\\/\\\/www.tui.at\\\/blog\\\/wp-content\\\/uploads\\\/2023\\\/04\\\/Portugal09-2017-386.jpg\",\"datePublished\":\"2023-05-04T08:49:49+00:00\",\"dateModified\":\"2025-10-24T11:52:40+00:00\",\"description\":\"Einsame Str\u00e4nde, ein Meer voller Blumen und faszinierende Seen, sind nur wenige Gr\u00fcnde, f\u00fcr eine Reise auf die Azoren.\",\"breadcrumb\":{\"@id\":\"https:\\\/\\\/www.tui.at\\\/blog\\\/10-gruende-azoren\\\/#breadcrumb\"},\"inLanguage\":\"de\",\"potentialAction\":[{\"@type\":\"ReadAction\",\"target\":[\"https:\\\/\\\/www.tui.at\\\/blog\\\/10-gruende-azoren\\\/\"]}]},{\"@type\":\"ImageObject\",\"inLanguage\":\"de\",\"@id\":\"https:\\\/\\\/www.tui.at\\\/blog\\\/10-gruende-azoren\\\/#primaryimage\",\"url\":\"https:\\\/\\\/www.tui.at\\\/blog\\\/wp-content\\\/uploads\\\/2023\\\/04\\\/Portugal09-2017-386.jpg\",\"contentUrl\":\"https:\\\/\\\/www.tui.at\\\/blog\\\/wp-content\\\/uploads\\\/2023\\\/04\\\/Portugal09-2017-386.jpg\",\"width\":1500,\"height\":1000},{\"@type\":\"BreadcrumbList\",\"@id\":\"https:\\\/\\\/www.tui.at\\\/blog\\\/10-gruende-azoren\\\/#breadcrumb\",\"itemListElement\":[{\"@type\":\"ListItem\",\"position\":1,\"name\":\"Startseite\",\"item\":\"https:\\\/\\\/www.tui.at\\\/blog\\\/\"},{\"@type\":\"ListItem\",\"position\":2,\"name\":\"10 Gr\u00fcnde, die Azoren als n\u00e4chstes Reiseziel einzuplanen\"}]},{\"@type\":\"WebSite\",\"@id\":\"https:\\\/\\\/www.tui.at\\\/blog\\\/#website\",\"url\":\"https:\\\/\\\/www.tui.at\\\/blog\\\/\",\"name\":\"TUI.at Reiseblog\",\"description\":\"Inspirationen f\u00fcr den perfekten Urlaub\",\"publisher\":{\"@id\":\"https:\\\/\\\/www.tui.at\\\/blog\\\/#organization\"},\"potentialAction\":[{\"@type\":\"SearchAction\",\"target\":{\"@type\":\"EntryPoint\",\"urlTemplate\":\"https:\\\/\\\/www.tui.at\\\/blog\\\/?s={search_term_string}\"},\"query-input\":{\"@type\":\"PropertyValueSpecification\",\"valueRequired\":true,\"valueName\":\"search_term_string\"}}],\"inLanguage\":\"de\"},{\"@type\":\"Organization\",\"@id\":\"https:\\\/\\\/www.tui.at\\\/blog\\\/#organization\",\"name\":\"TUI.at Reiseblog\",\"url\":\"https:\\\/\\\/www.tui.at\\\/blog\\\/\",\"logo\":{\"@type\":\"ImageObject\",\"inLanguage\":\"de\",\"@id\":\"https:\\\/\\\/www.tui.at\\\/blog\\\/#\\\/schema\\\/logo\\\/image\\\/\",\"url\":\"https:\\\/\\\/www.tui.at\\\/blog\\\/wp-content\\\/uploads\\\/2025\\\/09\\\/cropped-tui-logo-3.webp\",\"contentUrl\":\"https:\\\/\\\/www.tui.at\\\/blog\\\/wp-content\\\/uploads\\\/2025\\\/09\\\/cropped-tui-logo-3.webp\",\"width\":164,\"height\":72,\"caption\":\"TUI.at Reiseblog\"},\"image\":{\"@id\":\"https:\\\/\\\/www.tui.at\\\/blog\\\/#\\\/schema\\\/logo\\\/image\\\/\"}},{\"@type\":\"Person\",\"@id\":\"https:\\\/\\\/www.tui.at\\\/blog\\\/#\\\/schema\\\/person\\\/6b70df8230df09e2dcde2883dbd438fb\",\"name\":\"TUI Insider\",\"url\":\"https:\\\/\\\/www.tui.at\\\/blog\\\/author\\\/tui-insider\\\/\"}]}<\/script>\n<!-- \/ Yoast SEO plugin. -->","yoast_head_json":{"title":"10 Gr\u00fcnde, die Azoren als n\u00e4chstes Reiseziel einzuplanen - TUI.at Reiseblog","description":"Einsame Str\u00e4nde, ein Meer voller Blumen und faszinierende Seen, sind nur wenige Gr\u00fcnde, f\u00fcr eine Reise auf die Azoren.","robots":{"index":"index","follow":"follow","max-snippet":"max-snippet:-1","max-image-preview":"max-image-preview:large","max-video-preview":"max-video-preview:-1"},"canonical":"https:\/\/www.tui.at\/blog\/10-gruende-azoren\/","og_locale":"de_DE","og_type":"article","og_title":"10 Gr\u00fcnde, die Azoren als n\u00e4chstes Reiseziel einzuplanen - TUI.at Reiseblog","og_description":"Einsame Str\u00e4nde, ein Meer voller Blumen und faszinierende Seen, sind nur wenige Gr\u00fcnde, f\u00fcr eine Reise auf die Azoren.","og_url":"https:\/\/www.tui.at\/blog\/10-gruende-azoren\/","og_site_name":"TUI.at Reiseblog","article_published_time":"2023-05-04T08:49:49+00:00","article_modified_time":"2025-10-24T11:52:40+00:00","og_image":[{"width":1500,"height":1000,"url":"https:\/\/www.tui.at\/blog\/wp-content\/uploads\/2023\/04\/Portugal09-2017-386.jpg","type":"image\/jpeg"}],"author":"TUI Insider","twitter_card":"summary_large_image","twitter_misc":{"Verfasst von":"TUI Insider","Gesch\u00e4tzte Lesezeit":"13\u00a0Minuten"},"schema":{"@context":"https:\/\/schema.org","@graph":[{"@type":"BlogPosting","@id":"https:\/\/www.tui.at\/blog\/10-gruende-azoren\/#article","isPartOf":{"@id":"https:\/\/www.tui.at\/blog\/10-gruende-azoren\/"},"author":{"name":"TUI Insider","@id":"https:\/\/www.tui.at\/blog\/#\/schema\/person\/6b70df8230df09e2dcde2883dbd438fb"},"headline":"10 Gr\u00fcnde, die Azoren als n\u00e4chstes Reiseziel einzuplanen","datePublished":"2023-05-04T08:49:49+00:00","dateModified":"2025-10-24T11:52:40+00:00","mainEntityOfPage":{"@id":"https:\/\/www.tui.at\/blog\/10-gruende-azoren\/"},"wordCount":2531,"commentCount":0,"publisher":{"@id":"https:\/\/www.tui.at\/blog\/#organization"},"image":{"@id":"https:\/\/www.tui.at\/blog\/10-gruende-azoren\/#primaryimage"},"thumbnailUrl":"https:\/\/www.tui.at\/blog\/wp-content\/uploads\/2023\/04\/Portugal09-2017-386.jpg","keywords":["Afrika","safari","sansibar","Tansania","urlaubsgl\u00fcck"],"articleSection":["Aktivurlaub"],"inLanguage":"de","potentialAction":[{"@type":"CommentAction","name":"Comment","target":["https:\/\/www.tui.at\/blog\/10-gruende-azoren\/#respond"]}]},{"@type":"WebPage","@id":"https:\/\/www.tui.at\/blog\/10-gruende-azoren\/","url":"https:\/\/www.tui.at\/blog\/10-gruende-azoren\/","name":"10 Gr\u00fcnde, die Azoren als n\u00e4chstes Reiseziel einzuplanen - TUI.at Reiseblog","isPartOf":{"@id":"https:\/\/www.tui.at\/blog\/#website"},"primaryImageOfPage":{"@id":"https:\/\/www.tui.at\/blog\/10-gruende-azoren\/#primaryimage"},"image":{"@id":"https:\/\/www.tui.at\/blog\/10-gruende-azoren\/#primaryimage"},"thumbnailUrl":"https:\/\/www.tui.at\/blog\/wp-content\/uploads\/2023\/04\/Portugal09-2017-386.jpg","datePublished":"2023-05-04T08:49:49+00:00","dateModified":"2025-10-24T11:52:40+00:00","description":"Einsame Str\u00e4nde, ein Meer voller Blumen und faszinierende Seen, sind nur wenige Gr\u00fcnde, f\u00fcr eine Reise auf die Azoren.","breadcrumb":{"@id":"https:\/\/www.tui.at\/blog\/10-gruende-azoren\/#breadcrumb"},"inLanguage":"de","potentialAction":[{"@type":"ReadAction","target":["https:\/\/www.tui.at\/blog\/10-gruende-azoren\/"]}]},{"@type":"ImageObject","inLanguage":"de","@id":"https:\/\/www.tui.at\/blog\/10-gruende-azoren\/#primaryimage","url":"https:\/\/www.tui.at\/blog\/wp-content\/uploads\/2023\/04\/Portugal09-2017-386.jpg","contentUrl":"https:\/\/www.tui.at\/blog\/wp-content\/uploads\/2023\/04\/Portugal09-2017-386.jpg","width":1500,"height":1000},{"@type":"BreadcrumbList","@id":"https:\/\/www.tui.at\/blog\/10-gruende-azoren\/#breadcrumb","itemListElement":[{"@type":"ListItem","position":1,"name":"Startseite","item":"https:\/\/www.tui.at\/blog\/"},{"@type":"ListItem","position":2,"name":"10 Gr\u00fcnde, die Azoren als n\u00e4chstes Reiseziel einzuplanen"}]},{"@type":"WebSite","@id":"https:\/\/www.tui.at\/blog\/#website","url":"https:\/\/www.tui.at\/blog\/","name":"TUI.at Reiseblog","description":"Inspirationen f\u00fcr den perfekten Urlaub","publisher":{"@id":"https:\/\/www.tui.at\/blog\/#organization"},"potentialAction":[{"@type":"SearchAction","target":{"@type":"EntryPoint","urlTemplate":"https:\/\/www.tui.at\/blog\/?s={search_term_string}"},"query-input":{"@type":"PropertyValueSpecification","valueRequired":true,"valueName":"search_term_string"}}],"inLanguage":"de"},{"@type":"Organization","@id":"https:\/\/www.tui.at\/blog\/#organization","name":"TUI.at Reiseblog","url":"https:\/\/www.tui.at\/blog\/","logo":{"@type":"ImageObject","inLanguage":"de","@id":"https:\/\/www.tui.at\/blog\/#\/schema\/logo\/image\/","url":"https:\/\/www.tui.at\/blog\/wp-content\/uploads\/2025\/09\/cropped-tui-logo-3.webp","contentUrl":"https:\/\/www.tui.at\/blog\/wp-content\/uploads\/2025\/09\/cropped-tui-logo-3.webp","width":164,"height":72,"caption":"TUI.at Reiseblog"},"image":{"@id":"https:\/\/www.tui.at\/blog\/#\/schema\/logo\/image\/"}},{"@type":"Person","@id":"https:\/\/www.tui.at\/blog\/#\/schema\/person\/6b70df8230df09e2dcde2883dbd438fb","name":"TUI Insider","url":"https:\/\/www.tui.at\/blog\/author\/tui-insider\/"}]}},"_links":{"self":[{"href":"https:\/\/www.tui.at\/blog\/wp-json\/wp\/v2\/posts\/489357","targetHints":{"allow":["GET"]}}],"collection":[{"href":"https:\/\/www.tui.at\/blog\/wp-json\/wp\/v2\/posts"}],"about":[{"href":"https:\/\/www.tui.at\/blog\/wp-json\/wp\/v2\/types\/post"}],"author":[{"embeddable":true,"href":"https:\/\/www.tui.at\/blog\/wp-json\/wp\/v2\/users\/221"}],"replies":[{"embeddable":true,"href":"https:\/\/www.tui.at\/blog\/wp-json\/wp\/v2\/comments?post=489357"}],"version-history":[{"count":3,"href":"https:\/\/www.tui.at\/blog\/wp-json\/wp\/v2\/posts\/489357\/revisions"}],"predecessor-version":[{"id":490975,"href":"https:\/\/www.tui.at\/blog\/wp-json\/wp\/v2\/posts\/489357\/revisions\/490975"}],"wp:featuredmedia":[{"embeddable":true,"href":"https:\/\/www.tui.at\/blog\/wp-json\/wp\/v2\/media\/489344"}],"wp:attachment":[{"href":"https:\/\/www.tui.at\/blog\/wp-json\/wp\/v2\/media?parent=489357"}],"wp:term":[{"taxonomy":"category","embeddable":true,"href":"https:\/\/www.tui.at\/blog\/wp-json\/wp\/v2\/categories?post=489357"},{"taxonomy":"post_tag","embeddable":true,"href":"https:\/\/www.tui.at\/blog\/wp-json\/wp\/v2\/tags?post=489357"}],"curies":[{"name":"wp","href":"https:\/\/api.w.org\/{rel}","templated":true}]}}