{"id":489325,"date":"2023-04-12T09:56:28","date_gmt":"2023-04-12T07:56:28","guid":{"rendered":"https:\/\/www.tui.at\/blog\/barcelona-ein-wochenende-in-der-stadt-am-meer\/"},"modified":"2025-10-28T13:57:53","modified_gmt":"2025-10-28T12:57:53","slug":"barcelona_wochenende_am_meer","status":"publish","type":"post","link":"https:\/\/www.tui.at\/blog\/barcelona_wochenende_am_meer\/","title":{"rendered":"Barcelona: Ein Wochenende in der Stadt am Meer"},"content":{"rendered":"<div class=\"legacy-fullwidth\"><div class=\"legacy-fusion-title\"><h3><strong>Hi, ich bin wieder zur\u00fcck<\/strong><\/h3><\/div><div class=\"legacy-fusion-text\">K\u00f6nnt ihr euch noch an mich erinnern? Mein Name ist <strong>Vanessa<\/strong>, ich bin <strong>Lifestyle-Bloggerin<\/strong> aus Wien und anstatt Anw\u00e4ltin zu werden, habe ich beschlossen als Bloggerin um die Welt zu reisen. Im November habe ich euch, gemeinsam mit meiner Schwester, schon mit nach <a href=\"https:\/\/blog.tui.at\/steigenberger_resort_alaya\" target=\"_blank\" rel=\"noopener\">\u00c4gypten<\/a> genommen.<\/p>\n<p>F\u00fcnf Monate sp\u00e4ter bin ich wieder zur\u00fcck, dieses Mal mit meinem <strong>Travel-Buddy Philipp<\/strong> im Gep\u00e4ck. In den letzten 365 Tagen haben wir gemeinsam die Welt bereist und nach ein paar Monaten Pause ging es endlich wieder los. N\u00e4chster Stopp auf unserer Reise war unsere Lieblingsstadt \u2013 <a href=\"https:\/\/blog.tui.at\/top-5-reisetipps-fuer-barcelona\/\" target=\"_blank\" rel=\"noopener\">Barcelona<\/a>. Diese Reise hat sich von unseren bisherigen Abenteuern deutlich unterschieden, aber fangen wir einmal von vorne an.<\/div><\/div>\n\n\n<div class=\"legacy-row\"><div class=\"one-half\"><div class=\"legacy-fusion-text\"><img loading=\"lazy\" decoding=\"async\" class=\"alignnone size-medium wp-image-25654\" src=\"https:\/\/www.tui.at\/blog\/wp-content\/uploads\/2023\/04\/VAnessa.jpg\" alt=\"\" width=\"492\" height=\"615\" \/><\/div><\/div>\n\n\n<div class=\"one-half\"><div class=\"legacy-fusion-text\"><img loading=\"lazy\" decoding=\"async\" class=\"alignnone size-medium wp-image-25653\" src=\"https:\/\/www.tui.at\/blog\/wp-content\/uploads\/2023\/04\/Philipp.jpg\" alt=\"\" width=\"492\" height=\"615\" \/><\/div><\/div><\/div>\n\n\n<div class=\"legacy-fullwidth\"><div class=\"legacy-fusion-title\"><h2><strong>Ein Wochenende in Barcelona<\/strong><\/h2><\/div><div class=\"legacy-fusion-text\">23\/03\/2023<\/p>\n<p><strong>Abflug Wien &#8211; Barcelona<\/strong><\/p>\n<p>Barcelona wir kommen! Fr\u00fch morgens ging es f\u00fcr uns bereits los in den S\u00fcden. Mein Wecker klingelte um 04:00 und voller Vorfreude bin ich aus meinem Bett gesprungen. Unsere Abreisetage laufen immer \u00e4hnlich ab, ich hole das Taxi, mache einen Zwischenstopp bei Philipp und danach geht es weiter zum Flughafen. Rechtzeitig am Flughafen angekommen, lief alles wie am Schn\u00fcrchen. Die Schlangen um 06:00 morgens sind zum Gl\u00fcck nicht lange und der Flieger kam auch p\u00fcnktlich. Auf Austrian Airlines ist eben Verlass. Ab hier mussten wir nur noch das machen, was TUI f\u00fcr uns geplant hatte und den Reiseunterlagen folgen. Nach drei Stunden Flug waren wir auch schon da \u2013 Hola, Barcelona.<\/p>\n<p>Von hier ging es mit einem Shuttle weiter in die Stadt und wir mussten uns um nichts mehr selbst k\u00fcmmern. TUI hat alles im Vorfeld f\u00fcr uns geplant.<\/div><\/div>\n\n\n<div class=\"legacy-fullwidth\"><div class=\"legacy-fusion-title\"><h2><strong>Ankunft im NH Collection Gran Hotel Calder\u00f3n Barcelona<\/strong><\/h2><\/div><div class=\"legacy-fusion-text\">Nach unserer Busfahrt, in der ich mich zugegebenerma\u00dfen mit einem kurzen Nickerchen auf unsere Reise vorbereitet habe, konnten wir gleich unser neues Zuhause f\u00fcr die n\u00e4chsten drei Tage in Barcelona beziehen \u2013 das <a href=\"https:\/\/www.tui.at\/pauschalreisen\/suchen\/angebote\/NH-Collection-Gran-Hotel-Calder%C3%B3n\/51610\/offer\/?startDate=2023-04-13&amp;endDate=2023-07-12&amp;showTotalPrice=0\" target=\"_blank\" rel=\"noopener\">NH Collection Gran Hotel Calder\u00f3n<\/a>. Auch das wurde uns von TUI vorgeschlagen und nat\u00fcrlich hat der <strong>Pool am Dach<\/strong> sofort \u00fcberzeugt. Das ist einer der Aspekte, die ich besonders an diesem <a href=\"https:\/\/www.tui.at\/staedtereisen\/\" target=\"_blank\" rel=\"noopener\">St\u00e4dtetrip<\/a> genossen habe, keine ewig lange Hotel- und Flugsuche und Preisvergleiche mehr. Alles war bereits erledigt. Unser <strong>Superior Room<\/strong> war sehr gro\u00df, sauber, hatte ein wundersch\u00f6nes Badezimmer und eine <strong>unglaubliche Aussicht \u00fcber die Stadt<\/strong>. Und auch die Lage direkt am Pla\u00e7a de Catalunya und an der La Rambla hat uns unseren Aufenthalt vers\u00fc\u00dft.<\/div><\/div>\n\n\n<div class=\"legacy-row\"><div class=\"one-half\"><div class=\"legacy-fusion-text\"><img loading=\"lazy\" decoding=\"async\" class=\"alignnone size-medium wp-image-25657\" src=\"https:\/\/www.tui.at\/blog\/wp-content\/uploads\/2023\/04\/Bett.jpg\" alt=\"\" width=\"492\" height=\"615\" \/><\/div><\/div>\n\n\n<div class=\"one-half\"><div class=\"legacy-fusion-text\"><img loading=\"lazy\" decoding=\"async\" class=\"alignnone size-medium wp-image-25656\" src=\"https:\/\/www.tui.at\/blog\/wp-content\/uploads\/2023\/04\/Bad.jpg\" alt=\"\" width=\"492\" height=\"615\" \/><\/div><\/div><\/div>\n\n\n<div class=\"legacy-row\"><div class=\"one-half\"><div class=\"legacy-fusion-text\"><img loading=\"lazy\" decoding=\"async\" class=\"alignnone size-medium wp-image-25659\" src=\"https:\/\/www.tui.at\/blog\/wp-content\/uploads\/2025\/10\/Zimmer-3.jpg\" alt=\"\" width=\"492\" height=\"615\" \/><\/div><\/div>\n\n\n<div class=\"one-half\"><div class=\"legacy-fusion-text\"><img loading=\"lazy\" decoding=\"async\" class=\"alignnone size-medium wp-image-25655\" src=\"https:\/\/www.tui.at\/blog\/wp-content\/uploads\/2023\/04\/Aussicht.jpg\" alt=\"\" width=\"492\" height=\"615\" \/><\/div><\/div><\/div>\n\n\n<div class=\"legacy-row\"><div class=\"one-half\"><div class=\"legacy-fusion-text\"><img loading=\"lazy\" decoding=\"async\" class=\"alignnone size-medium wp-image-25660\" src=\"https:\/\/www.tui.at\/blog\/wp-content\/uploads\/2023\/04\/Vanessa-Pool.jpg\" alt=\"\" width=\"492\" height=\"615\" \/><\/div><\/div>\n\n\n<div class=\"one-half\"><div class=\"legacy-fusion-text\"><img loading=\"lazy\" decoding=\"async\" class=\"alignnone size-medium wp-image-25658\" src=\"https:\/\/www.tui.at\/blog\/wp-content\/uploads\/2023\/04\/Hotelpool.jpg\" alt=\"\" width=\"492\" height=\"615\" \/><\/div><\/div><\/div>\n\n\n<div class=\"legacy-fullwidth\"><div class=\"legacy-fusion-title\"><h2><strong>Tapas in Barcelona<\/strong><\/h2><\/div><div class=\"legacy-fusion-text\">Barcelona ist vor allem auch f\u00fcr sein gutes Essen bekannt. Eines der besten Dinge an dieser Stadt sind definitiv die <strong>k\u00f6stlichen Tapas<\/strong> und so war unser erster Stopp auf unserer Reise nat\u00fcrlich ein Tapas-Lokal, das <strong>Ciutat Comtal<\/strong>. Meine pers\u00f6nlichen Tapas-Favoriten sind definitiv die Klassiker: Croquetas, Patatas Bravas und Pan con Tomate. Ich habe schon so viele tolle Restaurants in <a href=\"https:\/\/www.tui.at\/pauschalreisen\/suchen\/hotels\/Barcelona-&amp;-Umgebung\/1064\/list\/?startDate=2023-04-13&amp;endDate=2023-07-11&amp;duration=3&amp;adults=2&amp;cities=587&amp;contentid=44_r_barcelona&amp;language=de\" target=\"_blank\" rel=\"noopener\">Barcelona<\/a> ausprobieren d\u00fcrfen und wurde noch nie entt\u00e4uscht. Einige meiner <strong>liebsten Lokale<\/strong> m\u00f6chte ich euch nicht vorenthalten:<\/p>\n<ul>\n<li>Elsa y Fred<\/li>\n<li>El Xampanyet<\/li>\n<li>Ciutat Comtal<\/li>\n<li>Bodega La Puntual<\/li>\n<li>Tapeo<\/li>\n<li>Anitas Barcelona<\/li>\n<li>Quillo Bar<\/li>\n<li>La Rovira<\/li>\n<li>Mimo\u2019s Born<\/li>\n<\/ul>\n<p>Nachdem wir uns also ein paar leckere Tapas geg\u00f6nnt hatten, ging es weiter in die Stadt. Eigentlich waren wir schon mitten in der Stadt, deshalb m\u00fcsste ich eher sagen, es ging weiter in einen anderen Teil der Stadt, ins trendige Viertel <strong>El Born<\/strong>. Dort sind wir durch die Stra\u00dfen flaniert und haben die warme spanische Luft genossen. W\u00e4hrend es zu Hause n\u00e4mlich noch richtig k\u00fchl war, haben wir in Barcelona ein paar erste Sonnenstrahlen abbekommen. Bei unserem Spaziergang sind wir an der ersten <strong>Sehensw\u00fcrdigkeit<\/strong> vorbeigekommen, dem <strong><em>The Kiss of Freedom<\/em><\/strong>, der aus ganz vielen kleinen Bildern der Einheimischen besteht. Weiter ging es dann auch schon zur ber\u00fchmten <strong><em>La Catedral<\/em><\/strong> von Barcelona.<\/p>\n<p>Hier kann ich euch einen Drink auf der Dachterrasse des Hotel Colon bei Sonnenuntergang nur w\u00e4rmstens empfehlen. Man hat eine wunderbare Aussicht \u00fcber die Kathedrale und die Stadt. Was f\u00fcr ein toller Start unseres kleinen Urlaubs, mit dabei von der Partie war nat\u00fcrlich unsere erste Sangria.<\/p>\n<p>An der Stelle m\u00f6chte ich euch ein paar <strong>Bar Empfehlungen<\/strong> dalassen:<\/p>\n<ul>\n<li>Hotel Colon (Rooftop)<\/li>\n<li>Terraza Alaire (Rooftop-Bar)<\/li>\n<li>Creps al Born \u2013 hier wird mit Eisw\u00fcrfeln geworfen und die Lampen schwingen durch den Raum, ein echtes Erlebnis.<\/li>\n<\/ul>\n<p>Wie ihr merkt, ist meine Liste der Bars etwas k\u00fcrzer, denn f\u00fcr mich gibt es eigentlich nur eine Bar in Barcelona, die ich fast schon mein zweites Wohnzimmer nennen k\u00f6nnte, aber sp\u00e4ter gerne mehr dazu.<\/div><\/div>\n\n\n<div class=\"legacy-row\"><div class=\"one-half\"><div class=\"legacy-fusion-text\"><img loading=\"lazy\" decoding=\"async\" class=\"alignnone size-medium wp-image-25664\" src=\"https:\/\/www.tui.at\/blog\/wp-content\/uploads\/2023\/04\/Kiss.jpg\" alt=\"\" width=\"492\" height=\"615\" \/><\/div><\/div>\n\n\n<div class=\"one-half\"><div class=\"legacy-fusion-text\"><img loading=\"lazy\" decoding=\"async\" class=\"alignnone size-medium wp-image-25662\" src=\"https:\/\/www.tui.at\/blog\/wp-content\/uploads\/2023\/04\/Abendessen.jpg\" alt=\"\" width=\"492\" height=\"615\" \/><\/div><\/div><\/div>\n\n\n<div class=\"legacy-row\"><div class=\"one-half\"><div class=\"legacy-fusion-text\"><img loading=\"lazy\" decoding=\"async\" class=\"alignnone size-medium wp-image-25663\" src=\"https:\/\/www.tui.at\/blog\/wp-content\/uploads\/2025\/10\/barcelona-Essen.jpg\" alt=\"\" width=\"492\" height=\"615\" \/><\/div><\/div>\n\n\n<div class=\"one-half\"><div class=\"legacy-fusion-text\"><img loading=\"lazy\" decoding=\"async\" class=\"alignnone size-medium wp-image-25665\" src=\"https:\/\/www.tui.at\/blog\/wp-content\/uploads\/2023\/04\/Vanessa-und-Philipp.jpg\" alt=\"\" width=\"492\" height=\"615\" \/><\/div><\/div><\/div>\n\n\n<div class=\"legacy-fullwidth\"><div class=\"legacy-fusion-title\"><h2><strong>Erst mal Fr\u00fchst\u00fcck<\/strong><\/h2><\/div><div class=\"legacy-fusion-text\">24\/03\/2023<\/p>\n<p>Da unser Hotel einfach ein <strong>riesiges Fr\u00fchst\u00fccksbuffet<\/strong> zu bieten hatte, haben wir den Vormittag erstmal ganz gem\u00fctlich gestartet. Am Buffet gab es alles, was unser Herz begehrte. Von leckeren S\u00e4ften bis hin zu liebevoll zubereitetem R\u00fchrei und sogar Churros war einfach alles mit dabei. Gut gest\u00e4rkt ging es dann auf die Dachterrasse, denn wir hatten schnell bemerkt, dass wir hier wohl die meisten Sonnenstrahlen abbekommen w\u00fcrden.<\/p>\n<p>Bewaffnet mit meinem Bikini habe ich mir also auf der <strong>tollen Dachterrasse<\/strong> des <strong>NH Collection Gran Hotel Calder\u00f3n<\/strong> die spanische Sonne zum ersten Mal auf den Bauch scheinen lassen. Die Dachterrasse mit dem <strong>Pool<\/strong> ist aber nicht nur ein sehr beliebter Ort f\u00fcr Hotelg\u00e4ste, sondern auch \u00f6ffentlich zug\u00e4nglich, da man in der <strong>hoteleigenen Bar ELEVEN BCN<\/strong> einen wundersch\u00f6nen Ausblick \u00fcber die Stadt hat und leckere Drinks genie\u00dfen kann.<\/div><\/div>\n\n\n<div class=\"legacy-row\"><div class=\"one-half\"><div class=\"legacy-fusion-text\"><img loading=\"lazy\" decoding=\"async\" class=\"alignnone size-medium wp-image-25668\" src=\"https:\/\/www.tui.at\/blog\/wp-content\/uploads\/2023\/04\/image00062.jpeg\" alt=\"\" width=\"410\" height=\"615\" \/><\/div><\/div>\n\n\n<div class=\"one-half\"><div class=\"legacy-fusion-text\"><img loading=\"lazy\" decoding=\"async\" class=\"alignnone size-medium wp-image-25669\" src=\"https:\/\/www.tui.at\/blog\/wp-content\/uploads\/2023\/04\/image00064.jpeg\" alt=\"\" width=\"410\" height=\"615\" \/><\/div><\/div><\/div>\n\n\n<div class=\"legacy-row\"><div class=\"one-half\"><div class=\"legacy-fusion-text\"><img loading=\"lazy\" decoding=\"async\" class=\"alignnone size-medium wp-image-25670\" src=\"https:\/\/www.tui.at\/blog\/wp-content\/uploads\/2023\/04\/image00072.jpeg\" alt=\"\" width=\"410\" height=\"615\" \/><\/div><\/div>\n\n\n<div class=\"one-half\"><div class=\"legacy-fusion-text\"><img loading=\"lazy\" decoding=\"async\" class=\"alignnone size-medium wp-image-25666\" src=\"https:\/\/www.tui.at\/blog\/wp-content\/uploads\/2023\/04\/Dachterrasse.jpg\" alt=\"\" width=\"410\" height=\"615\" \/><\/div><\/div><\/div>\n\n\n<div class=\"legacy-fullwidth\"><div class=\"legacy-fusion-title\"><h2><strong>Pla\u00e7a de Espa\u00f1a<\/strong><\/h2><\/div><div class=\"legacy-fusion-text\">Nach unserer Br\u00e4unungs-Session ging es los zum <strong><em>Pla\u00e7a de Espa\u00f1a<\/em><\/strong>, den ich tats\u00e4chlich schon seit Jahren sehen wollte. Der Nationalpalast ist, wie fast alles in Barcelona, sehr eindrucksvoll. Die Aussicht von oben ist einfach wundersch\u00f6n und definitiv einen Besuch wert. Was ich euch nicht empfehlen kann, ist einen Teil eurer Go Pro in einem der Brunnen zu versenken. \ud83d\ude09<\/div><\/div>\n\n\n<div class=\"legacy-row\"><div class=\"one-half\"><div class=\"legacy-fusion-text\"><img loading=\"lazy\" decoding=\"async\" class=\"alignnone size-medium wp-image-25673\" src=\"https:\/\/www.tui.at\/blog\/wp-content\/uploads\/2023\/04\/Placa.jpg\" alt=\"\" width=\"492\" height=\"615\" \/><\/div><\/div>\n\n\n<div class=\"one-half\"><div class=\"legacy-fusion-text\"><img loading=\"lazy\" decoding=\"async\" class=\"alignnone size-medium wp-image-25672\" src=\"https:\/\/www.tui.at\/blog\/wp-content\/uploads\/2023\/04\/image00084.jpeg\" alt=\"\" width=\"492\" height=\"615\" \/><\/div><\/div><\/div>\n\n\n<div class=\"legacy-fullwidth\"><div class=\"legacy-fusion-title\"><h2><strong>Montju\u00efc<\/strong><\/h2><\/div><div class=\"legacy-fusion-text\">Von dort aus ging es auch schon weiter auf einen der beiden Hausberge von Barcelona, den <strong><em>Montju\u00efc<\/em><\/strong>, wo wir die Gondel bis an die Spitze genommen haben, um dort das Schloss zu sehen. Die Gondel nach oben k\u00f6nnen wir euch aber nicht empfehlen, da das Ticket sehr teuer ist, der Weg zum Schloss aber nicht weit. Was wir euch jedoch nur w\u00e4rmstens ans Herz legen k\u00f6nnen, ist die <strong>Gondelfahrt<\/strong> nach unten in Richtung <strong>Strand<\/strong>. Die Aussicht bei Sonnenuntergang war wundersch\u00f6n und eines meiner pers\u00f6nlichen Highlights des Trips. Hier musste ich sofort an Ed Sheeran\u2019s Song <em>Castle on the hill<\/em> denken. Am Strand angekommen, haben wir noch die sch\u00f6nen Farben am Himmel bewundert und ein paar Fotos gemacht. Dann ging es auch schon wieder in Richtung Hotel, denn wir hatten einen aufregenden Freitagabend geplant.<\/div><\/div>\n\n\n<div class=\"legacy-row\"><div class=\"one-half\"><div class=\"legacy-fusion-text\"><img loading=\"lazy\" decoding=\"async\" class=\"alignnone size-medium wp-image-25675\" src=\"https:\/\/www.tui.at\/blog\/wp-content\/uploads\/2023\/04\/Mont.jpg\" alt=\"\" width=\"492\" height=\"615\" \/><\/div><\/div>\n\n\n<div class=\"one-half\"><div class=\"legacy-fusion-text\"><img loading=\"lazy\" decoding=\"async\" class=\"alignnone size-medium wp-image-25674\" src=\"https:\/\/www.tui.at\/blog\/wp-content\/uploads\/2021\/04\/beach.jpg\" alt=\"\" width=\"492\" height=\"615\" \/><\/div><\/div><\/div>\n\n\n<div class=\"legacy-fullwidth\"><div class=\"legacy-fusion-title\"><h2><strong>El Xampanyet \u2013 Is it worth the hype?<\/strong><\/h2><\/div><div class=\"legacy-fusion-text\">Zuerst ging es ins <strong>El Xampanyet<\/strong>, das <strong>Tapas-Restaurant<\/strong>, das ich noch nie ohne lange Schlange davor gesehen, und schon mehrmals versucht hatte zu besuchen. Jedes Mal bin ich kl\u00e4glich gescheitert, aber dieses Mal wollten wir es unbedingt wissen: <em>Is it worth the hype?<\/em> An unserem Tisch angekommen (juhu!), habe ich, wie immer, mit meinem Lieblingssatz \u201eCan you recommend something?\u201c gestartet. Gesagt, getan, hat uns das super zuvorkommende Personal die Empfehlungen des Hauses gebracht. Wir beide wissen nicht wirklich, was wir gegessen haben, wir wissen aber, dass es uns geschmeckt hat. Lediglich die in Wein getunkte Nachspeise und die Schokolade mit Oliven\u00f6l und Salz war nicht ganz unser Fall.<\/p>\n<p><strong>Salsa<\/strong><\/p>\n<p>Nur wenige Minuten vom Restaurant entfernt, wartete der n\u00e4chste besondere Ort auf uns: die <strong>El Bombon Bar<\/strong>. Mit diesem Lokal verbinde ich so viel &#8211; ich habe in dieser kleinen, aber feinen <strong>Salsa-Bar<\/strong> ganze <strong>N\u00e4chte durchgetanzt<\/strong>. Auch dieses Mal haben Philipp und ich das Tanzbein geschwungen und uns zu den spanischen Rhythmen bewegt. Die El Bombon Bar ist also eine echte Herzens-Empfehlung von mir. Nach ein paar leckeren Mojitos, Salsa-Moves und netten Bekanntschaften ging es f\u00fcr uns zur\u00fcck ins Hotel.<\/div><div class=\"legacy-row\"><div class=\"one-half\"><div class=\"legacy-fusion-text\"><img loading=\"lazy\" decoding=\"async\" class=\"alignnone size-medium wp-image-25676\" src=\"https:\/\/www.tui.at\/blog\/wp-content\/uploads\/2023\/04\/image00091.jpeg\" alt=\"\" width=\"461\" height=\"615\" \/><\/div><\/div><div class=\"one-half\"><div class=\"legacy-fusion-text\"><img loading=\"lazy\" decoding=\"async\" class=\"alignnone size-medium wp-image-25677\" src=\"https:\/\/www.tui.at\/blog\/wp-content\/uploads\/2023\/04\/image00102.jpeg\" alt=\"\" width=\"461\" height=\"615\" \/><\/div><\/div><\/div><\/div>\n\n\n<div class=\"legacy-fullwidth\"><div class=\"legacy-fusion-title\"><h2><strong>Sonnenaufgang auf den Bunkers del Carmel<\/strong><\/h2><\/div><div class=\"legacy-fusion-text\">25\/03\/2023<\/p>\n<p>Drei Stunden sp\u00e4ter mussten wir unsere kleine Wolke von Bett auch schon wieder verlassen, da wir uns etwas ganz Besonderes vorgenommen hatten. Philipp und ich haben unsere erste Mission des Urlaubs gestartet: Wir wollten den <strong>Sonnenaufgang<\/strong> von den <strong><em>Bunkers del Carmel <\/em><\/strong>sehen. Die Fahrt mit dem Taxi, mit dem man fast bis ganz an die <strong>Spitze des Berges<\/strong> fahren kann, war sehr entspannt, um diese Uhrzeit wollten wir uns eine Wanderung n\u00e4mlich lieber ersparen. Und schon bald war klar, das fr\u00fche Aufstehen hatte sich gelohnt. Wir durften einen wundersch\u00f6nen Sonnenaufgang \u00fcber Barcelona sehen. Auch hier wieder eine gro\u00dfe Empfehlung von uns, die Bilder sprechen f\u00fcr sich.<\/p>\n<p>Zur\u00fcck ins Hotel haben wir dann aber doch den Bus genommen, das Hotel lag n\u00e4mlich so zentral, dass auch das ganz entspannt m\u00f6glich war. Und auch dieses Mal haben wir den Tag mit einem ausgewogenen Fr\u00fchst\u00fcck, ein paar Sonnenstrahlen und einem kurzen Nickerchen in der Sonne gestartet.<\/div><div class=\"legacy-row\"><div class=\"one-half\"><div class=\"legacy-fusion-text\"><img loading=\"lazy\" decoding=\"async\" class=\"alignnone size-medium wp-image-25681\" src=\"https:\/\/www.tui.at\/blog\/wp-content\/uploads\/2023\/04\/sunrise.jpg\" alt=\"\" width=\"492\" height=\"615\" \/><\/div><\/div><div class=\"one-half\"><div class=\"legacy-fusion-text\"><img loading=\"lazy\" decoding=\"async\" class=\"alignnone size-medium wp-image-25679\" src=\"https:\/\/www.tui.at\/blog\/wp-content\/uploads\/2023\/04\/Paar-sonnenaufgang.jpg\" alt=\"\" width=\"492\" height=\"615\" \/><\/div><\/div><\/div><div class=\"legacy-row\"><div class=\"one-half\"><div class=\"legacy-fusion-text\"><img loading=\"lazy\" decoding=\"async\" class=\"alignnone size-medium wp-image-25682\" src=\"https:\/\/www.tui.at\/blog\/wp-content\/uploads\/2023\/04\/image00104.jpeg\" alt=\"\" width=\"490\" height=\"615\" \/><\/div><\/div><div class=\"one-half\"><div class=\"legacy-fusion-text\"><img loading=\"lazy\" decoding=\"async\" class=\"alignnone size-medium wp-image-25680\" src=\"https:\/\/www.tui.at\/blog\/wp-content\/uploads\/2023\/04\/sonnenaufgang.jpg\" alt=\"\" width=\"492\" height=\"615\" \/><\/div><\/div><\/div><\/div>\n\n\n<div class=\"legacy-fullwidth\"><div class=\"legacy-fusion-title\"><h2><strong>Mercat de la Boqueria<\/strong><\/h2><\/div><div class=\"legacy-fusion-text\">Danach ging es auch schon wieder weiter auf unserer Tour durch Barcelona. N\u00e4chster Halt, next stop: <strong><em>Mercat de la Boqueria<\/em><\/strong>. Der <strong>ber\u00fchmte Markt<\/strong> \u00fcberzeugt mit leckeren <strong>K\u00f6stlichkeiten<\/strong>, wohin das Auge reicht. Hier gibt es nichts, was es nicht gibt und die Menschenmassen sind wohl auf die Qualit\u00e4t der Speisen zur\u00fcckzuf\u00fchren. Frischer Fisch, Fleisch, Obst, Gem\u00fcse und ganz viel mehr f\u00fchrt dazu, dass man sich einfach kaum entscheiden kann. Wir haben uns von allem ein bisschen geholt und uns durch die Vitrinen probiert, vor allem die Quesadillas sind uns besonders in Erinnerung geblieben.<\/p>\n<p>Mit unserem Saft bewaffnet ging es weiter an den <strong>Strand<\/strong>, wo wir ganz entspannt den Tag ausklingen lie\u00dfen.<\/p>\n<p><strong>Tradition: Elsa y Fred<\/strong><\/p>\n<p>Letzter Programmpunkt des Tages war eine <strong>langj\u00e4hrige Tradition<\/strong>, die ich seit meiner ersten Reise nach Barcelona fortf\u00fchre. Wir haben uns einen Tisch bei <strong>Elsa y Fred<\/strong> reserviert und wie immer haben die <strong>Tapas<\/strong> absolut nicht entt\u00e4uscht. Gleich in der N\u00e4he befindet sich der <strong>Triumphbogen<\/strong>, der definitiv einen Besuch wert ist. Aber auch einen kleinen Verdauungs-Spaziergang durch Born nach dem Essen kann ich euch sehr empfehlen. So sind wir nach einem langen Tag langsam nach Hause spaziert, was durch die zentrale Lage kein Problem war.<\/div><div class=\"legacy-row\"><div class=\"one-half\"><div class=\"legacy-fusion-text\"><img loading=\"lazy\" decoding=\"async\" class=\"alignnone size-medium wp-image-25684\" src=\"https:\/\/www.tui.at\/blog\/wp-content\/uploads\/2025\/10\/barcelona-image00008.jpeg\" alt=\"\" width=\"461\" height=\"615\" \/><\/div><\/div><div class=\"one-half\"><div class=\"legacy-fusion-text\"><img loading=\"lazy\" decoding=\"async\" class=\"alignnone size-medium wp-image-25685\" src=\"https:\/\/www.tui.at\/blog\/wp-content\/uploads\/2023\/04\/image00100.jpeg\" alt=\"\" width=\"461\" height=\"615\" \/><\/div><\/div><\/div><\/div>\n\n\n<div class=\"legacy-fullwidth\"><div class=\"legacy-fusion-title\"><h2><strong>Klassisches Konzert in der Sagrada Fam\u00edlia<\/strong><\/h2><\/div><div class=\"legacy-fusion-text\">26\/03\/2023<\/p>\n<p>Das Beste kommt bekanntlich zum Schluss und so haben wir unseren St\u00e4dtetrip nach Barcelona mit unserem absoluten <strong>Highlight der Reise<\/strong> abgeschlossen: dem klassischen <strong>Konzert<\/strong> des ber\u00fchmten Chors <strong>Orfe\u00f3n Donostiarra<\/strong> in der <strong><em>Sagrada Fam\u00edlia<\/em><\/strong>. Schnell war uns beiden klar, dass das ein Erlebnis sein wird, das man in seinem Leben wohl nur einmal erleben darf. Voller Vorfreude sind wir nun also vor dem eindrucksvollsten Monument in Barcelona gestanden und haben versucht jeden Moment aufzusaugen. Nach einem schnellen Sicherheitscheck waren wir auch schon in der <em>Sagrada Fam\u00edlia<\/em>. Beim Betreten der eindrucksvollen Kirche wusste man nicht, wo man zuerst hinsehen sollte, zu den wundersch\u00f6nen Mustern an der Decke oder doch auf die leuchtenden Fenster, die von jeder Richtung aus in einer anderen Farbe erstrahlten.<\/p>\n<p>Nachdem alle Platz genommen hatten, konnte es also losgehen und der Chor betrat die B\u00fchne. \u201eWas f\u00fcr ein Anblick\u201c dachte ich nur und als dann noch die <strong>Europahymne<\/strong> mit diesem eindrucksvollen Hall ert\u00f6nte, waren wir einfach hin und weg. Warum vergehen die sch\u00f6nsten Momente eigentlich immer am schnellsten? Die n\u00e4chste Stunde verging n\u00e4mlich wie im Flug und wird uns auf jeden Fall noch ganz lange in Erinnerung bleiben. Melancholisch verlie\u00dfen wir also die <em>Sagrada Fam\u00edlia<\/em>, jedoch mit dem Gedanken, dass wir noch drei Punkte auf unserer To-do-Liste hatten.<\/div><div class=\"legacy-row\"><div class=\"one-half\"><div class=\"legacy-fusion-text\"><img loading=\"lazy\" decoding=\"async\" class=\"alignnone size-medium wp-image-25689\" src=\"https:\/\/www.tui.at\/blog\/wp-content\/uploads\/2023\/04\/image00053.jpeg\" alt=\"\" width=\"410\" height=\"615\" \/><\/div><\/div><div class=\"one-half\"><div class=\"legacy-fusion-text\"><img loading=\"lazy\" decoding=\"async\" class=\"alignnone size-medium wp-image-25691\" src=\"https:\/\/www.tui.at\/blog\/wp-content\/uploads\/2023\/04\/image00057.jpeg\" alt=\"\" width=\"410\" height=\"615\" \/><\/div><\/div><\/div><div class=\"legacy-row\"><div class=\"one-half\"><div class=\"legacy-fusion-text\"><img loading=\"lazy\" decoding=\"async\" class=\"alignnone size-medium wp-image-25690\" src=\"https:\/\/www.tui.at\/blog\/wp-content\/uploads\/2023\/04\/image00056.jpeg\" alt=\"\" width=\"410\" height=\"615\" \/><\/div><\/div><div class=\"one-half\"><div class=\"legacy-fusion-text\"><img loading=\"lazy\" decoding=\"async\" class=\"alignnone size-medium wp-image-25688\" src=\"https:\/\/www.tui.at\/blog\/wp-content\/uploads\/2025\/10\/barcelona-image00014.jpeg\" alt=\"\" width=\"410\" height=\"615\" \/><\/div><\/div><\/div><div class=\"legacy-row\"><div class=\"one-half\"><div class=\"legacy-fusion-text\"><img loading=\"lazy\" decoding=\"async\" class=\"alignnone size-medium wp-image-25687\" src=\"https:\/\/www.tui.at\/blog\/wp-content\/uploads\/2023\/04\/Decke-Sagrada.jpg\" alt=\"\" width=\"410\" height=\"615\" \/><\/div><\/div><div class=\"one-half\"><div class=\"legacy-fusion-text\"><img loading=\"lazy\" decoding=\"async\" class=\"alignnone size-medium wp-image-25686\" src=\"https:\/\/www.tui.at\/blog\/wp-content\/uploads\/2023\/04\/Chor.jpg\" alt=\"\" width=\"410\" height=\"615\" \/><\/div><\/div><\/div><\/div>\n\n\n<div class=\"legacy-fullwidth\"><div class=\"legacy-fusion-title\"><h2><strong>Philipp und Vanessa auf einer Mission in Barcelona<\/strong><\/h2><\/div><div class=\"legacy-fusion-text\">Nr. 1: Paella essen<\/p>\n<p>Nr. 2: Eine Sangria trinken<\/p>\n<p>Nr. 3: Churros essen.<\/p>\n<p>Und wie wir Barcelona kennen, war es auch noch f\u00fcr eine \u00dcberraschung gut. Wir verirrten uns am <strong>Pla\u00e7a Catalunya<\/strong> in ein <strong>Stra\u00dfenfest mit Live-Musik<\/strong>, katalanischem Essen und ausgelassener Stimmung. Vor allem die vielen Stra\u00dfenmusiker und das Zusammenkommen der Menschen sind das, was ich an Barcelona besonders liebe. Die Menschen sind freundlich und man f\u00fchlt sich einfach willkommen. Und nach einer kleinen Unterbrechung ging unsere Mission auch schon weiter. Am <strong>Pla\u00e7a Reial<\/strong>, einem meiner <strong>Lieblings-Fleckchen<\/strong> in Barcelona, wurden wir dann auch schon f\u00fcndig. Wir lie\u00dfen uns die Sonne ins Gesicht scheinen und genossen unsere spanischen Spezialit\u00e4ten. Hier hatten wir die M\u00f6glichkeit, die letzten drei Tage Revue passieren und ein gelungenes Wochenende ausklingen zu lassen. Und wie k\u00f6nnte man das besser als mit Churros, getunkt in ganz viel Schokolade.<\/div><div class=\"legacy-row\"><div class=\"one-half\"><div class=\"legacy-fusion-text\"><img loading=\"lazy\" decoding=\"async\" class=\"alignnone size-medium wp-image-25694\" src=\"https:\/\/www.tui.at\/blog\/wp-content\/uploads\/2023\/04\/Vanessa-und-Philipp-Placa-Reial.jpg\" alt=\"\" width=\"492\" height=\"615\" \/><\/div><\/div><div class=\"one-half\"><div class=\"legacy-fusion-text\"><img loading=\"lazy\" decoding=\"async\" class=\"alignnone size-medium wp-image-25693\" src=\"https:\/\/www.tui.at\/blog\/wp-content\/uploads\/2023\/04\/placa-reial.jpg\" alt=\"\" width=\"492\" height=\"615\" \/><\/div><\/div><\/div><div class=\"legacy-row\"><div class=\"one-half\"><div class=\"legacy-fusion-text\"><img loading=\"lazy\" decoding=\"async\" class=\"alignnone size-medium wp-image-25696\" src=\"https:\/\/www.tui.at\/blog\/wp-content\/uploads\/2023\/04\/drink.jpg\" alt=\"\" width=\"492\" height=\"615\" \/><\/div><\/div><div class=\"one-half\"><div class=\"legacy-fusion-text\"><img loading=\"lazy\" decoding=\"async\" class=\"alignnone size-medium wp-image-25698\" src=\"https:\/\/www.tui.at\/blog\/wp-content\/uploads\/2023\/04\/palms.jpg\" alt=\"\" width=\"492\" height=\"615\" \/><\/div><\/div><\/div><div class=\"legacy-row\"><div class=\"one-half\"><div class=\"legacy-fusion-text\"><img loading=\"lazy\" decoding=\"async\" class=\"alignnone size-medium wp-image-25697\" src=\"https:\/\/www.tui.at\/blog\/wp-content\/uploads\/2025\/10\/paella.jpg\" alt=\"\" width=\"492\" height=\"615\" \/><\/div><\/div><div class=\"one-half\"><div class=\"legacy-fusion-text\"><img loading=\"lazy\" decoding=\"async\" class=\"alignnone size-medium wp-image-25695\" src=\"https:\/\/www.tui.at\/blog\/wp-content\/uploads\/2023\/04\/Churros.jpg\" alt=\"\" width=\"492\" height=\"615\" \/><\/div><\/div><\/div><\/div>\n\n\n<div class=\"legacy-fullwidth\"><div class=\"legacy-fusion-title\"><h2><strong>Fazit von unserem St\u00e4dtetrip nach Barcelona<\/strong><\/h2><\/div><div class=\"legacy-fusion-text\">Und auch jetzt frage ich mich wieder: Warum m\u00fcssen die sch\u00f6nsten Momente immer am schnellsten vor\u00fcbergehen? Philipp und ich haben wirklich schon viele Urlaube miteinander erleben d\u00fcrfen und auch wundersch\u00f6ne Orte auf dieser Welt gemeinsam bereist und trotzdem ist <strong>Barcelona<\/strong> unsere <strong>Lieblingsstadt<\/strong> in Europa. Irgendwas liegt in Barcelona in der Luft, ich wei\u00df nicht, ob es der Duft der Tapas, die Sangria im Blut, die Freundlichkeit der Menschen, die Salsa-Rhythmen oder alles zusammen ist, aber Barcelona ist und bleibt etwas ganz Besonderes. Was wir dieses Mal aber besonders genossen haben war, dass wir uns einfach um nichts k\u00fcmmern mussten. TUI hat alles f\u00fcr uns erledigt, von den Konzerttickets bis hin zum Flug, dem Hotel und dem Transfer war alles schon organisiert. Alles was wir machen mussten war eine sch\u00f6ne Zeit zu haben.<\/p>\n<p>Wir haben es auch sehr genossen nicht alle Touristen-Spots abklappen zu m\u00fcssen, sondern konnten die Stadt einfach auf uns wirken lassen. Falls ihr aber noch mehr sehen wollt, k\u00f6nnen wir euch den Park G\u00fcell, den Tibidabo, den Triumphbogen und einen Spaziergang im Gr\u00e0cia Viertel oder am Hafen nur w\u00e4rmstens empfehlen. Aber egal wie man es angeht, in Barcelona kann man nichts falsch machen, es gibt einfach so viel zu sehen.<\/p>\n<p>In diesem Sinne, lasst euch die Tapas, die Sangria und die Churros schmecken und viel Spa\u00df beim Salsa.<\/p>\n<p>Vanessa<\/div><\/div>\n","protected":false},"excerpt":{"rendered":"<p>Lifestyle-Bloggerin Vanessa war mit uns in Barcelona und hat ganz besondere Tipps, abseits der 0-8-15 Empfehlungen f\u00fcr euch.<\/p>\n","protected":false},"author":243,"featured_media":491155,"comment_status":"open","ping_status":"closed","sticky":false,"template":"","format":"standard","meta":{"_acf_changed":false,"footnotes":""},"categories":[5149],"tags":[5085,5086,5087,4934,4895,4978,5088,4949,4967,4926,4849,4879],"class_list":["post-489325","post","type-post","status-publish","format-standard","has-post-thumbnail","hentry","category-archiv-staedtetrips","tag-barcelona","tag-citytrip","tag-europa","tag-reiseblogger","tag-reisen","tag-reisetipps","tag-sightseeing","tag-spanien","tag-staedtereise","tag-tipps","tag-tui","tag-urlaub"],"acf":[],"yoast_head":"<!-- This site is optimized with the Yoast SEO plugin v27.4 - https:\/\/yoast.com\/product\/yoast-seo-wordpress\/ -->\n<title>Barcelona: Ein Wochenende in der Stadt am Meer - TUI.at Reiseblog<\/title>\n<meta name=\"description\" content=\"Lifestyle-Bloggerin Vanessa war mit uns in Barcelona und hat ganz besondere Tipps, abseits der 0-8-15 Empfehlungen f\u00fcr euch.\" \/>\n<meta name=\"robots\" content=\"index, follow, max-snippet:-1, max-image-preview:large, max-video-preview:-1\" \/>\n<link rel=\"canonical\" href=\"https:\/\/www.tui.at\/blog\/barcelona_wochenende_am_meer\/\" \/>\n<meta property=\"og:locale\" content=\"de_DE\" \/>\n<meta property=\"og:type\" content=\"article\" \/>\n<meta property=\"og:title\" content=\"Barcelona: Ein Wochenende in der Stadt am Meer - TUI.at Reiseblog\" \/>\n<meta property=\"og:description\" content=\"Lifestyle-Bloggerin Vanessa war mit uns in Barcelona und hat ganz besondere Tipps, abseits der 0-8-15 Empfehlungen f\u00fcr euch.\" \/>\n<meta property=\"og:url\" content=\"https:\/\/www.tui.at\/blog\/barcelona_wochenende_am_meer\/\" \/>\n<meta property=\"og:site_name\" content=\"TUI.at Reiseblog\" \/>\n<meta property=\"article:published_time\" content=\"2023-04-12T07:56:28+00:00\" \/>\n<meta property=\"article:modified_time\" content=\"2025-10-28T12:57:53+00:00\" \/>\n<meta property=\"og:image\" content=\"https:\/\/www.tui.at\/blog\/wp-content\/uploads\/2025\/10\/image00005-header.jpeg\" \/>\n\t<meta property=\"og:image:width\" content=\"1600\" \/>\n\t<meta property=\"og:image:height\" content=\"1067\" \/>\n\t<meta property=\"og:image:type\" content=\"image\/jpeg\" \/>\n<meta name=\"author\" content=\"Vannese\" \/>\n<meta name=\"twitter:card\" content=\"summary_large_image\" \/>\n<meta name=\"twitter:label1\" content=\"Verfasst von\" \/>\n\t<meta name=\"twitter:data1\" content=\"Vannese\" \/>\n\t<meta name=\"twitter:label2\" content=\"Gesch\u00e4tzte Lesezeit\" \/>\n\t<meta name=\"twitter:data2\" content=\"23\u00a0Minuten\" \/>\n<script type=\"application\/ld+json\" class=\"yoast-schema-graph\">{\"@context\":\"https:\\\/\\\/schema.org\",\"@graph\":[{\"@type\":\"BlogPosting\",\"@id\":\"https:\\\/\\\/www.tui.at\\\/blog\\\/barcelona_wochenende_am_meer\\\/#article\",\"isPartOf\":{\"@id\":\"https:\\\/\\\/www.tui.at\\\/blog\\\/barcelona_wochenende_am_meer\\\/\"},\"author\":{\"name\":\"Vannese\",\"@id\":\"https:\\\/\\\/www.tui.at\\\/blog\\\/#\\\/schema\\\/person\\\/34a89117e831fa1f246686033194936e\"},\"headline\":\"Barcelona: Ein Wochenende in der Stadt am Meer\",\"datePublished\":\"2023-04-12T07:56:28+00:00\",\"dateModified\":\"2025-10-28T12:57:53+00:00\",\"mainEntityOfPage\":{\"@id\":\"https:\\\/\\\/www.tui.at\\\/blog\\\/barcelona_wochenende_am_meer\\\/\"},\"wordCount\":4611,\"commentCount\":0,\"publisher\":{\"@id\":\"https:\\\/\\\/www.tui.at\\\/blog\\\/#organization\"},\"image\":{\"@id\":\"https:\\\/\\\/www.tui.at\\\/blog\\\/barcelona_wochenende_am_meer\\\/#primaryimage\"},\"thumbnailUrl\":\"https:\\\/\\\/www.tui.at\\\/blog\\\/wp-content\\\/uploads\\\/2025\\\/10\\\/image00005-header.jpeg\",\"keywords\":[\"Barcelona\",\"Citytrip\",\"Europa\",\"Reiseblogger\",\"Reisen\",\"Reisetipps\",\"sightseeing\",\"Spanien\",\"St\u00e4dtereise\",\"Tipps\",\"TUI\",\"Urlaub\"],\"articleSection\":[\"St\u00e4dtetrips\"],\"inLanguage\":\"de\",\"potentialAction\":[{\"@type\":\"CommentAction\",\"name\":\"Comment\",\"target\":[\"https:\\\/\\\/www.tui.at\\\/blog\\\/barcelona_wochenende_am_meer\\\/#respond\"]}]},{\"@type\":\"WebPage\",\"@id\":\"https:\\\/\\\/www.tui.at\\\/blog\\\/barcelona_wochenende_am_meer\\\/\",\"url\":\"https:\\\/\\\/www.tui.at\\\/blog\\\/barcelona_wochenende_am_meer\\\/\",\"name\":\"Barcelona: Ein Wochenende in der Stadt am Meer - TUI.at Reiseblog\",\"isPartOf\":{\"@id\":\"https:\\\/\\\/www.tui.at\\\/blog\\\/#website\"},\"primaryImageOfPage\":{\"@id\":\"https:\\\/\\\/www.tui.at\\\/blog\\\/barcelona_wochenende_am_meer\\\/#primaryimage\"},\"image\":{\"@id\":\"https:\\\/\\\/www.tui.at\\\/blog\\\/barcelona_wochenende_am_meer\\\/#primaryimage\"},\"thumbnailUrl\":\"https:\\\/\\\/www.tui.at\\\/blog\\\/wp-content\\\/uploads\\\/2025\\\/10\\\/image00005-header.jpeg\",\"datePublished\":\"2023-04-12T07:56:28+00:00\",\"dateModified\":\"2025-10-28T12:57:53+00:00\",\"description\":\"Lifestyle-Bloggerin Vanessa war mit uns in Barcelona und hat ganz besondere Tipps, abseits der 0-8-15 Empfehlungen f\u00fcr euch.\",\"breadcrumb\":{\"@id\":\"https:\\\/\\\/www.tui.at\\\/blog\\\/barcelona_wochenende_am_meer\\\/#breadcrumb\"},\"inLanguage\":\"de\",\"potentialAction\":[{\"@type\":\"ReadAction\",\"target\":[\"https:\\\/\\\/www.tui.at\\\/blog\\\/barcelona_wochenende_am_meer\\\/\"]}]},{\"@type\":\"ImageObject\",\"inLanguage\":\"de\",\"@id\":\"https:\\\/\\\/www.tui.at\\\/blog\\\/barcelona_wochenende_am_meer\\\/#primaryimage\",\"url\":\"https:\\\/\\\/www.tui.at\\\/blog\\\/wp-content\\\/uploads\\\/2025\\\/10\\\/image00005-header.jpeg\",\"contentUrl\":\"https:\\\/\\\/www.tui.at\\\/blog\\\/wp-content\\\/uploads\\\/2025\\\/10\\\/image00005-header.jpeg\",\"width\":1600,\"height\":1067},{\"@type\":\"BreadcrumbList\",\"@id\":\"https:\\\/\\\/www.tui.at\\\/blog\\\/barcelona_wochenende_am_meer\\\/#breadcrumb\",\"itemListElement\":[{\"@type\":\"ListItem\",\"position\":1,\"name\":\"Startseite\",\"item\":\"https:\\\/\\\/www.tui.at\\\/blog\\\/\"},{\"@type\":\"ListItem\",\"position\":2,\"name\":\"Barcelona: Ein Wochenende in der Stadt am Meer\"}]},{\"@type\":\"WebSite\",\"@id\":\"https:\\\/\\\/www.tui.at\\\/blog\\\/#website\",\"url\":\"https:\\\/\\\/www.tui.at\\\/blog\\\/\",\"name\":\"TUI.at Reiseblog\",\"description\":\"Inspirationen f\u00fcr den perfekten Urlaub\",\"publisher\":{\"@id\":\"https:\\\/\\\/www.tui.at\\\/blog\\\/#organization\"},\"potentialAction\":[{\"@type\":\"SearchAction\",\"target\":{\"@type\":\"EntryPoint\",\"urlTemplate\":\"https:\\\/\\\/www.tui.at\\\/blog\\\/?s={search_term_string}\"},\"query-input\":{\"@type\":\"PropertyValueSpecification\",\"valueRequired\":true,\"valueName\":\"search_term_string\"}}],\"inLanguage\":\"de\"},{\"@type\":\"Organization\",\"@id\":\"https:\\\/\\\/www.tui.at\\\/blog\\\/#organization\",\"name\":\"TUI.at Reiseblog\",\"url\":\"https:\\\/\\\/www.tui.at\\\/blog\\\/\",\"logo\":{\"@type\":\"ImageObject\",\"inLanguage\":\"de\",\"@id\":\"https:\\\/\\\/www.tui.at\\\/blog\\\/#\\\/schema\\\/logo\\\/image\\\/\",\"url\":\"https:\\\/\\\/www.tui.at\\\/blog\\\/wp-content\\\/uploads\\\/2025\\\/09\\\/cropped-tui-logo-3.webp\",\"contentUrl\":\"https:\\\/\\\/www.tui.at\\\/blog\\\/wp-content\\\/uploads\\\/2025\\\/09\\\/cropped-tui-logo-3.webp\",\"width\":164,\"height\":72,\"caption\":\"TUI.at Reiseblog\"},\"image\":{\"@id\":\"https:\\\/\\\/www.tui.at\\\/blog\\\/#\\\/schema\\\/logo\\\/image\\\/\"}},{\"@type\":\"Person\",\"@id\":\"https:\\\/\\\/www.tui.at\\\/blog\\\/#\\\/schema\\\/person\\\/34a89117e831fa1f246686033194936e\",\"name\":\"Vannese\",\"description\":\"Die fr\u00f6hliche K\u00e4rntnerin liebt Beauty, Fashion und Travel-Content. Gemeinsam mit ihrer Schwester betreibt sie den Blog vannese.com.\",\"url\":\"https:\\\/\\\/www.tui.at\\\/blog\\\/author\\\/vanessa-strauss\\\/\"}]}<\/script>\n<!-- \/ Yoast SEO plugin. -->","yoast_head_json":{"title":"Barcelona: Ein Wochenende in der Stadt am Meer - TUI.at Reiseblog","description":"Lifestyle-Bloggerin Vanessa war mit uns in Barcelona und hat ganz besondere Tipps, abseits der 0-8-15 Empfehlungen f\u00fcr euch.","robots":{"index":"index","follow":"follow","max-snippet":"max-snippet:-1","max-image-preview":"max-image-preview:large","max-video-preview":"max-video-preview:-1"},"canonical":"https:\/\/www.tui.at\/blog\/barcelona_wochenende_am_meer\/","og_locale":"de_DE","og_type":"article","og_title":"Barcelona: Ein Wochenende in der Stadt am Meer - TUI.at Reiseblog","og_description":"Lifestyle-Bloggerin Vanessa war mit uns in Barcelona und hat ganz besondere Tipps, abseits der 0-8-15 Empfehlungen f\u00fcr euch.","og_url":"https:\/\/www.tui.at\/blog\/barcelona_wochenende_am_meer\/","og_site_name":"TUI.at Reiseblog","article_published_time":"2023-04-12T07:56:28+00:00","article_modified_time":"2025-10-28T12:57:53+00:00","og_image":[{"width":1600,"height":1067,"url":"https:\/\/www.tui.at\/blog\/wp-content\/uploads\/2025\/10\/image00005-header.jpeg","type":"image\/jpeg"}],"author":"Vannese","twitter_card":"summary_large_image","twitter_misc":{"Verfasst von":"Vannese","Gesch\u00e4tzte Lesezeit":"23\u00a0Minuten"},"schema":{"@context":"https:\/\/schema.org","@graph":[{"@type":"BlogPosting","@id":"https:\/\/www.tui.at\/blog\/barcelona_wochenende_am_meer\/#article","isPartOf":{"@id":"https:\/\/www.tui.at\/blog\/barcelona_wochenende_am_meer\/"},"author":{"name":"Vannese","@id":"https:\/\/www.tui.at\/blog\/#\/schema\/person\/34a89117e831fa1f246686033194936e"},"headline":"Barcelona: Ein Wochenende in der Stadt am Meer","datePublished":"2023-04-12T07:56:28+00:00","dateModified":"2025-10-28T12:57:53+00:00","mainEntityOfPage":{"@id":"https:\/\/www.tui.at\/blog\/barcelona_wochenende_am_meer\/"},"wordCount":4611,"commentCount":0,"publisher":{"@id":"https:\/\/www.tui.at\/blog\/#organization"},"image":{"@id":"https:\/\/www.tui.at\/blog\/barcelona_wochenende_am_meer\/#primaryimage"},"thumbnailUrl":"https:\/\/www.tui.at\/blog\/wp-content\/uploads\/2025\/10\/image00005-header.jpeg","keywords":["Barcelona","Citytrip","Europa","Reiseblogger","Reisen","Reisetipps","sightseeing","Spanien","St\u00e4dtereise","Tipps","TUI","Urlaub"],"articleSection":["St\u00e4dtetrips"],"inLanguage":"de","potentialAction":[{"@type":"CommentAction","name":"Comment","target":["https:\/\/www.tui.at\/blog\/barcelona_wochenende_am_meer\/#respond"]}]},{"@type":"WebPage","@id":"https:\/\/www.tui.at\/blog\/barcelona_wochenende_am_meer\/","url":"https:\/\/www.tui.at\/blog\/barcelona_wochenende_am_meer\/","name":"Barcelona: Ein Wochenende in der Stadt am Meer - TUI.at Reiseblog","isPartOf":{"@id":"https:\/\/www.tui.at\/blog\/#website"},"primaryImageOfPage":{"@id":"https:\/\/www.tui.at\/blog\/barcelona_wochenende_am_meer\/#primaryimage"},"image":{"@id":"https:\/\/www.tui.at\/blog\/barcelona_wochenende_am_meer\/#primaryimage"},"thumbnailUrl":"https:\/\/www.tui.at\/blog\/wp-content\/uploads\/2025\/10\/image00005-header.jpeg","datePublished":"2023-04-12T07:56:28+00:00","dateModified":"2025-10-28T12:57:53+00:00","description":"Lifestyle-Bloggerin Vanessa war mit uns in Barcelona und hat ganz besondere Tipps, abseits der 0-8-15 Empfehlungen f\u00fcr euch.","breadcrumb":{"@id":"https:\/\/www.tui.at\/blog\/barcelona_wochenende_am_meer\/#breadcrumb"},"inLanguage":"de","potentialAction":[{"@type":"ReadAction","target":["https:\/\/www.tui.at\/blog\/barcelona_wochenende_am_meer\/"]}]},{"@type":"ImageObject","inLanguage":"de","@id":"https:\/\/www.tui.at\/blog\/barcelona_wochenende_am_meer\/#primaryimage","url":"https:\/\/www.tui.at\/blog\/wp-content\/uploads\/2025\/10\/image00005-header.jpeg","contentUrl":"https:\/\/www.tui.at\/blog\/wp-content\/uploads\/2025\/10\/image00005-header.jpeg","width":1600,"height":1067},{"@type":"BreadcrumbList","@id":"https:\/\/www.tui.at\/blog\/barcelona_wochenende_am_meer\/#breadcrumb","itemListElement":[{"@type":"ListItem","position":1,"name":"Startseite","item":"https:\/\/www.tui.at\/blog\/"},{"@type":"ListItem","position":2,"name":"Barcelona: Ein Wochenende in der Stadt am Meer"}]},{"@type":"WebSite","@id":"https:\/\/www.tui.at\/blog\/#website","url":"https:\/\/www.tui.at\/blog\/","name":"TUI.at Reiseblog","description":"Inspirationen f\u00fcr den perfekten Urlaub","publisher":{"@id":"https:\/\/www.tui.at\/blog\/#organization"},"potentialAction":[{"@type":"SearchAction","target":{"@type":"EntryPoint","urlTemplate":"https:\/\/www.tui.at\/blog\/?s={search_term_string}"},"query-input":{"@type":"PropertyValueSpecification","valueRequired":true,"valueName":"search_term_string"}}],"inLanguage":"de"},{"@type":"Organization","@id":"https:\/\/www.tui.at\/blog\/#organization","name":"TUI.at Reiseblog","url":"https:\/\/www.tui.at\/blog\/","logo":{"@type":"ImageObject","inLanguage":"de","@id":"https:\/\/www.tui.at\/blog\/#\/schema\/logo\/image\/","url":"https:\/\/www.tui.at\/blog\/wp-content\/uploads\/2025\/09\/cropped-tui-logo-3.webp","contentUrl":"https:\/\/www.tui.at\/blog\/wp-content\/uploads\/2025\/09\/cropped-tui-logo-3.webp","width":164,"height":72,"caption":"TUI.at Reiseblog"},"image":{"@id":"https:\/\/www.tui.at\/blog\/#\/schema\/logo\/image\/"}},{"@type":"Person","@id":"https:\/\/www.tui.at\/blog\/#\/schema\/person\/34a89117e831fa1f246686033194936e","name":"Vannese","description":"Die fr\u00f6hliche K\u00e4rntnerin liebt Beauty, Fashion und Travel-Content. Gemeinsam mit ihrer Schwester betreibt sie den Blog vannese.com.","url":"https:\/\/www.tui.at\/blog\/author\/vanessa-strauss\/"}]}},"_links":{"self":[{"href":"https:\/\/www.tui.at\/blog\/wp-json\/wp\/v2\/posts\/489325","targetHints":{"allow":["GET"]}}],"collection":[{"href":"https:\/\/www.tui.at\/blog\/wp-json\/wp\/v2\/posts"}],"about":[{"href":"https:\/\/www.tui.at\/blog\/wp-json\/wp\/v2\/types\/post"}],"author":[{"embeddable":true,"href":"https:\/\/www.tui.at\/blog\/wp-json\/wp\/v2\/users\/243"}],"replies":[{"embeddable":true,"href":"https:\/\/www.tui.at\/blog\/wp-json\/wp\/v2\/comments?post=489325"}],"version-history":[{"count":6,"href":"https:\/\/www.tui.at\/blog\/wp-json\/wp\/v2\/posts\/489325\/revisions"}],"predecessor-version":[{"id":491171,"href":"https:\/\/www.tui.at\/blog\/wp-json\/wp\/v2\/posts\/489325\/revisions\/491171"}],"wp:featuredmedia":[{"embeddable":true,"href":"https:\/\/www.tui.at\/blog\/wp-json\/wp\/v2\/media\/491155"}],"wp:attachment":[{"href":"https:\/\/www.tui.at\/blog\/wp-json\/wp\/v2\/media?parent=489325"}],"wp:term":[{"taxonomy":"category","embeddable":true,"href":"https:\/\/www.tui.at\/blog\/wp-json\/wp\/v2\/categories?post=489325"},{"taxonomy":"post_tag","embeddable":true,"href":"https:\/\/www.tui.at\/blog\/wp-json\/wp\/v2\/tags?post=489325"}],"curies":[{"name":"wp","href":"https:\/\/api.w.org\/{rel}","templated":true}]}}