{"id":489286,"date":"2023-02-09T10:38:25","date_gmt":"2023-02-09T09:38:25","guid":{"rendered":"https:\/\/www.tui.at\/blog\/feiertage-2023-clever-nutzen\/"},"modified":"2025-10-24T11:39:36","modified_gmt":"2025-10-24T09:39:36","slug":"feiertage-2023-smart-nutzen","status":"publish","type":"post","link":"https:\/\/www.tui.at\/blog\/feiertage-2023-smart-nutzen\/","title":{"rendered":"Feiertage 2023 smart nutzen"},"content":{"rendered":"<p><div class=\"legacy-fullwidth\"><div class=\"legacy-fusion-text\">In 2023 l\u00e4sst sich mit geschickter Einbindung der Feiertage mehr aus dem Urlaub herausholen. So kannst du <strong>25 Urlaubstage in ganze 61 Tage pure Reiselust<\/strong> verwandeln.<\/p>\n<p>Wir haben hier einige Reise- und Spartipps f\u00fcr dich zusammengefasst!<\/div><div class=\"legacy-fusion-text\"><\/p>\n<blockquote><p>Psssst: Mit den <a href=\"https:\/\/www.tui.at\/pauschalreisen\/fruehbucher\/\">TUI-Fr\u00fchbucherangeboten<\/a> sicherst du dir noch bis Ende Februar Urlaub zu besonders attraktiven Preisen.<\/p><\/blockquote>\n<p><\/div><\/div><div class=\"legacy-fullwidth\"><div class=\"legacy-fusion-title\"><h2>Osterfeiertage<\/h2><\/div><div class=\"legacy-fusion-text\">Die Osternestsuche an den Strand verlegen? Das ist dieses Jahr m\u00f6glich, denn mit nur <strong>4 Urlaubstagen<\/strong> kannst du ganze <strong>9 Tage Urlaub<\/strong> machen. Neben Fernreisen bieten sich daf\u00fcr auch die <a href=\"https:\/\/www.tui.at\/pauschalreisen\/spanien\/kanaren\/\" target=\"_blank\" rel=\"noopener noreferrer\">kanarischen Inseln<\/a> mit angenehmen Temperaturen und bis zu 350 Sonnentagen im Jahr an.<\/p>\n<p><\/div><div class=\"legacy-fusion-text\"><a href=\"https:\/\/www.tui.at\/pauschalreisen\/spanien\/gran-canaria\/\" target=\"_blank\" rel=\"noopener noreferrer\">Gran Canaria<\/a>, als drittgr\u00f6\u00dfte der kanarischen Inseln, ist ein Paradies f\u00fcr Naturliebhaber, Entspannungssuchende und Abenteuerlustige zugleich. Denn sie begeistert durch <strong>wei\u00dfe Sandstr\u00e4nde<\/strong>, <strong>eindrucksvolle Vulkan- und W\u00fcstenlandschaften<\/strong> und <strong>Hotspots f\u00fcr Wassersport<\/strong>.<\/p>\n<p><\/div><div class=\"legacy-fusion-text\"><strong>Unser Hoteltipp:<\/strong> Das familienfreundliche Vier-Sterne-Hotel\u00a0<a href=\"https:\/\/www.tui.at\/hotel\/suchen\/angebote\/TUI-KIDS-CLUB-Taurito-Princess\/2803\/hotelDescription\/\"><strong>TUI Kids Club Taurito Princess<\/strong><\/a> sorgt mit einem sch\u00f6nen Ausblick vom Pool auf den Atlantik f\u00fcr Entspannung pur.<\/div><\/div><div class=\"legacy-fullwidth\"><div class=\"legacy-row\"><div class=\"one-half\"><div class=\"legacy-fusion-text\"><img loading=\"lazy\" decoding=\"async\" class=\"size-medium wp-image-25595 aligncenter\" src=\"https:\/\/www.tui.at\/blog\/wp-content\/uploads\/2023\/02\/Taurito-princess2-1.jpg\" alt=\"\" width=\"615\" height=\"439\" \/><\/div><\/div><div class=\"one-half\"><div class=\"legacy-fusion-text\"><img loading=\"lazy\" decoding=\"async\" class=\"size-medium wp-image-25594 aligncenter\" src=\"https:\/\/www.tui.at\/blog\/wp-content\/uploads\/2023\/02\/Taurito-princess-1.jpg\" alt=\"\" width=\"615\" height=\"439\" \/><\/div><\/div><\/div><\/div><div class=\"legacy-fullwidth\"><div class=\"legacy-fusion-title\"><h2>Staatsfeiertag<\/h2><\/div><div class=\"legacy-fusion-text\">F\u00fcr einen <strong>Kurztrip ans Meer<\/strong> Anfang Mai ist die spanische Insel <a href=\"https:\/\/www.tui.at\/pauschalreisen\/spanien\/mallorca\/\" target=\"_blank\" rel=\"noopener noreferrer\">Mallorca<\/a> eine erstklassige Wahl. Daf\u00fcr musst du dir <strong>keinen Tag freinehmen<\/strong>, denn der Staatsfeiertag f\u00e4llt dieses Jahr auf einen Montag.<\/p>\n<p>Die facettenreiche Insel verzaubert im Fr\u00fchling mit optimalem Klima f\u00fcr <strong>Radtouren oder sportliche Aktivit\u00e4ten<\/strong>. Der S\u00fcden Mallorcas l\u00e4dt zum <strong>Badespa\u00df<\/strong> und Erlebnisurlaub ein. W\u00e4hrend der Westen und Norden f\u00fcr <strong>romantische Buchten<\/strong> und <strong>charmante historische Orte<\/strong> bekannt ist.<\/p>\n<p><\/div><div class=\"legacy-fusion-text\">Du suchst nach einem passenden Hotel?<br \/>\nDas zentralgelegene Vier-Sterne Hotel <a href=\"https:\/\/www.tui.at\/hotel\/suchen\/angebote\/Hotel-Riu-Playa-Park\/20450\/offer\/\">Riu Playa Park<\/a> auf Mallorca ist der ideale Erholungsort f\u00fcr einen sonnigen Wochenendtrip.<\/div><\/div><div class=\"legacy-row\"><div class=\"one-half\"><div class=\"legacy-fusion-text\"><img loading=\"lazy\" decoding=\"async\" class=\"aligncenter wp-image-25598 size-medium\" src=\"https:\/\/www.tui.at\/blog\/wp-content\/uploads\/2023\/02\/riu-playa-park-e1675934251704.jpg\" alt=\"Feiertage Mallorca\" width=\"615\" height=\"386\" \/><\/div><\/div><div class=\"one-half\"><div class=\"legacy-fusion-text\"><img loading=\"lazy\" decoding=\"async\" class=\"alignnone wp-image-21653 size-medium\" src=\"https:\/\/www.tui.at\/blog\/wp-content\/uploads\/2019\/12\/2-1.png\" alt=\"Feiertage Mallorca\" width=\"615\" height=\"379\" \/><\/div><\/div><\/div><div class=\"legacy-fullwidth\"><div class=\"legacy-fusion-title\"><h2>Christi Himmelfahrt<\/h2><\/div><div class=\"legacy-fusion-text\">Mitte Mai kann man mit nur einem Urlaubstag rund um Christi Himmelfahrt vier Tage Sonne, Strand und Meer genie\u00dfen. Da lohnt es sich, eine der sch\u00f6nsten Inseln im Mittelmeer zu entdecken: Zypern.<br \/>\nAuf Zypern findest du <strong>zahlreiche Sehensw\u00fcrdigkeiten<\/strong>,\u00a0<strong>traumhafte Sandstr\u00e4nde<\/strong>\u00a0und eine \u00e4u\u00dferst\u00a0<strong>abwechslungsreiche Natur.<\/strong><\/p>\n<p><\/div><div class=\"legacy-fusion-text\">Du w\u00fcnschst dir ein Hotel direkt am <strong>flachabfallenden Strand,<\/strong>\u00a0mit zentraler Lage und\u00a0<strong>tollen Unterhaltungs- und Entspannungsm\u00f6glichkeiten? <\/strong>Dann entdecke jetzt das 5-Sterne Hotel <a href=\"https:\/\/www.tui.at\/pauschalreisen\/suchen\/angebote\/Constantinou-Bros-Athena-Beach-Hotel\/8219\/hotelDescription\/?startDate=2023-02-10&amp;endDate=2023-05-12&amp;duration=7-&amp;environmentAttributes=579&amp;language=de&amp;utm_source=bing&amp;utm_medium=cpc&amp;utm_campaign=Regionen%20%7C%20Zypern&amp;utm_content=Zypern&amp;utm_term=reisen%20zypern\">Constantinou Bros Athena Beach<\/a>.<\/div><\/div><div class=\"legacy-row\"><div class=\"one-half\"><div class=\"legacy-fusion-text\"><img loading=\"lazy\" decoding=\"async\" class=\"aligncenter wp-image-25434 size-medium\" src=\"https:\/\/www.tui.at\/blog\/wp-content\/uploads\/2023\/01\/zypern-aya-napa.jpg\" alt=\"Feiertage Zypern\" width=\"615\" height=\"410\" \/><\/div><\/div><div class=\"one-half\"><div class=\"legacy-fusion-text\"><img loading=\"lazy\" decoding=\"async\" class=\"aligncenter wp-image-25599 size-medium\" src=\"https:\/\/www.tui.at\/blog\/wp-content\/uploads\/2023\/02\/constantinou-bros-zypern-e1675934485408.jpg\" alt=\"\" width=\"615\" height=\"400\" \/><\/div><\/div><\/div><div class=\"legacy-fullwidth\"><div class=\"legacy-fusion-title\"><h2>Pfingsten und Fronleichnam<\/h2><\/div><div class=\"legacy-fusion-text\">Pfingsten und Fronleichnam fallen dieses Jahr besonders gut zusammen, sodass man mit acht Urlaubstagen <strong>doppelt so viel Urlaub<\/strong> genie\u00dfen kann. Damit lohnt sich beispielsweise eine <strong>Reise nach \u00c4gypten<\/strong>, wo zu dieser Jahreszeit <strong>angenehme Badetemperaturen<\/strong> herrschen. Wassersportfans, Taucher, Familien und Strandurlauber kommen in \u00c4gypten gleicherma\u00dfen auf ihre Kosten.<\/p>\n<p>Unser Hoteltipp f\u00fcr Wohlf\u00fchlmomente: Der Vier-Sterne Familienclub<strong><a href=\"https:\/\/www.tui.at\/hotel\/suchen\/angebote\/TUI-MAGIC-LIFE-Kalawy\/86090\/hotelDescription\/?showTotalPrice=0\"> TUI Magic Life Kalawy<\/a>.<br \/>\n<\/strong>Der Club ist aufgrund des gro\u00dfen Freizeitangebots sowie dank eigener Badebucht und Korallenriff besonders bei Sportbegeisterten und Familien beliebt.<\/div><\/div><div class=\"legacy-row\"><div class=\"one-half\"><div class=\"legacy-fusion-text\"><img loading=\"lazy\" decoding=\"async\" class=\"aligncenter wp-image-21076 size-medium\" src=\"https:\/\/www.tui.at\/blog\/wp-content\/uploads\/2019\/10\/Kalawy2-e1675934650891.jpg\" alt=\"TUI MAGIC LIFE Kalawy Feiertage\" width=\"615\" height=\"415\" \/><\/div><\/div><div class=\"one-half\"><div class=\"legacy-fusion-text\"><img loading=\"lazy\" decoding=\"async\" class=\"size-medium wp-image-24881 aligncenter\" src=\"https:\/\/www.tui.at\/blog\/wp-content\/uploads\/2022\/02\/Aegypten-Taucherin.jpg\" alt=\"\" width=\"615\" height=\"411\" \/><\/div><\/div><\/div><div class=\"legacy-fullwidth\"><div class=\"legacy-fusion-title\"><h2>Mari\u00e4 Himmelfahrt<\/h2><\/div><div class=\"legacy-fusion-text\">Mari\u00e4 Himmelfahrt f\u00e4llt heuer auf einen Dienstag. Mit nur <strong>vier Urlaubstagen<\/strong> kann man daher heuer im August <strong>einen neunt\u00e4gigen Sommerurlaub<\/strong> verbringen. Dabei bieten sich nahegelegene Reiseziele wie etwa Kroatien oder Italien an.<\/p>\n<p>Das familienfreundliche Vier-Sterne-Hotel\u00a0<strong><a href=\"https:\/\/www.tui.at\/hotel\/suchen\/angebote\/TUI-SUNEO-Supetar\/1125668\/hotelDescription\/\">TUI Suneo Supetar<\/a> auf der Insel Brac<\/strong>\u00a0in Kroatien befindet sich direkt an der Strandpromenade und einer besonders f\u00fcr Kinder geeigneten Badebucht mit Kiesstrand und glasklarem Wasser.<\/div><\/div><div class=\"legacy-row\"><div class=\"one-half\"><div class=\"legacy-fusion-text\"><img loading=\"lazy\" decoding=\"async\" class=\"aligncenter wp-image-25600 size-medium\" title=\"Feiertage Kroatien\" src=\"https:\/\/www.tui.at\/blog\/wp-content\/uploads\/2023\/02\/suneo-supetar.jpg\" alt=\"\" width=\"615\" height=\"461\" \/><\/div><\/div><div class=\"one-half\"><div class=\"legacy-fusion-text\"><img loading=\"lazy\" decoding=\"async\" class=\"size-medium wp-image-25601 aligncenter\" src=\"https:\/\/www.tui.at\/blog\/wp-content\/uploads\/2023\/02\/suneo-supetar2.jpg\" alt=\"\" width=\"615\" height=\"461\" \/><\/div><\/div><\/div><div class=\"legacy-fullwidth\"><div class=\"legacy-fusion-title\"><h2>Nationalfeiertag und Allerheiligen<\/h2><\/div><div class=\"legacy-fusion-text\">Mit <strong>vier Urlaubstagen<\/strong> kannst du rund um den Nationalfeiertag und Allerheiligen heuer <strong>elf Tage Urlaub<\/strong> zum Sonnetanken genie\u00dfen.<br \/>\nIm November kann man etwa in <a href=\"https:\/\/www.tui.at\/pauschalreisen\/mexiko\/\"><strong>Mexiko<\/strong> <\/a>bei sommerlichen Temperaturen historische Kulturst\u00e4tten erkunden und einen erholsamen Strandurlaub mit Karibikflair verbringen.<\/p>\n<p>Das\u00a0elegante <b><a href=\"https:\/\/www.tui.at\/pauschalreisen\/suchen\/angebote\/Hotel-Riu-Palace-Mexico\/20441\/hotelDescription\/\">Riu Palace Mexico<\/a><\/b> begr\u00fc\u00dft seine G\u00e4ste in einer beeindruckenden Empfangshalle, in der du abends bei einem karibischen Cocktail die Atmosph\u00e4re genie\u00dfen kannst. Tags\u00fcber <b>entspannst du am zauberhaften Meer<\/b>\u00a0oder in einem der Pools in der\u00a0<b>gro\u00dfz\u00fcgigen Hotelanlage<\/b>.<\/div><div class=\"legacy-row\"><div class=\"one-half\"><div class=\"legacy-fusion-text\"><img loading=\"lazy\" decoding=\"async\" class=\"aligncenter wp-image-25602 size-medium\" src=\"https:\/\/www.tui.at\/blog\/wp-content\/uploads\/2023\/02\/riu-palace-mexiko-e1675935160843.jpg\" alt=\"Feiertage Mexiko\" width=\"615\" height=\"415\" \/><\/div><\/div><div class=\"one-half\"><div class=\"legacy-fusion-text\"><img loading=\"lazy\" decoding=\"async\" class=\"size-medium wp-image-17864 aligncenter\" src=\"https:\/\/www.tui.at\/blog\/wp-content\/uploads\/2018\/12\/shutterstock_78695740_Isla_Mujeres-1.jpg\" alt=\"TUI Mexiko Isla Mujeres\" width=\"615\" height=\"407\" \/><\/div><\/div><\/div><\/div><div class=\"legacy-fullwidth\"><div class=\"legacy-fusion-title\"><h2>Mari\u00e4 Empf\u00e4ngnis<\/h2><\/div><div class=\"legacy-fusion-text\">Rund um den Feiertag im Dezember kannst du <strong>mit nur vier Urlaubstagen neun Tage entspannen<\/strong> und ihre Energiereserven auftanken. Hierf\u00fcr bietet sich eine Fernreise nach <a href=\"https:\/\/blog.tui.at\/reisetraum_thailand\">Thailand<\/a> an. Im Dezember \u00fcberzeugt die Urlaubsregion Khao Lak mit optimalen Badetemperaturen und bis zu zehn Sonnenstunden pro Tag.<\/p>\n<p><strong>Unser Hoteltipp:<\/strong> Das Vier-Sterne Hotel <a href=\"https:\/\/www.tui.at\/hotel\/suchen\/angebote\/The-Waters-Khao-Lak-by-Katathani-Collection\/424541\/hotelDescription\/?startDate=2023-12-01&amp;endDate=2023-12-31&amp;showTotalPrice=0\"><strong>The Waters Khao Lak by Katathani Collection<\/strong><\/a><\/div><\/div><div class=\"legacy-row\"><div class=\"one-half\"><div class=\"legacy-fusion-text\"><img loading=\"lazy\" decoding=\"async\" class=\"size-medium wp-image-25603 aligncenter\" src=\"https:\/\/www.tui.at\/blog\/wp-content\/uploads\/2023\/02\/The-Waters-Khao-Lak-by-Katathani-Collection.jpg\" alt=\"\" width=\"615\" height=\"461\" \/><\/div><\/div><div class=\"one-half\"><div class=\"legacy-fusion-text\"><img loading=\"lazy\" decoding=\"async\" class=\"size-medium wp-image-25604 aligncenter\" src=\"https:\/\/www.tui.at\/blog\/wp-content\/uploads\/2023\/02\/The-Waters-Khao-Lak-by-Katathani-Collection2.jpg\" alt=\"\" width=\"615\" height=\"461\" \/><\/div><\/div><\/div><div class=\"legacy-fullwidth\"><div class=\"legacy-fusion-title\"><h2>Weihnachten und Silvester<\/h2><\/div><div class=\"legacy-fusion-text\">Wer zu Weihnachten ein <strong>tropisches Klima und wei\u00dfe Sandstr\u00e4nde auf den Malediven<\/strong> genie\u00dfen m\u00f6chte, kann im Dezember aus<strong> drei Tagen Urlaub zehn freie Erholungstage<\/strong> machen. Mit t\u00fcrkisblauem Meer und einer beeindruckenden Unterwasserwelt haben die Malediven das optimale Package f\u00fcr einen Erholungsurlaub zu bieten.<\/p>\n<p>Wer noch ein <strong>passendes Hotel<\/strong> sucht, der ist im <a href=\"https:\/\/www.tui.at\/hotel\/suchen\/angebote\/ROBINSON-NOONU\/655773\/hotelDescription\/?startDate=2023-12-01&amp;endDate=2023-12-31&amp;showTotalPrice=0\">ROBINSON NOONU<\/a> bestens aufgehoben! Der Rundum-Wohlf\u00fchlservice<strong>\u00a0<\/strong>l\u00e4sst hier keine W\u00fcnsche offen.<\/div><\/div><div class=\"legacy-row\"><div class=\"one-half\"><div class=\"legacy-fusion-text\"><img loading=\"lazy\" decoding=\"async\" class=\"size-medium wp-image-25606 aligncenter\" src=\"https:\/\/www.tui.at\/blog\/wp-content\/uploads\/2023\/02\/robinson-noonu2.jpg\" alt=\"\" width=\"615\" height=\"461\" \/><\/div><\/div><div class=\"one-half\"><div class=\"legacy-fusion-text\"><img loading=\"lazy\" decoding=\"async\" class=\"aligncenter wp-image-25605 size-medium\" src=\"https:\/\/www.tui.at\/blog\/wp-content\/uploads\/2023\/02\/Robinson-noonu.jpg\" alt=\"Feiertage Malediven\" width=\"615\" height=\"461\" \/><\/div><\/div><\/div><div class=\"legacy-fullwidth\"><div class=\"legacy-fusion-text\"><\/p>\n<blockquote><p>Wann wohin in den Urlaub? Hol dir weitere Tipps aus dem <a href=\"https:\/\/www.tui.at\/pauschalreisen\/reisekalender\/\" target=\"_blank\" rel=\"noopener noreferrer\">TUI Reisekalender<\/a> f\u00fcr jedes Monat.<\/p><\/blockquote>\n<p><\/div><\/div><\/p>\n","protected":false},"excerpt":{"rendered":"<p>2023 kannst du deine Urlaubszeit dank geschickter Planung mehr als verdoppeln. Hier findest du TUI Reise- und Spartipps rund um die Feier- und Fenstertage.<\/p>\n","protected":false},"author":233,"featured_media":489287,"comment_status":"open","ping_status":"closed","sticky":false,"template":"","format":"standard","meta":{"_acf_changed":false,"footnotes":""},"categories":[5154],"tags":[5019,5020,5021,4912,4892,5022,4895,4978,4926,4849,4879,5023,5024],"class_list":["post-489286","post","type-post","status-publish","format-standard","has-post-thumbnail","hentry","category-archiv-planung-und-tipps","tag-5019","tag-feiertage","tag-fenstertage","tag-hoteltipp","tag-insidertipps","tag-kalender","tag-reisen","tag-reisetipps","tag-tipps","tag-tui","tag-urlaub","tag-urlaubskalender","tag-urlaubstage"],"acf":[],"yoast_head":"<!-- This site is optimized with the Yoast SEO plugin v27.4 - https:\/\/yoast.com\/product\/yoast-seo-wordpress\/ -->\n<title>Feiertage 2023 smart nutzen - TUI.at Reiseblog<\/title>\n<meta name=\"description\" content=\"2023 kannst du deine Urlaubszeit dank geschickter Planung mehr als verdoppeln. Wir verratend dir Reise- und Spartipps rund um die Feiertage.\" \/>\n<meta name=\"robots\" content=\"index, follow, max-snippet:-1, max-image-preview:large, max-video-preview:-1\" \/>\n<link rel=\"canonical\" href=\"https:\/\/www.tui.at\/blog\/feiertage-2023-smart-nutzen\/\" \/>\n<meta property=\"og:locale\" content=\"de_DE\" \/>\n<meta property=\"og:type\" content=\"article\" \/>\n<meta property=\"og:title\" content=\"Feiertage 2023 smart nutzen - TUI.at Reiseblog\" \/>\n<meta property=\"og:description\" content=\"2023 kannst du deine Urlaubszeit dank geschickter Planung mehr als verdoppeln. Wir verratend dir Reise- und Spartipps rund um die Feiertage.\" \/>\n<meta property=\"og:url\" content=\"https:\/\/www.tui.at\/blog\/feiertage-2023-smart-nutzen\/\" \/>\n<meta property=\"og:site_name\" content=\"TUI.at Reiseblog\" \/>\n<meta property=\"article:published_time\" content=\"2023-02-09T09:38:25+00:00\" \/>\n<meta property=\"article:modified_time\" content=\"2025-10-24T09:39:36+00:00\" \/>\n<meta property=\"og:image\" content=\"https:\/\/www.tui.at\/blog\/wp-content\/uploads\/2023\/02\/AdobeStock_219014767.jpeg\" \/>\n\t<meta property=\"og:image:width\" content=\"1600\" \/>\n\t<meta property=\"og:image:height\" content=\"1066\" \/>\n\t<meta property=\"og:image:type\" content=\"image\/jpeg\" \/>\n<meta name=\"author\" content=\"Susanna\" \/>\n<meta name=\"twitter:card\" content=\"summary_large_image\" \/>\n<meta name=\"twitter:label1\" content=\"Verfasst von\" \/>\n\t<meta name=\"twitter:data1\" content=\"Susanna\" \/>\n\t<meta name=\"twitter:label2\" content=\"Gesch\u00e4tzte Lesezeit\" \/>\n\t<meta name=\"twitter:data2\" content=\"10\u00a0Minuten\" \/>\n<script type=\"application\/ld+json\" class=\"yoast-schema-graph\">{\"@context\":\"https:\\\/\\\/schema.org\",\"@graph\":[{\"@type\":\"BlogPosting\",\"@id\":\"https:\\\/\\\/www.tui.at\\\/blog\\\/feiertage-2023-smart-nutzen\\\/#article\",\"isPartOf\":{\"@id\":\"https:\\\/\\\/www.tui.at\\\/blog\\\/feiertage-2023-smart-nutzen\\\/\"},\"author\":{\"name\":\"Susanna\",\"@id\":\"https:\\\/\\\/www.tui.at\\\/blog\\\/#\\\/schema\\\/person\\\/ad15f1f9406d001e289b04c9e5fc8179\"},\"headline\":\"Feiertage 2023 smart nutzen\",\"datePublished\":\"2023-02-09T09:38:25+00:00\",\"dateModified\":\"2025-10-24T09:39:36+00:00\",\"mainEntityOfPage\":{\"@id\":\"https:\\\/\\\/www.tui.at\\\/blog\\\/feiertage-2023-smart-nutzen\\\/\"},\"wordCount\":2033,\"commentCount\":0,\"publisher\":{\"@id\":\"https:\\\/\\\/www.tui.at\\\/blog\\\/#organization\"},\"image\":{\"@id\":\"https:\\\/\\\/www.tui.at\\\/blog\\\/feiertage-2023-smart-nutzen\\\/#primaryimage\"},\"thumbnailUrl\":\"https:\\\/\\\/www.tui.at\\\/blog\\\/wp-content\\\/uploads\\\/2023\\\/02\\\/AdobeStock_219014767.jpeg\",\"keywords\":[\"2020\",\"feiertage\",\"fenstertage\",\"Hoteltipp\",\"Insidertipps\",\"Kalender\",\"Reisen\",\"Reisetipps\",\"Tipps\",\"TUI\",\"Urlaub\",\"Urlaubskalender\",\"Urlaubstage\"],\"articleSection\":[\"Planung &amp; Tipps\"],\"inLanguage\":\"de\",\"potentialAction\":[{\"@type\":\"CommentAction\",\"name\":\"Comment\",\"target\":[\"https:\\\/\\\/www.tui.at\\\/blog\\\/feiertage-2023-smart-nutzen\\\/#respond\"]}]},{\"@type\":\"WebPage\",\"@id\":\"https:\\\/\\\/www.tui.at\\\/blog\\\/feiertage-2023-smart-nutzen\\\/\",\"url\":\"https:\\\/\\\/www.tui.at\\\/blog\\\/feiertage-2023-smart-nutzen\\\/\",\"name\":\"Feiertage 2023 smart nutzen - TUI.at Reiseblog\",\"isPartOf\":{\"@id\":\"https:\\\/\\\/www.tui.at\\\/blog\\\/#website\"},\"primaryImageOfPage\":{\"@id\":\"https:\\\/\\\/www.tui.at\\\/blog\\\/feiertage-2023-smart-nutzen\\\/#primaryimage\"},\"image\":{\"@id\":\"https:\\\/\\\/www.tui.at\\\/blog\\\/feiertage-2023-smart-nutzen\\\/#primaryimage\"},\"thumbnailUrl\":\"https:\\\/\\\/www.tui.at\\\/blog\\\/wp-content\\\/uploads\\\/2023\\\/02\\\/AdobeStock_219014767.jpeg\",\"datePublished\":\"2023-02-09T09:38:25+00:00\",\"dateModified\":\"2025-10-24T09:39:36+00:00\",\"description\":\"2023 kannst du deine Urlaubszeit dank geschickter Planung mehr als verdoppeln. Wir verratend dir Reise- und Spartipps rund um die Feiertage.\",\"breadcrumb\":{\"@id\":\"https:\\\/\\\/www.tui.at\\\/blog\\\/feiertage-2023-smart-nutzen\\\/#breadcrumb\"},\"inLanguage\":\"de\",\"potentialAction\":[{\"@type\":\"ReadAction\",\"target\":[\"https:\\\/\\\/www.tui.at\\\/blog\\\/feiertage-2023-smart-nutzen\\\/\"]}]},{\"@type\":\"ImageObject\",\"inLanguage\":\"de\",\"@id\":\"https:\\\/\\\/www.tui.at\\\/blog\\\/feiertage-2023-smart-nutzen\\\/#primaryimage\",\"url\":\"https:\\\/\\\/www.tui.at\\\/blog\\\/wp-content\\\/uploads\\\/2023\\\/02\\\/AdobeStock_219014767.jpeg\",\"contentUrl\":\"https:\\\/\\\/www.tui.at\\\/blog\\\/wp-content\\\/uploads\\\/2023\\\/02\\\/AdobeStock_219014767.jpeg\",\"width\":1600,\"height\":1066,\"caption\":\"Tropical beach setting on Isla Holbox, Quintana Roo, Mexico\"},{\"@type\":\"BreadcrumbList\",\"@id\":\"https:\\\/\\\/www.tui.at\\\/blog\\\/feiertage-2023-smart-nutzen\\\/#breadcrumb\",\"itemListElement\":[{\"@type\":\"ListItem\",\"position\":1,\"name\":\"Startseite\",\"item\":\"https:\\\/\\\/www.tui.at\\\/blog\\\/\"},{\"@type\":\"ListItem\",\"position\":2,\"name\":\"Feiertage 2023 smart nutzen\"}]},{\"@type\":\"WebSite\",\"@id\":\"https:\\\/\\\/www.tui.at\\\/blog\\\/#website\",\"url\":\"https:\\\/\\\/www.tui.at\\\/blog\\\/\",\"name\":\"TUI.at Reiseblog\",\"description\":\"Inspirationen f\u00fcr den perfekten Urlaub\",\"publisher\":{\"@id\":\"https:\\\/\\\/www.tui.at\\\/blog\\\/#organization\"},\"potentialAction\":[{\"@type\":\"SearchAction\",\"target\":{\"@type\":\"EntryPoint\",\"urlTemplate\":\"https:\\\/\\\/www.tui.at\\\/blog\\\/?s={search_term_string}\"},\"query-input\":{\"@type\":\"PropertyValueSpecification\",\"valueRequired\":true,\"valueName\":\"search_term_string\"}}],\"inLanguage\":\"de\"},{\"@type\":\"Organization\",\"@id\":\"https:\\\/\\\/www.tui.at\\\/blog\\\/#organization\",\"name\":\"TUI.at Reiseblog\",\"url\":\"https:\\\/\\\/www.tui.at\\\/blog\\\/\",\"logo\":{\"@type\":\"ImageObject\",\"inLanguage\":\"de\",\"@id\":\"https:\\\/\\\/www.tui.at\\\/blog\\\/#\\\/schema\\\/logo\\\/image\\\/\",\"url\":\"https:\\\/\\\/www.tui.at\\\/blog\\\/wp-content\\\/uploads\\\/2025\\\/09\\\/cropped-tui-logo-3.webp\",\"contentUrl\":\"https:\\\/\\\/www.tui.at\\\/blog\\\/wp-content\\\/uploads\\\/2025\\\/09\\\/cropped-tui-logo-3.webp\",\"width\":164,\"height\":72,\"caption\":\"TUI.at Reiseblog\"},\"image\":{\"@id\":\"https:\\\/\\\/www.tui.at\\\/blog\\\/#\\\/schema\\\/logo\\\/image\\\/\"}},{\"@type\":\"Person\",\"@id\":\"https:\\\/\\\/www.tui.at\\\/blog\\\/#\\\/schema\\\/person\\\/ad15f1f9406d001e289b04c9e5fc8179\",\"name\":\"Susanna\",\"description\":\"Wo trifft man Susanna am h\u00e4ufigsten an? \u00dcberall, nur nicht zu Hause. Am besten man sucht sie beim Sport oder beim Essen mit Freunden. Falls sie gar nicht auffindbar ist, liegt sie im Liegestuhl am Strand oder erkundet ferne Reiseziele.\",\"url\":\"https:\\\/\\\/www.tui.at\\\/blog\\\/author\\\/susanna\\\/\"}]}<\/script>\n<!-- \/ Yoast SEO plugin. -->","yoast_head_json":{"title":"Feiertage 2023 smart nutzen - TUI.at Reiseblog","description":"2023 kannst du deine Urlaubszeit dank geschickter Planung mehr als verdoppeln. Wir verratend dir Reise- und Spartipps rund um die Feiertage.","robots":{"index":"index","follow":"follow","max-snippet":"max-snippet:-1","max-image-preview":"max-image-preview:large","max-video-preview":"max-video-preview:-1"},"canonical":"https:\/\/www.tui.at\/blog\/feiertage-2023-smart-nutzen\/","og_locale":"de_DE","og_type":"article","og_title":"Feiertage 2023 smart nutzen - TUI.at Reiseblog","og_description":"2023 kannst du deine Urlaubszeit dank geschickter Planung mehr als verdoppeln. Wir verratend dir Reise- und Spartipps rund um die Feiertage.","og_url":"https:\/\/www.tui.at\/blog\/feiertage-2023-smart-nutzen\/","og_site_name":"TUI.at Reiseblog","article_published_time":"2023-02-09T09:38:25+00:00","article_modified_time":"2025-10-24T09:39:36+00:00","og_image":[{"width":1600,"height":1066,"url":"https:\/\/www.tui.at\/blog\/wp-content\/uploads\/2023\/02\/AdobeStock_219014767.jpeg","type":"image\/jpeg"}],"author":"Susanna","twitter_card":"summary_large_image","twitter_misc":{"Verfasst von":"Susanna","Gesch\u00e4tzte Lesezeit":"10\u00a0Minuten"},"schema":{"@context":"https:\/\/schema.org","@graph":[{"@type":"BlogPosting","@id":"https:\/\/www.tui.at\/blog\/feiertage-2023-smart-nutzen\/#article","isPartOf":{"@id":"https:\/\/www.tui.at\/blog\/feiertage-2023-smart-nutzen\/"},"author":{"name":"Susanna","@id":"https:\/\/www.tui.at\/blog\/#\/schema\/person\/ad15f1f9406d001e289b04c9e5fc8179"},"headline":"Feiertage 2023 smart nutzen","datePublished":"2023-02-09T09:38:25+00:00","dateModified":"2025-10-24T09:39:36+00:00","mainEntityOfPage":{"@id":"https:\/\/www.tui.at\/blog\/feiertage-2023-smart-nutzen\/"},"wordCount":2033,"commentCount":0,"publisher":{"@id":"https:\/\/www.tui.at\/blog\/#organization"},"image":{"@id":"https:\/\/www.tui.at\/blog\/feiertage-2023-smart-nutzen\/#primaryimage"},"thumbnailUrl":"https:\/\/www.tui.at\/blog\/wp-content\/uploads\/2023\/02\/AdobeStock_219014767.jpeg","keywords":["2020","feiertage","fenstertage","Hoteltipp","Insidertipps","Kalender","Reisen","Reisetipps","Tipps","TUI","Urlaub","Urlaubskalender","Urlaubstage"],"articleSection":["Planung &amp; Tipps"],"inLanguage":"de","potentialAction":[{"@type":"CommentAction","name":"Comment","target":["https:\/\/www.tui.at\/blog\/feiertage-2023-smart-nutzen\/#respond"]}]},{"@type":"WebPage","@id":"https:\/\/www.tui.at\/blog\/feiertage-2023-smart-nutzen\/","url":"https:\/\/www.tui.at\/blog\/feiertage-2023-smart-nutzen\/","name":"Feiertage 2023 smart nutzen - TUI.at Reiseblog","isPartOf":{"@id":"https:\/\/www.tui.at\/blog\/#website"},"primaryImageOfPage":{"@id":"https:\/\/www.tui.at\/blog\/feiertage-2023-smart-nutzen\/#primaryimage"},"image":{"@id":"https:\/\/www.tui.at\/blog\/feiertage-2023-smart-nutzen\/#primaryimage"},"thumbnailUrl":"https:\/\/www.tui.at\/blog\/wp-content\/uploads\/2023\/02\/AdobeStock_219014767.jpeg","datePublished":"2023-02-09T09:38:25+00:00","dateModified":"2025-10-24T09:39:36+00:00","description":"2023 kannst du deine Urlaubszeit dank geschickter Planung mehr als verdoppeln. Wir verratend dir Reise- und Spartipps rund um die Feiertage.","breadcrumb":{"@id":"https:\/\/www.tui.at\/blog\/feiertage-2023-smart-nutzen\/#breadcrumb"},"inLanguage":"de","potentialAction":[{"@type":"ReadAction","target":["https:\/\/www.tui.at\/blog\/feiertage-2023-smart-nutzen\/"]}]},{"@type":"ImageObject","inLanguage":"de","@id":"https:\/\/www.tui.at\/blog\/feiertage-2023-smart-nutzen\/#primaryimage","url":"https:\/\/www.tui.at\/blog\/wp-content\/uploads\/2023\/02\/AdobeStock_219014767.jpeg","contentUrl":"https:\/\/www.tui.at\/blog\/wp-content\/uploads\/2023\/02\/AdobeStock_219014767.jpeg","width":1600,"height":1066,"caption":"Tropical beach setting on Isla Holbox, Quintana Roo, Mexico"},{"@type":"BreadcrumbList","@id":"https:\/\/www.tui.at\/blog\/feiertage-2023-smart-nutzen\/#breadcrumb","itemListElement":[{"@type":"ListItem","position":1,"name":"Startseite","item":"https:\/\/www.tui.at\/blog\/"},{"@type":"ListItem","position":2,"name":"Feiertage 2023 smart nutzen"}]},{"@type":"WebSite","@id":"https:\/\/www.tui.at\/blog\/#website","url":"https:\/\/www.tui.at\/blog\/","name":"TUI.at Reiseblog","description":"Inspirationen f\u00fcr den perfekten Urlaub","publisher":{"@id":"https:\/\/www.tui.at\/blog\/#organization"},"potentialAction":[{"@type":"SearchAction","target":{"@type":"EntryPoint","urlTemplate":"https:\/\/www.tui.at\/blog\/?s={search_term_string}"},"query-input":{"@type":"PropertyValueSpecification","valueRequired":true,"valueName":"search_term_string"}}],"inLanguage":"de"},{"@type":"Organization","@id":"https:\/\/www.tui.at\/blog\/#organization","name":"TUI.at Reiseblog","url":"https:\/\/www.tui.at\/blog\/","logo":{"@type":"ImageObject","inLanguage":"de","@id":"https:\/\/www.tui.at\/blog\/#\/schema\/logo\/image\/","url":"https:\/\/www.tui.at\/blog\/wp-content\/uploads\/2025\/09\/cropped-tui-logo-3.webp","contentUrl":"https:\/\/www.tui.at\/blog\/wp-content\/uploads\/2025\/09\/cropped-tui-logo-3.webp","width":164,"height":72,"caption":"TUI.at Reiseblog"},"image":{"@id":"https:\/\/www.tui.at\/blog\/#\/schema\/logo\/image\/"}},{"@type":"Person","@id":"https:\/\/www.tui.at\/blog\/#\/schema\/person\/ad15f1f9406d001e289b04c9e5fc8179","name":"Susanna","description":"Wo trifft man Susanna am h\u00e4ufigsten an? \u00dcberall, nur nicht zu Hause. Am besten man sucht sie beim Sport oder beim Essen mit Freunden. Falls sie gar nicht auffindbar ist, liegt sie im Liegestuhl am Strand oder erkundet ferne Reiseziele.","url":"https:\/\/www.tui.at\/blog\/author\/susanna\/"}]}},"_links":{"self":[{"href":"https:\/\/www.tui.at\/blog\/wp-json\/wp\/v2\/posts\/489286","targetHints":{"allow":["GET"]}}],"collection":[{"href":"https:\/\/www.tui.at\/blog\/wp-json\/wp\/v2\/posts"}],"about":[{"href":"https:\/\/www.tui.at\/blog\/wp-json\/wp\/v2\/types\/post"}],"author":[{"embeddable":true,"href":"https:\/\/www.tui.at\/blog\/wp-json\/wp\/v2\/users\/233"}],"replies":[{"embeddable":true,"href":"https:\/\/www.tui.at\/blog\/wp-json\/wp\/v2\/comments?post=489286"}],"version-history":[{"count":1,"href":"https:\/\/www.tui.at\/blog\/wp-json\/wp\/v2\/posts\/489286\/revisions"}],"predecessor-version":[{"id":490296,"href":"https:\/\/www.tui.at\/blog\/wp-json\/wp\/v2\/posts\/489286\/revisions\/490296"}],"wp:featuredmedia":[{"embeddable":true,"href":"https:\/\/www.tui.at\/blog\/wp-json\/wp\/v2\/media\/489287"}],"wp:attachment":[{"href":"https:\/\/www.tui.at\/blog\/wp-json\/wp\/v2\/media?parent=489286"}],"wp:term":[{"taxonomy":"category","embeddable":true,"href":"https:\/\/www.tui.at\/blog\/wp-json\/wp\/v2\/categories?post=489286"},{"taxonomy":"post_tag","embeddable":true,"href":"https:\/\/www.tui.at\/blog\/wp-json\/wp\/v2\/tags?post=489286"}],"curies":[{"name":"wp","href":"https:\/\/api.w.org\/{rel}","templated":true}]}}