{"id":489251,"date":"2023-01-26T15:28:07","date_gmt":"2023-01-26T14:28:07","guid":{"rendered":"https:\/\/www.tui.at\/blog\/familienurlaub-auf-kos-samt-rettungsaktion\/"},"modified":"2025-10-28T11:37:50","modified_gmt":"2025-10-28T10:37:50","slug":"familienurlaub_kos","status":"publish","type":"post","link":"https:\/\/www.tui.at\/blog\/familienurlaub_kos\/","title":{"rendered":"Familienurlaub auf Kos samt Rettungsaktion"},"content":{"rendered":"<div class=\"legacy-fullwidth\"><div class=\"legacy-fusion-text\">Andrea, Christian und Tochter Laura, eine <strong>reisefreudige Familie<\/strong> aus Ober\u00f6sterreich, machte sich im Sommer 2022 f\u00fcr ein <strong>kleines Abenteuer<\/strong> auf die griechische Insel <strong>Kos<\/strong> auf. Ziel war es, sich eine gemeinsame Auszeit zu g\u00f6nnen, die Zeit als Familie zu genie\u00dfen und <a href=\"https:\/\/blog.tui.at\/urlaubsstory-kos\/\" target=\"_blank\" rel=\"noopener\">Kos<\/a> hautnah zu erkunden. Dass es f\u00fcr das kleine &#8222;Mausi&#8220;, wie Laura ihr Lieblingskuscheltier liebevoll nennt, noch ein viel gr\u00f6\u00dferes Abenteuer werden w\u00fcrde, konnte zu Beginn der Reise noch niemand wissen. \ud83d\ude09<\/div><div class=\"legacy-fusion-text\"><\/p>\n<blockquote><p>&#8222;Danke Doris, dass du Mausi gerettet hast und sie jetzt wieder bei mir und nicht alleine in Griechenland ist.&#8220; &#8211; Laura aus Pasching<\/p><\/blockquote>\n<p><\/div><div class=\"legacy-row\"><div class=\"one-half\"><div class=\"legacy-fusion-text\"><img loading=\"lazy\" decoding=\"async\" class=\"alignnone size-medium wp-image-25497\" src=\"https:\/\/www.tui.at\/blog\/wp-content\/uploads\/2023\/01\/Kos-Inselrundfahrt-2.jpg\" alt=\"\" width=\"615\" height=\"615\" \/><\/div><\/div><div class=\"one-half\"><div class=\"legacy-fusion-text\"><img loading=\"lazy\" decoding=\"async\" class=\"alignnone size-medium wp-image-25499\" src=\"https:\/\/www.tui.at\/blog\/wp-content\/uploads\/2023\/01\/Kos-Inselrundfahrt.jpg\" alt=\"\" width=\"615\" height=\"615\" \/><\/div><\/div><\/div><\/div>\n\n\n<div class=\"legacy-fullwidth\"><div class=\"legacy-fusion-title\"><h2>Fr\u00fchbucherangebote<\/h2><\/div><div class=\"legacy-fusion-text\">Andrea und Christian z\u00e4hlen zu jenen Personen, die gerne auf <a href=\"https:\/\/www.tui.at\/pauschalreisen\/fruehbucher\/\" target=\"_blank\" rel=\"noopener\">Fr\u00fchbucherangebote<\/a> zur\u00fcckgreifen. Das gibt ihnen Planungssicherheit und sie k\u00f6nnen die Vorfreude umso l\u00e4nger genie\u00dfen. Bereits im Februar 2022 setzte sich die Familie zusammen um zu besprechen, wie der perfekte Sommerurlaub aussehen sollte. Das Wunschziel war klar &#8211; Griechenland. Der n\u00e4chste Schritt f\u00fchrte die Familie ins <a href=\"https:\/\/www.tui.at\/reisebuero\/oberoesterreich\/pasching\/tui-das-reisebuero-pluscity\/\" target=\"_blank\" rel=\"noopener\">TUI Das Reiseb\u00fcro Pasching<\/a> in der Plus City. Mit von der Partie war nat\u00fcrlich auch Lieblingskuscheltier \u201eMausi\u201c. Ohne ihren treuen Begleiter verl\u00e4sst Laura nie das Haus. Da die Familie <strong>Entspannung im Hotel<\/strong> mit vielen <strong>Erlebnissen au\u00dferhalb der Hotelanlage<\/strong> kombinieren wollte, entschied sie sich, nach ausf\u00fchrlicher Beratung von Reiseprofi Doris Spiegl, schlussendlich f\u00fcr die griechische Insel <a href=\"https:\/\/blog.tui.at\/tuibluepalazzodelmare\" target=\"_blank\" rel=\"noopener\">Kos<\/a>.<\/div><div class=\"legacy-fusion-text\"><\/p>\n<blockquote><p><a href=\"https:\/\/www.tui.at\/kinderfestpreis\/\" target=\"_blank\" rel=\"noopener\">TUI Kinderfestpreis<\/a>: Kinder reisen ab 99\u20ac in den Sommer 2023 &#8211; z.B. nach Griechenland, Mallorca, &#8230;<\/p><\/blockquote>\n<p><\/div><\/div>\n\n\n<div class=\"legacy-fullwidth\"><div class=\"legacy-fusion-title\"><h2>TUI KIDS CLUB Atlantica Mikri Poli Kos<\/h2><\/div><div class=\"legacy-fusion-text\">Im Juli war es dann so weit. Per <strong>Direktflug<\/strong> ging es vom <a href=\"https:\/\/www.tui.at\/fluege\/fluege-ab-linz\/\" target=\"_blank\" rel=\"noopener\">Flughafen Linz<\/a> auf <strong>griechische Insel Kos<\/strong>, die bereits beim ersten Schnuppern der Meeresbrise die Urlaubsgef\u00fchle der Familie nur so spr\u00fchen lie\u00df. Angekommen im <strong>4-Sterne TUI KIDS CLUB Atlantica Mikri Poli Kos<\/strong> f\u00fchlte sich die Familie sofort wohl.<\/p>\n<p>Das absolute Highlight f\u00fcr Laura war der <strong>hoteleigene Aquapark mit 5 verschiedenen Rutschen<\/strong>. Andrea und Christian waren besonders von der direkten <strong>Strandlage<\/strong> mit der wunderbaren Aussicht im <a href=\"https:\/\/www.tui.at\/pauschalreisen\/suchen\/angebote\/TUI-KIDS-CLUB-Atlantica-Mikri-Poli-Kos\/72032\/offer\/?startDate=2023-05-01&amp;endDate=2023-08-31&amp;showTotalPrice=0&amp;sortOffersField=campaignOffers&amp;campaigns=CP099;CP199;CP149;CP399;TOY20\" target=\"_blank\" rel=\"noopener\">TUI KIDS CLUB Atlantica Mikri Poli Kos<\/a> begeistert. Selbst Kuscheltier \u201eMausi\u201c wurde mit einer Badehose und einer Sonnenbrille ausgestattet und war bei allen Aktivit\u00e4ten mit dabei. Nur ins Wasser durfte \u201eMausi\u201c nicht, so Laura.<\/p>\n<p>Neben dem umfangreichen Angebot im TUI KIDS CLUB stellten vor allem die <a href=\"https:\/\/www.tui.at\/tui-ausfluege\/\" target=\"_blank\" rel=\"noopener\">TUI Ausfl\u00fcge<\/a> eine ideale Erg\u00e4nzung f\u00fcr die unternehmungsfreudige Familie dar. So hatten Sie die M\u00f6glichkeit, auf sehr entspannte Art und Weise viel zu sehen, ohne sich selbst gro\u00df Gedanken machen zu m\u00fcssen.<\/div><div class=\"legacy-row\"><div class=\"one-half\"><div class=\"legacy-fusion-text\"><img loading=\"lazy\" decoding=\"async\" class=\"alignnone size-medium wp-image-25503\" src=\"https:\/\/www.tui.at\/blog\/wp-content\/uploads\/2023\/01\/Tui-Kids-Club-Anlage.jpg\" alt=\"\" width=\"615\" height=\"615\" \/><\/div><\/div><div class=\"one-half\"><div class=\"legacy-fusion-text\"><img loading=\"lazy\" decoding=\"async\" class=\"alignnone size-medium wp-image-25500\" src=\"https:\/\/www.tui.at\/blog\/wp-content\/uploads\/2023\/01\/Restaurant-und-Pool.jpg\" alt=\"\" width=\"615\" height=\"615\" \/><\/div><\/div><\/div><div class=\"legacy-row\"><div class=\"one-half\"><div class=\"legacy-fusion-text\"><img loading=\"lazy\" decoding=\"async\" class=\"alignnone size-medium wp-image-25501\" src=\"https:\/\/www.tui.at\/blog\/wp-content\/uploads\/2025\/10\/Restaurant-5.jpg\" alt=\"\" width=\"615\" height=\"615\" \/><\/div><\/div><div class=\"one-half\"><div class=\"legacy-fusion-text\"><img loading=\"lazy\" decoding=\"async\" class=\"alignnone size-medium wp-image-25502\" src=\"https:\/\/www.tui.at\/blog\/wp-content\/uploads\/2023\/01\/Rutschen.jpg\" alt=\"\" width=\"615\" height=\"615\" \/><\/div><\/div><\/div><\/div>\n\n\n<div class=\"legacy-fullwidth\"><div class=\"legacy-fusion-title\"><h2>TUI Ausfl\u00fcge<\/h2><\/div><div class=\"legacy-fusion-text\">Andrea war sehr beeindruckt vom Sonnenuntergang in dem kleinen malerischen <a href=\"https:\/\/www.gotui.com\/de\/kos\/zia-bei-nacht-1-122169\/\" target=\"_blank\" rel=\"noopener\">Bergd\u00f6rfchen Zia<\/a>, wo sie dank dem von TUI angebotenen Ausflugstransfer einen sehr gem\u00fctlichen Abend verbrachten. F\u00fcr Laura war der <a href=\"https:\/\/www.gotui.com\/de\/kos\/nysiros-spezial-1-122160\/\" target=\"_blank\" rel=\"noopener\">Ausflug zur Vulkaninsel Nysiros<\/a> das abenteuerlichste Erlebnis des Urlaubs, welches ihr besonders in Erinnerung geblieben ist und von welchem sie, laut ihren Eltern, heute noch schw\u00e4rmt.<\/p>\n<p>Im Zuge des Ausflugs nach Nysiros, besuchte die Familie die <strong>Postkartend\u00f6rfchen<\/strong> Nikia und Mandraki und ging sogar durch den <strong>Vulkankrater<\/strong>. Bei diesem Ausflug handelt es sich um einen <a href=\"https:\/\/www.gotui.com\/de\/search\/?text=kos\" target=\"_blank\" rel=\"noopener\">TUI Collection Ausflug<\/a>. Das bedeutet, dass der Ausflug in dieser Form ausschlie\u00dflich von TUI angeboten wird und besondere Qualit\u00e4tskriterien erf\u00fcllt.<\/p>\n<p>\u00dcber die angebotenen Ausfl\u00fcge informierte sich die Familie bereits im Vorhinein bei Reiseprofi Doris in der Plus City. Vor Abreise nahm sich das reisefreudige Trio zuhause nochmals die Zeit, um das Angebot in Ruhe in der myTUI App anzusehen.<\/p>\n<h3>Mausi auf Abwegen<\/h3>\n<p>Andrea, Christian und Laura waren jedenfalls so beeindruckt von der <strong>wundersch\u00f6nen Landschaft<\/strong> auf der Vulkaninsel Nysiros, dem <strong>abenteuerlichen Erlebnis im Vulkankrater<\/strong> und den vielen Eindr\u00fccken an diesem Tag, dass ihnen erst abends, als Laura bereits im Bett lag und ihre Gute Nacht-Geschichte vorgelesen bekam, auffiel, dass <strong>Mausi nicht da<\/strong> war.<\/p>\n<p>F\u00fcr Laura brach in dieser Sekunde eine Welt zusammen. Ihr Mausi war allein irgendwo da drau\u00dfen und nicht bei ihr. Am n\u00e4chsten Tag, der bereits der Abflugtag der Familie war, versuchten sie gemeinsam mit der Reiseleitung und dem Hotel alles, um das Lieblingskuscheltier von Laura zu finden &#8211; \u00a0leider ohne Erfolg. Laura musste schlussendlich ohne Mausi nach Hause fliegen, was f\u00fcr sie leider ein sehr <strong>tr\u00e4nenreiches Ende<\/strong> dieses sonst doch so wundervollen Urlaubs war.<\/p>\n<p><\/div><\/div>\n\n\n<div class=\"legacy-row\"><div class=\"one-half\"><div class=\"legacy-fusion-text\"><img loading=\"lazy\" decoding=\"async\" class=\"alignnone size-medium wp-image-25498\" src=\"https:\/\/www.tui.at\/blog\/wp-content\/uploads\/2023\/01\/Kos-Sonnenuntergang.jpg\" alt=\"\" width=\"615\" height=\"615\" \/><\/div><\/div>\n\n\n<div class=\"one-half\"><div class=\"legacy-fusion-text\"><img loading=\"lazy\" decoding=\"async\" class=\"alignnone size-medium wp-image-25509\" src=\"https:\/\/www.tui.at\/blog\/wp-content\/uploads\/2023\/01\/Nysiros-10.jpg\" alt=\"\" width=\"615\" height=\"615\" \/><\/div><\/div><\/div>\n\n\n<div class=\"legacy-row\"><div class=\"one-half\"><div class=\"legacy-fusion-text\"><img loading=\"lazy\" decoding=\"async\" class=\"alignnone size-medium wp-image-25504\" src=\"https:\/\/www.tui.at\/blog\/wp-content\/uploads\/2023\/01\/Kos-Asklepion-Inselrundfahrt.jpg\" alt=\"\" width=\"615\" height=\"615\" \/><\/div><\/div>\n\n\n<div class=\"one-half\"><div class=\"legacy-fusion-text\"><img loading=\"lazy\" decoding=\"async\" class=\"alignnone size-medium wp-image-25510\" src=\"https:\/\/www.tui.at\/blog\/wp-content\/uploads\/2023\/01\/Vulkankrater-Nysiros.jpg\" alt=\"\" width=\"615\" height=\"615\" \/><\/div><\/div><\/div>\n\n\n<div class=\"legacy-row\"><div class=\"one-half\"><div class=\"legacy-fusion-text\"><img loading=\"lazy\" decoding=\"async\" class=\"alignnone size-medium wp-image-25508\" src=\"https:\/\/www.tui.at\/blog\/wp-content\/uploads\/2023\/01\/Nysiros-9.jpg\" alt=\"\" width=\"615\" height=\"615\" \/><\/div><\/div>\n\n\n<div class=\"one-half\"><div class=\"legacy-fusion-text\"><img loading=\"lazy\" decoding=\"async\" class=\"alignnone size-medium wp-image-25507\" src=\"https:\/\/www.tui.at\/blog\/wp-content\/uploads\/2023\/01\/Nysiros-7.jpg\" alt=\"\" width=\"615\" height=\"615\" \/><\/div><\/div><\/div>\n\n\n<div class=\"legacy-row\"><div class=\"one-half\"><div class=\"legacy-fusion-text\"><img loading=\"lazy\" decoding=\"async\" class=\"alignnone size-medium wp-image-25505\" src=\"https:\/\/www.tui.at\/blog\/wp-content\/uploads\/2023\/01\/Kos-Stadt-1.jpg\" alt=\"\" width=\"615\" height=\"615\" \/><\/div><\/div>\n\n\n<div class=\"one-half\"><div class=\"legacy-fusion-text\"><img loading=\"lazy\" decoding=\"async\" class=\"alignnone size-medium wp-image-25506\" src=\"https:\/\/www.tui.at\/blog\/wp-content\/uploads\/2023\/01\/Mausi.jpg\" alt=\"\" width=\"615\" height=\"615\" \/><\/div><\/div><\/div>\n\n\n<div class=\"legacy-fullwidth\"><div class=\"legacy-fusion-title\"><h2>Rettungsaktion<\/h2><\/div><div class=\"legacy-fusion-text\">Zu Hause angekommen f\u00fchrte der erste Weg am Folgetag f\u00fcr Andrea und Laura sofort ins TUI Das Reiseb\u00fcro zu Doris Spiegl. Die Reisexpertin tat alles, um das in Griechenland gestrandete Kuscheltier wieder zu finden. Andrea erinnert sich heute mit einem Schmunzeln daran, wie Reiseprofi Doris an diesem Tag die \u201e<strong>Rettungsaktion<\/strong>\u201c f\u00fcr die Kuscheltiermaus startete, Kontakt mit der Destination aufnahm und alles daran setzte, Laura ihr Mausi zur\u00fcckzubringen. Zwei Wochen sp\u00e4ter lag Laura bei einer Gute Nacht-Geschichte im Bett und konnte, dank Reiseprofi Doris und den TUI Kolleg: innen auf Kos, ihr geliebtes Kuscheltier <strong>Mausi endlich wieder im Arm halten<\/strong>.<\/div><\/div>\n\n\n<div class=\"legacy-fullwidth\"><div class=\"legacy-fusion-title\"><h2>Doris Spiegl vom TUI Das Reiseb\u00fcro in der Plus City<\/h2><\/div><div class=\"legacy-fusion-text\"><\/p>\n<blockquote><p>&#8222;<em>F\u00fcr mich bedeutet Reisetr\u00e4ume zu erf\u00fcllen auch, \u00fcber den Buchungsprozess hinausgehend f\u00fcr meine Kund:innen da zu sein und eine verl\u00e4ssliche Ansprechpartnerin zu sein, wenn einmal etwas nicht so l\u00e4uft wie erwartet.<\/em>&#8220; &#8211; TUI Reiseexpertin Doris Spiegl<\/p><\/blockquote>\n<p><\/div><div class=\"legacy-row\"><div class=\"one-half\"><div class=\"legacy-fusion-text\"><img loading=\"lazy\" decoding=\"async\" class=\"alignnone size-medium wp-image-25511\" src=\"https:\/\/www.tui.at\/blog\/wp-content\/uploads\/2023\/01\/Spiegl_Doris_PlusCity.jpg\" alt=\"\" width=\"615\" height=\"615\" \/><\/div><\/div><div class=\"one-half\"><div class=\"legacy-fusion-text\"><a href=\"https:\/\/www.tui.at\/reisebuero\/\" target=\"_blank\" rel=\"noopener\"><img loading=\"lazy\" decoding=\"async\" class=\"alignnone size-medium wp-image-25341\" src=\"https:\/\/www.tui.at\/blog\/wp-content\/uploads\/2022\/12\/Flip-Flop-1_1-Kopie.jpg\" alt=\"\" width=\"615\" height=\"615\" \/><\/a><\/div><\/div><\/div><div class=\"legacy-fusion-text\">TUI <strong>Reiseprofi Doris Spiegl<\/strong>, vom <a href=\"https:\/\/www.tui.at\/reisebuero\/oberoesterreich\/pasching\/tui-das-reisebuero-pluscity\/\" target=\"_blank\" rel=\"noopener\">TUI Das Reiseb\u00fcro Pasching<\/a> in der Plus City, ist seit 1999 durchgehend in der Branche und konnte dadurch viel <strong>Wissen<\/strong> und <strong>Erfahrung<\/strong> sammeln. F\u00fcr sie ist <strong>Kundenorientierung<\/strong> besonders wichtig, das macht guten Service f\u00fcr sie aus. Mittlerweile buchen die Kinder ihrer Kund:innen ihre eigenen Urlaube bei TUI Reiseprofi Doris und manchmal sogar schon deren Kinder. Dar\u00fcber freut sich Doris ganz besonders, denn f\u00fcr Doris bedeutet Reisetr\u00e4ume zu erf\u00fcllen, ihren Kund:innen zuzuh\u00f6ren, ihre <strong>Bed\u00fcrfnisse<\/strong> zu <strong>erkennen<\/strong> und auf Basis dessen zugeschnittene Angebote zu erstellen. Es bedeutet aber auch \u00fcber den Buchungsprozess hinausgehend f\u00fcr die Kund:innen da zu sein und eine verl\u00e4ssliche Ansprechpartnerin zu sein, wenn einmal etwas nicht so l\u00e4uft wie erwartet und zum Beispiel das Lieblingskuscheltier gerettet werden muss.<\/p>\n<p><\/div><\/div>\n","protected":false},"excerpt":{"rendered":"<p>Andrea, Christian und die kleine Laura erlebten einen Familienurlaub auf Kos mit Entspannung, vielen Erlebnissen und einem kleinen Abenteuer. <\/p>\n","protected":false},"author":234,"featured_media":489252,"comment_status":"open","ping_status":"closed","sticky":false,"template":"","format":"standard","meta":{"_acf_changed":false,"footnotes":""},"categories":[5147],"tags":[5055,4960,4851,4988,5083,4946,5155],"class_list":["post-489251","post","type-post","status-publish","format-standard","has-post-thumbnail","hentry","category-archiv-familienurlaub","tag-familienhotel","tag-familienurlaub","tag-griechenland","tag-kos","tag-tuikidsclub","tag-urlaubsglueck","tag-urlaubsglueck-stories"],"acf":[],"yoast_head":"<!-- This site is optimized with the Yoast SEO plugin v27.4 - https:\/\/yoast.com\/product\/yoast-seo-wordpress\/ -->\n<title>Familienurlaub auf Kos samt Rettungsaktion - TUI.at Reiseblog<\/title>\n<meta name=\"description\" content=\"Andrea, Christian und die kleine Laura erlebten einen Familienurlaub auf Kos mit Entspannung, vielen Erlebnissen und einem kleinen Abenteuer.\" \/>\n<meta name=\"robots\" content=\"index, follow, max-snippet:-1, max-image-preview:large, max-video-preview:-1\" \/>\n<link rel=\"canonical\" href=\"https:\/\/www.tui.at\/blog\/familienurlaub_kos\/\" \/>\n<meta property=\"og:locale\" content=\"de_DE\" \/>\n<meta property=\"og:type\" content=\"article\" \/>\n<meta property=\"og:title\" content=\"Familienurlaub auf Kos samt Rettungsaktion - TUI.at Reiseblog\" \/>\n<meta property=\"og:description\" content=\"Andrea, Christian und die kleine Laura erlebten einen Familienurlaub auf Kos mit Entspannung, vielen Erlebnissen und einem kleinen Abenteuer.\" \/>\n<meta property=\"og:url\" content=\"https:\/\/www.tui.at\/blog\/familienurlaub_kos\/\" \/>\n<meta property=\"og:site_name\" content=\"TUI.at Reiseblog\" \/>\n<meta property=\"article:published_time\" content=\"2023-01-26T14:28:07+00:00\" \/>\n<meta property=\"article:modified_time\" content=\"2025-10-28T10:37:50+00:00\" \/>\n<meta property=\"og:image\" content=\"https:\/\/www.tui.at\/blog\/wp-content\/uploads\/2023\/01\/Titelbild-Zia-Village.jpg\" \/>\n\t<meta property=\"og:image:width\" content=\"1080\" \/>\n\t<meta property=\"og:image:height\" content=\"720\" \/>\n\t<meta property=\"og:image:type\" content=\"image\/jpeg\" \/>\n<meta name=\"author\" content=\"Katharina\" \/>\n<meta name=\"twitter:card\" content=\"summary_large_image\" \/>\n<meta name=\"twitter:label1\" content=\"Verfasst von\" \/>\n\t<meta name=\"twitter:data1\" content=\"Katharina\" \/>\n\t<meta name=\"twitter:label2\" content=\"Gesch\u00e4tzte Lesezeit\" \/>\n\t<meta name=\"twitter:data2\" content=\"10\u00a0Minuten\" \/>\n<script type=\"application\/ld+json\" class=\"yoast-schema-graph\">{\"@context\":\"https:\\\/\\\/schema.org\",\"@graph\":[{\"@type\":\"BlogPosting\",\"@id\":\"https:\\\/\\\/www.tui.at\\\/blog\\\/familienurlaub_kos\\\/#article\",\"isPartOf\":{\"@id\":\"https:\\\/\\\/www.tui.at\\\/blog\\\/familienurlaub_kos\\\/\"},\"author\":{\"name\":\"Katharina\",\"@id\":\"https:\\\/\\\/www.tui.at\\\/blog\\\/#\\\/schema\\\/person\\\/fdfb8312f4aab39c129f4ade42aa1c44\"},\"headline\":\"Familienurlaub auf Kos samt Rettungsaktion\",\"datePublished\":\"2023-01-26T14:28:07+00:00\",\"dateModified\":\"2025-10-28T10:37:50+00:00\",\"mainEntityOfPage\":{\"@id\":\"https:\\\/\\\/www.tui.at\\\/blog\\\/familienurlaub_kos\\\/\"},\"wordCount\":1963,\"commentCount\":1,\"publisher\":{\"@id\":\"https:\\\/\\\/www.tui.at\\\/blog\\\/#organization\"},\"image\":{\"@id\":\"https:\\\/\\\/www.tui.at\\\/blog\\\/familienurlaub_kos\\\/#primaryimage\"},\"thumbnailUrl\":\"https:\\\/\\\/www.tui.at\\\/blog\\\/wp-content\\\/uploads\\\/2023\\\/01\\\/Titelbild-Zia-Village.jpg\",\"keywords\":[\"Familienhotel\",\"Familienurlaub\",\"Griechenland\",\"Kos\",\"tuikidsclub\",\"urlaubsgl\u00fcck\",\"Urlaubsgl\u00fcck-Stories\"],\"articleSection\":[\"Familienurlaub\"],\"inLanguage\":\"de\",\"potentialAction\":[{\"@type\":\"CommentAction\",\"name\":\"Comment\",\"target\":[\"https:\\\/\\\/www.tui.at\\\/blog\\\/familienurlaub_kos\\\/#respond\"]}]},{\"@type\":\"WebPage\",\"@id\":\"https:\\\/\\\/www.tui.at\\\/blog\\\/familienurlaub_kos\\\/\",\"url\":\"https:\\\/\\\/www.tui.at\\\/blog\\\/familienurlaub_kos\\\/\",\"name\":\"Familienurlaub auf Kos samt Rettungsaktion - TUI.at Reiseblog\",\"isPartOf\":{\"@id\":\"https:\\\/\\\/www.tui.at\\\/blog\\\/#website\"},\"primaryImageOfPage\":{\"@id\":\"https:\\\/\\\/www.tui.at\\\/blog\\\/familienurlaub_kos\\\/#primaryimage\"},\"image\":{\"@id\":\"https:\\\/\\\/www.tui.at\\\/blog\\\/familienurlaub_kos\\\/#primaryimage\"},\"thumbnailUrl\":\"https:\\\/\\\/www.tui.at\\\/blog\\\/wp-content\\\/uploads\\\/2023\\\/01\\\/Titelbild-Zia-Village.jpg\",\"datePublished\":\"2023-01-26T14:28:07+00:00\",\"dateModified\":\"2025-10-28T10:37:50+00:00\",\"description\":\"Andrea, Christian und die kleine Laura erlebten einen Familienurlaub auf Kos mit Entspannung, vielen Erlebnissen und einem kleinen Abenteuer.\",\"breadcrumb\":{\"@id\":\"https:\\\/\\\/www.tui.at\\\/blog\\\/familienurlaub_kos\\\/#breadcrumb\"},\"inLanguage\":\"de\",\"potentialAction\":[{\"@type\":\"ReadAction\",\"target\":[\"https:\\\/\\\/www.tui.at\\\/blog\\\/familienurlaub_kos\\\/\"]}]},{\"@type\":\"ImageObject\",\"inLanguage\":\"de\",\"@id\":\"https:\\\/\\\/www.tui.at\\\/blog\\\/familienurlaub_kos\\\/#primaryimage\",\"url\":\"https:\\\/\\\/www.tui.at\\\/blog\\\/wp-content\\\/uploads\\\/2023\\\/01\\\/Titelbild-Zia-Village.jpg\",\"contentUrl\":\"https:\\\/\\\/www.tui.at\\\/blog\\\/wp-content\\\/uploads\\\/2023\\\/01\\\/Titelbild-Zia-Village.jpg\",\"width\":1080,\"height\":720},{\"@type\":\"BreadcrumbList\",\"@id\":\"https:\\\/\\\/www.tui.at\\\/blog\\\/familienurlaub_kos\\\/#breadcrumb\",\"itemListElement\":[{\"@type\":\"ListItem\",\"position\":1,\"name\":\"Startseite\",\"item\":\"https:\\\/\\\/www.tui.at\\\/blog\\\/\"},{\"@type\":\"ListItem\",\"position\":2,\"name\":\"Familienurlaub auf Kos samt Rettungsaktion\"}]},{\"@type\":\"WebSite\",\"@id\":\"https:\\\/\\\/www.tui.at\\\/blog\\\/#website\",\"url\":\"https:\\\/\\\/www.tui.at\\\/blog\\\/\",\"name\":\"TUI.at Reiseblog\",\"description\":\"Inspirationen f\u00fcr den perfekten Urlaub\",\"publisher\":{\"@id\":\"https:\\\/\\\/www.tui.at\\\/blog\\\/#organization\"},\"potentialAction\":[{\"@type\":\"SearchAction\",\"target\":{\"@type\":\"EntryPoint\",\"urlTemplate\":\"https:\\\/\\\/www.tui.at\\\/blog\\\/?s={search_term_string}\"},\"query-input\":{\"@type\":\"PropertyValueSpecification\",\"valueRequired\":true,\"valueName\":\"search_term_string\"}}],\"inLanguage\":\"de\"},{\"@type\":\"Organization\",\"@id\":\"https:\\\/\\\/www.tui.at\\\/blog\\\/#organization\",\"name\":\"TUI.at Reiseblog\",\"url\":\"https:\\\/\\\/www.tui.at\\\/blog\\\/\",\"logo\":{\"@type\":\"ImageObject\",\"inLanguage\":\"de\",\"@id\":\"https:\\\/\\\/www.tui.at\\\/blog\\\/#\\\/schema\\\/logo\\\/image\\\/\",\"url\":\"https:\\\/\\\/www.tui.at\\\/blog\\\/wp-content\\\/uploads\\\/2025\\\/09\\\/cropped-tui-logo-3.webp\",\"contentUrl\":\"https:\\\/\\\/www.tui.at\\\/blog\\\/wp-content\\\/uploads\\\/2025\\\/09\\\/cropped-tui-logo-3.webp\",\"width\":164,\"height\":72,\"caption\":\"TUI.at Reiseblog\"},\"image\":{\"@id\":\"https:\\\/\\\/www.tui.at\\\/blog\\\/#\\\/schema\\\/logo\\\/image\\\/\"}},{\"@type\":\"Person\",\"@id\":\"https:\\\/\\\/www.tui.at\\\/blog\\\/#\\\/schema\\\/person\\\/fdfb8312f4aab39c129f4ade42aa1c44\",\"name\":\"Katharina\",\"url\":\"https:\\\/\\\/www.tui.at\\\/blog\\\/author\\\/katharina-sailnberger\\\/\"}]}<\/script>\n<!-- \/ Yoast SEO plugin. -->","yoast_head_json":{"title":"Familienurlaub auf Kos samt Rettungsaktion - TUI.at Reiseblog","description":"Andrea, Christian und die kleine Laura erlebten einen Familienurlaub auf Kos mit Entspannung, vielen Erlebnissen und einem kleinen Abenteuer.","robots":{"index":"index","follow":"follow","max-snippet":"max-snippet:-1","max-image-preview":"max-image-preview:large","max-video-preview":"max-video-preview:-1"},"canonical":"https:\/\/www.tui.at\/blog\/familienurlaub_kos\/","og_locale":"de_DE","og_type":"article","og_title":"Familienurlaub auf Kos samt Rettungsaktion - TUI.at Reiseblog","og_description":"Andrea, Christian und die kleine Laura erlebten einen Familienurlaub auf Kos mit Entspannung, vielen Erlebnissen und einem kleinen Abenteuer.","og_url":"https:\/\/www.tui.at\/blog\/familienurlaub_kos\/","og_site_name":"TUI.at Reiseblog","article_published_time":"2023-01-26T14:28:07+00:00","article_modified_time":"2025-10-28T10:37:50+00:00","og_image":[{"width":1080,"height":720,"url":"https:\/\/www.tui.at\/blog\/wp-content\/uploads\/2023\/01\/Titelbild-Zia-Village.jpg","type":"image\/jpeg"}],"author":"Katharina","twitter_card":"summary_large_image","twitter_misc":{"Verfasst von":"Katharina","Gesch\u00e4tzte Lesezeit":"10\u00a0Minuten"},"schema":{"@context":"https:\/\/schema.org","@graph":[{"@type":"BlogPosting","@id":"https:\/\/www.tui.at\/blog\/familienurlaub_kos\/#article","isPartOf":{"@id":"https:\/\/www.tui.at\/blog\/familienurlaub_kos\/"},"author":{"name":"Katharina","@id":"https:\/\/www.tui.at\/blog\/#\/schema\/person\/fdfb8312f4aab39c129f4ade42aa1c44"},"headline":"Familienurlaub auf Kos samt Rettungsaktion","datePublished":"2023-01-26T14:28:07+00:00","dateModified":"2025-10-28T10:37:50+00:00","mainEntityOfPage":{"@id":"https:\/\/www.tui.at\/blog\/familienurlaub_kos\/"},"wordCount":1963,"commentCount":1,"publisher":{"@id":"https:\/\/www.tui.at\/blog\/#organization"},"image":{"@id":"https:\/\/www.tui.at\/blog\/familienurlaub_kos\/#primaryimage"},"thumbnailUrl":"https:\/\/www.tui.at\/blog\/wp-content\/uploads\/2023\/01\/Titelbild-Zia-Village.jpg","keywords":["Familienhotel","Familienurlaub","Griechenland","Kos","tuikidsclub","urlaubsgl\u00fcck","Urlaubsgl\u00fcck-Stories"],"articleSection":["Familienurlaub"],"inLanguage":"de","potentialAction":[{"@type":"CommentAction","name":"Comment","target":["https:\/\/www.tui.at\/blog\/familienurlaub_kos\/#respond"]}]},{"@type":"WebPage","@id":"https:\/\/www.tui.at\/blog\/familienurlaub_kos\/","url":"https:\/\/www.tui.at\/blog\/familienurlaub_kos\/","name":"Familienurlaub auf Kos samt Rettungsaktion - TUI.at Reiseblog","isPartOf":{"@id":"https:\/\/www.tui.at\/blog\/#website"},"primaryImageOfPage":{"@id":"https:\/\/www.tui.at\/blog\/familienurlaub_kos\/#primaryimage"},"image":{"@id":"https:\/\/www.tui.at\/blog\/familienurlaub_kos\/#primaryimage"},"thumbnailUrl":"https:\/\/www.tui.at\/blog\/wp-content\/uploads\/2023\/01\/Titelbild-Zia-Village.jpg","datePublished":"2023-01-26T14:28:07+00:00","dateModified":"2025-10-28T10:37:50+00:00","description":"Andrea, Christian und die kleine Laura erlebten einen Familienurlaub auf Kos mit Entspannung, vielen Erlebnissen und einem kleinen Abenteuer.","breadcrumb":{"@id":"https:\/\/www.tui.at\/blog\/familienurlaub_kos\/#breadcrumb"},"inLanguage":"de","potentialAction":[{"@type":"ReadAction","target":["https:\/\/www.tui.at\/blog\/familienurlaub_kos\/"]}]},{"@type":"ImageObject","inLanguage":"de","@id":"https:\/\/www.tui.at\/blog\/familienurlaub_kos\/#primaryimage","url":"https:\/\/www.tui.at\/blog\/wp-content\/uploads\/2023\/01\/Titelbild-Zia-Village.jpg","contentUrl":"https:\/\/www.tui.at\/blog\/wp-content\/uploads\/2023\/01\/Titelbild-Zia-Village.jpg","width":1080,"height":720},{"@type":"BreadcrumbList","@id":"https:\/\/www.tui.at\/blog\/familienurlaub_kos\/#breadcrumb","itemListElement":[{"@type":"ListItem","position":1,"name":"Startseite","item":"https:\/\/www.tui.at\/blog\/"},{"@type":"ListItem","position":2,"name":"Familienurlaub auf Kos samt Rettungsaktion"}]},{"@type":"WebSite","@id":"https:\/\/www.tui.at\/blog\/#website","url":"https:\/\/www.tui.at\/blog\/","name":"TUI.at Reiseblog","description":"Inspirationen f\u00fcr den perfekten Urlaub","publisher":{"@id":"https:\/\/www.tui.at\/blog\/#organization"},"potentialAction":[{"@type":"SearchAction","target":{"@type":"EntryPoint","urlTemplate":"https:\/\/www.tui.at\/blog\/?s={search_term_string}"},"query-input":{"@type":"PropertyValueSpecification","valueRequired":true,"valueName":"search_term_string"}}],"inLanguage":"de"},{"@type":"Organization","@id":"https:\/\/www.tui.at\/blog\/#organization","name":"TUI.at Reiseblog","url":"https:\/\/www.tui.at\/blog\/","logo":{"@type":"ImageObject","inLanguage":"de","@id":"https:\/\/www.tui.at\/blog\/#\/schema\/logo\/image\/","url":"https:\/\/www.tui.at\/blog\/wp-content\/uploads\/2025\/09\/cropped-tui-logo-3.webp","contentUrl":"https:\/\/www.tui.at\/blog\/wp-content\/uploads\/2025\/09\/cropped-tui-logo-3.webp","width":164,"height":72,"caption":"TUI.at Reiseblog"},"image":{"@id":"https:\/\/www.tui.at\/blog\/#\/schema\/logo\/image\/"}},{"@type":"Person","@id":"https:\/\/www.tui.at\/blog\/#\/schema\/person\/fdfb8312f4aab39c129f4ade42aa1c44","name":"Katharina","url":"https:\/\/www.tui.at\/blog\/author\/katharina-sailnberger\/"}]}},"_links":{"self":[{"href":"https:\/\/www.tui.at\/blog\/wp-json\/wp\/v2\/posts\/489251","targetHints":{"allow":["GET"]}}],"collection":[{"href":"https:\/\/www.tui.at\/blog\/wp-json\/wp\/v2\/posts"}],"about":[{"href":"https:\/\/www.tui.at\/blog\/wp-json\/wp\/v2\/types\/post"}],"author":[{"embeddable":true,"href":"https:\/\/www.tui.at\/blog\/wp-json\/wp\/v2\/users\/234"}],"replies":[{"embeddable":true,"href":"https:\/\/www.tui.at\/blog\/wp-json\/wp\/v2\/comments?post=489251"}],"version-history":[{"count":2,"href":"https:\/\/www.tui.at\/blog\/wp-json\/wp\/v2\/posts\/489251\/revisions"}],"predecessor-version":[{"id":491099,"href":"https:\/\/www.tui.at\/blog\/wp-json\/wp\/v2\/posts\/489251\/revisions\/491099"}],"wp:featuredmedia":[{"embeddable":true,"href":"https:\/\/www.tui.at\/blog\/wp-json\/wp\/v2\/media\/489252"}],"wp:attachment":[{"href":"https:\/\/www.tui.at\/blog\/wp-json\/wp\/v2\/media?parent=489251"}],"wp:term":[{"taxonomy":"category","embeddable":true,"href":"https:\/\/www.tui.at\/blog\/wp-json\/wp\/v2\/categories?post=489251"},{"taxonomy":"post_tag","embeddable":true,"href":"https:\/\/www.tui.at\/blog\/wp-json\/wp\/v2\/tags?post=489251"}],"curies":[{"name":"wp","href":"https:\/\/api.w.org\/{rel}","templated":true}]}}