{"id":489211,"date":"2023-01-05T11:18:37","date_gmt":"2023-01-05T10:18:37","guid":{"rendered":"https:\/\/www.tui.at\/blog\/familienurlaub-auf-zypern\/"},"modified":"2025-10-24T11:39:35","modified_gmt":"2025-10-24T09:39:35","slug":"familienurlaub_zypern","status":"publish","type":"post","link":"https:\/\/www.tui.at\/blog\/familienurlaub_zypern\/","title":{"rendered":"Familienurlaub auf Zypern"},"content":{"rendered":"<p><div class=\"legacy-fullwidth\"><div class=\"legacy-fusion-text\">Im <strong>Herbst 2022<\/strong> ging es f\u00fcr Anita, Heinz und Sohn Leo f\u00fcr <strong>eine Woche<\/strong> nach <strong>Zypern<\/strong>. Bei der Planung ihrer Reise holten sie sich Unterst\u00fctzung von Reiseexpertin Anneliese Berger, vom <a href=\"https:\/\/www.tui.at\/reisebuero\/burgenland\/oberwart\/tui-das-reisebuero-im-ekz-oberwart\/\" target=\"_blank\" rel=\"noopener\">TUI Das Reiseb\u00fcro Oberwart<\/a>.<\/p>\n<p>Auf eine bestimmte Destination hatte sich die kleine Familie vorab nicht festgelegt. Wichtig war es den dreien nur, <strong>vor dem Winter<\/strong> nochmal ordentlich <strong>Sonne tanken<\/strong> zu k\u00f6nnen und daf\u00fcr keine Fernreise auf sich nehmen zu m\u00fcssen. Auch die Punkte <strong>Sicherheit<\/strong> und <strong>Ausflugsm\u00f6glichkeiten<\/strong> spielten f\u00fcr die Entscheidung eine entscheidende Rolle.<\/p>\n<p><strong>TUI Reiseprofi<\/strong> Anneliese Berger empfahl ihnen daher <a href=\"https:\/\/blog.tui.at\/zypern-die-paradiesische-insel-der-aphrodite\/\" target=\"_blank\" rel=\"noopener\">Zypern<\/a> und traf damit voll ins Schwarze. Die <strong>Familie<\/strong> war so <strong>begeistert<\/strong>, dass sie der Reiseexpertin nach ihrem Urlaub eine Nachricht zukommen lie\u00df. Darin erz\u00e4hlte sie von ihren Erlebnissen und dr\u00fcckte nochmal ihren Dank aus. Erst durch die tolle Unterst\u00fctzung sowie die <strong>Insidertipps<\/strong> von Anneliese sei der Urlaub zu einem absoluten <strong>Highlight<\/strong> geworden. Genau das w\u00e4re es, was sie an der pers\u00f6nlichen Beratung im Reiseb\u00fcro so sch\u00e4tzen w\u00fcrden, berichtete die Familie.<\/div><div class=\"legacy-fusion-text\"><\/p>\n<blockquote><p>&#8222;Danke an Anneliese Berger vom TUI Das Reiseb\u00fcro Oberwart. Durch ihre einmaligen Insidertipps wurde unser Urlaub zu einem absoluten Highlight. Auch die Flugzeiten, der Transfer und die Terminauswahl waren ideal und gut durchdacht &#8211; einfach perfekt.&#8220; &#8211; TUI Das Reiseb\u00fcro Kundin Anita<\/p><\/blockquote>\n<p><\/div><div class=\"legacy-row\"><div class=\"one-half\"><div class=\"legacy-fusion-text\"><img loading=\"lazy\" decoding=\"async\" class=\"alignnone size-medium wp-image-25432\" src=\"https:\/\/www.tui.at\/blog\/wp-content\/uploads\/2023\/01\/Kundenfoto1.jpg\" alt=\"\" width=\"615\" height=\"461\" \/><\/div><\/div><div class=\"one-half\"><div class=\"legacy-fusion-text\"><img loading=\"lazy\" decoding=\"async\" class=\"alignnone size-medium wp-image-25433\" src=\"https:\/\/www.tui.at\/blog\/wp-content\/uploads\/2023\/01\/Kundenfoto2.jpg\" alt=\"\" width=\"615\" height=\"461\" \/><\/div><\/div><\/div><\/div><div class=\"legacy-fullwidth\"><div class=\"legacy-fusion-title\"><h3>Vielf\u00e4ltiges Zypern<\/h3><\/div><div class=\"legacy-fusion-text\">Zypern, die <strong>Insel der Aphrodite<\/strong>, ist die drittgr\u00f6\u00dfte und fruchtbarste Insel im Mittelmeer. Von \u00d6sterreich aus ist sie in ca. 3 Stunden erreichbar und besticht durch ihre unglaubliche <strong>landschaftliche Vielfalt<\/strong>, die <strong>antiken St\u00e4tten<\/strong>, <strong>malerischen D\u00f6rfer<\/strong> und das <strong>t\u00fcrkisblaue Meer<\/strong>. Geografisch liegt <a href=\"https:\/\/blog.tui.at\/tui-reiseexperten-zypern\/\" target=\"_blank\" rel=\"noopener\">Zypern<\/a> auf einer Linie mit Tunesien und Marokko. Diese g\u00fcnstige Lage beschert der Insel auch extra viele Sonnenstunden und wenig Niederschl\u00e4ge.<\/p>\n<p>Von Mai bis September lockt die Insel zahlreiche Badeg\u00e4ste an. Wer es etwas ruhiger m\u00f6chte, f\u00fcr den ist <a href=\"https:\/\/blog.tui.at\/urlaubsstory_zypern\/\" target=\"_blank\" rel=\"noopener\">Zypern<\/a> auch im <strong>Herbst<\/strong> noch ein <strong>traumhaftes Reiseziel<\/strong>. Im Oktober l\u00e4sst es sich bei <strong>ca. 28\u00b0C<\/strong> und einer Wassertemperatur von ca. 25\u00b0C wunderbar entspannen und plantschen. Sogar im November werden oft noch um die 24\u00b0C Au\u00dfentemperatur gemessen.<\/div><div class=\"legacy-fusion-text\"><\/p>\n<blockquote><p>&#8222;Ich m\u00f6chte mich hiermit nochmal bei Anneliese und ihrem Team f\u00fcr die hervorragende Unterst\u00fctzung bei der Urlaubsplanung bedanken und freue mich auf k\u00fcnftige Urlaube, die dank ihrer tollen Beratung sicher wieder einmalig werden.&#8220; &#8211; TUI Das Reiseb\u00fcro Kunde Heinz<\/p><\/blockquote>\n<p><\/div><div class=\"legacy-fusion-text\">Rund um die Ferienregion <strong>Ayia Napa<\/strong>, im S\u00fcdosten von Zypern, gibt es <strong>perfekte Str\u00e4nde<\/strong> und glasklares, <strong>t\u00fcrkises Wasser<\/strong>. Das fanden auch Anita, Heinz und Leo besonders ansprechend und so wurde ein <strong>Hotel in dieser Gegend<\/strong> gebucht &#8211; das <strong>Holiday-Resort Nissi Beach<\/strong>.<\/p>\n<p><\/div><div class=\"legacy-row\"><div class=\"one-half\"><div class=\"legacy-fusion-text\"><img loading=\"lazy\" decoding=\"async\" class=\"alignnone size-medium wp-image-25434\" src=\"https:\/\/www.tui.at\/blog\/wp-content\/uploads\/2023\/01\/zypern-aya-napa.jpg\" alt=\"\" width=\"615\" height=\"410\" \/><\/div><\/div><div class=\"one-half\"><div class=\"legacy-fusion-text\"><img loading=\"lazy\" decoding=\"async\" class=\"alignnone size-medium wp-image-25435\" src=\"https:\/\/www.tui.at\/blog\/wp-content\/uploads\/2023\/01\/zypern.jpg\" alt=\"\" width=\"615\" height=\"411\" \/><\/div><\/div><\/div><div class=\"legacy-row\"><div class=\"one-half\"><div class=\"legacy-fusion-text\"><img loading=\"lazy\" decoding=\"async\" class=\"alignnone size-medium wp-image-25436\" src=\"https:\/\/www.tui.at\/blog\/wp-content\/uploads\/2023\/01\/zypern2.jpg\" alt=\"\" width=\"615\" height=\"407\" \/><\/div><\/div><div class=\"one-half\"><div class=\"legacy-fusion-text\"><img loading=\"lazy\" decoding=\"async\" class=\"alignnone size-medium wp-image-25437\" src=\"https:\/\/www.tui.at\/blog\/wp-content\/uploads\/2023\/01\/Bild1.jpg\" alt=\"\" width=\"615\" height=\"410\" \/><\/div><\/div><\/div><\/div><div class=\"legacy-fullwidth\"><div class=\"legacy-fusion-title\"><h3>Holiday-Resort Nissi Beach im S\u00fcden Zyperns<\/h3><\/div><div class=\"legacy-fusion-text\">F\u00fcr die Familie aus dem Burgenland war die <strong>Wahl des Hotels<\/strong> kein Gl\u00fccksgriff, sondern das <strong>Ergebnis sorgf\u00e4ltiger Recherche<\/strong>, angepasst an ihre Bed\u00fcrfnisse und Vorstellungen. Das Resort an sich, die Verpflegung, das Personal sowie die gew\u00e4hlten Gartenzimmer lie\u00dfen keine W\u00fcnsche offen. Besonders die <strong>Lage des Hotels<\/strong> mit seinem <strong>karibischen Strandfeeling<\/strong>, wie es die Familie beschreibt, hat sie v\u00f6llig verzaubert und begeistert.<\/p>\n<p>Das <a href=\"https:\/\/www.tui.at\/pauschalreisen\/suchen\/angebote\/Holiday-Resort-Nissi-Beach\/5032\/offer\/\" target=\"_blank\" rel=\"noopener\">Holiday-Resort Nissi Beach<\/a> verf\u00fcgt \u00fcber einen eigenen Hotelabschnitt am flach abfallenden, <strong>feinen Natursandstrand<\/strong>, der zu einem der sch\u00f6nsten Badestr\u00e4nde Zyperns z\u00e4hlt. Das Ortszentrum Ayia Napa mit Hafen, Kloster sowie zahlreichen Restaurants und Gesch\u00e4ften ist ca. 3 km entfernt.<\/p>\n<p>Die <strong>wundersch\u00f6ne Gartenanlage<\/strong> ist ein absoluter Pluspunkt des Hotels. Des weiteren verf\u00fcgt das Resort \u00fcber 3 Pools, 2 Restaurants sowie mehrere Bars. Sportbegeisterte kommen ebenso auf ihre Kosten wie Wellness-Fans.<\/p>\n<p>Das 4,5 Sterne Hotel wurde 2022 \u00fcbrigens mit dem <strong>TUI Hotel Award<\/strong> sowie dem <strong>HolidayCheck Special Award<\/strong> ausgezeichnet und hat eine Weiterempfehlungsrate von 95%. Zudem ist es <strong>Green &amp; Fair<\/strong> klassifiziert.<\/div><\/div><div class=\"legacy-row\"><div class=\"one-half\"><div class=\"legacy-fusion-text\"><img loading=\"lazy\" decoding=\"async\" class=\"alignnone size-medium wp-image-25427\" src=\"https:\/\/www.tui.at\/blog\/wp-content\/uploads\/2023\/01\/60db0a83-5ed1-47bc-b9a8-03ee1598d120.jpg\" alt=\"\" width=\"615\" height=\"461\" \/><\/div><\/div><div class=\"one-half\"><div class=\"legacy-fusion-text\"><img loading=\"lazy\" decoding=\"async\" class=\"alignnone size-medium wp-image-25424\" src=\"https:\/\/www.tui.at\/blog\/wp-content\/uploads\/2023\/01\/6d2590de-cafb-4cef-a8a3-c5714972c6e2.jpg\" alt=\"\" width=\"615\" height=\"461\" \/><\/div><\/div><\/div><div class=\"legacy-row\"><div class=\"one-half\"><div class=\"legacy-fusion-text\"><img loading=\"lazy\" decoding=\"async\" class=\"alignnone size-medium wp-image-25429\" src=\"https:\/\/www.tui.at\/blog\/wp-content\/uploads\/2023\/01\/2190f61c-4d5c-44b9-beb5-c36ea269d284.jpg\" alt=\"\" width=\"615\" height=\"461\" \/><\/div><\/div><div class=\"one-half\"><div class=\"legacy-fusion-text\"><img loading=\"lazy\" decoding=\"async\" class=\"alignnone size-medium wp-image-25430\" src=\"https:\/\/www.tui.at\/blog\/wp-content\/uploads\/2023\/01\/a2b8333a-28e4-4105-b97b-7c095a047ed5.jpg\" alt=\"\" width=\"615\" height=\"461\" \/><\/div><\/div><\/div><div class=\"legacy-row\"><div class=\"one-half\"><div class=\"legacy-fusion-text\"><img loading=\"lazy\" decoding=\"async\" class=\"alignnone size-medium wp-image-25431\" src=\"https:\/\/www.tui.at\/blog\/wp-content\/uploads\/2023\/01\/b6d113ed-2b1a-4a29-a9a8-d4e3af82037d.jpg\" alt=\"\" width=\"615\" height=\"461\" \/><\/div><\/div><div class=\"one-half\"><div class=\"legacy-fusion-text\"><img loading=\"lazy\" decoding=\"async\" class=\"alignnone size-medium wp-image-25425\" src=\"https:\/\/www.tui.at\/blog\/wp-content\/uploads\/2023\/01\/6e0ab4f2-2d92-47f2-9e22-199ca0284e8c.jpg\" alt=\"\" width=\"615\" height=\"461\" \/><\/div><\/div><\/div><div class=\"legacy-row\"><div class=\"one-half\"><div class=\"legacy-fusion-text\"><img loading=\"lazy\" decoding=\"async\" class=\"alignnone size-medium wp-image-25428\" src=\"https:\/\/www.tui.at\/blog\/wp-content\/uploads\/2023\/01\/935d4ea0-8cf7-4d31-9b25-3637b847c97c.jpg\" alt=\"\" width=\"615\" height=\"461\" \/><\/div><\/div><div class=\"one-half\"><div class=\"legacy-fusion-text\"><img loading=\"lazy\" decoding=\"async\" class=\"alignnone size-medium wp-image-25426\" src=\"https:\/\/www.tui.at\/blog\/wp-content\/uploads\/2023\/01\/54a9f4b4-c33c-42bf-8329-efdacd7b033f.jpg\" alt=\"\" width=\"615\" height=\"461\" \/><\/div><\/div><\/div><div class=\"legacy-fullwidth\"><div class=\"legacy-fusion-title\"><h3>Anneliese Berger vom TUI Das Reiseb\u00fcro Oberwart<\/h3><\/div><div class=\"legacy-fusion-text\"><\/p>\n<blockquote><p>&#8222;<em>Ich h\u00f6re meinen Kund:innen genau zu, damit ich das f\u00fcr sie beste Angebot finde &#8211; ganz nach ihren pers\u00f6nlichen W\u00fcnschen. Urlaub soll schlie\u00dflich die sch\u00f6nste Zeit des Jahres sein.<\/em>&#8220; &#8211; TUI Reiseexpertin Anneliese Berger<\/p><\/blockquote>\n<p><\/div><div class=\"legacy-row\"><div class=\"one-half\"><div class=\"legacy-fusion-text\"><img loading=\"lazy\" decoding=\"async\" class=\"alignnone size-medium wp-image-25439\" src=\"https:\/\/www.tui.at\/blog\/wp-content\/uploads\/2023\/01\/Berger_Anneliese_Oberwart1_1.jpg\" alt=\"\" width=\"615\" height=\"615\" \/><\/div><\/div><div class=\"one-half\"><div class=\"legacy-fusion-text\"><a href=\"https:\/\/www.tui.at\/reisebuero\/\" target=\"_blank\" rel=\"noopener\"><img loading=\"lazy\" decoding=\"async\" class=\"alignnone size-medium wp-image-25341\" src=\"https:\/\/www.tui.at\/blog\/wp-content\/uploads\/2022\/12\/Flip-Flop-1_1-Kopie.jpg\" alt=\"\" width=\"615\" height=\"615\" \/><\/a><\/div><\/div><\/div><div class=\"legacy-fusion-text\">Eine Entscheidung anhand von sch\u00f6nen Fotos aus Katalogen oder dem Internet zu treffen ist nicht einfach. Die pers\u00f6nlichen W\u00fcnsche und Erwartungen eines Menschen spielen eine gro\u00dfe Rolle und entscheiden, ob der <strong>Urlaub<\/strong> zur <strong>sch\u00f6nsten Zeit des Jahres<\/strong> wird. Daher mache es ihr Freude, den Menschen zuzuh\u00f6ren wo ihre <strong>Vorstellungen<\/strong> und <strong>W\u00fcnsche<\/strong> liegen und diese schlie\u00dflich bestm\u00f6glich <strong>umzusetzen<\/strong>. Zudem g\u00e4be sie ihren Kund:innen gern den ein oder anderen <strong>Insidertipp<\/strong> mit auf den Weg. Hier profitiere sie einfach von ihrer <strong>jahrelangen Erfahrung<\/strong> und diese stelle sie gern zur Verf\u00fcgung, damit der Urlaub einfach perfekt wird, so Reiseprofi Anneliese vom <a href=\"https:\/\/www.tui.at\/reisebuero\/burgenland\/oberwart\/tui-das-reisebuero-im-ekz-oberwart\/\" target=\"_blank\" rel=\"noopener\">TUI Das Reiseb\u00fcro Oberwart<\/a>.<\/div><\/div><\/p>\n","protected":false},"excerpt":{"rendered":"<p>Badeurlaub und Sightseeing auf Zypern. Wie der Familienurlaub dank Insidertipps der TUI Reiseexpertin zum absoluten Highlight wurde.<\/p>\n","protected":false},"author":234,"featured_media":489205,"comment_status":"open","ping_status":"closed","sticky":false,"template":"","format":"standard","meta":{"_acf_changed":false,"footnotes":""},"categories":[5147],"tags":[4991,5079,4946,5155,4993],"class_list":["post-489211","post","type-post","status-publish","format-standard","has-post-thumbnail","hentry","category-archiv-familienurlaub","tag-ayia-napa","tag-nissi-beach","tag-urlaubsglueck","tag-urlaubsglueck-stories","tag-zypern"],"acf":[],"yoast_head":"<!-- This site is optimized with the Yoast SEO plugin v27.4 - https:\/\/yoast.com\/product\/yoast-seo-wordpress\/ -->\n<title>Familienurlaub auf Zypern - TUI.at Reiseblog<\/title>\n<meta name=\"description\" content=\"Badeurlaub und Sightseeing auf Zypern. Wie der Familienurlaub dank Insidertipps der TUI Reiseexpertin zum absoluten Highlight wurde.\" \/>\n<meta name=\"robots\" content=\"index, follow, max-snippet:-1, max-image-preview:large, max-video-preview:-1\" \/>\n<link rel=\"canonical\" href=\"https:\/\/www.tui.at\/blog\/familienurlaub_zypern\/\" \/>\n<meta property=\"og:locale\" content=\"de_DE\" \/>\n<meta property=\"og:type\" content=\"article\" \/>\n<meta property=\"og:title\" content=\"Familienurlaub auf Zypern - TUI.at Reiseblog\" \/>\n<meta property=\"og:description\" content=\"Badeurlaub und Sightseeing auf Zypern. Wie der Familienurlaub dank Insidertipps der TUI Reiseexpertin zum absoluten Highlight wurde.\" \/>\n<meta property=\"og:url\" content=\"https:\/\/www.tui.at\/blog\/familienurlaub_zypern\/\" \/>\n<meta property=\"og:site_name\" content=\"TUI.at Reiseblog\" \/>\n<meta property=\"article:published_time\" content=\"2023-01-05T10:18:37+00:00\" \/>\n<meta property=\"article:modified_time\" content=\"2025-10-24T09:39:35+00:00\" \/>\n<meta property=\"og:image\" content=\"https:\/\/www.tui.at\/blog\/wp-content\/uploads\/2023\/01\/a2b8333a-28e4-4105-b97b-7c095a047ed5.jpg\" \/>\n\t<meta property=\"og:image:width\" content=\"1600\" \/>\n\t<meta property=\"og:image:height\" content=\"1200\" \/>\n\t<meta property=\"og:image:type\" content=\"image\/jpeg\" \/>\n<meta name=\"author\" content=\"Katharina\" \/>\n<meta name=\"twitter:card\" content=\"summary_large_image\" \/>\n<meta name=\"twitter:label1\" content=\"Verfasst von\" \/>\n\t<meta name=\"twitter:data1\" content=\"Katharina\" \/>\n\t<meta name=\"twitter:label2\" content=\"Gesch\u00e4tzte Lesezeit\" \/>\n\t<meta name=\"twitter:data2\" content=\"8\u00a0Minuten\" \/>\n<script type=\"application\/ld+json\" class=\"yoast-schema-graph\">{\"@context\":\"https:\\\/\\\/schema.org\",\"@graph\":[{\"@type\":\"BlogPosting\",\"@id\":\"https:\\\/\\\/www.tui.at\\\/blog\\\/familienurlaub_zypern\\\/#article\",\"isPartOf\":{\"@id\":\"https:\\\/\\\/www.tui.at\\\/blog\\\/familienurlaub_zypern\\\/\"},\"author\":{\"name\":\"Katharina\",\"@id\":\"https:\\\/\\\/www.tui.at\\\/blog\\\/#\\\/schema\\\/person\\\/fdfb8312f4aab39c129f4ade42aa1c44\"},\"headline\":\"Familienurlaub auf Zypern\",\"datePublished\":\"2023-01-05T10:18:37+00:00\",\"dateModified\":\"2025-10-24T09:39:35+00:00\",\"mainEntityOfPage\":{\"@id\":\"https:\\\/\\\/www.tui.at\\\/blog\\\/familienurlaub_zypern\\\/\"},\"wordCount\":1601,\"commentCount\":0,\"publisher\":{\"@id\":\"https:\\\/\\\/www.tui.at\\\/blog\\\/#organization\"},\"image\":{\"@id\":\"https:\\\/\\\/www.tui.at\\\/blog\\\/familienurlaub_zypern\\\/#primaryimage\"},\"thumbnailUrl\":\"https:\\\/\\\/www.tui.at\\\/blog\\\/wp-content\\\/uploads\\\/2023\\\/01\\\/a2b8333a-28e4-4105-b97b-7c095a047ed5.jpg\",\"keywords\":[\"ayia napa\",\"nissi beach\",\"urlaubsgl\u00fcck\",\"Urlaubsgl\u00fcck-Stories\",\"Zypern\"],\"articleSection\":[\"Familienurlaub\"],\"inLanguage\":\"de\",\"potentialAction\":[{\"@type\":\"CommentAction\",\"name\":\"Comment\",\"target\":[\"https:\\\/\\\/www.tui.at\\\/blog\\\/familienurlaub_zypern\\\/#respond\"]}]},{\"@type\":\"WebPage\",\"@id\":\"https:\\\/\\\/www.tui.at\\\/blog\\\/familienurlaub_zypern\\\/\",\"url\":\"https:\\\/\\\/www.tui.at\\\/blog\\\/familienurlaub_zypern\\\/\",\"name\":\"Familienurlaub auf Zypern - TUI.at Reiseblog\",\"isPartOf\":{\"@id\":\"https:\\\/\\\/www.tui.at\\\/blog\\\/#website\"},\"primaryImageOfPage\":{\"@id\":\"https:\\\/\\\/www.tui.at\\\/blog\\\/familienurlaub_zypern\\\/#primaryimage\"},\"image\":{\"@id\":\"https:\\\/\\\/www.tui.at\\\/blog\\\/familienurlaub_zypern\\\/#primaryimage\"},\"thumbnailUrl\":\"https:\\\/\\\/www.tui.at\\\/blog\\\/wp-content\\\/uploads\\\/2023\\\/01\\\/a2b8333a-28e4-4105-b97b-7c095a047ed5.jpg\",\"datePublished\":\"2023-01-05T10:18:37+00:00\",\"dateModified\":\"2025-10-24T09:39:35+00:00\",\"description\":\"Badeurlaub und Sightseeing auf Zypern. Wie der Familienurlaub dank Insidertipps der TUI Reiseexpertin zum absoluten Highlight wurde.\",\"breadcrumb\":{\"@id\":\"https:\\\/\\\/www.tui.at\\\/blog\\\/familienurlaub_zypern\\\/#breadcrumb\"},\"inLanguage\":\"de\",\"potentialAction\":[{\"@type\":\"ReadAction\",\"target\":[\"https:\\\/\\\/www.tui.at\\\/blog\\\/familienurlaub_zypern\\\/\"]}]},{\"@type\":\"ImageObject\",\"inLanguage\":\"de\",\"@id\":\"https:\\\/\\\/www.tui.at\\\/blog\\\/familienurlaub_zypern\\\/#primaryimage\",\"url\":\"https:\\\/\\\/www.tui.at\\\/blog\\\/wp-content\\\/uploads\\\/2023\\\/01\\\/a2b8333a-28e4-4105-b97b-7c095a047ed5.jpg\",\"contentUrl\":\"https:\\\/\\\/www.tui.at\\\/blog\\\/wp-content\\\/uploads\\\/2023\\\/01\\\/a2b8333a-28e4-4105-b97b-7c095a047ed5.jpg\",\"width\":1600,\"height\":1200},{\"@type\":\"BreadcrumbList\",\"@id\":\"https:\\\/\\\/www.tui.at\\\/blog\\\/familienurlaub_zypern\\\/#breadcrumb\",\"itemListElement\":[{\"@type\":\"ListItem\",\"position\":1,\"name\":\"Startseite\",\"item\":\"https:\\\/\\\/www.tui.at\\\/blog\\\/\"},{\"@type\":\"ListItem\",\"position\":2,\"name\":\"Familienurlaub auf Zypern\"}]},{\"@type\":\"WebSite\",\"@id\":\"https:\\\/\\\/www.tui.at\\\/blog\\\/#website\",\"url\":\"https:\\\/\\\/www.tui.at\\\/blog\\\/\",\"name\":\"TUI.at Reiseblog\",\"description\":\"Inspirationen f\u00fcr den perfekten Urlaub\",\"publisher\":{\"@id\":\"https:\\\/\\\/www.tui.at\\\/blog\\\/#organization\"},\"potentialAction\":[{\"@type\":\"SearchAction\",\"target\":{\"@type\":\"EntryPoint\",\"urlTemplate\":\"https:\\\/\\\/www.tui.at\\\/blog\\\/?s={search_term_string}\"},\"query-input\":{\"@type\":\"PropertyValueSpecification\",\"valueRequired\":true,\"valueName\":\"search_term_string\"}}],\"inLanguage\":\"de\"},{\"@type\":\"Organization\",\"@id\":\"https:\\\/\\\/www.tui.at\\\/blog\\\/#organization\",\"name\":\"TUI.at Reiseblog\",\"url\":\"https:\\\/\\\/www.tui.at\\\/blog\\\/\",\"logo\":{\"@type\":\"ImageObject\",\"inLanguage\":\"de\",\"@id\":\"https:\\\/\\\/www.tui.at\\\/blog\\\/#\\\/schema\\\/logo\\\/image\\\/\",\"url\":\"https:\\\/\\\/www.tui.at\\\/blog\\\/wp-content\\\/uploads\\\/2025\\\/09\\\/cropped-tui-logo-3.webp\",\"contentUrl\":\"https:\\\/\\\/www.tui.at\\\/blog\\\/wp-content\\\/uploads\\\/2025\\\/09\\\/cropped-tui-logo-3.webp\",\"width\":164,\"height\":72,\"caption\":\"TUI.at Reiseblog\"},\"image\":{\"@id\":\"https:\\\/\\\/www.tui.at\\\/blog\\\/#\\\/schema\\\/logo\\\/image\\\/\"}},{\"@type\":\"Person\",\"@id\":\"https:\\\/\\\/www.tui.at\\\/blog\\\/#\\\/schema\\\/person\\\/fdfb8312f4aab39c129f4ade42aa1c44\",\"name\":\"Katharina\",\"url\":\"https:\\\/\\\/www.tui.at\\\/blog\\\/author\\\/katharina-sailnberger\\\/\"}]}<\/script>\n<!-- \/ Yoast SEO plugin. -->","yoast_head_json":{"title":"Familienurlaub auf Zypern - TUI.at Reiseblog","description":"Badeurlaub und Sightseeing auf Zypern. Wie der Familienurlaub dank Insidertipps der TUI Reiseexpertin zum absoluten Highlight wurde.","robots":{"index":"index","follow":"follow","max-snippet":"max-snippet:-1","max-image-preview":"max-image-preview:large","max-video-preview":"max-video-preview:-1"},"canonical":"https:\/\/www.tui.at\/blog\/familienurlaub_zypern\/","og_locale":"de_DE","og_type":"article","og_title":"Familienurlaub auf Zypern - TUI.at Reiseblog","og_description":"Badeurlaub und Sightseeing auf Zypern. Wie der Familienurlaub dank Insidertipps der TUI Reiseexpertin zum absoluten Highlight wurde.","og_url":"https:\/\/www.tui.at\/blog\/familienurlaub_zypern\/","og_site_name":"TUI.at Reiseblog","article_published_time":"2023-01-05T10:18:37+00:00","article_modified_time":"2025-10-24T09:39:35+00:00","og_image":[{"width":1600,"height":1200,"url":"https:\/\/www.tui.at\/blog\/wp-content\/uploads\/2023\/01\/a2b8333a-28e4-4105-b97b-7c095a047ed5.jpg","type":"image\/jpeg"}],"author":"Katharina","twitter_card":"summary_large_image","twitter_misc":{"Verfasst von":"Katharina","Gesch\u00e4tzte Lesezeit":"8\u00a0Minuten"},"schema":{"@context":"https:\/\/schema.org","@graph":[{"@type":"BlogPosting","@id":"https:\/\/www.tui.at\/blog\/familienurlaub_zypern\/#article","isPartOf":{"@id":"https:\/\/www.tui.at\/blog\/familienurlaub_zypern\/"},"author":{"name":"Katharina","@id":"https:\/\/www.tui.at\/blog\/#\/schema\/person\/fdfb8312f4aab39c129f4ade42aa1c44"},"headline":"Familienurlaub auf Zypern","datePublished":"2023-01-05T10:18:37+00:00","dateModified":"2025-10-24T09:39:35+00:00","mainEntityOfPage":{"@id":"https:\/\/www.tui.at\/blog\/familienurlaub_zypern\/"},"wordCount":1601,"commentCount":0,"publisher":{"@id":"https:\/\/www.tui.at\/blog\/#organization"},"image":{"@id":"https:\/\/www.tui.at\/blog\/familienurlaub_zypern\/#primaryimage"},"thumbnailUrl":"https:\/\/www.tui.at\/blog\/wp-content\/uploads\/2023\/01\/a2b8333a-28e4-4105-b97b-7c095a047ed5.jpg","keywords":["ayia napa","nissi beach","urlaubsgl\u00fcck","Urlaubsgl\u00fcck-Stories","Zypern"],"articleSection":["Familienurlaub"],"inLanguage":"de","potentialAction":[{"@type":"CommentAction","name":"Comment","target":["https:\/\/www.tui.at\/blog\/familienurlaub_zypern\/#respond"]}]},{"@type":"WebPage","@id":"https:\/\/www.tui.at\/blog\/familienurlaub_zypern\/","url":"https:\/\/www.tui.at\/blog\/familienurlaub_zypern\/","name":"Familienurlaub auf Zypern - TUI.at Reiseblog","isPartOf":{"@id":"https:\/\/www.tui.at\/blog\/#website"},"primaryImageOfPage":{"@id":"https:\/\/www.tui.at\/blog\/familienurlaub_zypern\/#primaryimage"},"image":{"@id":"https:\/\/www.tui.at\/blog\/familienurlaub_zypern\/#primaryimage"},"thumbnailUrl":"https:\/\/www.tui.at\/blog\/wp-content\/uploads\/2023\/01\/a2b8333a-28e4-4105-b97b-7c095a047ed5.jpg","datePublished":"2023-01-05T10:18:37+00:00","dateModified":"2025-10-24T09:39:35+00:00","description":"Badeurlaub und Sightseeing auf Zypern. Wie der Familienurlaub dank Insidertipps der TUI Reiseexpertin zum absoluten Highlight wurde.","breadcrumb":{"@id":"https:\/\/www.tui.at\/blog\/familienurlaub_zypern\/#breadcrumb"},"inLanguage":"de","potentialAction":[{"@type":"ReadAction","target":["https:\/\/www.tui.at\/blog\/familienurlaub_zypern\/"]}]},{"@type":"ImageObject","inLanguage":"de","@id":"https:\/\/www.tui.at\/blog\/familienurlaub_zypern\/#primaryimage","url":"https:\/\/www.tui.at\/blog\/wp-content\/uploads\/2023\/01\/a2b8333a-28e4-4105-b97b-7c095a047ed5.jpg","contentUrl":"https:\/\/www.tui.at\/blog\/wp-content\/uploads\/2023\/01\/a2b8333a-28e4-4105-b97b-7c095a047ed5.jpg","width":1600,"height":1200},{"@type":"BreadcrumbList","@id":"https:\/\/www.tui.at\/blog\/familienurlaub_zypern\/#breadcrumb","itemListElement":[{"@type":"ListItem","position":1,"name":"Startseite","item":"https:\/\/www.tui.at\/blog\/"},{"@type":"ListItem","position":2,"name":"Familienurlaub auf Zypern"}]},{"@type":"WebSite","@id":"https:\/\/www.tui.at\/blog\/#website","url":"https:\/\/www.tui.at\/blog\/","name":"TUI.at Reiseblog","description":"Inspirationen f\u00fcr den perfekten Urlaub","publisher":{"@id":"https:\/\/www.tui.at\/blog\/#organization"},"potentialAction":[{"@type":"SearchAction","target":{"@type":"EntryPoint","urlTemplate":"https:\/\/www.tui.at\/blog\/?s={search_term_string}"},"query-input":{"@type":"PropertyValueSpecification","valueRequired":true,"valueName":"search_term_string"}}],"inLanguage":"de"},{"@type":"Organization","@id":"https:\/\/www.tui.at\/blog\/#organization","name":"TUI.at Reiseblog","url":"https:\/\/www.tui.at\/blog\/","logo":{"@type":"ImageObject","inLanguage":"de","@id":"https:\/\/www.tui.at\/blog\/#\/schema\/logo\/image\/","url":"https:\/\/www.tui.at\/blog\/wp-content\/uploads\/2025\/09\/cropped-tui-logo-3.webp","contentUrl":"https:\/\/www.tui.at\/blog\/wp-content\/uploads\/2025\/09\/cropped-tui-logo-3.webp","width":164,"height":72,"caption":"TUI.at Reiseblog"},"image":{"@id":"https:\/\/www.tui.at\/blog\/#\/schema\/logo\/image\/"}},{"@type":"Person","@id":"https:\/\/www.tui.at\/blog\/#\/schema\/person\/fdfb8312f4aab39c129f4ade42aa1c44","name":"Katharina","url":"https:\/\/www.tui.at\/blog\/author\/katharina-sailnberger\/"}]}},"_links":{"self":[{"href":"https:\/\/www.tui.at\/blog\/wp-json\/wp\/v2\/posts\/489211","targetHints":{"allow":["GET"]}}],"collection":[{"href":"https:\/\/www.tui.at\/blog\/wp-json\/wp\/v2\/posts"}],"about":[{"href":"https:\/\/www.tui.at\/blog\/wp-json\/wp\/v2\/types\/post"}],"author":[{"embeddable":true,"href":"https:\/\/www.tui.at\/blog\/wp-json\/wp\/v2\/users\/234"}],"replies":[{"embeddable":true,"href":"https:\/\/www.tui.at\/blog\/wp-json\/wp\/v2\/comments?post=489211"}],"version-history":[{"count":1,"href":"https:\/\/www.tui.at\/blog\/wp-json\/wp\/v2\/posts\/489211\/revisions"}],"predecessor-version":[{"id":490286,"href":"https:\/\/www.tui.at\/blog\/wp-json\/wp\/v2\/posts\/489211\/revisions\/490286"}],"wp:featuredmedia":[{"embeddable":true,"href":"https:\/\/www.tui.at\/blog\/wp-json\/wp\/v2\/media\/489205"}],"wp:attachment":[{"href":"https:\/\/www.tui.at\/blog\/wp-json\/wp\/v2\/media?parent=489211"}],"wp:term":[{"taxonomy":"category","embeddable":true,"href":"https:\/\/www.tui.at\/blog\/wp-json\/wp\/v2\/categories?post=489211"},{"taxonomy":"post_tag","embeddable":true,"href":"https:\/\/www.tui.at\/blog\/wp-json\/wp\/v2\/tags?post=489211"}],"curies":[{"name":"wp","href":"https:\/\/api.w.org\/{rel}","templated":true}]}}