{"id":489179,"date":"2022-12-22T14:01:34","date_gmt":"2022-12-22T13:01:34","guid":{"rendered":"https:\/\/www.tui.at\/blog\/entspannung-pur-im-tui-blue-riu-calypso-auf-fuerteventura\/"},"modified":"2025-10-24T11:39:35","modified_gmt":"2025-10-24T09:39:35","slug":"tuiblueriucalypso","status":"publish","type":"post","link":"https:\/\/www.tui.at\/blog\/tuiblueriucalypso\/","title":{"rendered":"Entspannung pur im TUI BLUE Riu Calypso auf Fuerteventura"},"content":{"rendered":"<p><div class=\"legacy-fullwidth\"><div class=\"legacy-fusion-text\"><\/p>\n<blockquote><p>&#8222;Der Urlaub im TUI BLUE Riu Calypso war f\u00fcr uns das perfekte Rundumpaket f\u00fcr eine gemeinsame Auszeit im Herbst 2022. Durch die tolle Beratung unserer langj\u00e4hrigen Reiseexpertin Astrid Kapfinger blieben keine W\u00fcnsche offen.&#8220; &#8211; TUI Das Reiseb\u00fcro Kunde Thomas<\/p><\/blockquote>\n<p><\/div><div class=\"legacy-row\"><div class=\"one-half\"><div class=\"legacy-fusion-text\"><img loading=\"lazy\" decoding=\"async\" class=\"alignnone size-medium wp-image-25379\" src=\"https:\/\/www.tui.at\/blog\/wp-content\/uploads\/2022\/12\/IMG-20221201-WA0002.jpg\" alt=\"\" width=\"615\" height=\"410\" \/><\/div><\/div><div class=\"one-half\"><div class=\"legacy-fusion-text\"><img loading=\"lazy\" decoding=\"async\" class=\"alignnone size-medium wp-image-25380\" src=\"https:\/\/www.tui.at\/blog\/wp-content\/uploads\/2022\/12\/TUI-BLUE-Riu-Calypso.jpg\" alt=\"\" width=\"615\" height=\"410\" \/><\/div><\/div><\/div><div class=\"legacy-fusion-text\">Die k\u00e4ltere Jahreszeit kann sehr schnell Fernweh in uns hervorrufen. Um dem Herbstblues zu entkommen und der Sehnsucht nach Sonne, Strand und Meer nachzugehen, ging es im Herbst 2022 f\u00fcr Barbara und Thomas aus Tirol ins <strong>TUI Blue Riu Calypso auf Fuerteventura<\/strong>. Das <strong>Adults only Hotel<\/strong> ist perfekt auf Paare und G\u00e4ste ab 16 Jahren ausgerichtet.<\/p>\n<p>Die <strong>Buchungsberatung<\/strong> ihrer langj\u00e4hrigen Reiseexpertin, Astrid Kapfinger vom <a href=\"https:\/\/www.tui.at\/reisebuero\/tirol\/kufstein\/tui-das-reisebuero-kufstein\/\" target=\"_blank\" rel=\"noopener\">TUI Das Reiseb\u00fcro in Kufstein<\/a>, lie\u00df keine W\u00fcnsche offen und machte das \u201e<strong>Sorglos-Strandurlaubspaket<\/strong>\u201c (die herbstliche Auszeit) perfekt!<\/p>\n<p>Vom Flug, \u00fcber das <a href=\"https:\/\/www.tui.at\/mietwagen\/\" target=\"_blank\" rel=\"noopener\">Mietauto<\/a> bis hin zum Hotel ging TUI Reiseprofi Astrid Kapfinger individuell auf die W\u00fcnsche und Vorstellungen von Thomas und Barbara ein, wodurch sie sich rundum top betreut f\u00fchlten. Entspannt und organisiert wie die Beratung, verlief auch der gesamte Urlaub der beiden und sie konnten sich so richtig von ihrem doch oftmals stressigen Alltag erholen.<\/div><\/div><div class=\"legacy-fullwidth\"><div class=\"legacy-fusion-title\"><h3>TUI BLUE Riu Calypso<\/h3><\/div><div class=\"legacy-fusion-text\">Vom <strong>4,5-Sterne Hotel TUI BLUE Riu Calypso<\/strong> schw\u00e4rmt das Paar heute noch &#8211; Entspannung pur durch das <strong>Adults only Konzept<\/strong>, ph\u00e4nomenale Strandlage, \u00e4u\u00dferst zuvorkommendes Personal und abwechslungsreiches Essen.<\/p>\n<p>Das <a href=\"https:\/\/www.tui.at\/pauschalreisen\/suchen\/angebote\/TUI-BLUE-Riu-Calypso\/2609\/hotelDescription\/?startDate=2022-12-23&amp;endDate=2023-09-30&amp;sortOffersField=campaignOffers&amp;campaigns=TOY20;TML20;RIU20\" target=\"_blank\" rel=\"noopener\">TUI BLUE Riu Calypso<\/a> ist ein <strong>TUI BLUE For Two<\/strong> Hotel. D.h. es ist speziell auf die Bed\u00fcrfnisse von Paaren und Erwachsenen ab 16 Jahren zugeschnitten. Die Lage ist unschlagbar. Das Resort liegt terrassenf\u00f6rmig an einem Hang, direkt an einem der <strong>sch\u00f6nsten Str\u00e4nde Fuerteventuras<\/strong>, der Playa de Jandia. Diese zeichnet sich durch ihren hellen, feinsandigen Strand aus &#8211; einfach traumhaft. Obwohl es ins Zentrum von Jandia mit seinen zahlreichen Einkaufs- und Unterhaltungsm\u00f6glichkeiten nur ca. 400 Meter sind, ist es angenehm ruhig. Was Barbara und Thomas besonders toll fanden &#8211; die Spazierg\u00e4nge am kilometerlangen Sandstrand &#8211; bei Sonnenuntergang besonders sch\u00f6n.<\/p>\n<p>Das Hotel zeichnet sich vor allem durch seine <strong>hervorragende K\u00fcche<\/strong> aus. Frische, regionale Zutaten bilden die Basis daf\u00fcr. Themenabende wie z.B. Sunset- oder Seafood Dinner runden das Angebot ab.<\/p>\n<p>Sportbegeisterte kommen bei zahlreichen <strong>Fitnessaktivit\u00e4ten<\/strong> und unterschiedlichsten Sportkursen voll auf ihre Kosten. Abschalten l\u00e4sst es sich anschlie\u00dfend im <strong>Wellnessbereich<\/strong> samt Sauna und Dampfbad.<\/div><div class=\"legacy-row\"><div class=\"one-half\"><div class=\"legacy-fusion-text\"><img loading=\"lazy\" decoding=\"async\" class=\"alignnone size-medium wp-image-25375\" src=\"https:\/\/www.tui.at\/blog\/wp-content\/uploads\/2022\/12\/TB_FUE_11007_RiuCalypso_Pool_0048.jpg\" alt=\"\" width=\"615\" height=\"410\" \/><\/div><\/div><div class=\"one-half\"><div class=\"legacy-fusion-text\"><img loading=\"lazy\" decoding=\"async\" class=\"alignnone size-medium wp-image-25374\" src=\"https:\/\/www.tui.at\/blog\/wp-content\/uploads\/2022\/12\/3407108b-4020-4d7b-a68a-f5e9a2033c9a.jpg\" alt=\"\" width=\"615\" height=\"410\" \/><\/div><\/div><\/div><\/div><div class=\"legacy-row\"><div class=\"one-half\"><div class=\"legacy-fusion-text\"><img loading=\"lazy\" decoding=\"async\" class=\"alignnone size-medium wp-image-25373\" src=\"https:\/\/www.tui.at\/blog\/wp-content\/uploads\/2022\/12\/FUE1019_AC8009277_TB_Spain_RIU-Calypso_Hotel_day-beds_merchandise.jpg\" alt=\"\" width=\"615\" height=\"410\" \/><\/div><\/div><div class=\"one-half\"><div class=\"legacy-fusion-text\"><img loading=\"lazy\" decoding=\"async\" class=\"alignnone size-medium wp-image-25372\" src=\"https:\/\/www.tui.at\/blog\/wp-content\/uploads\/2022\/12\/FUE1019_AC8009277_TB_Spain_RIU-Calypso_Hotel_group-fitness_outdoor_weights.jpg\" alt=\"\" width=\"615\" height=\"410\" \/><\/div><\/div><\/div><div class=\"legacy-fullwidth\"><div class=\"legacy-fusion-title\"><h3>Das TUI BLUE Hotel-Konzept<\/h3><\/div><div class=\"legacy-fusion-text\">Die Hotelmarke <a href=\"https:\/\/www.tui.at\/tui-blue\/\" target=\"_blank\" rel=\"noopener\">TUI BLUE<\/a> unterteilt seine H\u00e4user in die <strong>4 Kategorien<\/strong> For All, For Two, For Families sowie Sensatori. Das soll einem dabei helfen, auf Anhieb das <strong>passende Hotel f\u00fcr den perfekten Urlaub<\/strong> zu finden.<\/p>\n<p>Alle <strong>TUI BLUE Hotels<\/strong> zeichnen sich durch ihr <strong>modernes Ambiente<\/strong>, die <strong>exquisite K\u00fcche<\/strong> und das <strong>breite Sportangebot<\/strong> aus. Die einzelnen Kategorien\/Labels legen dann nochmal einen Fokus auf spezielle Bereiche.<\/p>\n<p>TUI BLUE<strong>\u00a0<a href=\"https:\/\/www.tui.at\/tui-blue-all\/\" target=\"_blank\" rel=\"noopener\">for All<\/a><\/strong>: Besonderer Fokus auf ein breites Sportangebot &amp; au\u00dfergew\u00f6hnliche Ausfl\u00fcge<br \/>\nTUI BLUE\u00a0<a href=\"https:\/\/www.tui.at\/tui-blue-two\/\" target=\"_blank\" rel=\"noopener\"><strong>for Two<\/strong><\/a>: Adults-only H\u00e4user (ab 16 J.), Fokus auf top Spa- und Wellnessbereich<br \/>\nTUI BLUE\u00a0<a href=\"https:\/\/www.tui.at\/tui-blue-families\/\" target=\"_blank\" rel=\"noopener\"><strong>for Families<\/strong><\/a>: Kinderclubs nach Altersgruppen getrennt, Tages- &amp; Abendentertainment, Kinderpool, Kinderbuffet \u2013 Action rund um die Uhr<br \/>\nTUI BLUE\u00a0<a href=\"https:\/\/www.tui.at\/tui-blue-sensatori\/\" target=\"_blank\" rel=\"noopener\"><strong>Sensatori<\/strong><\/a>: 5-Sterne-H\u00e4user, Fokus auf besonders hochwertige Gastronomie<\/p>\n<p>Durch die <strong>vielen enthaltenen Inklusivleistungen<\/strong> bei <a href=\"https:\/\/blog.tui.at\/tuibluepalazzodelmare\" target=\"_blank\" rel=\"noopener\">TUI BLUE<\/a> &#8211; von Kulinarik, \u00fcber Sportkurse bis hin zu den unterschiedlichsten Aktivit\u00e4ten wie Wanderungen, einem Kochkurs usw. hat man <strong>Budgetsicherheit<\/strong>. Sprich es kommen im Urlaub keine zus\u00e4tzlichen Kosten mehr auf einen zu, egal f\u00fcr welches der vier Konzepte man sich entscheidet.<\/div><\/div><div class=\"legacy-row\"><div class=\"one-half\"><div class=\"legacy-fusion-text\"><img loading=\"lazy\" decoding=\"async\" class=\"alignnone size-medium wp-image-25377\" src=\"https:\/\/www.tui.at\/blog\/wp-content\/uploads\/2022\/12\/TUI-BLUE-for-two.jpg\" alt=\"\" width=\"615\" height=\"410\" \/><\/div><\/div><div class=\"one-half\"><div class=\"legacy-fusion-text\"><img loading=\"lazy\" decoding=\"async\" class=\"alignnone size-medium wp-image-25378\" src=\"https:\/\/www.tui.at\/blog\/wp-content\/uploads\/2022\/12\/TUI-BLUE-for-families.jpg\" alt=\"\" width=\"615\" height=\"410\" \/><\/div><\/div><\/div><div class=\"legacy-fullwidth\"><div class=\"legacy-fusion-title\"><h3>Astrid Kapfinger vom TUI Das Reiseb\u00fcro Kufstein<\/h3><\/div><div class=\"legacy-fusion-text\"><\/p>\n<blockquote><p>&#8222;<em>Barbara und Thomas sind schon lange Stammkunden bei uns und ich freue mich jedes Mal aufs Neue, wenn sie ihre Urlaubstr\u00e4ume in meine H\u00e4nde legen und ich sie bei ihrer Reiseplanung beraten darf.<\/em>&#8220; &#8211; TUI Reiseprofi Astrid<\/p><\/blockquote>\n<p><\/div><div class=\"legacy-row\"><div class=\"one-half\"><div class=\"legacy-fusion-text\"><img loading=\"lazy\" decoding=\"async\" class=\"alignnone size-medium wp-image-25381\" src=\"https:\/\/www.tui.at\/blog\/wp-content\/uploads\/2022\/12\/Kapfinger_Astrid_Kufstein1_1.jpg\" alt=\"\" width=\"615\" height=\"615\" \/><\/div><\/div><div class=\"one-half\"><div class=\"legacy-fusion-text\"><img loading=\"lazy\" decoding=\"async\" class=\"alignnone size-medium wp-image-25341\" src=\"https:\/\/www.tui.at\/blog\/wp-content\/uploads\/2022\/12\/Flip-Flop-1_1-Kopie.jpg\" alt=\"\" width=\"615\" height=\"615\" \/><\/div><\/div><\/div><div class=\"legacy-fusion-text\">Barbara und Thomas z\u00e4hlen seit vielen Jahren zu den <strong>Stammkund:innen<\/strong> im TUI Das Reiseb\u00fcro Kufstein. Astrid freut sich jedes Mal aufs Neue, wenn das Paar seine Urlaubstr\u00e4ume in ihre H\u00e4nde legt und sie bei der Reiseplanung beraten darf. Die beiden haben schon die <strong>verschiedensten Reisen<\/strong> bei ihr gebucht: Von <a href=\"https:\/\/www.tui.at\/pauschalreisen\/afrika\/\" target=\"_blank\" rel=\"noopener\">Namibia<\/a> \u00fcber <a href=\"https:\/\/www.tui.at\/pauschalreisen\/mexiko\/\" target=\"_blank\" rel=\"noopener\">Mexiko<\/a>, <a href=\"https:\/\/www.tui.at\/pauschalreisen\/griechenland\/\" target=\"_blank\" rel=\"noopener\">Griechenland<\/a> und die <a href=\"https:\/\/www.tui.at\/pauschalreisen\/spanien\/kanaren\/\" target=\"_blank\" rel=\"noopener\">Kanaren<\/a> bis hin zu <a href=\"https:\/\/www.tui.at\/ferienwohnung\/\" target=\"_blank\" rel=\"noopener\">Ferienh\u00e4usern<\/a> in Frankreich und noch vieles mehr!<\/p>\n<p>Astrid Kapfinger ist es wichtig, individuell auf die W\u00fcnsche ihrer Kund:innen einzugehen und deren pers\u00f6nliche Bed\u00fcrfnisse in den Vordergrund zu stellen. Sie gibt immer gerne <strong>Insidertipps<\/strong> mit auf die Reise und teilt ihre eigenen Erfahrungen, um ganz besondere Reiseerlebnisse zu erm\u00f6glichen.<\/p>\n<p>Durch ihre langj\u00e4hrige Arbeit als TUI Reiseprofi kann sie <strong>individuelle Bed\u00fcrfnisse<\/strong> gut einsch\u00e4tzen und das <strong>beste Angebot<\/strong> f\u00fcr ihre Kund:innen finden. Gemeinsam mit ihrem Team k\u00fcmmert sie sich von Beginn der Buchung bis zur R\u00fcckkehr der G\u00e4ste und fragt auch nach der Reise immer gerne nach, ob alles einwandfrei verlaufen ist und die Kund:innen einen sch\u00f6nen Urlaub hatten. &#8222;Das Sch\u00f6nste ist es, wenn Kund:innen von ihrer Reise mit einem L\u00e4cheln bis \u00fcber beide Ohren zur\u00fcckkehren \u2013 dann wei\u00dft du, du hast deinen Job richtig gut gemacht!&#8220;, so der Reiseprofi.<\/p>\n<p>Barbara und Thomas jedenfalls haben ihren Urlaub extrem genossen. Sowohl die <strong>top Beratung<\/strong> durch das Reiseb\u00fcro Kufstein, als auch das TUI BLUE Hotel auf Fuerteventura k\u00f6nnen sie definitiv <strong>weiterempfehlen<\/strong>. Bei den momentanen Temperaturen zu Hause denken sie ohnehin schon wieder an die n\u00e4chste <a href=\"https:\/\/www.tui.at\/pauschalreisen\/sonnenziele-im-winter\/\" target=\"_blank\" rel=\"noopener\">Urlaubsreise ins Warme<\/a>.\u00a0 \ud83d\ude09<\/div><\/div><\/p>\n","protected":false},"excerpt":{"rendered":"<p>Der Urlaub im TUI BLUE Riu Calypso auf Fuerteventura war f\u00fcr Barbara und Thomas das perfekte Rundumpaket f\u00fcr eine Auszeit im Herbst. Entspannung pur. <\/p>\n","protected":false},"author":234,"featured_media":489172,"comment_status":"open","ping_status":"closed","sticky":false,"template":"","format":"standard","meta":{"_acf_changed":false,"footnotes":""},"categories":[5146],"tags":[5015,4869,5016,5067,5068,4946,5155],"class_list":["post-489179","post","type-post","status-publish","format-standard","has-post-thumbnail","hentry","category-archiv-urlaub-am-meer","tag-fuerteventura","tag-kanaren","tag-paarurlaub","tag-tui-blue","tag-tui-blue-for-two","tag-urlaubsglueck","tag-urlaubsglueck-stories"],"acf":[],"yoast_head":"<!-- This site is optimized with the Yoast SEO plugin v27.4 - https:\/\/yoast.com\/product\/yoast-seo-wordpress\/ -->\n<title>Entspannung pur im TUI BLUE Riu Calypso auf Fuerteventura - TUI.at Reiseblog<\/title>\n<meta name=\"description\" content=\"Der Urlaub im TUI BLUE Riu Calypso auf Fuerteventura war f\u00fcr Barbara und Thomas das perfekte Rundumpaket f\u00fcr eine Auszeit im Herbst.\" \/>\n<meta name=\"robots\" content=\"index, follow, max-snippet:-1, max-image-preview:large, max-video-preview:-1\" \/>\n<link rel=\"canonical\" href=\"https:\/\/www.tui.at\/blog\/tuiblueriucalypso\/\" \/>\n<meta property=\"og:locale\" content=\"de_DE\" \/>\n<meta property=\"og:type\" content=\"article\" \/>\n<meta property=\"og:title\" content=\"Entspannung pur im TUI BLUE Riu Calypso auf Fuerteventura - TUI.at Reiseblog\" \/>\n<meta property=\"og:description\" content=\"Der Urlaub im TUI BLUE Riu Calypso auf Fuerteventura war f\u00fcr Barbara und Thomas das perfekte Rundumpaket f\u00fcr eine Auszeit im Herbst.\" \/>\n<meta property=\"og:url\" content=\"https:\/\/www.tui.at\/blog\/tuiblueriucalypso\/\" \/>\n<meta property=\"og:site_name\" content=\"TUI.at Reiseblog\" \/>\n<meta property=\"article:published_time\" content=\"2022-12-22T13:01:34+00:00\" \/>\n<meta property=\"article:modified_time\" content=\"2025-10-24T09:39:35+00:00\" \/>\n<meta property=\"og:image\" content=\"https:\/\/www.tui.at\/blog\/wp-content\/uploads\/2022\/12\/TB_FUE_11007_RiuCalypso_Pool_0048.jpg\" \/>\n\t<meta property=\"og:image:width\" content=\"1600\" \/>\n\t<meta property=\"og:image:height\" content=\"1067\" \/>\n\t<meta property=\"og:image:type\" content=\"image\/jpeg\" \/>\n<meta name=\"author\" content=\"Katharina\" \/>\n<meta name=\"twitter:card\" content=\"summary_large_image\" \/>\n<meta name=\"twitter:label1\" content=\"Verfasst von\" \/>\n\t<meta name=\"twitter:data1\" content=\"Katharina\" \/>\n\t<meta name=\"twitter:label2\" content=\"Gesch\u00e4tzte Lesezeit\" \/>\n\t<meta name=\"twitter:data2\" content=\"7\u00a0Minuten\" \/>\n<script type=\"application\/ld+json\" class=\"yoast-schema-graph\">{\"@context\":\"https:\\\/\\\/schema.org\",\"@graph\":[{\"@type\":\"BlogPosting\",\"@id\":\"https:\\\/\\\/www.tui.at\\\/blog\\\/tuiblueriucalypso\\\/#article\",\"isPartOf\":{\"@id\":\"https:\\\/\\\/www.tui.at\\\/blog\\\/tuiblueriucalypso\\\/\"},\"author\":{\"name\":\"Katharina\",\"@id\":\"https:\\\/\\\/www.tui.at\\\/blog\\\/#\\\/schema\\\/person\\\/fdfb8312f4aab39c129f4ade42aa1c44\"},\"headline\":\"Entspannung pur im TUI BLUE Riu Calypso auf Fuerteventura\",\"datePublished\":\"2022-12-22T13:01:34+00:00\",\"dateModified\":\"2025-10-24T09:39:35+00:00\",\"mainEntityOfPage\":{\"@id\":\"https:\\\/\\\/www.tui.at\\\/blog\\\/tuiblueriucalypso\\\/\"},\"wordCount\":1508,\"commentCount\":0,\"publisher\":{\"@id\":\"https:\\\/\\\/www.tui.at\\\/blog\\\/#organization\"},\"image\":{\"@id\":\"https:\\\/\\\/www.tui.at\\\/blog\\\/tuiblueriucalypso\\\/#primaryimage\"},\"thumbnailUrl\":\"https:\\\/\\\/www.tui.at\\\/blog\\\/wp-content\\\/uploads\\\/2022\\\/12\\\/TB_FUE_11007_RiuCalypso_Pool_0048.jpg\",\"keywords\":[\"fuerteventura\",\"Kanaren\",\"Paarurlaub\",\"tui blue\",\"tui blue for two\",\"urlaubsgl\u00fcck\",\"Urlaubsgl\u00fcck-Stories\"],\"articleSection\":[\"Urlaub am Meer\"],\"inLanguage\":\"de\",\"potentialAction\":[{\"@type\":\"CommentAction\",\"name\":\"Comment\",\"target\":[\"https:\\\/\\\/www.tui.at\\\/blog\\\/tuiblueriucalypso\\\/#respond\"]}]},{\"@type\":\"WebPage\",\"@id\":\"https:\\\/\\\/www.tui.at\\\/blog\\\/tuiblueriucalypso\\\/\",\"url\":\"https:\\\/\\\/www.tui.at\\\/blog\\\/tuiblueriucalypso\\\/\",\"name\":\"Entspannung pur im TUI BLUE Riu Calypso auf Fuerteventura - TUI.at Reiseblog\",\"isPartOf\":{\"@id\":\"https:\\\/\\\/www.tui.at\\\/blog\\\/#website\"},\"primaryImageOfPage\":{\"@id\":\"https:\\\/\\\/www.tui.at\\\/blog\\\/tuiblueriucalypso\\\/#primaryimage\"},\"image\":{\"@id\":\"https:\\\/\\\/www.tui.at\\\/blog\\\/tuiblueriucalypso\\\/#primaryimage\"},\"thumbnailUrl\":\"https:\\\/\\\/www.tui.at\\\/blog\\\/wp-content\\\/uploads\\\/2022\\\/12\\\/TB_FUE_11007_RiuCalypso_Pool_0048.jpg\",\"datePublished\":\"2022-12-22T13:01:34+00:00\",\"dateModified\":\"2025-10-24T09:39:35+00:00\",\"description\":\"Der Urlaub im TUI BLUE Riu Calypso auf Fuerteventura war f\u00fcr Barbara und Thomas das perfekte Rundumpaket f\u00fcr eine Auszeit im Herbst.\",\"breadcrumb\":{\"@id\":\"https:\\\/\\\/www.tui.at\\\/blog\\\/tuiblueriucalypso\\\/#breadcrumb\"},\"inLanguage\":\"de\",\"potentialAction\":[{\"@type\":\"ReadAction\",\"target\":[\"https:\\\/\\\/www.tui.at\\\/blog\\\/tuiblueriucalypso\\\/\"]}]},{\"@type\":\"ImageObject\",\"inLanguage\":\"de\",\"@id\":\"https:\\\/\\\/www.tui.at\\\/blog\\\/tuiblueriucalypso\\\/#primaryimage\",\"url\":\"https:\\\/\\\/www.tui.at\\\/blog\\\/wp-content\\\/uploads\\\/2022\\\/12\\\/TB_FUE_11007_RiuCalypso_Pool_0048.jpg\",\"contentUrl\":\"https:\\\/\\\/www.tui.at\\\/blog\\\/wp-content\\\/uploads\\\/2022\\\/12\\\/TB_FUE_11007_RiuCalypso_Pool_0048.jpg\",\"width\":1600,\"height\":1067},{\"@type\":\"BreadcrumbList\",\"@id\":\"https:\\\/\\\/www.tui.at\\\/blog\\\/tuiblueriucalypso\\\/#breadcrumb\",\"itemListElement\":[{\"@type\":\"ListItem\",\"position\":1,\"name\":\"Startseite\",\"item\":\"https:\\\/\\\/www.tui.at\\\/blog\\\/\"},{\"@type\":\"ListItem\",\"position\":2,\"name\":\"Entspannung pur im TUI BLUE Riu Calypso auf Fuerteventura\"}]},{\"@type\":\"WebSite\",\"@id\":\"https:\\\/\\\/www.tui.at\\\/blog\\\/#website\",\"url\":\"https:\\\/\\\/www.tui.at\\\/blog\\\/\",\"name\":\"TUI.at Reiseblog\",\"description\":\"Inspirationen f\u00fcr den perfekten Urlaub\",\"publisher\":{\"@id\":\"https:\\\/\\\/www.tui.at\\\/blog\\\/#organization\"},\"potentialAction\":[{\"@type\":\"SearchAction\",\"target\":{\"@type\":\"EntryPoint\",\"urlTemplate\":\"https:\\\/\\\/www.tui.at\\\/blog\\\/?s={search_term_string}\"},\"query-input\":{\"@type\":\"PropertyValueSpecification\",\"valueRequired\":true,\"valueName\":\"search_term_string\"}}],\"inLanguage\":\"de\"},{\"@type\":\"Organization\",\"@id\":\"https:\\\/\\\/www.tui.at\\\/blog\\\/#organization\",\"name\":\"TUI.at Reiseblog\",\"url\":\"https:\\\/\\\/www.tui.at\\\/blog\\\/\",\"logo\":{\"@type\":\"ImageObject\",\"inLanguage\":\"de\",\"@id\":\"https:\\\/\\\/www.tui.at\\\/blog\\\/#\\\/schema\\\/logo\\\/image\\\/\",\"url\":\"https:\\\/\\\/www.tui.at\\\/blog\\\/wp-content\\\/uploads\\\/2025\\\/09\\\/cropped-tui-logo-3.webp\",\"contentUrl\":\"https:\\\/\\\/www.tui.at\\\/blog\\\/wp-content\\\/uploads\\\/2025\\\/09\\\/cropped-tui-logo-3.webp\",\"width\":164,\"height\":72,\"caption\":\"TUI.at Reiseblog\"},\"image\":{\"@id\":\"https:\\\/\\\/www.tui.at\\\/blog\\\/#\\\/schema\\\/logo\\\/image\\\/\"}},{\"@type\":\"Person\",\"@id\":\"https:\\\/\\\/www.tui.at\\\/blog\\\/#\\\/schema\\\/person\\\/fdfb8312f4aab39c129f4ade42aa1c44\",\"name\":\"Katharina\",\"url\":\"https:\\\/\\\/www.tui.at\\\/blog\\\/author\\\/katharina-sailnberger\\\/\"}]}<\/script>\n<!-- \/ Yoast SEO plugin. -->","yoast_head_json":{"title":"Entspannung pur im TUI BLUE Riu Calypso auf Fuerteventura - TUI.at Reiseblog","description":"Der Urlaub im TUI BLUE Riu Calypso auf Fuerteventura war f\u00fcr Barbara und Thomas das perfekte Rundumpaket f\u00fcr eine Auszeit im Herbst.","robots":{"index":"index","follow":"follow","max-snippet":"max-snippet:-1","max-image-preview":"max-image-preview:large","max-video-preview":"max-video-preview:-1"},"canonical":"https:\/\/www.tui.at\/blog\/tuiblueriucalypso\/","og_locale":"de_DE","og_type":"article","og_title":"Entspannung pur im TUI BLUE Riu Calypso auf Fuerteventura - TUI.at Reiseblog","og_description":"Der Urlaub im TUI BLUE Riu Calypso auf Fuerteventura war f\u00fcr Barbara und Thomas das perfekte Rundumpaket f\u00fcr eine Auszeit im Herbst.","og_url":"https:\/\/www.tui.at\/blog\/tuiblueriucalypso\/","og_site_name":"TUI.at Reiseblog","article_published_time":"2022-12-22T13:01:34+00:00","article_modified_time":"2025-10-24T09:39:35+00:00","og_image":[{"width":1600,"height":1067,"url":"https:\/\/www.tui.at\/blog\/wp-content\/uploads\/2022\/12\/TB_FUE_11007_RiuCalypso_Pool_0048.jpg","type":"image\/jpeg"}],"author":"Katharina","twitter_card":"summary_large_image","twitter_misc":{"Verfasst von":"Katharina","Gesch\u00e4tzte Lesezeit":"7\u00a0Minuten"},"schema":{"@context":"https:\/\/schema.org","@graph":[{"@type":"BlogPosting","@id":"https:\/\/www.tui.at\/blog\/tuiblueriucalypso\/#article","isPartOf":{"@id":"https:\/\/www.tui.at\/blog\/tuiblueriucalypso\/"},"author":{"name":"Katharina","@id":"https:\/\/www.tui.at\/blog\/#\/schema\/person\/fdfb8312f4aab39c129f4ade42aa1c44"},"headline":"Entspannung pur im TUI BLUE Riu Calypso auf Fuerteventura","datePublished":"2022-12-22T13:01:34+00:00","dateModified":"2025-10-24T09:39:35+00:00","mainEntityOfPage":{"@id":"https:\/\/www.tui.at\/blog\/tuiblueriucalypso\/"},"wordCount":1508,"commentCount":0,"publisher":{"@id":"https:\/\/www.tui.at\/blog\/#organization"},"image":{"@id":"https:\/\/www.tui.at\/blog\/tuiblueriucalypso\/#primaryimage"},"thumbnailUrl":"https:\/\/www.tui.at\/blog\/wp-content\/uploads\/2022\/12\/TB_FUE_11007_RiuCalypso_Pool_0048.jpg","keywords":["fuerteventura","Kanaren","Paarurlaub","tui blue","tui blue for two","urlaubsgl\u00fcck","Urlaubsgl\u00fcck-Stories"],"articleSection":["Urlaub am Meer"],"inLanguage":"de","potentialAction":[{"@type":"CommentAction","name":"Comment","target":["https:\/\/www.tui.at\/blog\/tuiblueriucalypso\/#respond"]}]},{"@type":"WebPage","@id":"https:\/\/www.tui.at\/blog\/tuiblueriucalypso\/","url":"https:\/\/www.tui.at\/blog\/tuiblueriucalypso\/","name":"Entspannung pur im TUI BLUE Riu Calypso auf Fuerteventura - TUI.at Reiseblog","isPartOf":{"@id":"https:\/\/www.tui.at\/blog\/#website"},"primaryImageOfPage":{"@id":"https:\/\/www.tui.at\/blog\/tuiblueriucalypso\/#primaryimage"},"image":{"@id":"https:\/\/www.tui.at\/blog\/tuiblueriucalypso\/#primaryimage"},"thumbnailUrl":"https:\/\/www.tui.at\/blog\/wp-content\/uploads\/2022\/12\/TB_FUE_11007_RiuCalypso_Pool_0048.jpg","datePublished":"2022-12-22T13:01:34+00:00","dateModified":"2025-10-24T09:39:35+00:00","description":"Der Urlaub im TUI BLUE Riu Calypso auf Fuerteventura war f\u00fcr Barbara und Thomas das perfekte Rundumpaket f\u00fcr eine Auszeit im Herbst.","breadcrumb":{"@id":"https:\/\/www.tui.at\/blog\/tuiblueriucalypso\/#breadcrumb"},"inLanguage":"de","potentialAction":[{"@type":"ReadAction","target":["https:\/\/www.tui.at\/blog\/tuiblueriucalypso\/"]}]},{"@type":"ImageObject","inLanguage":"de","@id":"https:\/\/www.tui.at\/blog\/tuiblueriucalypso\/#primaryimage","url":"https:\/\/www.tui.at\/blog\/wp-content\/uploads\/2022\/12\/TB_FUE_11007_RiuCalypso_Pool_0048.jpg","contentUrl":"https:\/\/www.tui.at\/blog\/wp-content\/uploads\/2022\/12\/TB_FUE_11007_RiuCalypso_Pool_0048.jpg","width":1600,"height":1067},{"@type":"BreadcrumbList","@id":"https:\/\/www.tui.at\/blog\/tuiblueriucalypso\/#breadcrumb","itemListElement":[{"@type":"ListItem","position":1,"name":"Startseite","item":"https:\/\/www.tui.at\/blog\/"},{"@type":"ListItem","position":2,"name":"Entspannung pur im TUI BLUE Riu Calypso auf Fuerteventura"}]},{"@type":"WebSite","@id":"https:\/\/www.tui.at\/blog\/#website","url":"https:\/\/www.tui.at\/blog\/","name":"TUI.at Reiseblog","description":"Inspirationen f\u00fcr den perfekten Urlaub","publisher":{"@id":"https:\/\/www.tui.at\/blog\/#organization"},"potentialAction":[{"@type":"SearchAction","target":{"@type":"EntryPoint","urlTemplate":"https:\/\/www.tui.at\/blog\/?s={search_term_string}"},"query-input":{"@type":"PropertyValueSpecification","valueRequired":true,"valueName":"search_term_string"}}],"inLanguage":"de"},{"@type":"Organization","@id":"https:\/\/www.tui.at\/blog\/#organization","name":"TUI.at Reiseblog","url":"https:\/\/www.tui.at\/blog\/","logo":{"@type":"ImageObject","inLanguage":"de","@id":"https:\/\/www.tui.at\/blog\/#\/schema\/logo\/image\/","url":"https:\/\/www.tui.at\/blog\/wp-content\/uploads\/2025\/09\/cropped-tui-logo-3.webp","contentUrl":"https:\/\/www.tui.at\/blog\/wp-content\/uploads\/2025\/09\/cropped-tui-logo-3.webp","width":164,"height":72,"caption":"TUI.at Reiseblog"},"image":{"@id":"https:\/\/www.tui.at\/blog\/#\/schema\/logo\/image\/"}},{"@type":"Person","@id":"https:\/\/www.tui.at\/blog\/#\/schema\/person\/fdfb8312f4aab39c129f4ade42aa1c44","name":"Katharina","url":"https:\/\/www.tui.at\/blog\/author\/katharina-sailnberger\/"}]}},"_links":{"self":[{"href":"https:\/\/www.tui.at\/blog\/wp-json\/wp\/v2\/posts\/489179","targetHints":{"allow":["GET"]}}],"collection":[{"href":"https:\/\/www.tui.at\/blog\/wp-json\/wp\/v2\/posts"}],"about":[{"href":"https:\/\/www.tui.at\/blog\/wp-json\/wp\/v2\/types\/post"}],"author":[{"embeddable":true,"href":"https:\/\/www.tui.at\/blog\/wp-json\/wp\/v2\/users\/234"}],"replies":[{"embeddable":true,"href":"https:\/\/www.tui.at\/blog\/wp-json\/wp\/v2\/comments?post=489179"}],"version-history":[{"count":1,"href":"https:\/\/www.tui.at\/blog\/wp-json\/wp\/v2\/posts\/489179\/revisions"}],"predecessor-version":[{"id":490349,"href":"https:\/\/www.tui.at\/blog\/wp-json\/wp\/v2\/posts\/489179\/revisions\/490349"}],"wp:featuredmedia":[{"embeddable":true,"href":"https:\/\/www.tui.at\/blog\/wp-json\/wp\/v2\/media\/489172"}],"wp:attachment":[{"href":"https:\/\/www.tui.at\/blog\/wp-json\/wp\/v2\/media?parent=489179"}],"wp:term":[{"taxonomy":"category","embeddable":true,"href":"https:\/\/www.tui.at\/blog\/wp-json\/wp\/v2\/categories?post=489179"},{"taxonomy":"post_tag","embeddable":true,"href":"https:\/\/www.tui.at\/blog\/wp-json\/wp\/v2\/tags?post=489179"}],"curies":[{"name":"wp","href":"https:\/\/api.w.org\/{rel}","templated":true}]}}