{"id":489097,"date":"2022-08-09T14:19:32","date_gmt":"2022-08-09T12:19:32","guid":{"rendered":"https:\/\/www.tui.at\/blog\/urlaub-auf-kos-im-tui-blue-palazzo-del-mare\/"},"modified":"2025-10-28T11:57:54","modified_gmt":"2025-10-28T10:57:54","slug":"tuibluepalazzodelmare","status":"publish","type":"post","link":"https:\/\/www.tui.at\/blog\/tuibluepalazzodelmare\/","title":{"rendered":"Urlaub auf Kos &#8211; im TUI BLUE Palazzo del Mare"},"content":{"rendered":"<div class=\"legacy-fullwidth\"><div class=\"legacy-fusion-text\">T\u00fcrkises, kristallklares Wasser, unvergessliche Sonnenunterg\u00e4nge \u2014 Kos, auch die Insel des Hippokrates genannt. Der ber\u00fchmte Arzt und Vater der modernen Medizin wurde n\u00e4mlich auf Kos geboren. Neben antiken Ruinen und Ausgrabungsst\u00e4tten ist <a href=\"https:\/\/blog.tui.at\/urlaubsstory-kos\/\" target=\"_blank\" rel=\"noopener\">Kos<\/a> f\u00fcr seine traditionellen D\u00f6rfer und die kilometerlangen Sandstr\u00e4nde bekannt.<\/p>\n<p>Gemeinsam mit TUI &amp; TUI BLUE ging es diesen Sommer erneut auf Reisen (letztes Jahr waren wir auf <a href=\"https:\/\/blog.tui.at\/karibikfeelingaufzypern\" target=\"_blank\" rel=\"noopener\">Zypern<\/a>) und ich durfte wundersch\u00f6ne Tage erleben. All meine Eindr\u00fccke habe ich euch in diesem Beitrag festgehalten.<\/div><\/div>\n\n\n<div class=\"legacy-fullwidth\"><div class=\"legacy-fusion-title\"><h1><strong>Anreise von Wien nach Kos<\/strong><\/h1><\/div><div class=\"legacy-fusion-text\">VIE &#8211; KGS: Mein Flieger via Austrian Airlines ging von Wien direkt nach Kos (KGS). Nach ca. 2,5 h Flugzeit landeten wir ca. um 21:00 Uhr, Ortszeit. Am Airport wartete auch schon direkt ein TUI Bus, der alle Urlauber dann zum Hotel brachte. Entspannt ganz ohne Wartezeiten &#8211; lieben wir!<\/p>\n<p><\/div><\/div>\n\n\n<div class=\"legacy-row\"><div class=\"one-half\"><div class=\"legacy-fusion-text\"><img loading=\"lazy\" decoding=\"async\" class=\"alignnone size-medium wp-image-25184\" src=\"https:\/\/www.tui.at\/blog\/wp-content\/uploads\/2022\/08\/B9EFC502-CC55-4B47-887C-ED4AAF234257-Kopie.jpg\" alt=\"\" width=\"410\" height=\"615\" \/><\/div><\/div>\n\n\n<div class=\"one-half\"><div class=\"legacy-fusion-text\"><img loading=\"lazy\" decoding=\"async\" class=\"alignnone size-medium wp-image-25192\" src=\"https:\/\/www.tui.at\/blog\/wp-content\/uploads\/2022\/08\/IMG_1865-Kopie.jpg\" alt=\"\" width=\"410\" height=\"615\" \/><\/div><\/div><\/div>\n\n\n<div class=\"legacy-fullwidth\"><div class=\"legacy-fusion-title\"><h2><strong>Unterkunft auf Kos: TUI BLUE Palazzo del Mare<\/strong><\/h2><\/div><div class=\"legacy-fusion-text\"><\/p>\n<p class=\"Text\">4 Tage durfte ich im wundersch\u00f6nen TUI BLUE Palazzo del Mare verbringen. Eine gepflegte <strong>gro\u00dfe Poollandschaft<\/strong> mit <strong>stylischen Zimmern<\/strong> und das strahlend blaue Meer von Kos in direkter Sichtweite machen das <a href=\"https:\/\/www.tui.at\/pauschalreisen\/suchen\/angebote\/TUI-BLUE-Palazzo-Del-Mare\/135421\/hotelDescription?departureAirports=VIE&amp;startDate=2022-08-15&amp;endDate=2022-09-30&amp;showTotalPrice=1&amp;maxStopOver=0&amp;sortOffersField=campaignOffers&amp;campaigns=ZNG\" target=\"_blank\" rel=\"noopener\">TUI BLUE Palazzo Del Mare<\/a> zu einem einzigartigen <strong>Adults-only-Hotel<\/strong> in Marmari. Das Resort ist einfach nur paradiesisch! Die Palmen, das Gr\u00fcn und der Pool, der sich \u00fcber die ganze Anlage erstreckt, einfach ein Traum. Manche <strong>Zimmer<\/strong> haben \u00fcber eine Terrasse einen <strong>direkten Poolzugang<\/strong>. Das Hotel bietet au\u00dferdem einen <strong>Wellnessbereich<\/strong> mit 2 Saunen. Egal ob Entspannung, Wellness oder sportlich aktiv &#8211; hier kommt niemand zu kurz, denn das Resort hat alles zu bieten, was das Urlauberherz begehrt.<\/p>\n<p><\/div><\/div>\n\n\n<div class=\"legacy-row\"><div class=\"one-half\"><div class=\"legacy-fusion-text\"><img loading=\"lazy\" decoding=\"async\" class=\"alignnone size-medium wp-image-25188\" src=\"https:\/\/www.tui.at\/blog\/wp-content\/uploads\/2022\/08\/IMG_1720-Kopie.jpg\" alt=\"\" width=\"410\" height=\"615\" \/><\/div><\/div>\n\n\n<div class=\"one-half\"><div class=\"legacy-fusion-text\"><img loading=\"lazy\" decoding=\"async\" class=\"alignnone size-medium wp-image-25200\" src=\"https:\/\/www.tui.at\/blog\/wp-content\/uploads\/2022\/08\/tui-blue-palazzo2.jpg\" alt=\"\" width=\"410\" height=\"615\" \/><\/div><\/div><\/div>\n\n\n<div class=\"legacy-row\"><div class=\"one-half\"><div class=\"legacy-fusion-text\"><img loading=\"lazy\" decoding=\"async\" class=\"alignnone size-medium wp-image-25199\" src=\"https:\/\/www.tui.at\/blog\/wp-content\/uploads\/2022\/08\/tui-blue-palazzo.jpg\" alt=\"\" width=\"410\" height=\"615\" \/><\/div><\/div>\n\n\n<div class=\"one-half\"><div class=\"legacy-fusion-text\"><img loading=\"lazy\" decoding=\"async\" class=\"alignnone size-medium wp-image-25193\" src=\"https:\/\/www.tui.at\/blog\/wp-content\/uploads\/2022\/08\/IMG_1875-1-Kopie.jpg\" alt=\"\" width=\"410\" height=\"615\" \/><\/div><\/div><\/div>\n\n\n<div class=\"legacy-fullwidth\"><div class=\"legacy-fusion-title\"><h2><strong>TUI BLUE Konzepte<\/strong><\/h2><\/div><div class=\"legacy-fusion-text\"><\/p>\n<p class=\"Text\">Wusstet ihr eigentlich, dass <a href=\"https:\/\/www.tui.at\/tui-blue\/\" target=\"_blank\" rel=\"noopener\">TUI BLUE Hotels<\/a> verschiedenen \u201eKategorien\u201c zugeteilt hat? So findet man eindeutig sofort, wonach man sucht. Egal ob Familienurlaub oder romantischer Trip zu Zweit &#8211; TUI BLUE Hotels bieten f\u00fcr jeden Geschmack das Richtige. Ganz nach deinen Bed\u00fcrfnissen.<\/p>\n<p class=\"Text\">Es gibt <strong>4 Hotel-Konzepte<\/strong>. Wir waren in einem <a href=\"https:\/\/www.tui.at\/tui-blue-two\/\" target=\"_blank\" rel=\"noopener\">TUI BLUE for Two<\/a>.<\/p>\n<p class=\"Text\">TUI BLUE<strong> for All<\/strong>: Besonderer Fokus auf ein breites Sportangebot &amp; au\u00dfergew\u00f6hnliche Ausfl\u00fcge<br \/>\nTUI BLUE <strong>for Two<\/strong>: Adults-only H\u00e4user (ab 16 J.), Fokus auf top Spa- und Wellnessbereich<br \/>\nTUI BLUE <strong>for Families<\/strong>: Kinderclubs nach Altersgruppen getrennt, Tages- &amp; Abendentertainment, Kinderpool, Kinderbuffet \u2013 Action rund um die Uhr<br \/>\nTUI BLUE <strong>Sensatori<\/strong>: 5-Sterne-H\u00e4user, Fokus auf besonders hochwertige Gastronomie<\/p>\n<p>\u00a0<\/div><\/div>\n\n\n<div class=\"legacy-row\"><div class=\"one-half\"><div class=\"legacy-fusion-text\"><img loading=\"lazy\" decoding=\"async\" class=\"alignnone size-medium wp-image-25189\" src=\"https:\/\/www.tui.at\/blog\/wp-content\/uploads\/2022\/08\/IMG_1724-Kopie.jpg\" alt=\"\" width=\"410\" height=\"615\" \/><\/div><\/div>\n\n\n<div class=\"one-half\"><div class=\"legacy-fusion-text\"><img loading=\"lazy\" decoding=\"async\" class=\"alignnone size-medium wp-image-25201\" src=\"https:\/\/www.tui.at\/blog\/wp-content\/uploads\/2022\/08\/TUI-BLUE.jpg\" alt=\"\" width=\"410\" height=\"615\" \/><\/div><\/div><\/div>\n\n\n<div class=\"legacy-fullwidth\"><div class=\"legacy-fusion-title\"><h2><strong>Lage: Kos &#8211; Greece<\/strong><\/h2><\/div><div class=\"legacy-fusion-text\"><\/p>\n<p class=\"Text\">Das Hotel liegt in der N\u00e4he der Stadt Marmari an der Nordwestk\u00fcste der Insel Kos. Es ist nur 50 m vom Strand von Marmari und 1 km vom Dorf Marmari entfernt. Die griechische Insel <a href=\"https:\/\/www.tui.at\/pauschalreisen\/griechenland\/kos\/?contentid=194_r_regionkos_20170113\" target=\"_blank\" rel=\"noopener\">Kos<\/a> befindet sich in der \u00f6stlichen \u00c4g\u00e4is und sie ist nach Rhodos und Karpathos die drittgr\u00f6\u00dfte Insel der Dodekanes-Gruppe. Kos liegt nur etwa 4 km vor der t\u00fcrkischen K\u00fcste mit dem bekannten Badeort Bodrum.<\/p>\n<p><\/div><\/div>\n\n\n<div class=\"legacy-row\"><div class=\"one-half\"><div class=\"legacy-fusion-text\"><img loading=\"lazy\" decoding=\"async\" class=\"alignnone size-medium wp-image-25195\" src=\"https:\/\/www.tui.at\/blog\/wp-content\/uploads\/2021\/08\/lara-selina.jpg\" alt=\"\" width=\"410\" height=\"615\" \/><\/div><\/div>\n\n\n<div class=\"one-half\"><div class=\"legacy-fusion-text\"><img loading=\"lazy\" decoding=\"async\" class=\"alignnone size-medium wp-image-25196\" src=\"https:\/\/www.tui.at\/blog\/wp-content\/uploads\/2015\/06\/MG_4789.jpg\" alt=\"\" width=\"410\" height=\"615\" \/><\/div><\/div><\/div>\n\n\n<div class=\"legacy-fullwidth\"><div class=\"legacy-fusion-title\"><h2><strong>Kulinarik<\/strong><\/h2><\/div><div class=\"legacy-fusion-text\"><\/p>\n<p class=\"Text\">Wer mich kennt wei\u00df, wie sehr ich gutes Essen liebe und was w\u00e4re ein Urlaub ohne die richtige K\u00fcche und unz\u00e4hlige K\u00f6stlichkeiten, die man sich g\u00f6nnt und einfach nur genie\u00dft. Auch hier fehlt es im Resort an nichts. Von einem <strong>vielf\u00e4ltigen Fr\u00fchst\u00fccksbuffet<\/strong> mit allem was das Herz begehrt (frisches Obst und Gem\u00fcse, Smoothies, frisches Omelette, Spiegelei, K\u00e4se- und Wurst-Variationen, S\u00fc\u00dfspeisen, M\u00fcsli, N\u00fcsse, Granola, Joghurt,\u2026) \u00fcber das <strong>Mittagessen \u00e1 la carte<\/strong>, bis hin zum <strong>Abendessen (Buffet oder \u00e1 la carte)<\/strong> ein Gaumenschmaus und einfach super lecker! \ud83d\ude42<br \/>\nAuch f\u00fcr Vegetarier und Veganer gibt es eine sehr gro\u00dfe Auswahl.<\/p>\n<p><\/div><\/div>\n\n\n<div class=\"legacy-row\"><div class=\"one-half\"><div class=\"legacy-fusion-text\"><img loading=\"lazy\" decoding=\"async\" class=\"alignnone size-medium wp-image-25190\" src=\"https:\/\/www.tui.at\/blog\/wp-content\/uploads\/2022\/08\/IMG_1735-Kopie.jpg\" alt=\"\" width=\"410\" height=\"615\" \/><\/div><\/div>\n\n\n<div class=\"one-half\"><div class=\"legacy-fusion-text\"><img loading=\"lazy\" decoding=\"async\" class=\"alignnone size-medium wp-image-25191\" src=\"https:\/\/www.tui.at\/blog\/wp-content\/uploads\/2022\/08\/IMG_1741-Kopie.jpg\" alt=\"\" width=\"410\" height=\"615\" \/><\/div><\/div><\/div>\n\n\n<div class=\"legacy-row\"><div class=\"one-half\"><div class=\"legacy-fusion-text\"><img loading=\"lazy\" decoding=\"async\" class=\"alignnone size-medium wp-image-25186\" src=\"https:\/\/www.tui.at\/blog\/wp-content\/uploads\/2022\/08\/essen2.jpg\" alt=\"\" width=\"410\" height=\"615\" \/><\/div><\/div>\n\n\n<div class=\"one-half\"><div class=\"legacy-fusion-text\"><img loading=\"lazy\" decoding=\"async\" class=\"alignnone size-medium wp-image-25185\" src=\"https:\/\/www.tui.at\/blog\/wp-content\/uploads\/2022\/08\/essen.jpg\" alt=\"\" width=\"410\" height=\"615\" \/><\/div><\/div><\/div>\n\n\n<div class=\"legacy-fullwidth\"><div class=\"legacy-fusion-title\"><h2><strong>Strand<\/strong><\/h2><\/div><div class=\"legacy-fusion-text\"><\/p>\n<p class=\"Text\">Das Resort liegt wie schon erw\u00e4hnt <strong>direkt am Strand<\/strong>, den man in nur wenigen Schritten zu Fu\u00df erreicht. <strong>Super sch\u00f6ne Liegen + Schirme<\/strong> warten hier auf einen. Man bekommt immer einen freien Platz und es sind nie alle Liegen besetzt. Hier muss man sich also auch nicht stressen und man kann einfach die Seele baumeln lassen. Mein absolutes Highlight &#8211; eine Massage am Strand mit Meeresrauschen im Ohr. Highly recommended!<\/p>\n<p><\/div><\/div>\n\n\n<div class=\"legacy-row\"><div class=\"one-half\"><div class=\"legacy-fusion-text\"><img loading=\"lazy\" decoding=\"async\" class=\"alignnone size-medium wp-image-25198\" src=\"https:\/\/www.tui.at\/blog\/wp-content\/uploads\/2022\/08\/strand2.jpg\" alt=\"\" width=\"410\" height=\"615\" \/><\/div><\/div>\n\n\n<div class=\"one-half\"><div class=\"legacy-fusion-text\"><img loading=\"lazy\" decoding=\"async\" class=\"alignnone size-medium wp-image-25197\" src=\"https:\/\/www.tui.at\/blog\/wp-content\/uploads\/2025\/10\/strand-2.jpg\" alt=\"\" width=\"410\" height=\"615\" \/><\/div><\/div><\/div>\n\n\n<div class=\"legacy-fullwidth\"><div class=\"legacy-fusion-title\"><h2><strong>Aktivit\u00e4ten<\/strong><\/h2><\/div><div class=\"legacy-fusion-text\"><\/p>\n<p class=\"Text\">Langweilig wird es im <a href=\"https:\/\/www.tui.at\/pauschalreisen\/suchen\/angebote\/TUI-BLUE-Palazzo-Del-Mare\/135421\/hotelDescription?departureAirports=VIE&amp;startDate=2022-08-15&amp;endDate=2022-09-30&amp;showTotalPrice=1&amp;maxStopOver=0&amp;sortOffersField=campaignOffers&amp;campaigns=ZNG\" target=\"_blank\" rel=\"noopener\">Palazzo Del Mare<\/a> auf keinen Fall. Packt einen die Motivation, gibt es auch sehr viele M\u00f6glichkeiten sich sportlich und aktiv zu bet\u00e4tigen. Es gibt ein <strong>klimatisiertes Hotelgym<\/strong> mit Gewichten und Ger\u00e4ten, als auch eine <strong>Outdoor Fl\u00e4che im Schatten<\/strong>, wo auch regelm\u00e4\u00dfig <strong>Sportkurse<\/strong> angeboten werden. Die Fl\u00e4che kann man aber auch nat\u00fcrlich einmal ganz f\u00fcr sich selbst und f\u00fcr seinen ganz eigenen Yoga Flow nutzen, wenn man das m\u00f6chte und er nicht gebucht ist. Wer ein Fan von Aqua Aerobic ist, wird hier auch auf seine Kosten kommen.<\/p>\n<p><\/div><\/div>\n\n\n<div class=\"legacy-row\"><div class=\"one-half\"><div class=\"legacy-fusion-text\"><img loading=\"lazy\" decoding=\"async\" class=\"alignnone size-medium wp-image-25194\" src=\"https:\/\/www.tui.at\/blog\/wp-content\/uploads\/2022\/08\/lara-selina-gym.jpg\" alt=\"\" width=\"410\" height=\"615\" \/><\/div><\/div>\n\n\n<div class=\"one-half\"><div class=\"legacy-fusion-text\"><img loading=\"lazy\" decoding=\"async\" class=\"alignnone size-medium wp-image-25187\" src=\"https:\/\/www.tui.at\/blog\/wp-content\/uploads\/2022\/08\/Gym.jpg\" alt=\"\" width=\"410\" height=\"615\" \/><\/div><\/div><\/div>\n\n\n<div class=\"legacy-fullwidth\"><div class=\"legacy-fusion-title\"><h2><strong>Fazit<\/strong><\/h2><\/div><div class=\"legacy-fusion-text\"><\/p>\n<p class=\"Text\">Ich habe jeden einzelnen Tag in vollsten Z\u00fcgen genossen, hab wundersch\u00f6ne Sonnenauf- und -unterg\u00e4nge erlebt, sehr gut gegessen, es mir richtig gut gehen lassen. Jetzt bin ich auf jeden Fall wieder tiefenentspannt zu Hause in Wien angekommen. Danke TUI BLUE f\u00fcr diese unvergessliche Zeit!<\/p>\n<p class=\"Text\">Alles Liebe,<br \/>\nxx<br \/>\nLara Selina<\/p>\n<p><\/div><\/div>\n","protected":false},"excerpt":{"rendered":"<p>Direkte Strandlage, riesen Poollandschaft, Swim-up-Zimmer uvm. Bloggerin Lara Selina hat das TUI BLUE Palazzo del Mare f\u00fcr uns getestet.<\/p>\n","protected":false},"author":236,"featured_media":489098,"comment_status":"open","ping_status":"closed","sticky":false,"template":"","format":"standard","meta":{"_acf_changed":false,"footnotes":""},"categories":[5146],"tags":[5053,4851,4982,4980,4892,4988,4895,4978,4926,4849,5067,5068,4879],"class_list":["post-489097","post","type-post","status-publish","format-standard","has-post-thumbnail","hentry","category-archiv-urlaub-am-meer","tag-aktivurlaub","tag-griechenland","tag-griechische-insel","tag-griechische-insel-sommerurlaub","tag-insidertipps","tag-kos","tag-reisen","tag-reisetipps","tag-tipps","tag-tui","tag-tui-blue","tag-tui-blue-for-two","tag-urlaub"],"acf":[],"yoast_head":"<!-- This site is optimized with the Yoast SEO plugin v27.4 - https:\/\/yoast.com\/product\/yoast-seo-wordpress\/ -->\n<title>Urlaub auf Kos - im TUI BLUE Palazzo del Mare - TUI.at Reiseblog<\/title>\n<meta name=\"description\" content=\"Direkte Strandlage, riesen Poollandschaft, Swim-up-Zimmer uvm. Bloggerin Lara Selina hat das TUI BLUE Palazzo del Mare f\u00fcr uns getestet.\" \/>\n<meta name=\"robots\" content=\"index, follow, max-snippet:-1, max-image-preview:large, max-video-preview:-1\" \/>\n<link rel=\"canonical\" href=\"https:\/\/www.tui.at\/blog\/tuibluepalazzodelmare\/\" \/>\n<meta property=\"og:locale\" content=\"de_DE\" \/>\n<meta property=\"og:type\" content=\"article\" \/>\n<meta property=\"og:title\" content=\"Urlaub auf Kos - im TUI BLUE Palazzo del Mare - TUI.at Reiseblog\" \/>\n<meta property=\"og:description\" content=\"Direkte Strandlage, riesen Poollandschaft, Swim-up-Zimmer uvm. Bloggerin Lara Selina hat das TUI BLUE Palazzo del Mare f\u00fcr uns getestet.\" \/>\n<meta property=\"og:url\" content=\"https:\/\/www.tui.at\/blog\/tuibluepalazzodelmare\/\" \/>\n<meta property=\"og:site_name\" content=\"TUI.at Reiseblog\" \/>\n<meta property=\"article:published_time\" content=\"2022-08-09T12:19:32+00:00\" \/>\n<meta property=\"article:modified_time\" content=\"2025-10-28T10:57:54+00:00\" \/>\n<meta property=\"og:image\" content=\"https:\/\/www.tui.at\/blog\/wp-content\/uploads\/2022\/08\/titelbild-lara-selina.jpg\" \/>\n\t<meta property=\"og:image:width\" content=\"1440\" \/>\n\t<meta property=\"og:image:height\" content=\"810\" \/>\n\t<meta property=\"og:image:type\" content=\"image\/jpeg\" \/>\n<meta name=\"author\" content=\"Lara Selina\" \/>\n<meta name=\"twitter:card\" content=\"summary_large_image\" \/>\n<meta name=\"twitter:label1\" content=\"Verfasst von\" \/>\n\t<meta name=\"twitter:data1\" content=\"Lara Selina\" \/>\n\t<meta name=\"twitter:label2\" content=\"Gesch\u00e4tzte Lesezeit\" \/>\n\t<meta name=\"twitter:data2\" content=\"10\u00a0Minuten\" \/>\n<script type=\"application\/ld+json\" class=\"yoast-schema-graph\">{\"@context\":\"https:\\\/\\\/schema.org\",\"@graph\":[{\"@type\":\"BlogPosting\",\"@id\":\"https:\\\/\\\/www.tui.at\\\/blog\\\/tuibluepalazzodelmare\\\/#article\",\"isPartOf\":{\"@id\":\"https:\\\/\\\/www.tui.at\\\/blog\\\/tuibluepalazzodelmare\\\/\"},\"author\":{\"name\":\"Lara Selina\",\"@id\":\"https:\\\/\\\/www.tui.at\\\/blog\\\/#\\\/schema\\\/person\\\/fe975abfff628320db441fb4f2f5f40b\"},\"headline\":\"Urlaub auf Kos &#8211; im TUI BLUE Palazzo del Mare\",\"datePublished\":\"2022-08-09T12:19:32+00:00\",\"dateModified\":\"2025-10-28T10:57:54+00:00\",\"mainEntityOfPage\":{\"@id\":\"https:\\\/\\\/www.tui.at\\\/blog\\\/tuibluepalazzodelmare\\\/\"},\"wordCount\":2034,\"commentCount\":0,\"publisher\":{\"@id\":\"https:\\\/\\\/www.tui.at\\\/blog\\\/#organization\"},\"image\":{\"@id\":\"https:\\\/\\\/www.tui.at\\\/blog\\\/tuibluepalazzodelmare\\\/#primaryimage\"},\"thumbnailUrl\":\"https:\\\/\\\/www.tui.at\\\/blog\\\/wp-content\\\/uploads\\\/2022\\\/08\\\/titelbild-lara-selina.jpg\",\"keywords\":[\"Aktivurlaub\",\"Griechenland\",\"griechische Insel\",\"griechische Insel. Sommerurlaub\",\"Insidertipps\",\"Kos\",\"Reisen\",\"Reisetipps\",\"Tipps\",\"TUI\",\"tui blue\",\"tui blue for two\",\"Urlaub\"],\"articleSection\":[\"Urlaub am Meer\"],\"inLanguage\":\"de\",\"potentialAction\":[{\"@type\":\"CommentAction\",\"name\":\"Comment\",\"target\":[\"https:\\\/\\\/www.tui.at\\\/blog\\\/tuibluepalazzodelmare\\\/#respond\"]}]},{\"@type\":\"WebPage\",\"@id\":\"https:\\\/\\\/www.tui.at\\\/blog\\\/tuibluepalazzodelmare\\\/\",\"url\":\"https:\\\/\\\/www.tui.at\\\/blog\\\/tuibluepalazzodelmare\\\/\",\"name\":\"Urlaub auf Kos - im TUI BLUE Palazzo del Mare - TUI.at Reiseblog\",\"isPartOf\":{\"@id\":\"https:\\\/\\\/www.tui.at\\\/blog\\\/#website\"},\"primaryImageOfPage\":{\"@id\":\"https:\\\/\\\/www.tui.at\\\/blog\\\/tuibluepalazzodelmare\\\/#primaryimage\"},\"image\":{\"@id\":\"https:\\\/\\\/www.tui.at\\\/blog\\\/tuibluepalazzodelmare\\\/#primaryimage\"},\"thumbnailUrl\":\"https:\\\/\\\/www.tui.at\\\/blog\\\/wp-content\\\/uploads\\\/2022\\\/08\\\/titelbild-lara-selina.jpg\",\"datePublished\":\"2022-08-09T12:19:32+00:00\",\"dateModified\":\"2025-10-28T10:57:54+00:00\",\"description\":\"Direkte Strandlage, riesen Poollandschaft, Swim-up-Zimmer uvm. Bloggerin Lara Selina hat das TUI BLUE Palazzo del Mare f\u00fcr uns getestet.\",\"breadcrumb\":{\"@id\":\"https:\\\/\\\/www.tui.at\\\/blog\\\/tuibluepalazzodelmare\\\/#breadcrumb\"},\"inLanguage\":\"de\",\"potentialAction\":[{\"@type\":\"ReadAction\",\"target\":[\"https:\\\/\\\/www.tui.at\\\/blog\\\/tuibluepalazzodelmare\\\/\"]}]},{\"@type\":\"ImageObject\",\"inLanguage\":\"de\",\"@id\":\"https:\\\/\\\/www.tui.at\\\/blog\\\/tuibluepalazzodelmare\\\/#primaryimage\",\"url\":\"https:\\\/\\\/www.tui.at\\\/blog\\\/wp-content\\\/uploads\\\/2022\\\/08\\\/titelbild-lara-selina.jpg\",\"contentUrl\":\"https:\\\/\\\/www.tui.at\\\/blog\\\/wp-content\\\/uploads\\\/2022\\\/08\\\/titelbild-lara-selina.jpg\",\"width\":1440,\"height\":810},{\"@type\":\"BreadcrumbList\",\"@id\":\"https:\\\/\\\/www.tui.at\\\/blog\\\/tuibluepalazzodelmare\\\/#breadcrumb\",\"itemListElement\":[{\"@type\":\"ListItem\",\"position\":1,\"name\":\"Startseite\",\"item\":\"https:\\\/\\\/www.tui.at\\\/blog\\\/\"},{\"@type\":\"ListItem\",\"position\":2,\"name\":\"Urlaub auf Kos &#8211; im TUI BLUE Palazzo del Mare\"}]},{\"@type\":\"WebSite\",\"@id\":\"https:\\\/\\\/www.tui.at\\\/blog\\\/#website\",\"url\":\"https:\\\/\\\/www.tui.at\\\/blog\\\/\",\"name\":\"TUI.at Reiseblog\",\"description\":\"Inspirationen f\u00fcr den perfekten Urlaub\",\"publisher\":{\"@id\":\"https:\\\/\\\/www.tui.at\\\/blog\\\/#organization\"},\"potentialAction\":[{\"@type\":\"SearchAction\",\"target\":{\"@type\":\"EntryPoint\",\"urlTemplate\":\"https:\\\/\\\/www.tui.at\\\/blog\\\/?s={search_term_string}\"},\"query-input\":{\"@type\":\"PropertyValueSpecification\",\"valueRequired\":true,\"valueName\":\"search_term_string\"}}],\"inLanguage\":\"de\"},{\"@type\":\"Organization\",\"@id\":\"https:\\\/\\\/www.tui.at\\\/blog\\\/#organization\",\"name\":\"TUI.at Reiseblog\",\"url\":\"https:\\\/\\\/www.tui.at\\\/blog\\\/\",\"logo\":{\"@type\":\"ImageObject\",\"inLanguage\":\"de\",\"@id\":\"https:\\\/\\\/www.tui.at\\\/blog\\\/#\\\/schema\\\/logo\\\/image\\\/\",\"url\":\"https:\\\/\\\/www.tui.at\\\/blog\\\/wp-content\\\/uploads\\\/2025\\\/09\\\/cropped-tui-logo-3.webp\",\"contentUrl\":\"https:\\\/\\\/www.tui.at\\\/blog\\\/wp-content\\\/uploads\\\/2025\\\/09\\\/cropped-tui-logo-3.webp\",\"width\":164,\"height\":72,\"caption\":\"TUI.at Reiseblog\"},\"image\":{\"@id\":\"https:\\\/\\\/www.tui.at\\\/blog\\\/#\\\/schema\\\/logo\\\/image\\\/\"}},{\"@type\":\"Person\",\"@id\":\"https:\\\/\\\/www.tui.at\\\/blog\\\/#\\\/schema\\\/person\\\/fe975abfff628320db441fb4f2f5f40b\",\"name\":\"Lara Selina\",\"description\":\"Ich bin Lara Selina, Bloggerin und Ern\u00e4hrungstrainerin &amp; auf laraselina.com dreht sich alles um Lifestyle, Reisen, gesunde Ern\u00e4hrung, Rezepte und positives mindset. :)\",\"sameAs\":[\"https:\\\/\\\/www.laraselina.com\\\/\"],\"url\":\"https:\\\/\\\/www.tui.at\\\/blog\\\/author\\\/lara-selina\\\/\"}]}<\/script>\n<!-- \/ Yoast SEO plugin. -->","yoast_head_json":{"title":"Urlaub auf Kos - im TUI BLUE Palazzo del Mare - TUI.at Reiseblog","description":"Direkte Strandlage, riesen Poollandschaft, Swim-up-Zimmer uvm. Bloggerin Lara Selina hat das TUI BLUE Palazzo del Mare f\u00fcr uns getestet.","robots":{"index":"index","follow":"follow","max-snippet":"max-snippet:-1","max-image-preview":"max-image-preview:large","max-video-preview":"max-video-preview:-1"},"canonical":"https:\/\/www.tui.at\/blog\/tuibluepalazzodelmare\/","og_locale":"de_DE","og_type":"article","og_title":"Urlaub auf Kos - im TUI BLUE Palazzo del Mare - TUI.at Reiseblog","og_description":"Direkte Strandlage, riesen Poollandschaft, Swim-up-Zimmer uvm. Bloggerin Lara Selina hat das TUI BLUE Palazzo del Mare f\u00fcr uns getestet.","og_url":"https:\/\/www.tui.at\/blog\/tuibluepalazzodelmare\/","og_site_name":"TUI.at Reiseblog","article_published_time":"2022-08-09T12:19:32+00:00","article_modified_time":"2025-10-28T10:57:54+00:00","og_image":[{"width":1440,"height":810,"url":"https:\/\/www.tui.at\/blog\/wp-content\/uploads\/2022\/08\/titelbild-lara-selina.jpg","type":"image\/jpeg"}],"author":"Lara Selina","twitter_card":"summary_large_image","twitter_misc":{"Verfasst von":"Lara Selina","Gesch\u00e4tzte Lesezeit":"10\u00a0Minuten"},"schema":{"@context":"https:\/\/schema.org","@graph":[{"@type":"BlogPosting","@id":"https:\/\/www.tui.at\/blog\/tuibluepalazzodelmare\/#article","isPartOf":{"@id":"https:\/\/www.tui.at\/blog\/tuibluepalazzodelmare\/"},"author":{"name":"Lara Selina","@id":"https:\/\/www.tui.at\/blog\/#\/schema\/person\/fe975abfff628320db441fb4f2f5f40b"},"headline":"Urlaub auf Kos &#8211; im TUI BLUE Palazzo del Mare","datePublished":"2022-08-09T12:19:32+00:00","dateModified":"2025-10-28T10:57:54+00:00","mainEntityOfPage":{"@id":"https:\/\/www.tui.at\/blog\/tuibluepalazzodelmare\/"},"wordCount":2034,"commentCount":0,"publisher":{"@id":"https:\/\/www.tui.at\/blog\/#organization"},"image":{"@id":"https:\/\/www.tui.at\/blog\/tuibluepalazzodelmare\/#primaryimage"},"thumbnailUrl":"https:\/\/www.tui.at\/blog\/wp-content\/uploads\/2022\/08\/titelbild-lara-selina.jpg","keywords":["Aktivurlaub","Griechenland","griechische Insel","griechische Insel. Sommerurlaub","Insidertipps","Kos","Reisen","Reisetipps","Tipps","TUI","tui blue","tui blue for two","Urlaub"],"articleSection":["Urlaub am Meer"],"inLanguage":"de","potentialAction":[{"@type":"CommentAction","name":"Comment","target":["https:\/\/www.tui.at\/blog\/tuibluepalazzodelmare\/#respond"]}]},{"@type":"WebPage","@id":"https:\/\/www.tui.at\/blog\/tuibluepalazzodelmare\/","url":"https:\/\/www.tui.at\/blog\/tuibluepalazzodelmare\/","name":"Urlaub auf Kos - im TUI BLUE Palazzo del Mare - TUI.at Reiseblog","isPartOf":{"@id":"https:\/\/www.tui.at\/blog\/#website"},"primaryImageOfPage":{"@id":"https:\/\/www.tui.at\/blog\/tuibluepalazzodelmare\/#primaryimage"},"image":{"@id":"https:\/\/www.tui.at\/blog\/tuibluepalazzodelmare\/#primaryimage"},"thumbnailUrl":"https:\/\/www.tui.at\/blog\/wp-content\/uploads\/2022\/08\/titelbild-lara-selina.jpg","datePublished":"2022-08-09T12:19:32+00:00","dateModified":"2025-10-28T10:57:54+00:00","description":"Direkte Strandlage, riesen Poollandschaft, Swim-up-Zimmer uvm. Bloggerin Lara Selina hat das TUI BLUE Palazzo del Mare f\u00fcr uns getestet.","breadcrumb":{"@id":"https:\/\/www.tui.at\/blog\/tuibluepalazzodelmare\/#breadcrumb"},"inLanguage":"de","potentialAction":[{"@type":"ReadAction","target":["https:\/\/www.tui.at\/blog\/tuibluepalazzodelmare\/"]}]},{"@type":"ImageObject","inLanguage":"de","@id":"https:\/\/www.tui.at\/blog\/tuibluepalazzodelmare\/#primaryimage","url":"https:\/\/www.tui.at\/blog\/wp-content\/uploads\/2022\/08\/titelbild-lara-selina.jpg","contentUrl":"https:\/\/www.tui.at\/blog\/wp-content\/uploads\/2022\/08\/titelbild-lara-selina.jpg","width":1440,"height":810},{"@type":"BreadcrumbList","@id":"https:\/\/www.tui.at\/blog\/tuibluepalazzodelmare\/#breadcrumb","itemListElement":[{"@type":"ListItem","position":1,"name":"Startseite","item":"https:\/\/www.tui.at\/blog\/"},{"@type":"ListItem","position":2,"name":"Urlaub auf Kos &#8211; im TUI BLUE Palazzo del Mare"}]},{"@type":"WebSite","@id":"https:\/\/www.tui.at\/blog\/#website","url":"https:\/\/www.tui.at\/blog\/","name":"TUI.at Reiseblog","description":"Inspirationen f\u00fcr den perfekten Urlaub","publisher":{"@id":"https:\/\/www.tui.at\/blog\/#organization"},"potentialAction":[{"@type":"SearchAction","target":{"@type":"EntryPoint","urlTemplate":"https:\/\/www.tui.at\/blog\/?s={search_term_string}"},"query-input":{"@type":"PropertyValueSpecification","valueRequired":true,"valueName":"search_term_string"}}],"inLanguage":"de"},{"@type":"Organization","@id":"https:\/\/www.tui.at\/blog\/#organization","name":"TUI.at Reiseblog","url":"https:\/\/www.tui.at\/blog\/","logo":{"@type":"ImageObject","inLanguage":"de","@id":"https:\/\/www.tui.at\/blog\/#\/schema\/logo\/image\/","url":"https:\/\/www.tui.at\/blog\/wp-content\/uploads\/2025\/09\/cropped-tui-logo-3.webp","contentUrl":"https:\/\/www.tui.at\/blog\/wp-content\/uploads\/2025\/09\/cropped-tui-logo-3.webp","width":164,"height":72,"caption":"TUI.at Reiseblog"},"image":{"@id":"https:\/\/www.tui.at\/blog\/#\/schema\/logo\/image\/"}},{"@type":"Person","@id":"https:\/\/www.tui.at\/blog\/#\/schema\/person\/fe975abfff628320db441fb4f2f5f40b","name":"Lara Selina","description":"Ich bin Lara Selina, Bloggerin und Ern\u00e4hrungstrainerin &amp; auf laraselina.com dreht sich alles um Lifestyle, Reisen, gesunde Ern\u00e4hrung, Rezepte und positives mindset. :)","sameAs":["https:\/\/www.laraselina.com\/"],"url":"https:\/\/www.tui.at\/blog\/author\/lara-selina\/"}]}},"_links":{"self":[{"href":"https:\/\/www.tui.at\/blog\/wp-json\/wp\/v2\/posts\/489097","targetHints":{"allow":["GET"]}}],"collection":[{"href":"https:\/\/www.tui.at\/blog\/wp-json\/wp\/v2\/posts"}],"about":[{"href":"https:\/\/www.tui.at\/blog\/wp-json\/wp\/v2\/types\/post"}],"author":[{"embeddable":true,"href":"https:\/\/www.tui.at\/blog\/wp-json\/wp\/v2\/users\/236"}],"replies":[{"embeddable":true,"href":"https:\/\/www.tui.at\/blog\/wp-json\/wp\/v2\/comments?post=489097"}],"version-history":[{"count":2,"href":"https:\/\/www.tui.at\/blog\/wp-json\/wp\/v2\/posts\/489097\/revisions"}],"predecessor-version":[{"id":491127,"href":"https:\/\/www.tui.at\/blog\/wp-json\/wp\/v2\/posts\/489097\/revisions\/491127"}],"wp:featuredmedia":[{"embeddable":true,"href":"https:\/\/www.tui.at\/blog\/wp-json\/wp\/v2\/media\/489098"}],"wp:attachment":[{"href":"https:\/\/www.tui.at\/blog\/wp-json\/wp\/v2\/media?parent=489097"}],"wp:term":[{"taxonomy":"category","embeddable":true,"href":"https:\/\/www.tui.at\/blog\/wp-json\/wp\/v2\/categories?post=489097"},{"taxonomy":"post_tag","embeddable":true,"href":"https:\/\/www.tui.at\/blog\/wp-json\/wp\/v2\/tags?post=489097"}],"curies":[{"name":"wp","href":"https:\/\/api.w.org\/{rel}","templated":true}]}}