{"id":488911,"date":"2022-01-27T11:19:06","date_gmt":"2022-01-27T10:19:06","guid":{"rendered":"https:\/\/www.tui.at\/blog\/tui-reiseexpertinnen-gruppenreisen\/"},"modified":"2025-10-27T14:30:42","modified_gmt":"2025-10-27T13:30:42","slug":"tui-reiseexpertinnen-gruppenreisen","status":"publish","type":"post","link":"https:\/\/www.tui.at\/blog\/tui-reiseexpertinnen-gruppenreisen\/","title":{"rendered":"TUI Reiseexpert:innen \u2013 Gruppenreisen"},"content":{"rendered":"<p><div class=\"legacy-fullwidth\"><div class=\"legacy-fusion-text\"><img loading=\"lazy\" decoding=\"async\" class=\"size-medium wp-image-24780 aligncenter\" src=\"https:\/\/www.tui.at\/blog\/wp-content\/uploads\/2022\/01\/Michael-Haid-Kopie.jpg\" alt=\"\" width=\"515\" height=\"615\" \/><\/div><\/div><div class=\"legacy-fullwidth\"><div class=\"legacy-fusion-text\">Eine <a href=\"https:\/\/www.tui.at\/gruppenreisen\/\">Gruppenreise<\/a> ist einmal eine andere Art seinen Urlaub zu verbringen. Speziell dann, wenn man sich nicht nur am Strand erholen m\u00f6chte, sondern auch etwas Aufregendes erleben will.<br \/>\nReiseexperte Michael Haid aus dem TUI Das Reiseb\u00fcro Imst erkl\u00e4rt dir die Vorteile von Gruppenreisen und verr\u00e4t spannende Insidertipps rund um dieses Thema.<\/div><\/div><div class=\"legacy-fullwidth\"><div class=\"legacy-fusion-title\"><h2>Zum Video: #TUIReiseexpert:innen &#8211; Gruppenreisen<\/h2><\/div><\/div><div class=\"legacy-row\"><div class=\"three-fourth\"><div class=\"legacy-youtube-wrapper\"> <div class=\"brlbs-cmpnt-container brlbs-cmpnt-content-blocker brlbs-cmpnt-with-individual-styles\" data-borlabs-cookie-content-blocker-id=\"youtube-content-blocker\" data-borlabs-cookie-content=\"PGlmcmFtZSBsb2FkaW5nPSJsYXp5IiB3aWR0aD0iNjAwIiBoZWlnaHQ9IjM1MCIgc3JjPSJodHRwczovL3d3dy55b3V0dWJlLW5vY29va2llLmNvbS9lbWJlZC9Ib1NZVTY0Z1I2dyIgdGl0bGU9IllvdVR1YmUgdmlkZW8gcGxheWVyIiBmcmFtZWJvcmRlcj0iMCIgYWxsb3c9ImFjY2VsZXJvbWV0ZXI7ICBjbGlwYm9hcmQtd3JpdGU7IGVuY3J5cHRlZC1tZWRpYTsgZ3lyb3Njb3BlOyBwaWN0dXJlLWluLXBpY3R1cmU7IHdlYi1zaGFyZSIgcmVmZXJyZXJwb2xpY3k9InN0cmljdC1vcmlnaW4td2hlbi1jcm9zcy1vcmlnaW4iIGFsbG93ZnVsbHNjcmVlbj48L2lmcmFtZT4=\"><div class=\"brlbs-cmpnt-cb-preset-c brlbs-cmpnt-cb-youtube\"> <div class=\"brlbs-cmpnt-cb-thumbnail\" style=\"background-image: url('https:\/\/www.tui.at\/blog\/wp-content\/uploads\/borlabs-cookie\/1\/yt_HoSYU64gR6w_hqdefault.jpg')\"><\/div> <div class=\"brlbs-cmpnt-cb-main\"> <div class=\"brlbs-cmpnt-cb-play-button\"><\/div> <div class=\"brlbs-cmpnt-cb-content\"> <p class=\"brlbs-cmpnt-cb-description\">Sie sehen gerade einen Platzhalterinhalt von <strong>YouTube<\/strong>. Um auf den eigentlichen Inhalt zuzugreifen, klicken Sie auf die Schaltfl\u00e4che unten. Bitte beachten Sie, dass dabei Daten an Drittanbieter weitergegeben werden.<\/p> <a class=\"brlbs-cmpnt-cb-provider-toggle\" href=\"#\" data-borlabs-cookie-show-provider-information role=\"button\">Mehr Informationen<\/a> <\/div> <div class=\"brlbs-cmpnt-cb-buttons\"> <a class=\"brlbs-cmpnt-cb-btn\" href=\"#\" data-borlabs-cookie-unblock role=\"button\">Inhalt entsperren<\/a> <a class=\"brlbs-cmpnt-cb-btn\" href=\"#\" data-borlabs-cookie-accept-service role=\"button\" style=\"display: inherit\">Erforderlichen Service akzeptieren und Inhalte entsperren<\/a> <\/div> <\/div> <\/div><\/div><\/div><\/div><\/div><div class=\"legacy-fullwidth\"><div class=\"legacy-fusion-text\">Bei einer Gruppenreise hat man den gro\u00dfen Vorteil, von Anfang bis Ende betreut zu sein, da man immer die Reiseleitung an seiner Seite hat. Besonders weniger bereiste Leute sch\u00e4tzen die Sicherheit einer qualifizierten und kompetenten Reiseleitung, die sich um alles Notwendige k\u00fcmmert.<br \/>\nAu\u00dferdem hat man von Anfang an Kontakt zu den anderen Mitreisenden und kann so die gemeinsamen Interessen genie\u00dfen. Auch die Geselligkeit darf bei Gruppenreisen nat\u00fcrlich nicht zu kurz kommen.<\/div><\/div><div class=\"legacy-fullwidth\"><div class=\"legacy-fusion-text\"><img loading=\"lazy\" decoding=\"async\" class=\"size-medium wp-image-24786 aligncenter\" src=\"https:\/\/www.tui.at\/blog\/wp-content\/uploads\/2022\/01\/Geselligkeit_053.jpg\" alt=\"Gruppenreise\" width=\"615\" height=\"321\" \/><\/div><\/div><div class=\"legacy-fullwidth\"><div class=\"legacy-fusion-title\"><h3>Beliebte Destinationen &amp; die perfekte Reisezeit<\/h3><\/div><div class=\"legacy-fusion-text\">Prinzipiell bieten sich alle Destinationen f\u00fcr eine <a href=\"https:\/\/www.tui.at\/gruppenreisen\/\">Gruppenreise<\/a> an, da es ja auch die verschiedensten Arten von Gruppenreisen gibt. Grunds\u00e4tzlich ist die Destination abh\u00e4ngig vom Schwerpunktthema. Handelt es sich um eine Kulturreise, eine Musikreise oder wie w\u00e4re es mit einer klassischen Rundreise, um Land und Leute kennenzulernen? Oder einer Studienreise mit vielen kulturellen Highlights?<\/div><\/div><div class=\"legacy-row\"><div class=\"one-half\"><div class=\"legacy-fusion-text\"><img loading=\"lazy\" decoding=\"async\" class=\"alignright wp-image-24787\" src=\"https:\/\/www.tui.at\/blog\/wp-content\/uploads\/2022\/01\/Kulturreise_107.jpg\" alt=\"\" width=\"341\" height=\"512\" \/><\/div><\/div><div class=\"one-half\"><div class=\"legacy-fusion-text\"><img loading=\"lazy\" decoding=\"async\" class=\"wp-image-24788 alignleft\" src=\"https:\/\/www.tui.at\/blog\/wp-content\/uploads\/2022\/01\/Studienreise_116.jpg\" alt=\"\" width=\"341\" height=\"512\" \/><\/div><\/div><\/div><div class=\"legacy-fullwidth\"><div class=\"legacy-fusion-text\">Die beste Reisezeit f\u00fcr einen Urlaub in der Gruppe ist die \u00dcbergangszeit, also Fr\u00fchjahr oder Herbst. Die Temperaturen sind angenehmer und vor allem die Sehensw\u00fcrdigkeiten nicht so \u00fcberlaufen.<\/div><\/div><div class=\"legacy-fullwidth\"><div class=\"legacy-fusion-title\"><h3>Hotelwahl bei Gruppenreisen<\/h3><\/div><div class=\"legacy-fusion-text\">Generell sollte das Hotel auf die Bed\u00fcrfnisse der Gruppe abgestimmt sein, wie zum Beispiel individuelle Essenszeiten aufgrund der Ausfl\u00fcge. Das Hotel sollte auch flexibel sein f\u00fcr kurzfristige Programm\u00e4nderungen. Hier gibt es zwei Unterbringungsm\u00f6glichkeiten: Zum einen ein fixes Hotel als Ausgangspunkt f\u00fcr die t\u00e4glichen Ausfl\u00fcge. Hier empfehlen wir ein Hotel in zentraler Lage der Region, da dann alle Ausfl\u00fcge ungef\u00e4hr dieselbe Fahrzeit haben. Au\u00dferdem ist der gro\u00dfe Vorteil einer durchgehenden Unterkunft ist: Man braucht den Koffer nur einmal aus- und einpacken.<\/div><\/div><div class=\"legacy-row\"><div class=\"one-half\"><div class=\"legacy-fusion-text\"><span style=\"color: #808080;\"><img loading=\"lazy\" decoding=\"async\" class=\"size-medium wp-image-24789 aligncenter\" src=\"https:\/\/www.tui.at\/blog\/wp-content\/uploads\/2022\/01\/Essenszeiten_134.jpg\" alt=\"\" width=\"615\" height=\"410\" \/>\n<\/span><\/div><\/div><div class=\"one-half\"><div class=\"legacy-fusion-text\"><span style=\"color: #808080;\"><img loading=\"lazy\" decoding=\"async\" class=\"size-medium wp-image-24790 aligncenter\" src=\"https:\/\/www.tui.at\/blog\/wp-content\/uploads\/2022\/01\/tour.jpg\" alt=\"\" width=\"615\" height=\"410\" \/>\n<\/span><\/div><\/div><\/div><div class=\"legacy-fullwidth\"><div class=\"legacy-fusion-text\">Zum anderen eignen sich mehrere Unterk\u00fcnfte besonders gut f\u00fcr Rundreisen. Hier sind gr\u00f6\u00dfere Entfernungen m\u00f6glich und hier werden oft landestypische Hotels ausgew\u00e4hlt, um die Region noch authentischer zu erleben.<\/div><\/div><div class=\"legacy-fullwidth\"><div class=\"legacy-fusion-title\"><h3>Madeira- Insidertipps f\u00fcr Reisen in der Gruppe<\/h3><\/div><div class=\"legacy-fusion-text\">Ich bin ja schon \u00f6fters in der Gruppe durch die verschiedensten L\u00e4nder gereist, doch eines meiner Highlights war auf jeden Fall die irre Korbschlittenfahrt auf <a href=\"https:\/\/www.tui.at\/pauschalreisen\/portugal\/madeira\/\">Madeira<\/a>. Da f\u00e4hrt man n\u00e4mlich, nach altem Brauch, von Monte runter in die Hauptstadt Funchal und zwar mit einem rasanten Tempo durch ganz enge und steile Gassen.<\/div><\/div><div class=\"legacy-fusion-text\"><img loading=\"lazy\" decoding=\"async\" class=\"wp-image-24791 aligncenter\" src=\"https:\/\/www.tui.at\/blog\/wp-content\/uploads\/2022\/01\/Korbschlittenfahrt.jpg\" alt=\"\" width=\"295\" height=\"394\" \/><\/div><div class=\"legacy-fullwidth\"><div class=\"legacy-fusion-text\">Als Ausgangspunkt f\u00fcr Rundreisen auf Madeira lege ich euch das wundersch\u00f6n am Meer gelegene Hotel <a href=\"https:\/\/www.tui.at\/hotels\/riu-madeira-20439\/hotelinformation\/\">RIU Palace Madeira<\/a> ans Herz. F\u00fcr eine landestypische Unterbringung empfiehlt sich eine der vielen Quintas. Das sind die alten Herrenh\u00e4user und Landvillen, die zu wundersch\u00f6nen kleinen Hotels umgebaut wurden \u2013 vergleichbar mit den Fincas auf Mallorca.<\/div><\/div><div class=\"legacy-row\"><div class=\"one-half\"><div class=\"legacy-fusion-text\"><span style=\"color: #808080;\"><img loading=\"lazy\" decoding=\"async\" class=\"size-medium wp-image-24792 aligncenter\" src=\"https:\/\/www.tui.at\/blog\/wp-content\/uploads\/2022\/01\/Hotel-RIU-Palace-Madeira.jpg\" alt=\"\" width=\"615\" height=\"461\" \/>\n<\/span><\/div><\/div><div class=\"one-half\"><div class=\"legacy-fusion-text\"><img loading=\"lazy\" decoding=\"async\" class=\"size-medium wp-image-24793 aligncenter\" src=\"https:\/\/www.tui.at\/blog\/wp-content\/uploads\/2022\/01\/RIU-Palace-Madeira.jpg\" alt=\"\" width=\"615\" height=\"461\" \/><\/div><\/div><\/div><div class=\"legacy-fullwidth\"><div class=\"legacy-fusion-text\">Bei einem Urlaub auf Madeira sollte man unbedingt &#8222;Espada&#8220; probieren: Das ist der schwarze Degenfisch. Den findet man in unseren Breitengraden nur vor Madeira und er wird aus bis zu 1500 Metern Tiefe gefischt. Wer lieber Fleisch bevorzugt, der bestellt sich das Hauptgericht von Madeira &#8222;Espetada&#8220;, einen Rindfleischspie\u00df. In traditionellen Restaurants verwendet man dabei keinen Metallspie\u00df, sondern einen Spie\u00df aus Lorbeerholz.<\/p>\n<p>Einige Restaurants bieten zum Abendessen auch musikalische Umrahmung, bei der der traditionelle Fado-Gesang nicht fehlen darf. Das macht einen Restaurantbesucht zu einem wirklich unvergesslichen Erlebnis.<\/div><\/div><div class=\"legacy-row\"><div class=\"one-half\"><div class=\"legacy-fusion-text\"><img loading=\"lazy\" decoding=\"async\" class=\"size-medium wp-image-24794 aligncenter\" src=\"https:\/\/www.tui.at\/blog\/wp-content\/uploads\/2022\/01\/Espada.jpg\" alt=\"\" width=\"615\" height=\"410\" \/><\/div><\/div><div class=\"one-half\"><div class=\"legacy-fusion-text\"><img loading=\"lazy\" decoding=\"async\" class=\"size-medium wp-image-24795 aligncenter\" src=\"https:\/\/www.tui.at\/blog\/wp-content\/uploads\/2022\/01\/Madeira_Trout_Fishing_and_BBQ_16.jpg\" alt=\"\" width=\"615\" height=\"410\" \/><\/div><\/div><\/div><div class=\"legacy-fullwidth\"><div class=\"legacy-fusion-text\">Wenn ihr jetzt Lust auf eine <a href=\"https:\/\/www.tui.at\/gruppenreisen\/\">Gruppenreise<\/a> bekommen habt, dann meldet euch bitte bei mir oder bei einem <a href=\"https:\/\/www.tui.at\/reisebuero\/\">TUI Das Reiseb\u00fcro<\/a> in eurer N\u00e4he.<\/div><\/div><\/p>\n","protected":false},"excerpt":{"rendered":"<p>Reiseexperte Michael Haid aus dem TUI Das Reiseb\u00fcro Imst, hat die besten Tipps f\u00fcr alle, die gerne in der Gruppe verreisen. <\/p>\n","protected":false},"author":216,"featured_media":488912,"comment_status":"open","ping_status":"closed","sticky":false,"template":"","format":"standard","meta":{"_acf_changed":false,"footnotes":""},"categories":[5152],"tags":[4932,4972,4892,4973,4933,4934,4950,4926,4849,4935,4936,4937,4931,4974],"class_list":["post-488911","post","type-post","status-publish","format-standard","has-post-thumbnail","hentry","category-archiv-roadtrips-und-rundreisen","tag-blogger","tag-cancun","tag-insidertipps","tag-mexiko","tag-reiseblog","tag-reiseblogger","tag-strand","tag-tipps","tag-tui","tag-tui-blog","tag-tui-insider","tag-tui-reiseexperten","tag-tuireiseexperten","tag-tulum"],"acf":[],"yoast_head":"<!-- This site is optimized with the Yoast SEO plugin v27.4 - https:\/\/yoast.com\/product\/yoast-seo-wordpress\/ -->\n<title>TUI Reiseexpert:innen - Gruppenreisen<\/title>\n<meta name=\"description\" content=\"In diesem Beitrag verr\u00e4t Reiseprofi Michael Haid, aus dem TUI Das Reiseb\u00fcro Imst, seine pers\u00f6nlichen Tipps f\u00fcr Gruppenreisen.\" \/>\n<meta name=\"robots\" content=\"index, follow, max-snippet:-1, max-image-preview:large, max-video-preview:-1\" \/>\n<link rel=\"canonical\" href=\"https:\/\/www.tui.at\/blog\/tui-reiseexpertinnen-gruppenreisen\/\" \/>\n<meta property=\"og:locale\" content=\"de_DE\" \/>\n<meta property=\"og:type\" content=\"article\" \/>\n<meta property=\"og:title\" content=\"TUI Reiseexpert:innen - Gruppenreisen\" \/>\n<meta property=\"og:description\" content=\"In diesem Beitrag verr\u00e4t Reiseprofi Michael Haid, aus dem TUI Das Reiseb\u00fcro Imst, seine pers\u00f6nlichen Tipps f\u00fcr Gruppenreisen.\" \/>\n<meta property=\"og:url\" content=\"https:\/\/www.tui.at\/blog\/tui-reiseexpertinnen-gruppenreisen\/\" \/>\n<meta property=\"og:site_name\" content=\"TUI.at Reiseblog\" \/>\n<meta property=\"article:published_time\" content=\"2022-01-27T10:19:06+00:00\" \/>\n<meta property=\"article:modified_time\" content=\"2025-10-27T13:30:42+00:00\" \/>\n<meta property=\"og:image\" content=\"https:\/\/www.tui.at\/blog\/wp-content\/uploads\/2022\/01\/Gruppe-Ausflug.jpg\" \/>\n\t<meta property=\"og:image:width\" content=\"1600\" \/>\n\t<meta property=\"og:image:height\" content=\"1067\" \/>\n\t<meta property=\"og:image:type\" content=\"image\/jpeg\" \/>\n<meta name=\"author\" content=\"TUI ReiseexpertInnen\" \/>\n<meta name=\"twitter:card\" content=\"summary_large_image\" \/>\n<meta name=\"twitter:label1\" content=\"Verfasst von\" \/>\n\t<meta name=\"twitter:data1\" content=\"TUI ReiseexpertInnen\" \/>\n\t<meta name=\"twitter:label2\" content=\"Gesch\u00e4tzte Lesezeit\" \/>\n\t<meta name=\"twitter:data2\" content=\"9\u00a0Minuten\" \/>\n<script type=\"application\/ld+json\" class=\"yoast-schema-graph\">{\"@context\":\"https:\\\/\\\/schema.org\",\"@graph\":[{\"@type\":\"BlogPosting\",\"@id\":\"https:\\\/\\\/www.tui.at\\\/blog\\\/tui-reiseexpertinnen-gruppenreisen\\\/#article\",\"isPartOf\":{\"@id\":\"https:\\\/\\\/www.tui.at\\\/blog\\\/tui-reiseexpertinnen-gruppenreisen\\\/\"},\"author\":{\"name\":\"TUI ReiseexpertInnen\",\"@id\":\"https:\\\/\\\/www.tui.at\\\/blog\\\/#\\\/schema\\\/person\\\/d690730bb801c31eaf2cb9f00802c039\"},\"headline\":\"TUI Reiseexpert:innen \u2013 Gruppenreisen\",\"datePublished\":\"2022-01-27T10:19:06+00:00\",\"dateModified\":\"2025-10-27T13:30:42+00:00\",\"mainEntityOfPage\":{\"@id\":\"https:\\\/\\\/www.tui.at\\\/blog\\\/tui-reiseexpertinnen-gruppenreisen\\\/\"},\"wordCount\":1749,\"commentCount\":0,\"publisher\":{\"@id\":\"https:\\\/\\\/www.tui.at\\\/blog\\\/#organization\"},\"image\":{\"@id\":\"https:\\\/\\\/www.tui.at\\\/blog\\\/tui-reiseexpertinnen-gruppenreisen\\\/#primaryimage\"},\"thumbnailUrl\":\"https:\\\/\\\/www.tui.at\\\/blog\\\/wp-content\\\/uploads\\\/2022\\\/01\\\/Gruppe-Ausflug.jpg\",\"keywords\":[\"Blogger\",\"cancun\",\"Insidertipps\",\"Mexiko\",\"Reiseblog\",\"Reiseblogger\",\"Strand\",\"Tipps\",\"TUI\",\"TUI Blog\",\"TUI Insider\",\"TUI Reiseexperten\",\"TUIReiseexperten\",\"tulum\"],\"articleSection\":[\"Roadtrips &amp; Rundreisen\"],\"inLanguage\":\"de\",\"potentialAction\":[{\"@type\":\"CommentAction\",\"name\":\"Comment\",\"target\":[\"https:\\\/\\\/www.tui.at\\\/blog\\\/tui-reiseexpertinnen-gruppenreisen\\\/#respond\"]}]},{\"@type\":\"WebPage\",\"@id\":\"https:\\\/\\\/www.tui.at\\\/blog\\\/tui-reiseexpertinnen-gruppenreisen\\\/\",\"url\":\"https:\\\/\\\/www.tui.at\\\/blog\\\/tui-reiseexpertinnen-gruppenreisen\\\/\",\"name\":\"TUI Reiseexpert:innen - Gruppenreisen\",\"isPartOf\":{\"@id\":\"https:\\\/\\\/www.tui.at\\\/blog\\\/#website\"},\"primaryImageOfPage\":{\"@id\":\"https:\\\/\\\/www.tui.at\\\/blog\\\/tui-reiseexpertinnen-gruppenreisen\\\/#primaryimage\"},\"image\":{\"@id\":\"https:\\\/\\\/www.tui.at\\\/blog\\\/tui-reiseexpertinnen-gruppenreisen\\\/#primaryimage\"},\"thumbnailUrl\":\"https:\\\/\\\/www.tui.at\\\/blog\\\/wp-content\\\/uploads\\\/2022\\\/01\\\/Gruppe-Ausflug.jpg\",\"datePublished\":\"2022-01-27T10:19:06+00:00\",\"dateModified\":\"2025-10-27T13:30:42+00:00\",\"description\":\"In diesem Beitrag verr\u00e4t Reiseprofi Michael Haid, aus dem TUI Das Reiseb\u00fcro Imst, seine pers\u00f6nlichen Tipps f\u00fcr Gruppenreisen.\",\"breadcrumb\":{\"@id\":\"https:\\\/\\\/www.tui.at\\\/blog\\\/tui-reiseexpertinnen-gruppenreisen\\\/#breadcrumb\"},\"inLanguage\":\"de\",\"potentialAction\":[{\"@type\":\"ReadAction\",\"target\":[\"https:\\\/\\\/www.tui.at\\\/blog\\\/tui-reiseexpertinnen-gruppenreisen\\\/\"]}]},{\"@type\":\"ImageObject\",\"inLanguage\":\"de\",\"@id\":\"https:\\\/\\\/www.tui.at\\\/blog\\\/tui-reiseexpertinnen-gruppenreisen\\\/#primaryimage\",\"url\":\"https:\\\/\\\/www.tui.at\\\/blog\\\/wp-content\\\/uploads\\\/2022\\\/01\\\/Gruppe-Ausflug.jpg\",\"contentUrl\":\"https:\\\/\\\/www.tui.at\\\/blog\\\/wp-content\\\/uploads\\\/2022\\\/01\\\/Gruppe-Ausflug.jpg\",\"width\":1600,\"height\":1067},{\"@type\":\"BreadcrumbList\",\"@id\":\"https:\\\/\\\/www.tui.at\\\/blog\\\/tui-reiseexpertinnen-gruppenreisen\\\/#breadcrumb\",\"itemListElement\":[{\"@type\":\"ListItem\",\"position\":1,\"name\":\"Startseite\",\"item\":\"https:\\\/\\\/www.tui.at\\\/blog\\\/\"},{\"@type\":\"ListItem\",\"position\":2,\"name\":\"TUI Reiseexpert:innen \u2013 Gruppenreisen\"}]},{\"@type\":\"WebSite\",\"@id\":\"https:\\\/\\\/www.tui.at\\\/blog\\\/#website\",\"url\":\"https:\\\/\\\/www.tui.at\\\/blog\\\/\",\"name\":\"TUI.at Reiseblog\",\"description\":\"Inspirationen f\u00fcr den perfekten Urlaub\",\"publisher\":{\"@id\":\"https:\\\/\\\/www.tui.at\\\/blog\\\/#organization\"},\"potentialAction\":[{\"@type\":\"SearchAction\",\"target\":{\"@type\":\"EntryPoint\",\"urlTemplate\":\"https:\\\/\\\/www.tui.at\\\/blog\\\/?s={search_term_string}\"},\"query-input\":{\"@type\":\"PropertyValueSpecification\",\"valueRequired\":true,\"valueName\":\"search_term_string\"}}],\"inLanguage\":\"de\"},{\"@type\":\"Organization\",\"@id\":\"https:\\\/\\\/www.tui.at\\\/blog\\\/#organization\",\"name\":\"TUI.at Reiseblog\",\"url\":\"https:\\\/\\\/www.tui.at\\\/blog\\\/\",\"logo\":{\"@type\":\"ImageObject\",\"inLanguage\":\"de\",\"@id\":\"https:\\\/\\\/www.tui.at\\\/blog\\\/#\\\/schema\\\/logo\\\/image\\\/\",\"url\":\"https:\\\/\\\/www.tui.at\\\/blog\\\/wp-content\\\/uploads\\\/2025\\\/09\\\/cropped-tui-logo-3.webp\",\"contentUrl\":\"https:\\\/\\\/www.tui.at\\\/blog\\\/wp-content\\\/uploads\\\/2025\\\/09\\\/cropped-tui-logo-3.webp\",\"width\":164,\"height\":72,\"caption\":\"TUI.at Reiseblog\"},\"image\":{\"@id\":\"https:\\\/\\\/www.tui.at\\\/blog\\\/#\\\/schema\\\/logo\\\/image\\\/\"}},{\"@type\":\"Person\",\"@id\":\"https:\\\/\\\/www.tui.at\\\/blog\\\/#\\\/schema\\\/person\\\/d690730bb801c31eaf2cb9f00802c039\",\"name\":\"TUI ReiseexpertInnen\",\"description\":\"Unsere TUI ReiseexpertInnen geben Insidertipps zu Destinationen rund um die Welt.\",\"sameAs\":[\"http:\\\/\\\/www.tui.at\\\/reisebuero\"],\"url\":\"https:\\\/\\\/www.tui.at\\\/blog\\\/author\\\/tui-reiseexpertinnen\\\/\"}]}<\/script>\n<!-- \/ Yoast SEO plugin. -->","yoast_head_json":{"title":"TUI Reiseexpert:innen - Gruppenreisen","description":"In diesem Beitrag verr\u00e4t Reiseprofi Michael Haid, aus dem TUI Das Reiseb\u00fcro Imst, seine pers\u00f6nlichen Tipps f\u00fcr Gruppenreisen.","robots":{"index":"index","follow":"follow","max-snippet":"max-snippet:-1","max-image-preview":"max-image-preview:large","max-video-preview":"max-video-preview:-1"},"canonical":"https:\/\/www.tui.at\/blog\/tui-reiseexpertinnen-gruppenreisen\/","og_locale":"de_DE","og_type":"article","og_title":"TUI Reiseexpert:innen - Gruppenreisen","og_description":"In diesem Beitrag verr\u00e4t Reiseprofi Michael Haid, aus dem TUI Das Reiseb\u00fcro Imst, seine pers\u00f6nlichen Tipps f\u00fcr Gruppenreisen.","og_url":"https:\/\/www.tui.at\/blog\/tui-reiseexpertinnen-gruppenreisen\/","og_site_name":"TUI.at Reiseblog","article_published_time":"2022-01-27T10:19:06+00:00","article_modified_time":"2025-10-27T13:30:42+00:00","og_image":[{"width":1600,"height":1067,"url":"https:\/\/www.tui.at\/blog\/wp-content\/uploads\/2022\/01\/Gruppe-Ausflug.jpg","type":"image\/jpeg"}],"author":"TUI ReiseexpertInnen","twitter_card":"summary_large_image","twitter_misc":{"Verfasst von":"TUI ReiseexpertInnen","Gesch\u00e4tzte Lesezeit":"9\u00a0Minuten"},"schema":{"@context":"https:\/\/schema.org","@graph":[{"@type":"BlogPosting","@id":"https:\/\/www.tui.at\/blog\/tui-reiseexpertinnen-gruppenreisen\/#article","isPartOf":{"@id":"https:\/\/www.tui.at\/blog\/tui-reiseexpertinnen-gruppenreisen\/"},"author":{"name":"TUI ReiseexpertInnen","@id":"https:\/\/www.tui.at\/blog\/#\/schema\/person\/d690730bb801c31eaf2cb9f00802c039"},"headline":"TUI Reiseexpert:innen \u2013 Gruppenreisen","datePublished":"2022-01-27T10:19:06+00:00","dateModified":"2025-10-27T13:30:42+00:00","mainEntityOfPage":{"@id":"https:\/\/www.tui.at\/blog\/tui-reiseexpertinnen-gruppenreisen\/"},"wordCount":1749,"commentCount":0,"publisher":{"@id":"https:\/\/www.tui.at\/blog\/#organization"},"image":{"@id":"https:\/\/www.tui.at\/blog\/tui-reiseexpertinnen-gruppenreisen\/#primaryimage"},"thumbnailUrl":"https:\/\/www.tui.at\/blog\/wp-content\/uploads\/2022\/01\/Gruppe-Ausflug.jpg","keywords":["Blogger","cancun","Insidertipps","Mexiko","Reiseblog","Reiseblogger","Strand","Tipps","TUI","TUI Blog","TUI Insider","TUI Reiseexperten","TUIReiseexperten","tulum"],"articleSection":["Roadtrips &amp; Rundreisen"],"inLanguage":"de","potentialAction":[{"@type":"CommentAction","name":"Comment","target":["https:\/\/www.tui.at\/blog\/tui-reiseexpertinnen-gruppenreisen\/#respond"]}]},{"@type":"WebPage","@id":"https:\/\/www.tui.at\/blog\/tui-reiseexpertinnen-gruppenreisen\/","url":"https:\/\/www.tui.at\/blog\/tui-reiseexpertinnen-gruppenreisen\/","name":"TUI Reiseexpert:innen - Gruppenreisen","isPartOf":{"@id":"https:\/\/www.tui.at\/blog\/#website"},"primaryImageOfPage":{"@id":"https:\/\/www.tui.at\/blog\/tui-reiseexpertinnen-gruppenreisen\/#primaryimage"},"image":{"@id":"https:\/\/www.tui.at\/blog\/tui-reiseexpertinnen-gruppenreisen\/#primaryimage"},"thumbnailUrl":"https:\/\/www.tui.at\/blog\/wp-content\/uploads\/2022\/01\/Gruppe-Ausflug.jpg","datePublished":"2022-01-27T10:19:06+00:00","dateModified":"2025-10-27T13:30:42+00:00","description":"In diesem Beitrag verr\u00e4t Reiseprofi Michael Haid, aus dem TUI Das Reiseb\u00fcro Imst, seine pers\u00f6nlichen Tipps f\u00fcr Gruppenreisen.","breadcrumb":{"@id":"https:\/\/www.tui.at\/blog\/tui-reiseexpertinnen-gruppenreisen\/#breadcrumb"},"inLanguage":"de","potentialAction":[{"@type":"ReadAction","target":["https:\/\/www.tui.at\/blog\/tui-reiseexpertinnen-gruppenreisen\/"]}]},{"@type":"ImageObject","inLanguage":"de","@id":"https:\/\/www.tui.at\/blog\/tui-reiseexpertinnen-gruppenreisen\/#primaryimage","url":"https:\/\/www.tui.at\/blog\/wp-content\/uploads\/2022\/01\/Gruppe-Ausflug.jpg","contentUrl":"https:\/\/www.tui.at\/blog\/wp-content\/uploads\/2022\/01\/Gruppe-Ausflug.jpg","width":1600,"height":1067},{"@type":"BreadcrumbList","@id":"https:\/\/www.tui.at\/blog\/tui-reiseexpertinnen-gruppenreisen\/#breadcrumb","itemListElement":[{"@type":"ListItem","position":1,"name":"Startseite","item":"https:\/\/www.tui.at\/blog\/"},{"@type":"ListItem","position":2,"name":"TUI Reiseexpert:innen \u2013 Gruppenreisen"}]},{"@type":"WebSite","@id":"https:\/\/www.tui.at\/blog\/#website","url":"https:\/\/www.tui.at\/blog\/","name":"TUI.at Reiseblog","description":"Inspirationen f\u00fcr den perfekten Urlaub","publisher":{"@id":"https:\/\/www.tui.at\/blog\/#organization"},"potentialAction":[{"@type":"SearchAction","target":{"@type":"EntryPoint","urlTemplate":"https:\/\/www.tui.at\/blog\/?s={search_term_string}"},"query-input":{"@type":"PropertyValueSpecification","valueRequired":true,"valueName":"search_term_string"}}],"inLanguage":"de"},{"@type":"Organization","@id":"https:\/\/www.tui.at\/blog\/#organization","name":"TUI.at Reiseblog","url":"https:\/\/www.tui.at\/blog\/","logo":{"@type":"ImageObject","inLanguage":"de","@id":"https:\/\/www.tui.at\/blog\/#\/schema\/logo\/image\/","url":"https:\/\/www.tui.at\/blog\/wp-content\/uploads\/2025\/09\/cropped-tui-logo-3.webp","contentUrl":"https:\/\/www.tui.at\/blog\/wp-content\/uploads\/2025\/09\/cropped-tui-logo-3.webp","width":164,"height":72,"caption":"TUI.at Reiseblog"},"image":{"@id":"https:\/\/www.tui.at\/blog\/#\/schema\/logo\/image\/"}},{"@type":"Person","@id":"https:\/\/www.tui.at\/blog\/#\/schema\/person\/d690730bb801c31eaf2cb9f00802c039","name":"TUI ReiseexpertInnen","description":"Unsere TUI ReiseexpertInnen geben Insidertipps zu Destinationen rund um die Welt.","sameAs":["http:\/\/www.tui.at\/reisebuero"],"url":"https:\/\/www.tui.at\/blog\/author\/tui-reiseexpertinnen\/"}]}},"_links":{"self":[{"href":"https:\/\/www.tui.at\/blog\/wp-json\/wp\/v2\/posts\/488911","targetHints":{"allow":["GET"]}}],"collection":[{"href":"https:\/\/www.tui.at\/blog\/wp-json\/wp\/v2\/posts"}],"about":[{"href":"https:\/\/www.tui.at\/blog\/wp-json\/wp\/v2\/types\/post"}],"author":[{"embeddable":true,"href":"https:\/\/www.tui.at\/blog\/wp-json\/wp\/v2\/users\/216"}],"replies":[{"embeddable":true,"href":"https:\/\/www.tui.at\/blog\/wp-json\/wp\/v2\/comments?post=488911"}],"version-history":[{"count":1,"href":"https:\/\/www.tui.at\/blog\/wp-json\/wp\/v2\/posts\/488911\/revisions"}],"predecessor-version":[{"id":490321,"href":"https:\/\/www.tui.at\/blog\/wp-json\/wp\/v2\/posts\/488911\/revisions\/490321"}],"wp:featuredmedia":[{"embeddable":true,"href":"https:\/\/www.tui.at\/blog\/wp-json\/wp\/v2\/media\/488912"}],"wp:attachment":[{"href":"https:\/\/www.tui.at\/blog\/wp-json\/wp\/v2\/media?parent=488911"}],"wp:term":[{"taxonomy":"category","embeddable":true,"href":"https:\/\/www.tui.at\/blog\/wp-json\/wp\/v2\/categories?post=488911"},{"taxonomy":"post_tag","embeddable":true,"href":"https:\/\/www.tui.at\/blog\/wp-json\/wp\/v2\/tags?post=488911"}],"curies":[{"name":"wp","href":"https:\/\/api.w.org\/{rel}","templated":true}]}}