{"id":488849,"date":"2022-01-10T10:23:50","date_gmt":"2022-01-10T09:23:50","guid":{"rendered":"https:\/\/www.tui.at\/blog\/tuireiseexperten-aktivurlaub\/"},"modified":"2025-10-24T11:39:32","modified_gmt":"2025-10-24T09:39:32","slug":"tui-reiseexpertinnen-aktivurlaub","status":"publish","type":"post","link":"https:\/\/www.tui.at\/blog\/tui-reiseexpertinnen-aktivurlaub\/","title":{"rendered":"TUI Reiseexpert:innen \u2013 Aktivurlaub"},"content":{"rendered":"<p><div class=\"legacy-fullwidth\"><div class=\"legacy-fusion-text\"><img loading=\"lazy\" decoding=\"async\" class=\"size-medium wp-image-24631 aligncenter\" src=\"https:\/\/www.tui.at\/blog\/wp-content\/uploads\/2022\/01\/Stephan-Glanzl-Kopie.png\" alt=\"\" width=\"515\" height=\"615\" \/><\/div><\/div><div class=\"legacy-fullwidth\"><div class=\"legacy-fusion-text\">Unsere TUI Reiseexperte Stephan Glanzl aus dem TUI Das Reiseb\u00fcro Bozner Platz in Innsbruck verr\u00e4t seine pers\u00f6nlichen Tipps f\u00fcr einen gelungenen Aktivurlaub.<\/div><\/div><div class=\"legacy-fullwidth\"><div class=\"legacy-fusion-title\"><h2>Zum Video: #TUIReiseexpert:innen &#8211; Aktivurlaub<\/h2><\/div><\/div><div class=\"legacy-row\"><div class=\"three-fourth\"><div class=\"legacy-youtube-wrapper\"> <div class=\"brlbs-cmpnt-container brlbs-cmpnt-content-blocker brlbs-cmpnt-with-individual-styles\" data-borlabs-cookie-content-blocker-id=\"youtube-content-blocker\" data-borlabs-cookie-content=\"PGlmcmFtZSBsb2FkaW5nPSJsYXp5IiB3aWR0aD0iNjAwIiBoZWlnaHQ9IjM1MCIgc3JjPSJodHRwczovL3d3dy55b3V0dWJlLW5vY29va2llLmNvbS9lbWJlZC9TOGtnTmxZd0NHSSIgdGl0bGU9IllvdVR1YmUgdmlkZW8gcGxheWVyIiBmcmFtZWJvcmRlcj0iMCIgYWxsb3c9ImFjY2VsZXJvbWV0ZXI7ICBjbGlwYm9hcmQtd3JpdGU7IGVuY3J5cHRlZC1tZWRpYTsgZ3lyb3Njb3BlOyBwaWN0dXJlLWluLXBpY3R1cmU7IHdlYi1zaGFyZSIgcmVmZXJyZXJwb2xpY3k9InN0cmljdC1vcmlnaW4td2hlbi1jcm9zcy1vcmlnaW4iIGFsbG93ZnVsbHNjcmVlbj48L2lmcmFtZT4=\"><div class=\"brlbs-cmpnt-cb-preset-c brlbs-cmpnt-cb-youtube\"> <div class=\"brlbs-cmpnt-cb-thumbnail\" style=\"background-image: url('https:\/\/www.tui.at\/blog\/wp-content\/uploads\/borlabs-cookie\/1\/yt_S8kgNlYwCGI_hqdefault.jpg')\"><\/div> <div class=\"brlbs-cmpnt-cb-main\"> <div class=\"brlbs-cmpnt-cb-play-button\"><\/div> <div class=\"brlbs-cmpnt-cb-content\"> <p class=\"brlbs-cmpnt-cb-description\">Sie sehen gerade einen Platzhalterinhalt von <strong>YouTube<\/strong>. Um auf den eigentlichen Inhalt zuzugreifen, klicken Sie auf die Schaltfl\u00e4che unten. Bitte beachten Sie, dass dabei Daten an Drittanbieter weitergegeben werden.<\/p> <a class=\"brlbs-cmpnt-cb-provider-toggle\" href=\"#\" data-borlabs-cookie-show-provider-information role=\"button\">Mehr Informationen<\/a> <\/div> <div class=\"brlbs-cmpnt-cb-buttons\"> <a class=\"brlbs-cmpnt-cb-btn\" href=\"#\" data-borlabs-cookie-unblock role=\"button\">Inhalt entsperren<\/a> <a class=\"brlbs-cmpnt-cb-btn\" href=\"#\" data-borlabs-cookie-accept-service role=\"button\" style=\"display: inherit\">Erforderlichen Service akzeptieren und Inhalte entsperren<\/a> <\/div> <\/div> <\/div><\/div><\/div><\/div><\/div><div class=\"legacy-fullwidth\"><div class=\"legacy-fusion-title\"><h3>Wieso Aktivurlaub?<\/h3><\/div><div class=\"legacy-fusion-text\">Das richtig coole an einer Aktivreise ist einfach: man lernt ein Land, eine Insel, eine Gegend von wahnsinnig vielen verschiedenen Blickwinkeln kennen. Ob ich jetzt auf dem Surfbrett in der Brandung sitze und aufs Land reinschau\u2018, ob ich am Strand entlang reite oder ob ich mit dem Bike irgendwo einen Single Trail hinunterfahre, ich lerne pl\u00f6tzlich v\u00f6llig neue Facetten, neue Ecken kennen. Selbst von L\u00e4ndern oder Inseln, die ich vielleicht schon geglaubt habe zu kennen.<\/div><\/div><div class=\"legacy-row\"><div class=\"one-half\"><div class=\"legacy-fusion-text\"><img loading=\"lazy\" decoding=\"async\" class=\"size-medium wp-image-24633 alignleft\" src=\"https:\/\/www.tui.at\/blog\/wp-content\/uploads\/2022\/01\/shutterstock_117660574.jpg\" alt=\"\" width=\"615\" height=\"410\" \/><\/div><\/div><div class=\"one-half\"><div class=\"legacy-fusion-text\"><img loading=\"lazy\" decoding=\"async\" class=\"alignright size-medium wp-image-24634\" src=\"https:\/\/www.tui.at\/blog\/wp-content\/uploads\/2022\/01\/shutterstock_135442784_Mountainbiken.jpg\" alt=\"\" width=\"615\" height=\"409\" \/><\/div><\/div><\/div><div class=\"legacy-fullwidth\"><div class=\"legacy-fusion-title\"><h3>Destinationen f\u00fcr Aktivreisen<\/h3><\/div><div class=\"legacy-fusion-text\">Destinationen f\u00fcr Aktivreisen gibt es nat\u00fcrlich massig auf der Welt. Aber gerade aktuell bieten sich die <a href=\"https:\/\/www.tui.at\/pauschalreisen\/spanien\/kanaren\/\">Kanarischen Inseln<\/a> perfekt an. Ob das jetzt Fuerteventura, Teneriffa oder Lanzarote ist, da ist f\u00fcr jeden was dabei.<\/p>\n<p><\/div><div class=\"legacy-fusion-text\">Die Kanarischen Inseln und speziell, wenn man aktiv was machen will, kann man definitiv das ganze Jahr bereisen. Ich pers\u00f6nlich w\u00fcrde unseren Winter und Fr\u00fchjahr empfehlen, weil man dann die Inseln f\u00fcr sich hat und man wirklich vieles machen kann. Man kann surfen, man kann biken, man kann auch einmal an einem sch\u00f6nen Tag am Strand liegen \u2013 die Kanarischen Inseln bieten einfach wahnsinnig viel.<\/div><\/div><div class=\"legacy-row\"><div class=\"one-half\"><div class=\"legacy-fusion-text\"><img loading=\"lazy\" decoding=\"async\" class=\"size-medium wp-image-24636 alignleft\" src=\"https:\/\/www.tui.at\/blog\/wp-content\/uploads\/2022\/01\/shutterstock_498169855.jpg\" alt=\"\" width=\"615\" height=\"410\" \/><\/div><\/div><div class=\"one-half\"><div class=\"legacy-fusion-text\"><img loading=\"lazy\" decoding=\"async\" class=\"alignright size-medium wp-image-24637\" src=\"https:\/\/www.tui.at\/blog\/wp-content\/uploads\/2022\/01\/shutterstock_433901224.jpg\" alt=\"\" width=\"615\" height=\"410\" \/><\/div><\/div><\/div><div class=\"legacy-fullwidth\"><div class=\"legacy-fusion-text\">Mein Highlight auf den Kanarischen Inseln war nat\u00fcrlich meine erste Overhead Welle. Also die vergisst man nie, wenn man Surfer ist oder wenn man surfen geht und da dann einfach das erste Mal eine Welle steht, die h\u00f6her ist als man selbst. Das war bei mir in der N\u00e4he von Corralejo, an der Nordspitze von Fuerteventura und das ist einfach was, das muss man erlebt haben.<\/div><\/div><div class=\"legacy-fullwidth\"><div class=\"legacy-fusion-title\"><h4>Passende Hotels f\u00fcr jede Sportart<\/h4><\/div><div class=\"legacy-fusion-text\">Meine Hotelempfehlung f\u00fcr einen Aktivurlaub auf den Kanaren f\u00fcr Wasserratten ist der <a href=\"https:\/\/www.tui.at\/hotels\/robinson-jandia-playa-20520\/hotelinformation\/\">ROBINSON Club Jandia Playa<\/a>. Da kann man wirklich jede Wassersportart ausprobieren. Von Stand-Up-Paddeling \u00fcber Kiten, Surfen, Windsurfen, Foiling \u2013 es gibt nicht viel, was man dort nicht machen kann.<\/div><\/div><div class=\"legacy-fullwidth\"><div class=\"legacy-row\"><div class=\"one-half\"><div class=\"legacy-fusion-text\"><img loading=\"lazy\" decoding=\"async\" class=\"size-medium wp-image-24638 aligncenter\" src=\"https:\/\/www.tui.at\/blog\/wp-content\/uploads\/2022\/01\/robinson-jandia-playa5.jpg\" alt=\"\" width=\"615\" height=\"461\" \/><\/div><\/div><div class=\"one-half\"><div class=\"legacy-fusion-text\"><img loading=\"lazy\" decoding=\"async\" class=\"size-medium wp-image-24639 aligncenter\" src=\"https:\/\/www.tui.at\/blog\/wp-content\/uploads\/2022\/01\/robinson-jandia-playa4.jpg\" alt=\"\" width=\"615\" height=\"461\" \/><\/div><\/div><\/div><\/div><div class=\"legacy-fullwidth\"><div class=\"legacy-fusion-text\">Wenn man lieber biken geht, dann bietet sich auf Teneriffa zum Beispiel das <a href=\"https:\/\/www.tui.at\/hotels\/jardin-tropical-3679\/hotelinformation\/\">Hotel Jardin Tropical<\/a> an. Man ist am Strand, aber auch nicht weit weg vom Teide Massiv. Das Hotel hat einen Bike-Raum und sie haben Bike-Guides vor Ort. Also, da kann sich jeder austoben, der in dem Bereich aktiv sein will.<\/div><\/div><div class=\"legacy-fullwidth\"><div class=\"legacy-row\"><div class=\"one-half\"><div class=\"legacy-fusion-text\"><img loading=\"lazy\" decoding=\"async\" class=\"size-medium wp-image-24640 aligncenter\" src=\"https:\/\/www.tui.at\/blog\/wp-content\/uploads\/2022\/01\/jardin-tropical.jpg\" alt=\"\" width=\"615\" height=\"461\" \/><\/div><\/div><div class=\"one-half\"><div class=\"legacy-fusion-text\"><img loading=\"lazy\" decoding=\"async\" class=\"size-medium wp-image-24641 aligncenter\" src=\"https:\/\/www.tui.at\/blog\/wp-content\/uploads\/2022\/01\/jardin-tropical2.jpg\" alt=\"\" width=\"615\" height=\"461\" \/><\/div><\/div><\/div><\/div><div class=\"legacy-fullwidth\"><div class=\"legacy-fusion-title\"><h4>Insidertipps<\/h4><\/div><div class=\"legacy-fusion-text\">Auf Teneriffa haben auch Bike Einsteiger und Bike Einsteiger:innen die M\u00f6glichkeit, das man mit einem einheimischen Guide und einem kurzen Training auf dem Teide Massiv Single Trails fahren kann. Und das ist nat\u00fcrlich schon ein einmaliges Erlebnis, wenn man von \u00fcber 2.000 Meter bis zum Strand mit dem Bike runter donnert.<\/div><\/div><div class=\"legacy-fullwidth\"><div class=\"legacy-fusion-text\"><img loading=\"lazy\" decoding=\"async\" class=\"size-medium wp-image-24642 aligncenter\" src=\"https:\/\/www.tui.at\/blog\/wp-content\/uploads\/2022\/01\/pico-del-teide.jpg\" alt=\"\" width=\"615\" height=\"410\" \/><\/div><\/div><div class=\"legacy-fullwidth\"><div class=\"legacy-fusion-text\">Wenn ihr einen Geheimtipp in Bezug auf einen sch\u00f6nen Strand haben wollt, dann ist es Famara Beach auf Lanzarote. Da ist untertags relativ viel los, weil viele Surfschulen hinfahren.\u00a0 So ab 4 Uhr am Nachmittag, perfekt zum Sonnenuntergang, wird es aber leer und dann wird es erst richtig sch\u00f6n.<\/div><\/div><div class=\"legacy-fullwidth\"><div class=\"legacy-fusion-text\"><img loading=\"lazy\" decoding=\"async\" class=\"size-medium wp-image-24643 aligncenter\" src=\"https:\/\/www.tui.at\/blog\/wp-content\/uploads\/2022\/01\/shutterstock_647794918_famara_spanien.jpg\" alt=\"\" width=\"615\" height=\"350\" \/><\/div><\/div><div class=\"legacy-fullwidth\"><div class=\"legacy-fusion-text\">Wenn ihr einen Restaurant Tipp haben wollt, dann empfehle ich, in Corralejo auf Fuerteventura, das Tanta Luna. Ein geniales Meeresfr\u00fcchte- und Spezialit\u00e4ten Restaurant. Dort sollte man dann unbedingt Fisch und dazu Papas Arrugadas essen &#8211; das sind diese kleinen kanarischen Kartoffeln mit Salzkruste. Besser kann der Abend nicht aufh\u00f6ren.<\/div><\/div><div class=\"legacy-fullwidth\"><div class=\"legacy-fusion-text\">Wenn ich euch jetzt Lust auf einen <strong>Aktivurlaub<\/strong> gemacht habe, dann meldet euch jederzeit gerne bei mir in Innsbruck am <a href=\"https:\/\/www.tui.at\/reisebuero\/tirol\/innsbruck\/tui-das-reisebuero-bozner-platz\/\">Bozner Platz<\/a> oder jederzeit im n\u00e4chsten TUI Das Reiseb\u00fcro in eurer N\u00e4he.<\/div><\/div><\/p>\n","protected":false},"excerpt":{"rendered":"<p>TUI Reiseexperte Stephan Glanzl verr\u00e4t dir seine pers\u00f6nlichen Tipps f\u00fcr den perfekten Aktivurlaub auf den Kanaren.<\/p>\n","protected":false},"author":216,"featured_media":488850,"comment_status":"open","ping_status":"closed","sticky":false,"template":"","format":"standard","meta":{"_acf_changed":false,"footnotes":""},"categories":[5148],"tags":[4932,4972,4892,4973,4933,4934,4950,4926,4849,4935,4936,4937,4931,4974],"class_list":["post-488849","post","type-post","status-publish","format-standard","has-post-thumbnail","hentry","category-archiv-aktivurlaub","tag-blogger","tag-cancun","tag-insidertipps","tag-mexiko","tag-reiseblog","tag-reiseblogger","tag-strand","tag-tipps","tag-tui","tag-tui-blog","tag-tui-insider","tag-tui-reiseexperten","tag-tuireiseexperten","tag-tulum"],"acf":[],"yoast_head":"<!-- This site is optimized with the Yoast SEO plugin v27.4 - https:\/\/yoast.com\/product\/yoast-seo-wordpress\/ -->\n<title>TUI Reiseexpert:innen - Aktivurlaub<\/title>\n<meta name=\"description\" content=\"TUI Reiseexperte Stephan Glanzl verr\u00e4t dir seine pers\u00f6nlichen Tipps f\u00fcr den perfekten Aktivurlaub auf den Kanaren.\" \/>\n<meta name=\"robots\" content=\"index, follow, max-snippet:-1, max-image-preview:large, max-video-preview:-1\" \/>\n<link rel=\"canonical\" href=\"https:\/\/www.tui.at\/blog\/tui-reiseexpertinnen-aktivurlaub\/\" \/>\n<meta property=\"og:locale\" content=\"de_DE\" \/>\n<meta property=\"og:type\" content=\"article\" \/>\n<meta property=\"og:title\" content=\"TUI Reiseexpert:innen - Aktivurlaub\" \/>\n<meta property=\"og:description\" content=\"TUI Reiseexperte Stephan Glanzl verr\u00e4t dir seine pers\u00f6nlichen Tipps f\u00fcr den perfekten Aktivurlaub auf den Kanaren.\" \/>\n<meta property=\"og:url\" content=\"https:\/\/www.tui.at\/blog\/tui-reiseexpertinnen-aktivurlaub\/\" \/>\n<meta property=\"og:site_name\" content=\"TUI.at Reiseblog\" \/>\n<meta property=\"article:published_time\" content=\"2022-01-10T09:23:50+00:00\" \/>\n<meta property=\"article:modified_time\" content=\"2025-10-24T09:39:32+00:00\" \/>\n<meta property=\"og:image\" content=\"https:\/\/www.tui.at\/blog\/wp-content\/uploads\/2022\/01\/shutterstock_491279941.jpg\" \/>\n\t<meta property=\"og:image:width\" content=\"1600\" \/>\n\t<meta property=\"og:image:height\" content=\"1067\" \/>\n\t<meta property=\"og:image:type\" content=\"image\/jpeg\" \/>\n<meta name=\"author\" content=\"TUI ReiseexpertInnen\" \/>\n<meta name=\"twitter:card\" content=\"summary_large_image\" \/>\n<meta name=\"twitter:label1\" content=\"Verfasst von\" \/>\n\t<meta name=\"twitter:data1\" content=\"TUI ReiseexpertInnen\" \/>\n\t<meta name=\"twitter:label2\" content=\"Gesch\u00e4tzte Lesezeit\" \/>\n\t<meta name=\"twitter:data2\" content=\"10\u00a0Minuten\" \/>\n<script type=\"application\/ld+json\" class=\"yoast-schema-graph\">{\"@context\":\"https:\\\/\\\/schema.org\",\"@graph\":[{\"@type\":\"BlogPosting\",\"@id\":\"https:\\\/\\\/www.tui.at\\\/blog\\\/tui-reiseexpertinnen-aktivurlaub\\\/#article\",\"isPartOf\":{\"@id\":\"https:\\\/\\\/www.tui.at\\\/blog\\\/tui-reiseexpertinnen-aktivurlaub\\\/\"},\"author\":{\"name\":\"TUI ReiseexpertInnen\",\"@id\":\"https:\\\/\\\/www.tui.at\\\/blog\\\/#\\\/schema\\\/person\\\/d690730bb801c31eaf2cb9f00802c039\"},\"headline\":\"TUI Reiseexpert:innen \u2013 Aktivurlaub\",\"datePublished\":\"2022-01-10T09:23:50+00:00\",\"dateModified\":\"2025-10-24T09:39:32+00:00\",\"mainEntityOfPage\":{\"@id\":\"https:\\\/\\\/www.tui.at\\\/blog\\\/tui-reiseexpertinnen-aktivurlaub\\\/\"},\"wordCount\":1921,\"commentCount\":0,\"publisher\":{\"@id\":\"https:\\\/\\\/www.tui.at\\\/blog\\\/#organization\"},\"image\":{\"@id\":\"https:\\\/\\\/www.tui.at\\\/blog\\\/tui-reiseexpertinnen-aktivurlaub\\\/#primaryimage\"},\"thumbnailUrl\":\"https:\\\/\\\/www.tui.at\\\/blog\\\/wp-content\\\/uploads\\\/2022\\\/01\\\/shutterstock_491279941.jpg\",\"keywords\":[\"Blogger\",\"cancun\",\"Insidertipps\",\"Mexiko\",\"Reiseblog\",\"Reiseblogger\",\"Strand\",\"Tipps\",\"TUI\",\"TUI Blog\",\"TUI Insider\",\"TUI Reiseexperten\",\"TUIReiseexperten\",\"tulum\"],\"articleSection\":[\"Aktivurlaub\"],\"inLanguage\":\"de\",\"potentialAction\":[{\"@type\":\"CommentAction\",\"name\":\"Comment\",\"target\":[\"https:\\\/\\\/www.tui.at\\\/blog\\\/tui-reiseexpertinnen-aktivurlaub\\\/#respond\"]}]},{\"@type\":\"WebPage\",\"@id\":\"https:\\\/\\\/www.tui.at\\\/blog\\\/tui-reiseexpertinnen-aktivurlaub\\\/\",\"url\":\"https:\\\/\\\/www.tui.at\\\/blog\\\/tui-reiseexpertinnen-aktivurlaub\\\/\",\"name\":\"TUI Reiseexpert:innen - Aktivurlaub\",\"isPartOf\":{\"@id\":\"https:\\\/\\\/www.tui.at\\\/blog\\\/#website\"},\"primaryImageOfPage\":{\"@id\":\"https:\\\/\\\/www.tui.at\\\/blog\\\/tui-reiseexpertinnen-aktivurlaub\\\/#primaryimage\"},\"image\":{\"@id\":\"https:\\\/\\\/www.tui.at\\\/blog\\\/tui-reiseexpertinnen-aktivurlaub\\\/#primaryimage\"},\"thumbnailUrl\":\"https:\\\/\\\/www.tui.at\\\/blog\\\/wp-content\\\/uploads\\\/2022\\\/01\\\/shutterstock_491279941.jpg\",\"datePublished\":\"2022-01-10T09:23:50+00:00\",\"dateModified\":\"2025-10-24T09:39:32+00:00\",\"description\":\"TUI Reiseexperte Stephan Glanzl verr\u00e4t dir seine pers\u00f6nlichen Tipps f\u00fcr den perfekten Aktivurlaub auf den Kanaren.\",\"breadcrumb\":{\"@id\":\"https:\\\/\\\/www.tui.at\\\/blog\\\/tui-reiseexpertinnen-aktivurlaub\\\/#breadcrumb\"},\"inLanguage\":\"de\",\"potentialAction\":[{\"@type\":\"ReadAction\",\"target\":[\"https:\\\/\\\/www.tui.at\\\/blog\\\/tui-reiseexpertinnen-aktivurlaub\\\/\"]}]},{\"@type\":\"ImageObject\",\"inLanguage\":\"de\",\"@id\":\"https:\\\/\\\/www.tui.at\\\/blog\\\/tui-reiseexpertinnen-aktivurlaub\\\/#primaryimage\",\"url\":\"https:\\\/\\\/www.tui.at\\\/blog\\\/wp-content\\\/uploads\\\/2022\\\/01\\\/shutterstock_491279941.jpg\",\"contentUrl\":\"https:\\\/\\\/www.tui.at\\\/blog\\\/wp-content\\\/uploads\\\/2022\\\/01\\\/shutterstock_491279941.jpg\",\"width\":1600,\"height\":1067},{\"@type\":\"BreadcrumbList\",\"@id\":\"https:\\\/\\\/www.tui.at\\\/blog\\\/tui-reiseexpertinnen-aktivurlaub\\\/#breadcrumb\",\"itemListElement\":[{\"@type\":\"ListItem\",\"position\":1,\"name\":\"Startseite\",\"item\":\"https:\\\/\\\/www.tui.at\\\/blog\\\/\"},{\"@type\":\"ListItem\",\"position\":2,\"name\":\"TUI Reiseexpert:innen \u2013 Aktivurlaub\"}]},{\"@type\":\"WebSite\",\"@id\":\"https:\\\/\\\/www.tui.at\\\/blog\\\/#website\",\"url\":\"https:\\\/\\\/www.tui.at\\\/blog\\\/\",\"name\":\"TUI.at Reiseblog\",\"description\":\"Inspirationen f\u00fcr den perfekten Urlaub\",\"publisher\":{\"@id\":\"https:\\\/\\\/www.tui.at\\\/blog\\\/#organization\"},\"potentialAction\":[{\"@type\":\"SearchAction\",\"target\":{\"@type\":\"EntryPoint\",\"urlTemplate\":\"https:\\\/\\\/www.tui.at\\\/blog\\\/?s={search_term_string}\"},\"query-input\":{\"@type\":\"PropertyValueSpecification\",\"valueRequired\":true,\"valueName\":\"search_term_string\"}}],\"inLanguage\":\"de\"},{\"@type\":\"Organization\",\"@id\":\"https:\\\/\\\/www.tui.at\\\/blog\\\/#organization\",\"name\":\"TUI.at Reiseblog\",\"url\":\"https:\\\/\\\/www.tui.at\\\/blog\\\/\",\"logo\":{\"@type\":\"ImageObject\",\"inLanguage\":\"de\",\"@id\":\"https:\\\/\\\/www.tui.at\\\/blog\\\/#\\\/schema\\\/logo\\\/image\\\/\",\"url\":\"https:\\\/\\\/www.tui.at\\\/blog\\\/wp-content\\\/uploads\\\/2025\\\/09\\\/cropped-tui-logo-3.webp\",\"contentUrl\":\"https:\\\/\\\/www.tui.at\\\/blog\\\/wp-content\\\/uploads\\\/2025\\\/09\\\/cropped-tui-logo-3.webp\",\"width\":164,\"height\":72,\"caption\":\"TUI.at Reiseblog\"},\"image\":{\"@id\":\"https:\\\/\\\/www.tui.at\\\/blog\\\/#\\\/schema\\\/logo\\\/image\\\/\"}},{\"@type\":\"Person\",\"@id\":\"https:\\\/\\\/www.tui.at\\\/blog\\\/#\\\/schema\\\/person\\\/d690730bb801c31eaf2cb9f00802c039\",\"name\":\"TUI ReiseexpertInnen\",\"description\":\"Unsere TUI ReiseexpertInnen geben Insidertipps zu Destinationen rund um die Welt.\",\"sameAs\":[\"http:\\\/\\\/www.tui.at\\\/reisebuero\"],\"url\":\"https:\\\/\\\/www.tui.at\\\/blog\\\/author\\\/tui-reiseexpertinnen\\\/\"}]}<\/script>\n<!-- \/ Yoast SEO plugin. -->","yoast_head_json":{"title":"TUI Reiseexpert:innen - Aktivurlaub","description":"TUI Reiseexperte Stephan Glanzl verr\u00e4t dir seine pers\u00f6nlichen Tipps f\u00fcr den perfekten Aktivurlaub auf den Kanaren.","robots":{"index":"index","follow":"follow","max-snippet":"max-snippet:-1","max-image-preview":"max-image-preview:large","max-video-preview":"max-video-preview:-1"},"canonical":"https:\/\/www.tui.at\/blog\/tui-reiseexpertinnen-aktivurlaub\/","og_locale":"de_DE","og_type":"article","og_title":"TUI Reiseexpert:innen - Aktivurlaub","og_description":"TUI Reiseexperte Stephan Glanzl verr\u00e4t dir seine pers\u00f6nlichen Tipps f\u00fcr den perfekten Aktivurlaub auf den Kanaren.","og_url":"https:\/\/www.tui.at\/blog\/tui-reiseexpertinnen-aktivurlaub\/","og_site_name":"TUI.at Reiseblog","article_published_time":"2022-01-10T09:23:50+00:00","article_modified_time":"2025-10-24T09:39:32+00:00","og_image":[{"width":1600,"height":1067,"url":"https:\/\/www.tui.at\/blog\/wp-content\/uploads\/2022\/01\/shutterstock_491279941.jpg","type":"image\/jpeg"}],"author":"TUI ReiseexpertInnen","twitter_card":"summary_large_image","twitter_misc":{"Verfasst von":"TUI ReiseexpertInnen","Gesch\u00e4tzte Lesezeit":"10\u00a0Minuten"},"schema":{"@context":"https:\/\/schema.org","@graph":[{"@type":"BlogPosting","@id":"https:\/\/www.tui.at\/blog\/tui-reiseexpertinnen-aktivurlaub\/#article","isPartOf":{"@id":"https:\/\/www.tui.at\/blog\/tui-reiseexpertinnen-aktivurlaub\/"},"author":{"name":"TUI ReiseexpertInnen","@id":"https:\/\/www.tui.at\/blog\/#\/schema\/person\/d690730bb801c31eaf2cb9f00802c039"},"headline":"TUI Reiseexpert:innen \u2013 Aktivurlaub","datePublished":"2022-01-10T09:23:50+00:00","dateModified":"2025-10-24T09:39:32+00:00","mainEntityOfPage":{"@id":"https:\/\/www.tui.at\/blog\/tui-reiseexpertinnen-aktivurlaub\/"},"wordCount":1921,"commentCount":0,"publisher":{"@id":"https:\/\/www.tui.at\/blog\/#organization"},"image":{"@id":"https:\/\/www.tui.at\/blog\/tui-reiseexpertinnen-aktivurlaub\/#primaryimage"},"thumbnailUrl":"https:\/\/www.tui.at\/blog\/wp-content\/uploads\/2022\/01\/shutterstock_491279941.jpg","keywords":["Blogger","cancun","Insidertipps","Mexiko","Reiseblog","Reiseblogger","Strand","Tipps","TUI","TUI Blog","TUI Insider","TUI Reiseexperten","TUIReiseexperten","tulum"],"articleSection":["Aktivurlaub"],"inLanguage":"de","potentialAction":[{"@type":"CommentAction","name":"Comment","target":["https:\/\/www.tui.at\/blog\/tui-reiseexpertinnen-aktivurlaub\/#respond"]}]},{"@type":"WebPage","@id":"https:\/\/www.tui.at\/blog\/tui-reiseexpertinnen-aktivurlaub\/","url":"https:\/\/www.tui.at\/blog\/tui-reiseexpertinnen-aktivurlaub\/","name":"TUI Reiseexpert:innen - Aktivurlaub","isPartOf":{"@id":"https:\/\/www.tui.at\/blog\/#website"},"primaryImageOfPage":{"@id":"https:\/\/www.tui.at\/blog\/tui-reiseexpertinnen-aktivurlaub\/#primaryimage"},"image":{"@id":"https:\/\/www.tui.at\/blog\/tui-reiseexpertinnen-aktivurlaub\/#primaryimage"},"thumbnailUrl":"https:\/\/www.tui.at\/blog\/wp-content\/uploads\/2022\/01\/shutterstock_491279941.jpg","datePublished":"2022-01-10T09:23:50+00:00","dateModified":"2025-10-24T09:39:32+00:00","description":"TUI Reiseexperte Stephan Glanzl verr\u00e4t dir seine pers\u00f6nlichen Tipps f\u00fcr den perfekten Aktivurlaub auf den Kanaren.","breadcrumb":{"@id":"https:\/\/www.tui.at\/blog\/tui-reiseexpertinnen-aktivurlaub\/#breadcrumb"},"inLanguage":"de","potentialAction":[{"@type":"ReadAction","target":["https:\/\/www.tui.at\/blog\/tui-reiseexpertinnen-aktivurlaub\/"]}]},{"@type":"ImageObject","inLanguage":"de","@id":"https:\/\/www.tui.at\/blog\/tui-reiseexpertinnen-aktivurlaub\/#primaryimage","url":"https:\/\/www.tui.at\/blog\/wp-content\/uploads\/2022\/01\/shutterstock_491279941.jpg","contentUrl":"https:\/\/www.tui.at\/blog\/wp-content\/uploads\/2022\/01\/shutterstock_491279941.jpg","width":1600,"height":1067},{"@type":"BreadcrumbList","@id":"https:\/\/www.tui.at\/blog\/tui-reiseexpertinnen-aktivurlaub\/#breadcrumb","itemListElement":[{"@type":"ListItem","position":1,"name":"Startseite","item":"https:\/\/www.tui.at\/blog\/"},{"@type":"ListItem","position":2,"name":"TUI Reiseexpert:innen \u2013 Aktivurlaub"}]},{"@type":"WebSite","@id":"https:\/\/www.tui.at\/blog\/#website","url":"https:\/\/www.tui.at\/blog\/","name":"TUI.at Reiseblog","description":"Inspirationen f\u00fcr den perfekten Urlaub","publisher":{"@id":"https:\/\/www.tui.at\/blog\/#organization"},"potentialAction":[{"@type":"SearchAction","target":{"@type":"EntryPoint","urlTemplate":"https:\/\/www.tui.at\/blog\/?s={search_term_string}"},"query-input":{"@type":"PropertyValueSpecification","valueRequired":true,"valueName":"search_term_string"}}],"inLanguage":"de"},{"@type":"Organization","@id":"https:\/\/www.tui.at\/blog\/#organization","name":"TUI.at Reiseblog","url":"https:\/\/www.tui.at\/blog\/","logo":{"@type":"ImageObject","inLanguage":"de","@id":"https:\/\/www.tui.at\/blog\/#\/schema\/logo\/image\/","url":"https:\/\/www.tui.at\/blog\/wp-content\/uploads\/2025\/09\/cropped-tui-logo-3.webp","contentUrl":"https:\/\/www.tui.at\/blog\/wp-content\/uploads\/2025\/09\/cropped-tui-logo-3.webp","width":164,"height":72,"caption":"TUI.at Reiseblog"},"image":{"@id":"https:\/\/www.tui.at\/blog\/#\/schema\/logo\/image\/"}},{"@type":"Person","@id":"https:\/\/www.tui.at\/blog\/#\/schema\/person\/d690730bb801c31eaf2cb9f00802c039","name":"TUI ReiseexpertInnen","description":"Unsere TUI ReiseexpertInnen geben Insidertipps zu Destinationen rund um die Welt.","sameAs":["http:\/\/www.tui.at\/reisebuero"],"url":"https:\/\/www.tui.at\/blog\/author\/tui-reiseexpertinnen\/"}]}},"_links":{"self":[{"href":"https:\/\/www.tui.at\/blog\/wp-json\/wp\/v2\/posts\/488849","targetHints":{"allow":["GET"]}}],"collection":[{"href":"https:\/\/www.tui.at\/blog\/wp-json\/wp\/v2\/posts"}],"about":[{"href":"https:\/\/www.tui.at\/blog\/wp-json\/wp\/v2\/types\/post"}],"author":[{"embeddable":true,"href":"https:\/\/www.tui.at\/blog\/wp-json\/wp\/v2\/users\/216"}],"replies":[{"embeddable":true,"href":"https:\/\/www.tui.at\/blog\/wp-json\/wp\/v2\/comments?post=488849"}],"version-history":[{"count":1,"href":"https:\/\/www.tui.at\/blog\/wp-json\/wp\/v2\/posts\/488849\/revisions"}],"predecessor-version":[{"id":490273,"href":"https:\/\/www.tui.at\/blog\/wp-json\/wp\/v2\/posts\/488849\/revisions\/490273"}],"wp:featuredmedia":[{"embeddable":true,"href":"https:\/\/www.tui.at\/blog\/wp-json\/wp\/v2\/media\/488850"}],"wp:attachment":[{"href":"https:\/\/www.tui.at\/blog\/wp-json\/wp\/v2\/media?parent=488849"}],"wp:term":[{"taxonomy":"category","embeddable":true,"href":"https:\/\/www.tui.at\/blog\/wp-json\/wp\/v2\/categories?post=488849"},{"taxonomy":"post_tag","embeddable":true,"href":"https:\/\/www.tui.at\/blog\/wp-json\/wp\/v2\/tags?post=488849"}],"curies":[{"name":"wp","href":"https:\/\/api.w.org\/{rel}","templated":true}]}}