{"id":488771,"date":"2021-04-09T14:28:02","date_gmt":"2021-04-09T12:28:02","guid":{"rendered":"https:\/\/www.tui.at\/blog\/urlaubsstory-kreta-familien-edition\/"},"modified":"2025-10-28T10:59:16","modified_gmt":"2025-10-28T09:59:16","slug":"urlaubsstory_kreta-familien-edition","status":"publish","type":"post","link":"https:\/\/www.tui.at\/blog\/urlaubsstory_kreta-familien-edition\/","title":{"rendered":"Urlaubsstory Kreta &#8211; Familien Edition"},"content":{"rendered":"<div class=\"legacy-fullwidth\"><div class=\"legacy-fusion-text\"><img loading=\"lazy\" decoding=\"async\" class=\"size-medium wp-image-24392 aligncenter\" src=\"https:\/\/www.tui.at\/blog\/wp-content\/uploads\/2021\/10\/tui_insider_post-it_Verena-Kopie.png\" alt=\"\" width=\"515\" height=\"615\" \/><\/div><\/div>\n\n\n<div class=\"legacy-fullwidth\"><ul class=\"legacy-checklist medium\"><li class=\"legacy-li-item\"><span class=\"circle\" data-icon=\"fa-map-marker\"><\/span><div class=\"legacy-li-item-wrapper\"><strong>Meinen letzten Urlaub verbrachte ich auf &#8230; <\/strong><br \/>\n<a href=\"https:\/\/www.tui.at\/pauschalreisen\/griechenland\/kreta\/\">Kreta<\/a>, weil ich Griechenland und das Meer schon so vermisst habe!<\/div><\/li><\/ul><div class=\"legacy-separator\" style=\"margin-top:20px; margin-bottom:20px;\"><\/div><ul class=\"legacy-checklist medium\"><li class=\"legacy-li-item\"><span class=\"circle\" data-icon=\"fa-plane\"><\/span><div class=\"legacy-li-item-wrapper\"><strong>Bequem angereist bin ich mit &#8230;<\/strong><br \/>\nAustrian My Holidays. Das hei\u00dft es gab auch Do&amp;Co Essen \u2013 und das war wirklich gut. Der Transfer dauert je nach Stopps 1 bis 1,5 Stunden (Achtung Kurven!).<\/div><\/li><\/ul><\/div>\n\n\n<div class=\"legacy-fullwidth\"><div class=\"legacy-row\"><div class=\"one-half\"><div class=\"legacy-fusion-text\"><img loading=\"lazy\" decoding=\"async\" class=\"size-medium wp-image-24396 alignleft\" src=\"https:\/\/www.tui.at\/blog\/wp-content\/uploads\/2021\/10\/Hotel-Plaroid-Kopie.png\" alt=\"\" width=\"615\" height=\"521\" \/><\/div><\/div><div class=\"one-half\"><ul class=\"legacy-checklist medium\"><li class=\"legacy-li-item\"><span class=\"circle\" data-icon=\"fa-home\"><\/span><div class=\"legacy-li-item-wrapper\"><strong>Mein Hoteltipp ist &#8230; <\/strong>\nder <a href=\"https:\/\/www.tui.at\/pauschalreisen\/suchen\/angebote\/TUI-KIDS-CLUB-Grecotel-Marine-Palace-&amp;-Aqua-Park-(best-FAMILY)\/997938\/offer?startDate=2021-10-20&amp;endDate=2022-10-01&amp;duration=7-&amp;travellers=2-9;6&amp;adults=2&amp;sortOffersField=campaignOffers&amp;campaigns=TOY20&amp;useExtendedFilterDefaultValues=1\">TUI KIDS CLUB Grecotel Marine Palace<\/a> in Panormos. In unserer kleinen Familie gab es durchaus unterschiedliche Bed\u00fcrfnisse und Erwartungen, die es zu erf\u00fcllen galt, damit alle 2 Wochen lang gl\u00fccklich sind. Dank des wirklich coolen Aqua Parks, mit Adrenalin-Kick f\u00fcr alle Altersstufen, ist das auch perfekt gelungen.<\/div><\/li><\/ul><\/div><\/div><\/div>\n\n\n<div class=\"legacy-fullwidth\"><div class=\"legacy-row\"><div class=\"one-half\"><ul class=\"legacy-checklist medium\"><li class=\"legacy-li-item\"><span class=\"circle\" data-icon=\"fa-thumbs-o-up\"><\/span><div class=\"legacy-li-item-wrapper\"><strong>Mein absoluter Insidertipp ist &#8230;<\/strong>\nein Besuch des Dorfes Melidoni, knapp 20 Autominuten vom Hotel entfernt. Am besten man startet mit der Erkundung der riesigen, hallen\u00e4hnlichen Tropfsteinh\u00f6hle mit dramatischer Geschichte. Danach empfehle ich einen Besuch im Reptisland, wo der engagierte Besitzer jedes Tierchen mit viel Liebe betreut und sich bem\u00fcht, diese auch an die Besucher, im wahrsten Sinne des Wortes, \u201eweiterzugeben\u201c. Anschlie\u00dfend sollte man auf jeden Fall noch bei der familiengef\u00fchrten Taverne \u201eCarob und Olive\u201c am Hauptplatz vorbei schauen.<\/div><\/li><\/ul><\/div><div class=\"one-half\"><div class=\"legacy-fusion-text\"><img loading=\"lazy\" decoding=\"async\" class=\"alignright wp-image-24397\" src=\"https:\/\/www.tui.at\/blog\/wp-content\/uploads\/2021\/10\/Schlange-polaroid-Kopie.png\" alt=\"\" width=\"381\" height=\"356\" \/><\/div><\/div><\/div><\/div>\n\n\n<div class=\"legacy-fullwidth\"><ul class=\"legacy-checklist medium\"><li class=\"legacy-li-item\"><span class=\"circle\" data-icon=\"fa-cutlery\"><\/span><div class=\"legacy-li-item-wrapper\"><strong>Mein Lieblingslokal ist &#8230;<\/strong><br \/>\ndie Taverne auf der Agreco Farm. Vor dem Essen lohnt sich ein Rundgang auf der Farm, wo alles biologisch hergestellt wird. Der Ausblick auf das Umland ist grandios und das typisch griechische Essen auf h\u00f6chstem Niveau &#8211; mit original griechischem Kaffee zum Abschluss.<\/div><\/li><\/ul><div class=\"legacy-fusion-text\"><img loading=\"lazy\" decoding=\"async\" class=\" wp-image-24398 aligncenter\" src=\"https:\/\/www.tui.at\/blog\/wp-content\/uploads\/2025\/10\/Vorlage-Plaroid-rechts-Kopie-2.png\" alt=\"\" width=\"409\" height=\"327\" \/><\/div><\/div>\n\n\n<div class=\"legacy-fullwidth\"><ul class=\"legacy-checklist medium\"><li class=\"legacy-li-item\"><span class=\"circle\" data-icon=\"fa-heart\"><\/span><div class=\"legacy-li-item-wrapper\"><strong>Mein absolutes Highlight war &#8230;<\/strong><br \/>\ndie Schlange um meinem Hals im Reptisland.<\/div><\/li><\/ul><div class=\"legacy-separator\" style=\"margin-top:0px; margin-bottom:0px;\"><\/div><ul class=\"legacy-checklist medium\"><li class=\"legacy-li-item\"><span class=\"circle\" data-icon=\"fa-suitcase\"><\/span><div class=\"legacy-li-item-wrapper\"><strong>Du planst auch nach Kreta zu reisen? Dann empfehle ich &#8230;<\/strong><br \/>\nauch die beste Hotelanlage mal zu verlassen und im n\u00e4chsten Dorf eine familiengef\u00fchrte Taverne aufzusuchen. Das Essen in den griechischen Tavernen ist einfach immer gut und man bekommt eine extra Portion Gastfreundlichkeit geschenkt, besonders Kindern gegen\u00fcber.<\/div><\/li><\/ul><\/div>\n","protected":false},"excerpt":{"rendered":"<p>TUI Insider Verena verbrachte ihren Urlaub 2021 auf Kreta. Am TUI Blog erz\u00e4hlt sie von ihrem Urlaub und verr\u00e4t uns ihre Insidertipps f\u00fcr den perfekten Urlaub mit der Familie.<\/p>\n","protected":false},"author":221,"featured_media":488772,"comment_status":"open","ping_status":"closed","sticky":false,"template":"","format":"standard","meta":{"_acf_changed":false,"footnotes":""},"categories":[5147],"tags":[4912,4986,5046,5034,4993],"class_list":["post-488771","post","type-post","status-publish","format-standard","has-post-thumbnail","hentry","category-archiv-familienurlaub","tag-hoteltipp","tag-insider","tag-insider-tipps","tag-tui-geheimtipp","tag-zypern"],"acf":[],"yoast_head":"<!-- This site is optimized with the Yoast SEO plugin v27.4 - https:\/\/yoast.com\/product\/yoast-seo-wordpress\/ -->\n<title>Urlaubsstory Kreta - Familien Edition - TUI.at Reiseblog<\/title>\n<meta name=\"description\" content=\"TUI Insider Verena verbrachte ihren Urlaub 2021 auf Kreta. In diesem Beitrag verr\u00e4t sie ihre Insidertipps f\u00fcr einen perfekten Urlaub mit der ganzen Familie.\" \/>\n<meta name=\"robots\" content=\"index, follow, max-snippet:-1, max-image-preview:large, max-video-preview:-1\" \/>\n<link rel=\"canonical\" href=\"https:\/\/www.tui.at\/blog\/urlaubsstory_kreta-familien-edition\/\" \/>\n<meta property=\"og:locale\" content=\"de_DE\" \/>\n<meta property=\"og:type\" content=\"article\" \/>\n<meta property=\"og:title\" content=\"Urlaubsstory Kreta - Familien Edition - TUI.at Reiseblog\" \/>\n<meta property=\"og:description\" content=\"TUI Insider Verena verbrachte ihren Urlaub 2021 auf Kreta. In diesem Beitrag verr\u00e4t sie ihre Insidertipps f\u00fcr einen perfekten Urlaub mit der ganzen Familie.\" \/>\n<meta property=\"og:url\" content=\"https:\/\/www.tui.at\/blog\/urlaubsstory_kreta-familien-edition\/\" \/>\n<meta property=\"og:site_name\" content=\"TUI.at Reiseblog\" \/>\n<meta property=\"article:published_time\" content=\"2021-04-09T12:28:02+00:00\" \/>\n<meta property=\"article:modified_time\" content=\"2025-10-28T09:59:16+00:00\" \/>\n<meta property=\"og:image\" content=\"https:\/\/www.tui.at\/blog\/wp-content\/uploads\/2021\/10\/Kreta-Family-Edition.jpg\" \/>\n\t<meta property=\"og:image:width\" content=\"1600\" \/>\n\t<meta property=\"og:image:height\" content=\"1068\" \/>\n\t<meta property=\"og:image:type\" content=\"image\/jpeg\" \/>\n<meta name=\"author\" content=\"TUI Insider\" \/>\n<meta name=\"twitter:card\" content=\"summary_large_image\" \/>\n<meta name=\"twitter:label1\" content=\"Verfasst von\" \/>\n\t<meta name=\"twitter:data1\" content=\"TUI Insider\" \/>\n\t<meta name=\"twitter:label2\" content=\"Gesch\u00e4tzte Lesezeit\" \/>\n\t<meta name=\"twitter:data2\" content=\"5\u00a0Minuten\" \/>\n<script type=\"application\/ld+json\" class=\"yoast-schema-graph\">{\"@context\":\"https:\\\/\\\/schema.org\",\"@graph\":[{\"@type\":\"BlogPosting\",\"@id\":\"https:\\\/\\\/www.tui.at\\\/blog\\\/urlaubsstory_kreta-familien-edition\\\/#article\",\"isPartOf\":{\"@id\":\"https:\\\/\\\/www.tui.at\\\/blog\\\/urlaubsstory_kreta-familien-edition\\\/\"},\"author\":{\"name\":\"TUI Insider\",\"@id\":\"https:\\\/\\\/www.tui.at\\\/blog\\\/#\\\/schema\\\/person\\\/6b70df8230df09e2dcde2883dbd438fb\"},\"headline\":\"Urlaubsstory Kreta &#8211; Familien Edition\",\"datePublished\":\"2021-04-09T12:28:02+00:00\",\"dateModified\":\"2025-10-28T09:59:16+00:00\",\"mainEntityOfPage\":{\"@id\":\"https:\\\/\\\/www.tui.at\\\/blog\\\/urlaubsstory_kreta-familien-edition\\\/\"},\"wordCount\":924,\"commentCount\":0,\"publisher\":{\"@id\":\"https:\\\/\\\/www.tui.at\\\/blog\\\/#organization\"},\"image\":{\"@id\":\"https:\\\/\\\/www.tui.at\\\/blog\\\/urlaubsstory_kreta-familien-edition\\\/#primaryimage\"},\"thumbnailUrl\":\"https:\\\/\\\/www.tui.at\\\/blog\\\/wp-content\\\/uploads\\\/2021\\\/10\\\/Kreta-Family-Edition.jpg\",\"keywords\":[\"Hoteltipp\",\"Insider\",\"Insider-Tipps\",\"tui geheimtipp\",\"Zypern\"],\"articleSection\":[\"Familienurlaub\"],\"inLanguage\":\"de\",\"potentialAction\":[{\"@type\":\"CommentAction\",\"name\":\"Comment\",\"target\":[\"https:\\\/\\\/www.tui.at\\\/blog\\\/urlaubsstory_kreta-familien-edition\\\/#respond\"]}]},{\"@type\":\"WebPage\",\"@id\":\"https:\\\/\\\/www.tui.at\\\/blog\\\/urlaubsstory_kreta-familien-edition\\\/\",\"url\":\"https:\\\/\\\/www.tui.at\\\/blog\\\/urlaubsstory_kreta-familien-edition\\\/\",\"name\":\"Urlaubsstory Kreta - Familien Edition - TUI.at Reiseblog\",\"isPartOf\":{\"@id\":\"https:\\\/\\\/www.tui.at\\\/blog\\\/#website\"},\"primaryImageOfPage\":{\"@id\":\"https:\\\/\\\/www.tui.at\\\/blog\\\/urlaubsstory_kreta-familien-edition\\\/#primaryimage\"},\"image\":{\"@id\":\"https:\\\/\\\/www.tui.at\\\/blog\\\/urlaubsstory_kreta-familien-edition\\\/#primaryimage\"},\"thumbnailUrl\":\"https:\\\/\\\/www.tui.at\\\/blog\\\/wp-content\\\/uploads\\\/2021\\\/10\\\/Kreta-Family-Edition.jpg\",\"datePublished\":\"2021-04-09T12:28:02+00:00\",\"dateModified\":\"2025-10-28T09:59:16+00:00\",\"description\":\"TUI Insider Verena verbrachte ihren Urlaub 2021 auf Kreta. In diesem Beitrag verr\u00e4t sie ihre Insidertipps f\u00fcr einen perfekten Urlaub mit der ganzen Familie.\",\"breadcrumb\":{\"@id\":\"https:\\\/\\\/www.tui.at\\\/blog\\\/urlaubsstory_kreta-familien-edition\\\/#breadcrumb\"},\"inLanguage\":\"de\",\"potentialAction\":[{\"@type\":\"ReadAction\",\"target\":[\"https:\\\/\\\/www.tui.at\\\/blog\\\/urlaubsstory_kreta-familien-edition\\\/\"]}]},{\"@type\":\"ImageObject\",\"inLanguage\":\"de\",\"@id\":\"https:\\\/\\\/www.tui.at\\\/blog\\\/urlaubsstory_kreta-familien-edition\\\/#primaryimage\",\"url\":\"https:\\\/\\\/www.tui.at\\\/blog\\\/wp-content\\\/uploads\\\/2021\\\/10\\\/Kreta-Family-Edition.jpg\",\"contentUrl\":\"https:\\\/\\\/www.tui.at\\\/blog\\\/wp-content\\\/uploads\\\/2021\\\/10\\\/Kreta-Family-Edition.jpg\",\"width\":1600,\"height\":1068},{\"@type\":\"BreadcrumbList\",\"@id\":\"https:\\\/\\\/www.tui.at\\\/blog\\\/urlaubsstory_kreta-familien-edition\\\/#breadcrumb\",\"itemListElement\":[{\"@type\":\"ListItem\",\"position\":1,\"name\":\"Startseite\",\"item\":\"https:\\\/\\\/www.tui.at\\\/blog\\\/\"},{\"@type\":\"ListItem\",\"position\":2,\"name\":\"Urlaubsstory Kreta &#8211; Familien Edition\"}]},{\"@type\":\"WebSite\",\"@id\":\"https:\\\/\\\/www.tui.at\\\/blog\\\/#website\",\"url\":\"https:\\\/\\\/www.tui.at\\\/blog\\\/\",\"name\":\"TUI.at Reiseblog\",\"description\":\"Inspirationen f\u00fcr den perfekten Urlaub\",\"publisher\":{\"@id\":\"https:\\\/\\\/www.tui.at\\\/blog\\\/#organization\"},\"potentialAction\":[{\"@type\":\"SearchAction\",\"target\":{\"@type\":\"EntryPoint\",\"urlTemplate\":\"https:\\\/\\\/www.tui.at\\\/blog\\\/?s={search_term_string}\"},\"query-input\":{\"@type\":\"PropertyValueSpecification\",\"valueRequired\":true,\"valueName\":\"search_term_string\"}}],\"inLanguage\":\"de\"},{\"@type\":\"Organization\",\"@id\":\"https:\\\/\\\/www.tui.at\\\/blog\\\/#organization\",\"name\":\"TUI.at Reiseblog\",\"url\":\"https:\\\/\\\/www.tui.at\\\/blog\\\/\",\"logo\":{\"@type\":\"ImageObject\",\"inLanguage\":\"de\",\"@id\":\"https:\\\/\\\/www.tui.at\\\/blog\\\/#\\\/schema\\\/logo\\\/image\\\/\",\"url\":\"https:\\\/\\\/www.tui.at\\\/blog\\\/wp-content\\\/uploads\\\/2025\\\/09\\\/cropped-tui-logo-3.webp\",\"contentUrl\":\"https:\\\/\\\/www.tui.at\\\/blog\\\/wp-content\\\/uploads\\\/2025\\\/09\\\/cropped-tui-logo-3.webp\",\"width\":164,\"height\":72,\"caption\":\"TUI.at Reiseblog\"},\"image\":{\"@id\":\"https:\\\/\\\/www.tui.at\\\/blog\\\/#\\\/schema\\\/logo\\\/image\\\/\"}},{\"@type\":\"Person\",\"@id\":\"https:\\\/\\\/www.tui.at\\\/blog\\\/#\\\/schema\\\/person\\\/6b70df8230df09e2dcde2883dbd438fb\",\"name\":\"TUI Insider\",\"url\":\"https:\\\/\\\/www.tui.at\\\/blog\\\/author\\\/tui-insider\\\/\"}]}<\/script>\n<!-- \/ Yoast SEO plugin. -->","yoast_head_json":{"title":"Urlaubsstory Kreta - Familien Edition - TUI.at Reiseblog","description":"TUI Insider Verena verbrachte ihren Urlaub 2021 auf Kreta. In diesem Beitrag verr\u00e4t sie ihre Insidertipps f\u00fcr einen perfekten Urlaub mit der ganzen Familie.","robots":{"index":"index","follow":"follow","max-snippet":"max-snippet:-1","max-image-preview":"max-image-preview:large","max-video-preview":"max-video-preview:-1"},"canonical":"https:\/\/www.tui.at\/blog\/urlaubsstory_kreta-familien-edition\/","og_locale":"de_DE","og_type":"article","og_title":"Urlaubsstory Kreta - Familien Edition - TUI.at Reiseblog","og_description":"TUI Insider Verena verbrachte ihren Urlaub 2021 auf Kreta. In diesem Beitrag verr\u00e4t sie ihre Insidertipps f\u00fcr einen perfekten Urlaub mit der ganzen Familie.","og_url":"https:\/\/www.tui.at\/blog\/urlaubsstory_kreta-familien-edition\/","og_site_name":"TUI.at Reiseblog","article_published_time":"2021-04-09T12:28:02+00:00","article_modified_time":"2025-10-28T09:59:16+00:00","og_image":[{"width":1600,"height":1068,"url":"https:\/\/www.tui.at\/blog\/wp-content\/uploads\/2021\/10\/Kreta-Family-Edition.jpg","type":"image\/jpeg"}],"author":"TUI Insider","twitter_card":"summary_large_image","twitter_misc":{"Verfasst von":"TUI Insider","Gesch\u00e4tzte Lesezeit":"5\u00a0Minuten"},"schema":{"@context":"https:\/\/schema.org","@graph":[{"@type":"BlogPosting","@id":"https:\/\/www.tui.at\/blog\/urlaubsstory_kreta-familien-edition\/#article","isPartOf":{"@id":"https:\/\/www.tui.at\/blog\/urlaubsstory_kreta-familien-edition\/"},"author":{"name":"TUI Insider","@id":"https:\/\/www.tui.at\/blog\/#\/schema\/person\/6b70df8230df09e2dcde2883dbd438fb"},"headline":"Urlaubsstory Kreta &#8211; Familien Edition","datePublished":"2021-04-09T12:28:02+00:00","dateModified":"2025-10-28T09:59:16+00:00","mainEntityOfPage":{"@id":"https:\/\/www.tui.at\/blog\/urlaubsstory_kreta-familien-edition\/"},"wordCount":924,"commentCount":0,"publisher":{"@id":"https:\/\/www.tui.at\/blog\/#organization"},"image":{"@id":"https:\/\/www.tui.at\/blog\/urlaubsstory_kreta-familien-edition\/#primaryimage"},"thumbnailUrl":"https:\/\/www.tui.at\/blog\/wp-content\/uploads\/2021\/10\/Kreta-Family-Edition.jpg","keywords":["Hoteltipp","Insider","Insider-Tipps","tui geheimtipp","Zypern"],"articleSection":["Familienurlaub"],"inLanguage":"de","potentialAction":[{"@type":"CommentAction","name":"Comment","target":["https:\/\/www.tui.at\/blog\/urlaubsstory_kreta-familien-edition\/#respond"]}]},{"@type":"WebPage","@id":"https:\/\/www.tui.at\/blog\/urlaubsstory_kreta-familien-edition\/","url":"https:\/\/www.tui.at\/blog\/urlaubsstory_kreta-familien-edition\/","name":"Urlaubsstory Kreta - Familien Edition - TUI.at Reiseblog","isPartOf":{"@id":"https:\/\/www.tui.at\/blog\/#website"},"primaryImageOfPage":{"@id":"https:\/\/www.tui.at\/blog\/urlaubsstory_kreta-familien-edition\/#primaryimage"},"image":{"@id":"https:\/\/www.tui.at\/blog\/urlaubsstory_kreta-familien-edition\/#primaryimage"},"thumbnailUrl":"https:\/\/www.tui.at\/blog\/wp-content\/uploads\/2021\/10\/Kreta-Family-Edition.jpg","datePublished":"2021-04-09T12:28:02+00:00","dateModified":"2025-10-28T09:59:16+00:00","description":"TUI Insider Verena verbrachte ihren Urlaub 2021 auf Kreta. In diesem Beitrag verr\u00e4t sie ihre Insidertipps f\u00fcr einen perfekten Urlaub mit der ganzen Familie.","breadcrumb":{"@id":"https:\/\/www.tui.at\/blog\/urlaubsstory_kreta-familien-edition\/#breadcrumb"},"inLanguage":"de","potentialAction":[{"@type":"ReadAction","target":["https:\/\/www.tui.at\/blog\/urlaubsstory_kreta-familien-edition\/"]}]},{"@type":"ImageObject","inLanguage":"de","@id":"https:\/\/www.tui.at\/blog\/urlaubsstory_kreta-familien-edition\/#primaryimage","url":"https:\/\/www.tui.at\/blog\/wp-content\/uploads\/2021\/10\/Kreta-Family-Edition.jpg","contentUrl":"https:\/\/www.tui.at\/blog\/wp-content\/uploads\/2021\/10\/Kreta-Family-Edition.jpg","width":1600,"height":1068},{"@type":"BreadcrumbList","@id":"https:\/\/www.tui.at\/blog\/urlaubsstory_kreta-familien-edition\/#breadcrumb","itemListElement":[{"@type":"ListItem","position":1,"name":"Startseite","item":"https:\/\/www.tui.at\/blog\/"},{"@type":"ListItem","position":2,"name":"Urlaubsstory Kreta &#8211; Familien Edition"}]},{"@type":"WebSite","@id":"https:\/\/www.tui.at\/blog\/#website","url":"https:\/\/www.tui.at\/blog\/","name":"TUI.at Reiseblog","description":"Inspirationen f\u00fcr den perfekten Urlaub","publisher":{"@id":"https:\/\/www.tui.at\/blog\/#organization"},"potentialAction":[{"@type":"SearchAction","target":{"@type":"EntryPoint","urlTemplate":"https:\/\/www.tui.at\/blog\/?s={search_term_string}"},"query-input":{"@type":"PropertyValueSpecification","valueRequired":true,"valueName":"search_term_string"}}],"inLanguage":"de"},{"@type":"Organization","@id":"https:\/\/www.tui.at\/blog\/#organization","name":"TUI.at Reiseblog","url":"https:\/\/www.tui.at\/blog\/","logo":{"@type":"ImageObject","inLanguage":"de","@id":"https:\/\/www.tui.at\/blog\/#\/schema\/logo\/image\/","url":"https:\/\/www.tui.at\/blog\/wp-content\/uploads\/2025\/09\/cropped-tui-logo-3.webp","contentUrl":"https:\/\/www.tui.at\/blog\/wp-content\/uploads\/2025\/09\/cropped-tui-logo-3.webp","width":164,"height":72,"caption":"TUI.at Reiseblog"},"image":{"@id":"https:\/\/www.tui.at\/blog\/#\/schema\/logo\/image\/"}},{"@type":"Person","@id":"https:\/\/www.tui.at\/blog\/#\/schema\/person\/6b70df8230df09e2dcde2883dbd438fb","name":"TUI Insider","url":"https:\/\/www.tui.at\/blog\/author\/tui-insider\/"}]}},"_links":{"self":[{"href":"https:\/\/www.tui.at\/blog\/wp-json\/wp\/v2\/posts\/488771","targetHints":{"allow":["GET"]}}],"collection":[{"href":"https:\/\/www.tui.at\/blog\/wp-json\/wp\/v2\/posts"}],"about":[{"href":"https:\/\/www.tui.at\/blog\/wp-json\/wp\/v2\/types\/post"}],"author":[{"embeddable":true,"href":"https:\/\/www.tui.at\/blog\/wp-json\/wp\/v2\/users\/221"}],"replies":[{"embeddable":true,"href":"https:\/\/www.tui.at\/blog\/wp-json\/wp\/v2\/comments?post=488771"}],"version-history":[{"count":2,"href":"https:\/\/www.tui.at\/blog\/wp-json\/wp\/v2\/posts\/488771\/revisions"}],"predecessor-version":[{"id":491047,"href":"https:\/\/www.tui.at\/blog\/wp-json\/wp\/v2\/posts\/488771\/revisions\/491047"}],"wp:featuredmedia":[{"embeddable":true,"href":"https:\/\/www.tui.at\/blog\/wp-json\/wp\/v2\/media\/488772"}],"wp:attachment":[{"href":"https:\/\/www.tui.at\/blog\/wp-json\/wp\/v2\/media?parent=488771"}],"wp:term":[{"taxonomy":"category","embeddable":true,"href":"https:\/\/www.tui.at\/blog\/wp-json\/wp\/v2\/categories?post=488771"},{"taxonomy":"post_tag","embeddable":true,"href":"https:\/\/www.tui.at\/blog\/wp-json\/wp\/v2\/tags?post=488771"}],"curies":[{"name":"wp","href":"https:\/\/api.w.org\/{rel}","templated":true}]}}