{"id":488745,"date":"2021-04-09T14:36:02","date_gmt":"2021-04-09T12:36:02","guid":{"rendered":"https:\/\/www.tui.at\/blog\/urlaubsstory-grado\/"},"modified":"2025-10-24T11:39:32","modified_gmt":"2025-10-24T09:39:32","slug":"urlaubsstory-grado","status":"publish","type":"post","link":"https:\/\/www.tui.at\/blog\/urlaubsstory-grado\/","title":{"rendered":"Urlaubsstory Grado"},"content":{"rendered":"<p><div class=\"legacy-fullwidth\"><div class=\"legacy-fusion-text\"><img loading=\"lazy\" decoding=\"async\" class=\"size-medium wp-image-24311 aligncenter\" src=\"https:\/\/www.tui.at\/blog\/wp-content\/uploads\/2021\/04\/tui_insider_post-it_Richard-Kopie.png\" alt=\"\" width=\"515\" height=\"615\" \/><\/div><\/div><div class=\"legacy-fullwidth\"><ul class=\"legacy-checklist medium\"><li class=\"legacy-li-item\"><span class=\"circle\" data-icon=\"fa-map-marker\"><\/span><div class=\"legacy-li-item-wrapper\"><strong>Meinen letzten Urlaub verbrachte ich in &#8230; <\/strong><br \/>\nGrado, weil in unserer Umgebung \u00fcberall Plakate mit der Aufschrift &#8222;ich vermisse das Meer&#8220; hingen. Da es mir genauso ging, haben meine Frau und ich eine L\u00f6sung gesucht auch heuer das Meer zu sehen und mit Grado die beste L\u00f6sung f\u00fcr uns gefunden. Mit dem Auto super erreichbar und f\u00fcr die ganze Familie was dabei (Meer, Shopping, Tennisplatz und Wasserpark).<\/div><\/li><\/ul><\/div><div class=\"legacy-fullwidth\"><ul class=\"legacy-checklist medium\"><li class=\"legacy-li-item\"><span class=\"circle\" data-icon=\"fa-plane\"><\/span><div class=\"legacy-li-item-wrapper\"><strong>Bequem angereist bin ich mit &#8230;<\/strong><br \/>\ndem Auto ganz entspannt von Osttirol \u00fcber den Pl\u00f6ckenpass &#8211; eine absolut sehenswerte Strecke, die den Weg zum Ziel macht.<\/div><\/li><\/ul><div class=\"legacy-row\"><div class=\"one-half\"><div class=\"legacy-separator\" style=\"margin-top:0px; margin-bottom:30px;\"><\/div><ul class=\"legacy-checklist medium\"><li class=\"legacy-li-item\"><span class=\"circle\" data-icon=\"fa-home\"><\/span><div class=\"legacy-li-item-wrapper\"><strong>Mein Hoteltipp ist &#8230; <\/strong>\ndas <a href=\"https:\/\/www.tui.at\/hotels\/grand-hotel-astoria-81877\/hotelinformation\/\">Grand Hotel Astoria<\/a> &#8211; sehr gute Lage, saubere Zimmer, ausgesprochen freundliches Service und ausgezeichnetes Essen. Ein besonderes Highlight ist die Dachterrasse mit Whirlpool. Au\u00dferdem ist der Markt am Samstag genau vor der T\u00fcr und auch Strand und Wasserpark sind nur wenige Gehminuten entfernt.<\/div><\/li><\/ul><\/div><div class=\"one-half\"><div class=\"legacy-fusion-text\"><img loading=\"lazy\" decoding=\"async\" class=\"wp-image-24293 alignright\" src=\"https:\/\/www.tui.at\/blog\/wp-content\/uploads\/2021\/09\/hotel-polaroid.png\" alt=\"\" width=\"562\" height=\"468\" \/><\/div><\/div><\/div><\/div><div class=\"legacy-fullwidth\"><ul class=\"legacy-checklist medium\"><li class=\"legacy-li-item\"><span class=\"circle\" data-icon=\"fa-thumbs-o-up\"><\/span><div class=\"legacy-li-item-wrapper\"><strong>Mein absoluter Insidertipp ist &#8230;<\/strong><br \/>\neine Sonntagsmesse in der Kirche von Grado zu besuchen!<\/div><\/li><\/ul><div class=\"legacy-separator\" style=\"margin-top:0px; margin-bottom:20px;\"><\/div><div class=\"legacy-row\"><div class=\"one-half\"><ul class=\"legacy-checklist medium\"><li class=\"legacy-li-item\"><span class=\"circle\" data-icon=\"fa-cutlery\"><\/span><div class=\"legacy-li-item-wrapper\"><strong>Mein Lieblingslokal ist &#8230;<\/strong>\ndie Trattoria de Toni. Hier gibt\u00b4s einfach die beste Fischsuppe der Welt! Tisch reservieren nicht vergessen!<\/div><\/li><\/ul><div class=\"legacy-separator\" style=\"margin-top:0px; margin-bottom:20px;\"><\/div><ul class=\"legacy-checklist medium\"><li class=\"legacy-li-item\"><span class=\"circle\" data-icon=\"fa-heart\"><\/span><div class=\"legacy-li-item-wrapper\"><strong>Mein absolutes Highlight war &#8230;<\/strong>\nder Sonnenuntergang auf der Dachterrasse des Hotels Astoria. Von hier hat man einen unfassbar sch\u00f6nen Blick auf das scheinbar unendliche Meer und die vielen H\u00e4user. &#8211; UND dass uns eine M\u00f6we jeden Tag das Fr\u00fchst\u00fcck geklaut hat, sobald wir den Tisch verlassen haben um Nachschub zu holen \ud83d\ude09<\/div><\/li><\/ul><\/div><div class=\"one-half\"><div class=\"legacy-fusion-text\"><img loading=\"lazy\" decoding=\"async\" class=\"alignright wp-image-24227\" src=\"https:\/\/www.tui.at\/blog\/wp-content\/uploads\/2021\/09\/lokal-polaroid.png\" alt=\"\" width=\"365\" height=\"372\" \/><\/div><\/div><\/div><\/div><div class=\"legacy-fullwidth\"><div class=\"legacy-fusion-text\"><img loading=\"lazy\" decoding=\"async\" class=\"wp-image-24229 aligncenter\" src=\"https:\/\/www.tui.at\/blog\/wp-content\/uploads\/2021\/09\/sonnenuntergang-hotel.jpg\" alt=\"sonnenuntergang\" width=\"449\" height=\"343\" \/><\/div><div class=\"legacy-separator\" style=\"margin-top:20px; margin-bottom:0px;\"><\/div><ul class=\"legacy-checklist medium\"><li class=\"legacy-li-item\"><span class=\"circle\" data-icon=\"fa-suitcase\"><\/span><div class=\"legacy-li-item-wrapper\"><strong>Du planst auch nach Grado zu reisen? Dann empfehle ich &#8230;<\/strong><br \/>\nauf jeden Fall die Markthalle zu besuchen, sich durch die zahlreichen K\u00f6stlichkeiten durchzukosten und dort ordentlich einzukaufen. Auch ein Tagesausflug nach Triest ist sehr empfehlenswert!<\/div><\/li><\/ul><\/div><\/p>\n","protected":false},"excerpt":{"rendered":"<p>TUI Insider Richard erz\u00e4hlt von seinem Urlaub in Grado und verr\u00e4t uns seine exklusiven Insidertipps. Lieblingslokal, Must Do, Hoteltipp uvm. <\/p>\n","protected":false},"author":221,"featured_media":488746,"comment_status":"open","ping_status":"closed","sticky":false,"template":"","format":"standard","meta":{"_acf_changed":false,"footnotes":""},"categories":[5146],"tags":[4912,4986,5046,4873,5034],"class_list":["post-488745","post","type-post","status-publish","format-standard","has-post-thumbnail","hentry","category-archiv-urlaub-am-meer","tag-hoteltipp","tag-insider","tag-insider-tipps","tag-italien","tag-tui-geheimtipp"],"acf":[],"yoast_head":"<!-- This site is optimized with the Yoast SEO plugin v27.4 - https:\/\/yoast.com\/product\/yoast-seo-wordpress\/ -->\n<title>Urlaubsstory Grado - TUI.at Reiseblog<\/title>\n<meta name=\"description\" content=\"TUI Insider Richard verbrachte seinen Urlaub 2021 in Grado. In diesem Beitrag erz\u00e4hlt er von seiner Reise und verr\u00e4t uns exklusive Insidertipps.\" \/>\n<meta name=\"robots\" content=\"index, follow, max-snippet:-1, max-image-preview:large, max-video-preview:-1\" \/>\n<link rel=\"canonical\" href=\"https:\/\/www.tui.at\/blog\/urlaubsstory-grado\/\" \/>\n<meta property=\"og:locale\" content=\"de_DE\" \/>\n<meta property=\"og:type\" content=\"article\" \/>\n<meta property=\"og:title\" content=\"Urlaubsstory Grado - TUI.at Reiseblog\" \/>\n<meta property=\"og:description\" content=\"TUI Insider Richard verbrachte seinen Urlaub 2021 in Grado. In diesem Beitrag erz\u00e4hlt er von seiner Reise und verr\u00e4t uns exklusive Insidertipps.\" \/>\n<meta property=\"og:url\" content=\"https:\/\/www.tui.at\/blog\/urlaubsstory-grado\/\" \/>\n<meta property=\"og:site_name\" content=\"TUI.at Reiseblog\" \/>\n<meta property=\"article:published_time\" content=\"2021-04-09T12:36:02+00:00\" \/>\n<meta property=\"article:modified_time\" content=\"2025-10-24T09:39:32+00:00\" \/>\n<meta property=\"og:image\" content=\"https:\/\/www.tui.at\/blog\/wp-content\/uploads\/2021\/04\/grado3.jpg\" \/>\n\t<meta property=\"og:image:width\" content=\"1600\" \/>\n\t<meta property=\"og:image:height\" content=\"1067\" \/>\n\t<meta property=\"og:image:type\" content=\"image\/jpeg\" \/>\n<meta name=\"author\" content=\"TUI Insider\" \/>\n<meta name=\"twitter:card\" content=\"summary_large_image\" \/>\n<meta name=\"twitter:label1\" content=\"Verfasst von\" \/>\n\t<meta name=\"twitter:data1\" content=\"TUI Insider\" \/>\n\t<meta name=\"twitter:label2\" content=\"Gesch\u00e4tzte Lesezeit\" \/>\n\t<meta name=\"twitter:data2\" content=\"4\u00a0Minuten\" \/>\n<script type=\"application\/ld+json\" class=\"yoast-schema-graph\">{\"@context\":\"https:\\\/\\\/schema.org\",\"@graph\":[{\"@type\":\"BlogPosting\",\"@id\":\"https:\\\/\\\/www.tui.at\\\/blog\\\/urlaubsstory-grado\\\/#article\",\"isPartOf\":{\"@id\":\"https:\\\/\\\/www.tui.at\\\/blog\\\/urlaubsstory-grado\\\/\"},\"author\":{\"name\":\"TUI Insider\",\"@id\":\"https:\\\/\\\/www.tui.at\\\/blog\\\/#\\\/schema\\\/person\\\/6b70df8230df09e2dcde2883dbd438fb\"},\"headline\":\"Urlaubsstory Grado\",\"datePublished\":\"2021-04-09T12:36:02+00:00\",\"dateModified\":\"2025-10-24T09:39:32+00:00\",\"mainEntityOfPage\":{\"@id\":\"https:\\\/\\\/www.tui.at\\\/blog\\\/urlaubsstory-grado\\\/\"},\"wordCount\":873,\"commentCount\":1,\"publisher\":{\"@id\":\"https:\\\/\\\/www.tui.at\\\/blog\\\/#organization\"},\"image\":{\"@id\":\"https:\\\/\\\/www.tui.at\\\/blog\\\/urlaubsstory-grado\\\/#primaryimage\"},\"thumbnailUrl\":\"https:\\\/\\\/www.tui.at\\\/blog\\\/wp-content\\\/uploads\\\/2021\\\/04\\\/grado3.jpg\",\"keywords\":[\"Hoteltipp\",\"Insider\",\"Insider-Tipps\",\"Italien\",\"tui geheimtipp\"],\"articleSection\":[\"Urlaub am Meer\"],\"inLanguage\":\"de\",\"potentialAction\":[{\"@type\":\"CommentAction\",\"name\":\"Comment\",\"target\":[\"https:\\\/\\\/www.tui.at\\\/blog\\\/urlaubsstory-grado\\\/#respond\"]}]},{\"@type\":\"WebPage\",\"@id\":\"https:\\\/\\\/www.tui.at\\\/blog\\\/urlaubsstory-grado\\\/\",\"url\":\"https:\\\/\\\/www.tui.at\\\/blog\\\/urlaubsstory-grado\\\/\",\"name\":\"Urlaubsstory Grado - TUI.at Reiseblog\",\"isPartOf\":{\"@id\":\"https:\\\/\\\/www.tui.at\\\/blog\\\/#website\"},\"primaryImageOfPage\":{\"@id\":\"https:\\\/\\\/www.tui.at\\\/blog\\\/urlaubsstory-grado\\\/#primaryimage\"},\"image\":{\"@id\":\"https:\\\/\\\/www.tui.at\\\/blog\\\/urlaubsstory-grado\\\/#primaryimage\"},\"thumbnailUrl\":\"https:\\\/\\\/www.tui.at\\\/blog\\\/wp-content\\\/uploads\\\/2021\\\/04\\\/grado3.jpg\",\"datePublished\":\"2021-04-09T12:36:02+00:00\",\"dateModified\":\"2025-10-24T09:39:32+00:00\",\"description\":\"TUI Insider Richard verbrachte seinen Urlaub 2021 in Grado. In diesem Beitrag erz\u00e4hlt er von seiner Reise und verr\u00e4t uns exklusive Insidertipps.\",\"breadcrumb\":{\"@id\":\"https:\\\/\\\/www.tui.at\\\/blog\\\/urlaubsstory-grado\\\/#breadcrumb\"},\"inLanguage\":\"de\",\"potentialAction\":[{\"@type\":\"ReadAction\",\"target\":[\"https:\\\/\\\/www.tui.at\\\/blog\\\/urlaubsstory-grado\\\/\"]}]},{\"@type\":\"ImageObject\",\"inLanguage\":\"de\",\"@id\":\"https:\\\/\\\/www.tui.at\\\/blog\\\/urlaubsstory-grado\\\/#primaryimage\",\"url\":\"https:\\\/\\\/www.tui.at\\\/blog\\\/wp-content\\\/uploads\\\/2021\\\/04\\\/grado3.jpg\",\"contentUrl\":\"https:\\\/\\\/www.tui.at\\\/blog\\\/wp-content\\\/uploads\\\/2021\\\/04\\\/grado3.jpg\",\"width\":1600,\"height\":1067},{\"@type\":\"BreadcrumbList\",\"@id\":\"https:\\\/\\\/www.tui.at\\\/blog\\\/urlaubsstory-grado\\\/#breadcrumb\",\"itemListElement\":[{\"@type\":\"ListItem\",\"position\":1,\"name\":\"Startseite\",\"item\":\"https:\\\/\\\/www.tui.at\\\/blog\\\/\"},{\"@type\":\"ListItem\",\"position\":2,\"name\":\"Urlaubsstory Grado\"}]},{\"@type\":\"WebSite\",\"@id\":\"https:\\\/\\\/www.tui.at\\\/blog\\\/#website\",\"url\":\"https:\\\/\\\/www.tui.at\\\/blog\\\/\",\"name\":\"TUI.at Reiseblog\",\"description\":\"Inspirationen f\u00fcr den perfekten Urlaub\",\"publisher\":{\"@id\":\"https:\\\/\\\/www.tui.at\\\/blog\\\/#organization\"},\"potentialAction\":[{\"@type\":\"SearchAction\",\"target\":{\"@type\":\"EntryPoint\",\"urlTemplate\":\"https:\\\/\\\/www.tui.at\\\/blog\\\/?s={search_term_string}\"},\"query-input\":{\"@type\":\"PropertyValueSpecification\",\"valueRequired\":true,\"valueName\":\"search_term_string\"}}],\"inLanguage\":\"de\"},{\"@type\":\"Organization\",\"@id\":\"https:\\\/\\\/www.tui.at\\\/blog\\\/#organization\",\"name\":\"TUI.at Reiseblog\",\"url\":\"https:\\\/\\\/www.tui.at\\\/blog\\\/\",\"logo\":{\"@type\":\"ImageObject\",\"inLanguage\":\"de\",\"@id\":\"https:\\\/\\\/www.tui.at\\\/blog\\\/#\\\/schema\\\/logo\\\/image\\\/\",\"url\":\"https:\\\/\\\/www.tui.at\\\/blog\\\/wp-content\\\/uploads\\\/2025\\\/09\\\/cropped-tui-logo-3.webp\",\"contentUrl\":\"https:\\\/\\\/www.tui.at\\\/blog\\\/wp-content\\\/uploads\\\/2025\\\/09\\\/cropped-tui-logo-3.webp\",\"width\":164,\"height\":72,\"caption\":\"TUI.at Reiseblog\"},\"image\":{\"@id\":\"https:\\\/\\\/www.tui.at\\\/blog\\\/#\\\/schema\\\/logo\\\/image\\\/\"}},{\"@type\":\"Person\",\"@id\":\"https:\\\/\\\/www.tui.at\\\/blog\\\/#\\\/schema\\\/person\\\/6b70df8230df09e2dcde2883dbd438fb\",\"name\":\"TUI Insider\",\"url\":\"https:\\\/\\\/www.tui.at\\\/blog\\\/author\\\/tui-insider\\\/\"}]}<\/script>\n<!-- \/ Yoast SEO plugin. -->","yoast_head_json":{"title":"Urlaubsstory Grado - TUI.at Reiseblog","description":"TUI Insider Richard verbrachte seinen Urlaub 2021 in Grado. In diesem Beitrag erz\u00e4hlt er von seiner Reise und verr\u00e4t uns exklusive Insidertipps.","robots":{"index":"index","follow":"follow","max-snippet":"max-snippet:-1","max-image-preview":"max-image-preview:large","max-video-preview":"max-video-preview:-1"},"canonical":"https:\/\/www.tui.at\/blog\/urlaubsstory-grado\/","og_locale":"de_DE","og_type":"article","og_title":"Urlaubsstory Grado - TUI.at Reiseblog","og_description":"TUI Insider Richard verbrachte seinen Urlaub 2021 in Grado. In diesem Beitrag erz\u00e4hlt er von seiner Reise und verr\u00e4t uns exklusive Insidertipps.","og_url":"https:\/\/www.tui.at\/blog\/urlaubsstory-grado\/","og_site_name":"TUI.at Reiseblog","article_published_time":"2021-04-09T12:36:02+00:00","article_modified_time":"2025-10-24T09:39:32+00:00","og_image":[{"width":1600,"height":1067,"url":"https:\/\/www.tui.at\/blog\/wp-content\/uploads\/2021\/04\/grado3.jpg","type":"image\/jpeg"}],"author":"TUI Insider","twitter_card":"summary_large_image","twitter_misc":{"Verfasst von":"TUI Insider","Gesch\u00e4tzte Lesezeit":"4\u00a0Minuten"},"schema":{"@context":"https:\/\/schema.org","@graph":[{"@type":"BlogPosting","@id":"https:\/\/www.tui.at\/blog\/urlaubsstory-grado\/#article","isPartOf":{"@id":"https:\/\/www.tui.at\/blog\/urlaubsstory-grado\/"},"author":{"name":"TUI Insider","@id":"https:\/\/www.tui.at\/blog\/#\/schema\/person\/6b70df8230df09e2dcde2883dbd438fb"},"headline":"Urlaubsstory Grado","datePublished":"2021-04-09T12:36:02+00:00","dateModified":"2025-10-24T09:39:32+00:00","mainEntityOfPage":{"@id":"https:\/\/www.tui.at\/blog\/urlaubsstory-grado\/"},"wordCount":873,"commentCount":1,"publisher":{"@id":"https:\/\/www.tui.at\/blog\/#organization"},"image":{"@id":"https:\/\/www.tui.at\/blog\/urlaubsstory-grado\/#primaryimage"},"thumbnailUrl":"https:\/\/www.tui.at\/blog\/wp-content\/uploads\/2021\/04\/grado3.jpg","keywords":["Hoteltipp","Insider","Insider-Tipps","Italien","tui geheimtipp"],"articleSection":["Urlaub am Meer"],"inLanguage":"de","potentialAction":[{"@type":"CommentAction","name":"Comment","target":["https:\/\/www.tui.at\/blog\/urlaubsstory-grado\/#respond"]}]},{"@type":"WebPage","@id":"https:\/\/www.tui.at\/blog\/urlaubsstory-grado\/","url":"https:\/\/www.tui.at\/blog\/urlaubsstory-grado\/","name":"Urlaubsstory Grado - TUI.at Reiseblog","isPartOf":{"@id":"https:\/\/www.tui.at\/blog\/#website"},"primaryImageOfPage":{"@id":"https:\/\/www.tui.at\/blog\/urlaubsstory-grado\/#primaryimage"},"image":{"@id":"https:\/\/www.tui.at\/blog\/urlaubsstory-grado\/#primaryimage"},"thumbnailUrl":"https:\/\/www.tui.at\/blog\/wp-content\/uploads\/2021\/04\/grado3.jpg","datePublished":"2021-04-09T12:36:02+00:00","dateModified":"2025-10-24T09:39:32+00:00","description":"TUI Insider Richard verbrachte seinen Urlaub 2021 in Grado. In diesem Beitrag erz\u00e4hlt er von seiner Reise und verr\u00e4t uns exklusive Insidertipps.","breadcrumb":{"@id":"https:\/\/www.tui.at\/blog\/urlaubsstory-grado\/#breadcrumb"},"inLanguage":"de","potentialAction":[{"@type":"ReadAction","target":["https:\/\/www.tui.at\/blog\/urlaubsstory-grado\/"]}]},{"@type":"ImageObject","inLanguage":"de","@id":"https:\/\/www.tui.at\/blog\/urlaubsstory-grado\/#primaryimage","url":"https:\/\/www.tui.at\/blog\/wp-content\/uploads\/2021\/04\/grado3.jpg","contentUrl":"https:\/\/www.tui.at\/blog\/wp-content\/uploads\/2021\/04\/grado3.jpg","width":1600,"height":1067},{"@type":"BreadcrumbList","@id":"https:\/\/www.tui.at\/blog\/urlaubsstory-grado\/#breadcrumb","itemListElement":[{"@type":"ListItem","position":1,"name":"Startseite","item":"https:\/\/www.tui.at\/blog\/"},{"@type":"ListItem","position":2,"name":"Urlaubsstory Grado"}]},{"@type":"WebSite","@id":"https:\/\/www.tui.at\/blog\/#website","url":"https:\/\/www.tui.at\/blog\/","name":"TUI.at Reiseblog","description":"Inspirationen f\u00fcr den perfekten Urlaub","publisher":{"@id":"https:\/\/www.tui.at\/blog\/#organization"},"potentialAction":[{"@type":"SearchAction","target":{"@type":"EntryPoint","urlTemplate":"https:\/\/www.tui.at\/blog\/?s={search_term_string}"},"query-input":{"@type":"PropertyValueSpecification","valueRequired":true,"valueName":"search_term_string"}}],"inLanguage":"de"},{"@type":"Organization","@id":"https:\/\/www.tui.at\/blog\/#organization","name":"TUI.at Reiseblog","url":"https:\/\/www.tui.at\/blog\/","logo":{"@type":"ImageObject","inLanguage":"de","@id":"https:\/\/www.tui.at\/blog\/#\/schema\/logo\/image\/","url":"https:\/\/www.tui.at\/blog\/wp-content\/uploads\/2025\/09\/cropped-tui-logo-3.webp","contentUrl":"https:\/\/www.tui.at\/blog\/wp-content\/uploads\/2025\/09\/cropped-tui-logo-3.webp","width":164,"height":72,"caption":"TUI.at Reiseblog"},"image":{"@id":"https:\/\/www.tui.at\/blog\/#\/schema\/logo\/image\/"}},{"@type":"Person","@id":"https:\/\/www.tui.at\/blog\/#\/schema\/person\/6b70df8230df09e2dcde2883dbd438fb","name":"TUI Insider","url":"https:\/\/www.tui.at\/blog\/author\/tui-insider\/"}]}},"_links":{"self":[{"href":"https:\/\/www.tui.at\/blog\/wp-json\/wp\/v2\/posts\/488745","targetHints":{"allow":["GET"]}}],"collection":[{"href":"https:\/\/www.tui.at\/blog\/wp-json\/wp\/v2\/posts"}],"about":[{"href":"https:\/\/www.tui.at\/blog\/wp-json\/wp\/v2\/types\/post"}],"author":[{"embeddable":true,"href":"https:\/\/www.tui.at\/blog\/wp-json\/wp\/v2\/users\/221"}],"replies":[{"embeddable":true,"href":"https:\/\/www.tui.at\/blog\/wp-json\/wp\/v2\/comments?post=488745"}],"version-history":[{"count":1,"href":"https:\/\/www.tui.at\/blog\/wp-json\/wp\/v2\/posts\/488745\/revisions"}],"predecessor-version":[{"id":490385,"href":"https:\/\/www.tui.at\/blog\/wp-json\/wp\/v2\/posts\/488745\/revisions\/490385"}],"wp:featuredmedia":[{"embeddable":true,"href":"https:\/\/www.tui.at\/blog\/wp-json\/wp\/v2\/media\/488746"}],"wp:attachment":[{"href":"https:\/\/www.tui.at\/blog\/wp-json\/wp\/v2\/media?parent=488745"}],"wp:term":[{"taxonomy":"category","embeddable":true,"href":"https:\/\/www.tui.at\/blog\/wp-json\/wp\/v2\/categories?post=488745"},{"taxonomy":"post_tag","embeddable":true,"href":"https:\/\/www.tui.at\/blog\/wp-json\/wp\/v2\/tags?post=488745"}],"curies":[{"name":"wp","href":"https:\/\/api.w.org\/{rel}","templated":true}]}}