{"id":488678,"date":"2021-04-09T07:52:22","date_gmt":"2021-04-09T05:52:22","guid":{"rendered":"https:\/\/www.tui.at\/blog\/urlaubsstory-zypern\/"},"modified":"2025-10-24T11:39:31","modified_gmt":"2025-10-24T09:39:31","slug":"urlaubsstory_zypern","status":"publish","type":"post","link":"https:\/\/www.tui.at\/blog\/urlaubsstory_zypern\/","title":{"rendered":"Urlaubsstory Zypern"},"content":{"rendered":"<p><div class=\"legacy-fullwidth\"><div class=\"legacy-fusion-text\"><img loading=\"lazy\" decoding=\"async\" class=\"size-medium wp-image-23989 aligncenter\" src=\"https:\/\/www.tui.at\/blog\/wp-content\/uploads\/2021\/01\/tui_insider_post-it_Denise-Kopie.png\" alt=\"\" width=\"515\" height=\"615\" \/><\/div><\/div><div class=\"legacy-fullwidth\"><ul class=\"legacy-checklist medium\"><li class=\"legacy-li-item\"><span class=\"circle\" data-icon=\"fa-map-marker\"><\/span><div class=\"legacy-li-item-wrapper\"><strong>Meinen letzten Urlaub verbrachte ich in &#8230; <\/strong><br \/>\nAyia Napa in <a href=\"https:\/\/www.tui.at\/pauschalreisen\/zypern\/\" target=\"_blank\" rel=\"noopener noreferrer\">Zypern<\/a>, weil mich die Reiselust gepackt hat und ich die Erkundung einer neuen Destination kaum erwarten konnte. <\/div><\/li><\/ul><div class=\"legacy-separator\" style=\"margin-top:20px; margin-bottom:20px;\"><\/div><ul class=\"legacy-checklist medium\"><li class=\"legacy-li-item\"><span class=\"circle\" data-icon=\"fa-plane\"><\/span><div class=\"legacy-li-item-wrapper\"><strong>Bequem angereist bin ich mit &#8230;<\/strong><br \/>\neinem <a href=\"https:\/\/www.tui.at\/pauschalreisen\/suchen\/hotels\/Republik-Zypern-(S%C3%BCden)\/1259\/list?departureAirports=VIE&#038;startDate=2021-09-12&#038;endDate=2021-11-30\" target=\"_blank\" rel=\"noopener noreferrer\">Direktflug von Wien<\/a> und anschlie\u00dfend sind wir mit dem Auto weiter nach Ayia Napa. Damit waren wir super flexibel und konnten uns auch Limassol und Larnaca anschauen.<br \/>\n<\/div><\/li><\/ul><\/div><div class=\"legacy-fullwidth\"><div class=\"legacy-row\"><div class=\"one-half\"><div class=\"legacy-fusion-text\"><img loading=\"lazy\" decoding=\"async\" class=\"wp-image-23747 aligncenter\" src=\"https:\/\/www.tui.at\/blog\/wp-content\/uploads\/2021\/09\/Braun-Reisen-Tagebuch-Geschichten-und-Fotosammlung-Fotobuch-1.png\" alt=\"\" width=\"326\" height=\"290\" \/><\/div><\/div><div class=\"one-half\"><ul class=\"legacy-checklist medium\"><li class=\"legacy-li-item\"><span class=\"circle\" data-icon=\"fa-home\"><\/span><div class=\"legacy-li-item-wrapper\"><strong>Mein Hoteltipp ist &#8230; <\/strong>\ndas <a href=\"https:\/\/www.tui.at\/hotel\/suchen\/angebote\/Atlantica-Sungarden-Beach\/22400\/offer?searchScope=HOTEL&#038;startDate=2021-09-13&#038;endDate=2021-12-31&#038;adults=2&#038;sortOffersField=countryDepartureAirports&#038;useExtendedFilterDefaultValues=1\" target=\"_blank\" rel=\"noopener noreferrer\">Atlantica Sungarden Beach<\/a> Hotel.\nDas Zentrum ist nur 20 Gehminuten entfernt, man genie\u00dft einen wundersch\u00f6nen Ausblick vom Hotel aus und das Service war spitze. <\/div><\/li><\/ul><\/div><\/div><\/div><div class=\"legacy-fullwidth\"><div class=\"legacy-row\"><div class=\"one-half\"><ul class=\"legacy-checklist medium\"><li class=\"legacy-li-item\"><span class=\"circle\" data-icon=\"fa-thumbs-o-up\"><\/span><div class=\"legacy-li-item-wrapper\"><strong>Mein absoluter Insidertipp ist &#8230;<\/strong>\nder Strand \u201eKonnos Beach\u201c &#8211; eine kleine Bucht mit glasklarem Wasser. Mein Tipp: schau, dass du schon gegen 7:00 Uhr morgens dort bist, dann hast du die Bucht fast f\u00fcr dich allein und kannst den Vormittag in vollen Z\u00fcgen genie\u00dfen.\n<\/div><\/li><\/ul><\/div><div class=\"one-half\"><div class=\"legacy-fusion-text\"><img loading=\"lazy\" decoding=\"async\" class=\"aligncenter wp-image-23754\" src=\"https:\/\/www.tui.at\/blog\/wp-content\/uploads\/2021\/09\/konos-beach-1-e1631169642624.png\" alt=\"\" width=\"376\" height=\"282\" \/><\/div><\/div><\/div><\/div><div class=\"legacy-fullwidth\"><ul class=\"legacy-checklist medium\"><li class=\"legacy-li-item\"><span class=\"circle\" data-icon=\"fa-cutlery\"><\/span><div class=\"legacy-li-item-wrapper\"><strong>Mein Lieblingslokal ist &#8230;<\/strong><br \/>\ndie \u201eStamna Taverna\u201c. Es ist ein kleines familiengef\u00fchrtes, traditionelles Restaurant.<br \/>\nDirekt in Ayia Napa gibt es au\u00dferdem eine super Cocktailbar \u2013 Pepper Bar Lounge \u2013 modernes Lokal, tolle Cocktails und gute Musik. <\/div><\/li><\/ul><\/div><div class=\"legacy-fullwidth\"><div class=\"legacy-row\"><div class=\"one-half\"><ul class=\"legacy-checklist medium\"><li class=\"legacy-li-item\"><span class=\"circle\" data-icon=\"fa-heart\"><\/span><div class=\"legacy-li-item-wrapper\"><strong>Mein absolutes Highlight war &#8230;<\/strong>\nLofou \u2013 ein kleines griechisches Dorf inmitten von Zypern. Wir sind mit dem Auto ca. 1 Stunde gefahren, haben die Landschaft erkundet und anschlie\u00dfend einen Spaziergang durch das entz\u00fcckende Dorf gemacht. Es gibt dort einen speziellen hauseigenen \u201eCranberry-Saft\u201c \u2013 nur als Vorwarnung, hat einen sehr eigenen Geschmack, ist nicht jedermanns Sache &#8211; aber probieren sollte mans auf alle F\u00e4lle ?<\/div><\/li><\/ul><\/div><div class=\"one-half\"><div class=\"legacy-imageframe\"> <img decoding=\"async\" alt=\"\" src=\"https:\/\/www.tui.at\/blog\/wp-content\/uploads\/2021\/09\/Vorlage-Plaroid-2-Kopie.png\" \/><\/div><\/div><\/div><\/div><div class=\"legacy-fullwidth\"><ul class=\"legacy-checklist medium\"><li class=\"legacy-li-item\"><span class=\"circle\" data-icon=\"fa-suitcase\"><\/span><div class=\"legacy-li-item-wrapper\"><strong>Du planst auch nach <a href=\"https:\/\/www.tui.at\/pauschalreisen\/zypern\/\" target=\"_blank\" rel=\"noopener noreferrer\">Zypern<\/a> zu reisen? Dann empfehle ich &#8230;<\/strong><br \/>\nDann empfehle ich auf alle F\u00e4lle <a href=\"https:\/\/www.tui.at\/mietwagen\/\" target=\"_blank\" rel=\"noopener noreferrer\">ein Auto zu mieten<\/a> und damit die Insel zu erkunden. Au\u00dferdem solltest du unbedingt eine Bootstour zum Kap Greco machen \u2013 absolutes Must See auf Zypern.<\/div><\/li><\/ul><\/div><\/p>\n","protected":false},"excerpt":{"rendered":"<p>TUI Insider Denise verbrachte ihren Urlaub 2021 auf Zypern. Am TUI Blog erz\u00e4hlt sie von ihrem Urlaub und verr\u00e4t uns ihre Insidertipps. Lieblingslokal, Must See, Hoteltipp uvm. <\/p>\n","protected":false},"author":221,"featured_media":488093,"comment_status":"open","ping_status":"closed","sticky":false,"template":"","format":"standard","meta":{"_acf_changed":false,"footnotes":""},"categories":[5146],"tags":[4912,4986,5046,5034,4993],"class_list":["post-488678","post","type-post","status-publish","format-standard","has-post-thumbnail","hentry","category-archiv-urlaub-am-meer","tag-hoteltipp","tag-insider","tag-insider-tipps","tag-tui-geheimtipp","tag-zypern"],"acf":[],"yoast_head":"<!-- This site is optimized with the Yoast SEO plugin v27.4 - https:\/\/yoast.com\/product\/yoast-seo-wordpress\/ -->\n<title>Urlaubsstory Zypern - TUI.at Reiseblog<\/title>\n<meta name=\"description\" content=\"TUI Insider Denise verbrachte ihren Urlaub 2021 auf Zypern. In diesem Beitrag erz\u00e4hlt sie von ihrer Reise und verr\u00e4t uns ihre Insidertipps.\" \/>\n<meta name=\"robots\" content=\"index, follow, max-snippet:-1, max-image-preview:large, max-video-preview:-1\" \/>\n<link rel=\"canonical\" href=\"https:\/\/www.tui.at\/blog\/urlaubsstory_zypern\/\" \/>\n<meta property=\"og:locale\" content=\"de_DE\" \/>\n<meta property=\"og:type\" content=\"article\" \/>\n<meta property=\"og:title\" content=\"Urlaubsstory Zypern - TUI.at Reiseblog\" \/>\n<meta property=\"og:description\" content=\"TUI Insider Denise verbrachte ihren Urlaub 2021 auf Zypern. In diesem Beitrag erz\u00e4hlt sie von ihrer Reise und verr\u00e4t uns ihre Insidertipps.\" \/>\n<meta property=\"og:url\" content=\"https:\/\/www.tui.at\/blog\/urlaubsstory_zypern\/\" \/>\n<meta property=\"og:site_name\" content=\"TUI.at Reiseblog\" \/>\n<meta property=\"article:published_time\" content=\"2021-04-09T05:52:22+00:00\" \/>\n<meta property=\"article:modified_time\" content=\"2025-10-24T09:39:31+00:00\" \/>\n<meta property=\"og:image\" content=\"https:\/\/www.tui.at\/blog\/wp-content\/uploads\/2019\/07\/headerbild-989x563.jpg\" \/>\n\t<meta property=\"og:image:width\" content=\"989\" \/>\n\t<meta property=\"og:image:height\" content=\"563\" \/>\n\t<meta property=\"og:image:type\" content=\"image\/jpeg\" \/>\n<meta name=\"author\" content=\"TUI Insider\" \/>\n<meta name=\"twitter:card\" content=\"summary_large_image\" \/>\n<meta name=\"twitter:label1\" content=\"Verfasst von\" \/>\n\t<meta name=\"twitter:data1\" content=\"TUI Insider\" \/>\n\t<meta name=\"twitter:label2\" content=\"Gesch\u00e4tzte Lesezeit\" \/>\n\t<meta name=\"twitter:data2\" content=\"5\u00a0Minuten\" \/>\n<script type=\"application\/ld+json\" class=\"yoast-schema-graph\">{\"@context\":\"https:\\\/\\\/schema.org\",\"@graph\":[{\"@type\":\"BlogPosting\",\"@id\":\"https:\\\/\\\/www.tui.at\\\/blog\\\/urlaubsstory_zypern\\\/#article\",\"isPartOf\":{\"@id\":\"https:\\\/\\\/www.tui.at\\\/blog\\\/urlaubsstory_zypern\\\/\"},\"author\":{\"name\":\"TUI Insider\",\"@id\":\"https:\\\/\\\/www.tui.at\\\/blog\\\/#\\\/schema\\\/person\\\/6b70df8230df09e2dcde2883dbd438fb\"},\"headline\":\"Urlaubsstory Zypern\",\"datePublished\":\"2021-04-09T05:52:22+00:00\",\"dateModified\":\"2025-10-24T09:39:31+00:00\",\"mainEntityOfPage\":{\"@id\":\"https:\\\/\\\/www.tui.at\\\/blog\\\/urlaubsstory_zypern\\\/\"},\"wordCount\":1011,\"commentCount\":1,\"publisher\":{\"@id\":\"https:\\\/\\\/www.tui.at\\\/blog\\\/#organization\"},\"image\":{\"@id\":\"https:\\\/\\\/www.tui.at\\\/blog\\\/urlaubsstory_zypern\\\/#primaryimage\"},\"thumbnailUrl\":\"https:\\\/\\\/www.tui.at\\\/blog\\\/wp-content\\\/uploads\\\/2019\\\/07\\\/headerbild.jpg\",\"keywords\":[\"Hoteltipp\",\"Insider\",\"Insider-Tipps\",\"tui geheimtipp\",\"Zypern\"],\"articleSection\":[\"Urlaub am Meer\"],\"inLanguage\":\"de\",\"potentialAction\":[{\"@type\":\"CommentAction\",\"name\":\"Comment\",\"target\":[\"https:\\\/\\\/www.tui.at\\\/blog\\\/urlaubsstory_zypern\\\/#respond\"]}]},{\"@type\":\"WebPage\",\"@id\":\"https:\\\/\\\/www.tui.at\\\/blog\\\/urlaubsstory_zypern\\\/\",\"url\":\"https:\\\/\\\/www.tui.at\\\/blog\\\/urlaubsstory_zypern\\\/\",\"name\":\"Urlaubsstory Zypern - TUI.at Reiseblog\",\"isPartOf\":{\"@id\":\"https:\\\/\\\/www.tui.at\\\/blog\\\/#website\"},\"primaryImageOfPage\":{\"@id\":\"https:\\\/\\\/www.tui.at\\\/blog\\\/urlaubsstory_zypern\\\/#primaryimage\"},\"image\":{\"@id\":\"https:\\\/\\\/www.tui.at\\\/blog\\\/urlaubsstory_zypern\\\/#primaryimage\"},\"thumbnailUrl\":\"https:\\\/\\\/www.tui.at\\\/blog\\\/wp-content\\\/uploads\\\/2019\\\/07\\\/headerbild.jpg\",\"datePublished\":\"2021-04-09T05:52:22+00:00\",\"dateModified\":\"2025-10-24T09:39:31+00:00\",\"description\":\"TUI Insider Denise verbrachte ihren Urlaub 2021 auf Zypern. In diesem Beitrag erz\u00e4hlt sie von ihrer Reise und verr\u00e4t uns ihre Insidertipps.\",\"breadcrumb\":{\"@id\":\"https:\\\/\\\/www.tui.at\\\/blog\\\/urlaubsstory_zypern\\\/#breadcrumb\"},\"inLanguage\":\"de\",\"potentialAction\":[{\"@type\":\"ReadAction\",\"target\":[\"https:\\\/\\\/www.tui.at\\\/blog\\\/urlaubsstory_zypern\\\/\"]}]},{\"@type\":\"ImageObject\",\"inLanguage\":\"de\",\"@id\":\"https:\\\/\\\/www.tui.at\\\/blog\\\/urlaubsstory_zypern\\\/#primaryimage\",\"url\":\"https:\\\/\\\/www.tui.at\\\/blog\\\/wp-content\\\/uploads\\\/2019\\\/07\\\/headerbild.jpg\",\"contentUrl\":\"https:\\\/\\\/www.tui.at\\\/blog\\\/wp-content\\\/uploads\\\/2019\\\/07\\\/headerbild.jpg\",\"width\":1600,\"height\":911},{\"@type\":\"BreadcrumbList\",\"@id\":\"https:\\\/\\\/www.tui.at\\\/blog\\\/urlaubsstory_zypern\\\/#breadcrumb\",\"itemListElement\":[{\"@type\":\"ListItem\",\"position\":1,\"name\":\"Startseite\",\"item\":\"https:\\\/\\\/www.tui.at\\\/blog\\\/\"},{\"@type\":\"ListItem\",\"position\":2,\"name\":\"Urlaubsstory Zypern\"}]},{\"@type\":\"WebSite\",\"@id\":\"https:\\\/\\\/www.tui.at\\\/blog\\\/#website\",\"url\":\"https:\\\/\\\/www.tui.at\\\/blog\\\/\",\"name\":\"TUI.at Reiseblog\",\"description\":\"Inspirationen f\u00fcr den perfekten Urlaub\",\"publisher\":{\"@id\":\"https:\\\/\\\/www.tui.at\\\/blog\\\/#organization\"},\"potentialAction\":[{\"@type\":\"SearchAction\",\"target\":{\"@type\":\"EntryPoint\",\"urlTemplate\":\"https:\\\/\\\/www.tui.at\\\/blog\\\/?s={search_term_string}\"},\"query-input\":{\"@type\":\"PropertyValueSpecification\",\"valueRequired\":true,\"valueName\":\"search_term_string\"}}],\"inLanguage\":\"de\"},{\"@type\":\"Organization\",\"@id\":\"https:\\\/\\\/www.tui.at\\\/blog\\\/#organization\",\"name\":\"TUI.at Reiseblog\",\"url\":\"https:\\\/\\\/www.tui.at\\\/blog\\\/\",\"logo\":{\"@type\":\"ImageObject\",\"inLanguage\":\"de\",\"@id\":\"https:\\\/\\\/www.tui.at\\\/blog\\\/#\\\/schema\\\/logo\\\/image\\\/\",\"url\":\"https:\\\/\\\/www.tui.at\\\/blog\\\/wp-content\\\/uploads\\\/2025\\\/09\\\/cropped-tui-logo-3.webp\",\"contentUrl\":\"https:\\\/\\\/www.tui.at\\\/blog\\\/wp-content\\\/uploads\\\/2025\\\/09\\\/cropped-tui-logo-3.webp\",\"width\":164,\"height\":72,\"caption\":\"TUI.at Reiseblog\"},\"image\":{\"@id\":\"https:\\\/\\\/www.tui.at\\\/blog\\\/#\\\/schema\\\/logo\\\/image\\\/\"}},{\"@type\":\"Person\",\"@id\":\"https:\\\/\\\/www.tui.at\\\/blog\\\/#\\\/schema\\\/person\\\/6b70df8230df09e2dcde2883dbd438fb\",\"name\":\"TUI Insider\",\"url\":\"https:\\\/\\\/www.tui.at\\\/blog\\\/author\\\/tui-insider\\\/\"}]}<\/script>\n<!-- \/ Yoast SEO plugin. -->","yoast_head_json":{"title":"Urlaubsstory Zypern - TUI.at Reiseblog","description":"TUI Insider Denise verbrachte ihren Urlaub 2021 auf Zypern. In diesem Beitrag erz\u00e4hlt sie von ihrer Reise und verr\u00e4t uns ihre Insidertipps.","robots":{"index":"index","follow":"follow","max-snippet":"max-snippet:-1","max-image-preview":"max-image-preview:large","max-video-preview":"max-video-preview:-1"},"canonical":"https:\/\/www.tui.at\/blog\/urlaubsstory_zypern\/","og_locale":"de_DE","og_type":"article","og_title":"Urlaubsstory Zypern - TUI.at Reiseblog","og_description":"TUI Insider Denise verbrachte ihren Urlaub 2021 auf Zypern. In diesem Beitrag erz\u00e4hlt sie von ihrer Reise und verr\u00e4t uns ihre Insidertipps.","og_url":"https:\/\/www.tui.at\/blog\/urlaubsstory_zypern\/","og_site_name":"TUI.at Reiseblog","article_published_time":"2021-04-09T05:52:22+00:00","article_modified_time":"2025-10-24T09:39:31+00:00","og_image":[{"width":989,"height":563,"url":"https:\/\/www.tui.at\/blog\/wp-content\/uploads\/2019\/07\/headerbild-989x563.jpg","type":"image\/jpeg"}],"author":"TUI Insider","twitter_card":"summary_large_image","twitter_misc":{"Verfasst von":"TUI Insider","Gesch\u00e4tzte Lesezeit":"5\u00a0Minuten"},"schema":{"@context":"https:\/\/schema.org","@graph":[{"@type":"BlogPosting","@id":"https:\/\/www.tui.at\/blog\/urlaubsstory_zypern\/#article","isPartOf":{"@id":"https:\/\/www.tui.at\/blog\/urlaubsstory_zypern\/"},"author":{"name":"TUI Insider","@id":"https:\/\/www.tui.at\/blog\/#\/schema\/person\/6b70df8230df09e2dcde2883dbd438fb"},"headline":"Urlaubsstory Zypern","datePublished":"2021-04-09T05:52:22+00:00","dateModified":"2025-10-24T09:39:31+00:00","mainEntityOfPage":{"@id":"https:\/\/www.tui.at\/blog\/urlaubsstory_zypern\/"},"wordCount":1011,"commentCount":1,"publisher":{"@id":"https:\/\/www.tui.at\/blog\/#organization"},"image":{"@id":"https:\/\/www.tui.at\/blog\/urlaubsstory_zypern\/#primaryimage"},"thumbnailUrl":"https:\/\/www.tui.at\/blog\/wp-content\/uploads\/2019\/07\/headerbild.jpg","keywords":["Hoteltipp","Insider","Insider-Tipps","tui geheimtipp","Zypern"],"articleSection":["Urlaub am Meer"],"inLanguage":"de","potentialAction":[{"@type":"CommentAction","name":"Comment","target":["https:\/\/www.tui.at\/blog\/urlaubsstory_zypern\/#respond"]}]},{"@type":"WebPage","@id":"https:\/\/www.tui.at\/blog\/urlaubsstory_zypern\/","url":"https:\/\/www.tui.at\/blog\/urlaubsstory_zypern\/","name":"Urlaubsstory Zypern - TUI.at Reiseblog","isPartOf":{"@id":"https:\/\/www.tui.at\/blog\/#website"},"primaryImageOfPage":{"@id":"https:\/\/www.tui.at\/blog\/urlaubsstory_zypern\/#primaryimage"},"image":{"@id":"https:\/\/www.tui.at\/blog\/urlaubsstory_zypern\/#primaryimage"},"thumbnailUrl":"https:\/\/www.tui.at\/blog\/wp-content\/uploads\/2019\/07\/headerbild.jpg","datePublished":"2021-04-09T05:52:22+00:00","dateModified":"2025-10-24T09:39:31+00:00","description":"TUI Insider Denise verbrachte ihren Urlaub 2021 auf Zypern. In diesem Beitrag erz\u00e4hlt sie von ihrer Reise und verr\u00e4t uns ihre Insidertipps.","breadcrumb":{"@id":"https:\/\/www.tui.at\/blog\/urlaubsstory_zypern\/#breadcrumb"},"inLanguage":"de","potentialAction":[{"@type":"ReadAction","target":["https:\/\/www.tui.at\/blog\/urlaubsstory_zypern\/"]}]},{"@type":"ImageObject","inLanguage":"de","@id":"https:\/\/www.tui.at\/blog\/urlaubsstory_zypern\/#primaryimage","url":"https:\/\/www.tui.at\/blog\/wp-content\/uploads\/2019\/07\/headerbild.jpg","contentUrl":"https:\/\/www.tui.at\/blog\/wp-content\/uploads\/2019\/07\/headerbild.jpg","width":1600,"height":911},{"@type":"BreadcrumbList","@id":"https:\/\/www.tui.at\/blog\/urlaubsstory_zypern\/#breadcrumb","itemListElement":[{"@type":"ListItem","position":1,"name":"Startseite","item":"https:\/\/www.tui.at\/blog\/"},{"@type":"ListItem","position":2,"name":"Urlaubsstory Zypern"}]},{"@type":"WebSite","@id":"https:\/\/www.tui.at\/blog\/#website","url":"https:\/\/www.tui.at\/blog\/","name":"TUI.at Reiseblog","description":"Inspirationen f\u00fcr den perfekten Urlaub","publisher":{"@id":"https:\/\/www.tui.at\/blog\/#organization"},"potentialAction":[{"@type":"SearchAction","target":{"@type":"EntryPoint","urlTemplate":"https:\/\/www.tui.at\/blog\/?s={search_term_string}"},"query-input":{"@type":"PropertyValueSpecification","valueRequired":true,"valueName":"search_term_string"}}],"inLanguage":"de"},{"@type":"Organization","@id":"https:\/\/www.tui.at\/blog\/#organization","name":"TUI.at Reiseblog","url":"https:\/\/www.tui.at\/blog\/","logo":{"@type":"ImageObject","inLanguage":"de","@id":"https:\/\/www.tui.at\/blog\/#\/schema\/logo\/image\/","url":"https:\/\/www.tui.at\/blog\/wp-content\/uploads\/2025\/09\/cropped-tui-logo-3.webp","contentUrl":"https:\/\/www.tui.at\/blog\/wp-content\/uploads\/2025\/09\/cropped-tui-logo-3.webp","width":164,"height":72,"caption":"TUI.at Reiseblog"},"image":{"@id":"https:\/\/www.tui.at\/blog\/#\/schema\/logo\/image\/"}},{"@type":"Person","@id":"https:\/\/www.tui.at\/blog\/#\/schema\/person\/6b70df8230df09e2dcde2883dbd438fb","name":"TUI Insider","url":"https:\/\/www.tui.at\/blog\/author\/tui-insider\/"}]}},"_links":{"self":[{"href":"https:\/\/www.tui.at\/blog\/wp-json\/wp\/v2\/posts\/488678","targetHints":{"allow":["GET"]}}],"collection":[{"href":"https:\/\/www.tui.at\/blog\/wp-json\/wp\/v2\/posts"}],"about":[{"href":"https:\/\/www.tui.at\/blog\/wp-json\/wp\/v2\/types\/post"}],"author":[{"embeddable":true,"href":"https:\/\/www.tui.at\/blog\/wp-json\/wp\/v2\/users\/221"}],"replies":[{"embeddable":true,"href":"https:\/\/www.tui.at\/blog\/wp-json\/wp\/v2\/comments?post=488678"}],"version-history":[{"count":1,"href":"https:\/\/www.tui.at\/blog\/wp-json\/wp\/v2\/posts\/488678\/revisions"}],"predecessor-version":[{"id":490392,"href":"https:\/\/www.tui.at\/blog\/wp-json\/wp\/v2\/posts\/488678\/revisions\/490392"}],"wp:featuredmedia":[{"embeddable":true,"href":"https:\/\/www.tui.at\/blog\/wp-json\/wp\/v2\/media\/488093"}],"wp:attachment":[{"href":"https:\/\/www.tui.at\/blog\/wp-json\/wp\/v2\/media?parent=488678"}],"wp:term":[{"taxonomy":"category","embeddable":true,"href":"https:\/\/www.tui.at\/blog\/wp-json\/wp\/v2\/categories?post=488678"},{"taxonomy":"post_tag","embeddable":true,"href":"https:\/\/www.tui.at\/blog\/wp-json\/wp\/v2\/tags?post=488678"}],"curies":[{"name":"wp","href":"https:\/\/api.w.org\/{rel}","templated":true}]}}