{"id":488671,"date":"2021-08-18T07:07:02","date_gmt":"2021-08-18T05:07:02","guid":{"rendered":"https:\/\/www.tui.at\/blog\/traumhafter-familienurlaub-auf-peloponnes\/"},"modified":"2025-10-24T11:39:31","modified_gmt":"2025-10-24T09:39:31","slug":"familienurlaubpeloponnes","status":"publish","type":"post","link":"https:\/\/www.tui.at\/blog\/familienurlaubpeloponnes\/","title":{"rendered":"Traumhafter Familienurlaub auf Peloponnes"},"content":{"rendered":"<p><div class=\"legacy-fullwidth\"><div class=\"legacy-fusion-text\"><\/p>\n<p class=\"Text\">Am 13. Juli 2021 war es soweit, nur 3 Tage nach unserer Hochzeit ging es f\u00fcr uns mit TUI nach Griechenland, genauer gesagt nach <a href=\"https:\/\/blog.tui.at\/westpeloponnes-das-antike-hellas\/\" target=\"_blank\" rel=\"noopener noreferrer\">Peloponnes<\/a>. Dort durften wir einen wundersch\u00f6nen Familienurlaub verbringen. Einfach mal relaxen &#8211; genau das Richtige nach den arbeitsintensiven Wochen mit Hochzeitsplanung und Co. Mittlerweile w\u00e4re ich nach dem ganzen Umzugsstress ohnehin wieder urlaubsreif. Ich werd&#8216; ganz wehm\u00fctig, wenn ich an unsere entspannte Woche in Griechenland denke. Aber das ist eine andere Geschichte. \ud83d\ude09<\/p>\n<p class=\"Text\">Unsere Erlebnisse &amp; Eindr\u00fccke aus dem Urlaub hab&#8216; ich f\u00fcr euch jedenfalls in diesem Blogpost festgehalten. Nat\u00fcrlich mit jeder Menge Fotos&#8230;<\/p>\n<p><\/div><\/div><div class=\"legacy-row\"><div class=\"one-half\"><div class=\"legacy-fusion-text\"><img loading=\"lazy\" decoding=\"async\" class=\"alignnone size-medium wp-image-23080\" src=\"https:\/\/www.tui.at\/blog\/wp-content\/uploads\/2021\/08\/TUI_Grecotel_Anreise_1.jpg\" alt=\"\" width=\"461\" height=\"615\" \/><\/div><\/div><div class=\"one-half\"><div class=\"legacy-fusion-text\"><img loading=\"lazy\" decoding=\"async\" class=\"alignnone size-medium wp-image-23073\" src=\"https:\/\/www.tui.at\/blog\/wp-content\/uploads\/2021\/08\/TUI_Grecotel_Anreise_2.jpg\" alt=\"\" width=\"461\" height=\"615\" \/><\/div><\/div><\/div><div class=\"legacy-fullwidth\"><div class=\"legacy-fusion-title\"><h2><strong>Anreise von Wien nach Peloponnes<\/strong><\/h2><\/div><div class=\"legacy-fusion-text\">Mit der Austrian Airlines ging es von Wien nach Araxos, im Nordwesten der Halbinsel Peloponnes, bei Patras. Die Flugzeit betrug gerade einmal 1h 45min. Irgendwie unvorstellbar,\u00a0 dass wir in so kurzer Zeit dem schlechten Wetter entflohen sind und dann eine Woche lang bei 35 Grad in der Sonne lagen.<\/p>\n<p>Zum Thema <strong>Corona-Ma\u00dfnahmen<\/strong> gab es wieder einige Fragen auf die ich gleich vorab eingehen m\u00f6chte. Heuer galt, wie fast \u00fcberall, die <strong>3G-Regel<\/strong>. Sprich Getestet, Genesen oder Geimpft. Zus\u00e4tzlich ben\u00f6tigt man f\u00fcr die Einreise nach Griechenland ein Formular. Dieses muss man sp\u00e4testens 24h vor Abreise ausf\u00fcllen, damit man den QR-Code noch rechtzeitig vor der Einreise erh\u00e4lt. Bitte informiert euch vor Abreise online welche <strong>Einreisebestimmungen<\/strong> in eurer Wunschdestination gelten. Diese sind leider von Land zu Land unterschiedlich. Auf <a href=\"https:\/\/www.tui.at\/corona-lockerungen-reiseziele\/\" target=\"_blank\" rel=\"noopener noreferrer\">tui.at\/corona-lockerungen-reiseziele\/<\/a> findet ihr \u00fcbrigens auch Infos zu den Einreisebestimmungen vieler Destinationen. Diese werden auch regelm\u00e4\u00dfig upgedatet. Wirklich praktisch!<\/p>\n<p>Generell war die <strong>Abwicklung am Flughafen<\/strong> sehr <strong>unkompliziert.<\/strong> Sowohl das Boarding als auch die Kontrolle der Ma\u00dfnahmen gingen z\u00fcgig voran. Nachdem wir unsere Sitzpl\u00e4tze im Flieger eingenommen hatten, gab es f\u00fcr die Jungs kleine Autos und Malb\u00fccher und so verging die Zeit sprichw\u00f6rtlich &#8222;wie im Flug\u201c. Die kurze Flugzeit von nicht mal 2 Stunden macht Griechenland als Urlaubsdestination, f\u00fcr alle die mit Kleinkindern reisen, besonders interessant. Daher waren wir auch letztes Jahr bereits auf <a href=\"https:\/\/blog.tui.at\/kreta-travelling-2020\" target=\"_blank\" rel=\"noopener noreferrer\">Kreta<\/a> mit unseren beiden Lausern. Den Blogbeitrag dazu findet ihr \u00fcbrigens <a href=\"https:\/\/blog.tui.at\/kreta-travelling-2020\" target=\"_blank\" rel=\"noopener noreferrer\">hier<\/a>. Wie dem auch sei, knapp 2 Stunden kann man ohne Langeweile und Nervenzusammenbruch jedenfalls gut \u00fcberstehen. \ud83d\ude09<\/p>\n<p>Um die Reise zum Hotel so unkompliziert wie m\u00f6glich zu gestalten, haben wir uns f\u00fcr ein privates Shuttle entschieden. Dieses wurde von TUI organisiert und stand auch schon bereit, als wir am sp\u00e4ten Nachmittag am Flughafen in Peloponnes angekommen sind.<br \/>\nGegen 19:00 Uhr trafen wir dann im wundersch\u00f6nen Grecotel Mandola Rosa ein, genau zur <strong>Golden Hour <\/strong>&#8211; das Hotel zeigte sich direkt von seiner besten Seite. Ein Traum, sag&#8216; ich euch! Das Licht der Abendsonne str\u00f6mte durch die Lobby und wir wurden mit <strong>leckeren Cocktails<\/strong> empfangen. Bester Start in den Urlaub!<\/div><\/div><div class=\"legacy-row\"><div class=\"one-half\"><div class=\"legacy-fusion-text\"><img loading=\"lazy\" decoding=\"async\" class=\"alignnone size-medium wp-image-23062\" src=\"https:\/\/www.tui.at\/blog\/wp-content\/uploads\/2021\/08\/TUI_Grecotel_Anlage_abend.jpg\" alt=\"\" width=\"461\" height=\"615\" \/><\/div><\/div><div class=\"one-half\"><div class=\"legacy-fusion-text\"><img loading=\"lazy\" decoding=\"async\" class=\"alignnone size-medium wp-image-23064\" src=\"https:\/\/www.tui.at\/blog\/wp-content\/uploads\/2021\/08\/TUI_Grecotel_Anlage_9.jpg\" alt=\"\" width=\"461\" height=\"615\" \/><\/div><\/div><\/div><div class=\"legacy-row\"><div class=\"one-half\"><div class=\"legacy-fusion-text\"><img loading=\"lazy\" decoding=\"async\" class=\"alignnone size-medium wp-image-23063\" src=\"https:\/\/www.tui.at\/blog\/wp-content\/uploads\/2021\/08\/TUI_Grecotel_Anlage_Abend2.jpg\" alt=\"\" width=\"461\" height=\"615\" \/><\/div><\/div><div class=\"one-half\"><div class=\"legacy-fusion-text\"><img loading=\"lazy\" decoding=\"async\" class=\"alignnone size-medium wp-image-23061\" src=\"https:\/\/www.tui.at\/blog\/wp-content\/uploads\/2021\/08\/TUI_Grecotel_Anlage_10.jpg\" alt=\"\" width=\"461\" height=\"615\" \/><\/div><\/div><\/div><div class=\"legacy-fullwidth\"><div class=\"legacy-fusion-title\"><h2><strong>Unterkunft Peloponnes: Grecotel Mandola Rosa<\/strong><\/h2><\/div><div class=\"legacy-fusion-text\"><\/p>\n<p class=\"Text\">Die ersten 4 Tage \/ 5 N\u00e4chte durften wir in einer <strong>wundersch\u00f6nen Suite mit Garten<\/strong> verbringen. Genug Platz f\u00fcr uns vier. Die Jungs hatten ihren eigenen kleinen Bereich und ihr eigenes Bett. Ich lasse hier ganz einfach mal die Bilder f\u00fcr sich sprechen, anhand derer k\u00f6nnt ihr die liebevoll eingerichtete Suite des <a href=\"https:\/\/www.tui.at\/pauschalreisen\/suchen\/angebote\/Grecotel-Mandola-Rosa\/39519\/offer?startDate=2021-08-15&amp;endDate=2021-11-13&amp;showTotalPrice=0\" target=\"_blank\" rel=\"noopener noreferrer\">Grecotels Mandola Rosa<\/a> erkennen. Jeden Tag wurden wir mit k\u00f6stlichen Leckereien wie Obst oder s\u00fc\u00dfen Spezialit\u00e4ten \u00fcberrascht und so richtig verw\u00f6hnt.<\/p>\n<p class=\"Text\">Wir hatten die DINE PLUS HALBPENSION in der Fr\u00fchst\u00fcck und Abendessen sowie 2 Essen in einem ausgew\u00e4hlten Restaurant enthalten waren. Die Kinder hatten All Inclusive und konnten den ganzen Tag \u00fcber kostenlos essen. F\u00fcr uns war das vollkommen ausreichend und wenn uns nachmittags einmal der Hei\u00dfhunger gepackt hat, haben wir uns in einem der Restaurants etwas Leckeres geholt und am Strand gegessen.<\/p>\n<p><\/div><\/div><div class=\"legacy-row\"><div class=\"one-half\"><div class=\"legacy-fusion-text\"><img loading=\"lazy\" decoding=\"async\" class=\"alignnone size-medium wp-image-23067\" src=\"https:\/\/www.tui.at\/blog\/wp-content\/uploads\/2021\/08\/TUI_Grecotel_Suite_1.jpg\" alt=\"\" width=\"461\" height=\"615\" \/><\/div><\/div><div class=\"one-half\"><div class=\"legacy-fusion-text\"><img loading=\"lazy\" decoding=\"async\" class=\"alignnone size-medium wp-image-23066\" src=\"https:\/\/www.tui.at\/blog\/wp-content\/uploads\/2021\/08\/TUI_Grecotel_Suite_4.jpg\" alt=\"\" width=\"461\" height=\"615\" \/><\/div><\/div><\/div><div class=\"legacy-fullwidth\"><div class=\"legacy-fusion-title\"><h3>Restaurants im Grecotel Mandola Rosa<\/h3><\/div><div class=\"legacy-fusion-text\"><\/p>\n<p class=\"Text\">Die Anlage verf\u00fcgt \u00fcber <strong>mehrere wundersch\u00f6ne Restaurants<\/strong>. Wir waren an einem Abend im MANDOLA ROSA &#8211; CAP VOYAGE, welches sich in einer atemberaubenden Lage, auf der Spitze eines H\u00fcgels, in Strandgegend befindet.\u00a0 Ebenfalls besucht haben wir das LA RIVIERA &#8211; SEA DUNES. In dem griechischen \u00e0 la Carte Restaurant wird man w\u00e4hrend des <strong>Sonnenuntergangs<\/strong> mit dem <strong>Fang des Tages<\/strong> verk\u00f6stigt. Beide Male konnten wir bei <strong>romantischer Abendstimmung<\/strong> unser <strong>Gourmet Essen<\/strong> genie\u00dfen und dabei gedanklich unsere Hochzeit Revue passieren lassen. Auch das <strong>Fr\u00fchst\u00fcck<\/strong> l\u00e4sst keine W\u00fcnsche offen und ist allein schon wegen der <strong>Traumaussicht<\/strong> ein Hit. Unter Palmen, mit Blick auf&#8217;s Meer kann man hier herrlich in den Tag starten.<\/p>\n<p><\/div><\/div><div class=\"legacy-row\"><div class=\"one-half\"><div class=\"legacy-fusion-text\"><img loading=\"lazy\" decoding=\"async\" class=\"alignnone size-medium wp-image-23078\" src=\"https:\/\/www.tui.at\/blog\/wp-content\/uploads\/2021\/08\/TUI_Grecotel_Restaurant_8.jpg\" alt=\"\" width=\"461\" height=\"615\" \/><\/div><\/div><div class=\"one-half\"><div class=\"legacy-fusion-text\"><img loading=\"lazy\" decoding=\"async\" class=\"alignnone size-medium wp-image-23079\" src=\"https:\/\/www.tui.at\/blog\/wp-content\/uploads\/2021\/08\/TUI_Grecotel_Restaurant_10.jpg\" alt=\"\" width=\"461\" height=\"615\" \/><\/div><\/div><\/div><div class=\"legacy-row\"><div class=\"one-half\"><div class=\"legacy-fusion-text\"><img loading=\"lazy\" decoding=\"async\" class=\"alignnone size-medium wp-image-23076\" src=\"https:\/\/www.tui.at\/blog\/wp-content\/uploads\/2021\/08\/TUI_Grecotel_Restaurant_4.jpg\" alt=\"\" width=\"461\" height=\"615\" \/><\/div><\/div><div class=\"one-half\"><div class=\"legacy-fusion-text\"><img loading=\"lazy\" decoding=\"async\" class=\"alignnone size-medium wp-image-23075\" src=\"https:\/\/www.tui.at\/blog\/wp-content\/uploads\/2021\/08\/TUI_Grecotel_Restaurant_1.jpg\" alt=\"\" width=\"461\" height=\"615\" \/><\/div><\/div><\/div><div class=\"legacy-row\"><div class=\"one-half\"><div class=\"legacy-fusion-text\"><img loading=\"lazy\" decoding=\"async\" class=\"alignnone size-medium wp-image-23077\" src=\"https:\/\/www.tui.at\/blog\/wp-content\/uploads\/2021\/08\/TUI_Grecotel_Restaurant_7.jpg\" alt=\"\" width=\"461\" height=\"615\" \/><\/div><\/div><div class=\"one-half\"><div class=\"legacy-fusion-text\"><img loading=\"lazy\" decoding=\"async\" class=\"alignnone size-medium wp-image-23074\" src=\"https:\/\/www.tui.at\/blog\/wp-content\/uploads\/2021\/08\/TUI_Grecotel_Fruehstueck_1.jpg\" alt=\"\" width=\"461\" height=\"615\" \/><\/div><\/div><\/div><div class=\"legacy-fullwidth\"><div class=\"legacy-fusion-title\"><h3>Strand, Pool und Aqua Park<\/h3><\/div><div class=\"legacy-fusion-text\"><\/p>\n<p class=\"Text\">Nat\u00fcrlich muss bei einem Familien-Urlaub f\u00fcr jeden was dabei sein. So sehr Rene und ich uns \u00fcber einen fast <strong>menschenleeren Strand<\/strong> und <strong>Poollandschaften<\/strong> gefreut haben, haben sich die Jungs im <strong>Aqua Park<\/strong> ausgetobt. Der Aqua Park war so angelegt, dass sowohl Kleinkinder als auch Teenager und Erwachsene dort ihren Spa\u00df haben konnten. Das kam uns nat\u00fcrlich sehr gelegen.<\/p>\n<p><\/div><\/div><div class=\"legacy-row\"><div class=\"one-half\"><div class=\"legacy-fusion-text\"><img loading=\"lazy\" decoding=\"async\" class=\"alignnone size-medium wp-image-23082\" src=\"https:\/\/www.tui.at\/blog\/wp-content\/uploads\/2021\/08\/TUI_Grecotel_AquaPark_2.jpg\" alt=\"\" width=\"461\" height=\"615\" \/><\/div><\/div><div class=\"one-half\"><div class=\"legacy-fusion-text\"><img loading=\"lazy\" decoding=\"async\" class=\"alignnone size-medium wp-image-23083\" src=\"https:\/\/www.tui.at\/blog\/wp-content\/uploads\/2021\/08\/TUI_Grecotel_AquaPark_4.jpg\" alt=\"\" width=\"461\" height=\"615\" \/><\/div><\/div><\/div><div class=\"legacy-row\"><div class=\"one-half\"><div class=\"legacy-fusion-text\"><img loading=\"lazy\" decoding=\"async\" class=\"alignnone size-medium wp-image-23090\" src=\"https:\/\/www.tui.at\/blog\/wp-content\/uploads\/2021\/08\/TUI_Grecotel_Pool_1.jpg\" alt=\"\" width=\"461\" height=\"615\" \/><\/div><\/div><div class=\"one-half\"><div class=\"legacy-fusion-text\"><img loading=\"lazy\" decoding=\"async\" class=\"alignnone size-medium wp-image-23089\" src=\"https:\/\/www.tui.at\/blog\/wp-content\/uploads\/2021\/08\/TUI_Grecotel_Pool_3.jpg\" alt=\"\" width=\"461\" height=\"615\" \/><\/div><\/div><\/div><div class=\"legacy-fullwidth\"><div class=\"legacy-fusion-text\">Was ich aber zus\u00e4tzlich erw\u00e4hnen m\u00f6chte ist, dass sich der <strong>Strand<\/strong> hier ebenso <strong>f\u00fcr Kleinkinder eignet. <\/strong>Das Wasser ist sehr seicht und die Jungs konnten nach gesch\u00e4tzt 50 Metern immer noch stehen. Wenn man also genug von der Aqua Park Action hatte, konnte man den restlichen Badetag auch sehr gut am Meer verbringen. Zudem ist es ein gutes Gef\u00fchl, wenn man den Kindern das Meer n\u00e4her bringen kann. Alleine schon die Tatsache, dass es salzig ist, brachte sehr viel Spa\u00df. ?<\/div><\/div><div class=\"legacy-row\"><div class=\"one-half\"><div class=\"legacy-fusion-text\"><img loading=\"lazy\" decoding=\"async\" class=\"alignnone size-medium wp-image-23084\" src=\"https:\/\/www.tui.at\/blog\/wp-content\/uploads\/2021\/08\/TUI_Grecotel_Strand_7.jpg\" alt=\"\" width=\"461\" height=\"615\" \/><\/div><\/div><div class=\"one-half\"><div class=\"legacy-fusion-text\"><img loading=\"lazy\" decoding=\"async\" class=\"alignnone size-medium wp-image-23086\" src=\"https:\/\/www.tui.at\/blog\/wp-content\/uploads\/2021\/08\/TUI_Grecotel_Strand_11.jpg\" alt=\"\" width=\"461\" height=\"615\" \/><\/div><\/div><\/div><div class=\"legacy-row\"><div class=\"one-half\"><div class=\"legacy-fusion-text\"><img loading=\"lazy\" decoding=\"async\" class=\"alignnone size-medium wp-image-23105\" src=\"https:\/\/www.tui.at\/blog\/wp-content\/uploads\/2021\/08\/TUI_Grecotel_Strand_10.jpg\" alt=\"\" width=\"492\" height=\"615\" \/><\/div><\/div><div class=\"one-half\"><div class=\"legacy-fusion-text\"><img loading=\"lazy\" decoding=\"async\" class=\"alignnone size-medium wp-image-23087\" src=\"https:\/\/www.tui.at\/blog\/wp-content\/uploads\/2021\/08\/TUI_Grecotel_Strand_1.jpg\" alt=\"\" width=\"492\" height=\"615\" \/><\/div><\/div><\/div><div class=\"legacy-fullwidth\"><div class=\"legacy-fusion-title\"><h3>Urlaubsperfektion<\/h3><\/div><div class=\"legacy-fusion-text\"><\/p>\n<p class=\"Text\">Die bereits beschriebene Urlaubs-Perfektion wurde dann noch damit getoppt, dass tats\u00e4chlich eine <strong>Villa in der Hotelanlage<\/strong> frei wurde. Wir haben also zu allem Gl\u00fcck noch ein Upgrade bekommen. Die Villa verf\u00fcgte \u00fcber einen <strong>eigenen Pool<\/strong>, den wir und vor allem die Jungs in vollen Z\u00fcgen genossen haben. Nichts bereitet den beiden mehr Freude als im Wasser zu plantschen. Also haben wir diesen Luxus voll ausgekostet und sind meistens bereits vor dem Fr\u00fchst\u00fcck eine Runde schwimmen gegangen.<\/p>\n<p><\/div><\/div><div class=\"legacy-row\"><div class=\"one-half\"><div class=\"legacy-fusion-text\"><img loading=\"lazy\" decoding=\"async\" class=\"alignnone size-medium wp-image-23092\" src=\"https:\/\/www.tui.at\/blog\/wp-content\/uploads\/2021\/08\/TUI_Grecotel_Villa_1.jpg\" alt=\"\" width=\"461\" height=\"615\" \/><\/div><\/div><div class=\"one-half\"><div class=\"legacy-fusion-text\"><img loading=\"lazy\" decoding=\"async\" class=\"alignnone size-medium wp-image-23093\" src=\"https:\/\/www.tui.at\/blog\/wp-content\/uploads\/2021\/08\/TUI_Grecotel_Villa_3.jpg\" alt=\"\" width=\"461\" height=\"615\" \/><\/div><\/div><\/div><div class=\"legacy-fullwidth\"><div class=\"legacy-fusion-title\"><h2><strong>Luxus, Kids und Corona-Ma\u00dfnahmen<\/strong><\/h2><\/div><div class=\"legacy-fusion-text\">Wie bei allen Reisen mit TUI durften wir auch in <a href=\"https:\/\/www.tui.at\/pauschalreisen\/griechenland\/\" target=\"_blank\" rel=\"noopener noreferrer\">Griechenland<\/a> (Peloponnes) eine unvergessliche Zeit verbringen. Auf den ersten Blick waren wir uns nicht sicher ob das mit den Jungs hier funktionieren kann, da das <strong>Hotel<\/strong> absolut auf <strong>Luxus<\/strong> ausgelegt ist. Jedoch durften wir rasch feststellen, dass das eine das andere nicht ausschlie\u00dft. Wir haben fast ausschlie\u00dflich <strong>Familien<\/strong> angetroffen und das Personal war wirklich gro\u00dfartig. Auch wenn am Fr\u00fchst\u00fcckstisch mit den Kleinen mal nicht alles reibungslos funktioniert hat, stie\u00df man auf absolutes Verst\u00e4ndnis und Entgegenkommen.<\/p>\n<p>In Summe wissen wir den Luxus von Urlaub, in Zeiten wie diesen, noch mehr zu sch\u00e4tzen. Zumal man wirklich sp\u00fcrt, wie froh die Menschen in den Urlaubsdestinationen sind, den Betrieb wieder aufzunehmen. Keine der notwendigen <strong>Corona-Ma\u00dfnahmen<\/strong> wurde vernachl\u00e4ssigt. Das gesamte Personal trug Masken, am Buffet wurden Handschuhe getragen, Abst\u00e4nde eingehalten und nat\u00fcrlich war die komplette Hotelanlage perfektionistisch sauber.<\/p>\n<p>Ich habe hier sehr stark reflektiert was es f\u00fcr die Mensch in <a href=\"https:\/\/blog.tui.at\/westpeloponnes-das-antike-hellas\/\" target=\"_blank\" rel=\"noopener noreferrer\">Peloponnes<\/a> hei\u00dfen muss, ohne Touristen auszukommen. Wir haben uns also sehr bem\u00fcht, es dem Personal so leicht wie m\u00f6glich zu machen und einfach gute G\u00e4ste zu sein. Schnell sp\u00fcrt man, was man damit bewirken kann. Alle sind uns immer freundlich begegnet, sodass wir wirklich <strong>perfekte Flitterwochen<\/strong> verbringen konnten.<\/div><\/div><div class=\"legacy-row\"><div class=\"one-half\"><div class=\"legacy-fusion-text\"><img loading=\"lazy\" decoding=\"async\" class=\"alignnone size-medium wp-image-23095\" src=\"https:\/\/www.tui.at\/blog\/wp-content\/uploads\/2021\/08\/TUI_Grecotel_Anlage_7.jpg\" alt=\"\" width=\"461\" height=\"615\" \/><\/div><\/div><div class=\"one-half\"><div class=\"legacy-fusion-text\"><img loading=\"lazy\" decoding=\"async\" class=\"alignnone size-medium wp-image-23096\" src=\"https:\/\/www.tui.at\/blog\/wp-content\/uploads\/2021\/08\/TUI_Grecotel_Anlage_6.jpg\" alt=\"\" width=\"461\" height=\"615\" \/><\/div><\/div><\/div><div class=\"legacy-fullwidth\"><div class=\"legacy-fusion-title\"><h3><strong>Peloponnes Res\u00fcmee<\/strong><\/h3><\/div><div class=\"legacy-fusion-text\">Zu <a href=\"https:\/\/blog.tui.at\/westpeloponnes-das-antike-hellas\/\" target=\"_blank\" rel=\"noopener noreferrer\">Peloponnes<\/a> kann ich euch nur raten etwas mehr Zeit f\u00fcr euren Urlaub einzuplanen. Wir wollten dieses Mal wirklich Energie tanken und haben die Hotelanlage nicht verlassen, obwohl es viele sch\u00f6ne Dinge zu entdecken gegeben h\u00e4tte. Jedoch sind Ausfl\u00fcge mit zwei kleinen Jungs meistens wenig erholsam. F\u00fcr uns war es wirklich an der Zeit die Kraftreserven wieder aufzuf\u00fcllen, da wir wussten, dass uns zu Hause ein Umzug erwartet. Ihr k\u00f6nnt euch also vorstellen, dass wir mit etwas Wehmut nach Hause geflogen sind. Der Urlaub war, wie so oft, viel zu schnell vorbei.<\/p>\n<p>Wenn ich diesen Urlaub Revue passieren lasse werde ich fast nostalgisch. Der 2 km lange Sandstrand, an dem wir teilweise fast alleine waren, sowie die Poollandschaften mit weitem Blick aufs offene Meer werden uns wohl noch lange in Erinnerung bleiben. Zudem liegt das Hotel leicht erh\u00f6ht und wir kamen jeden Tag in den Genuss eines perfekten Sonnenuntergangs. F\u00fcr die Jungs waren r\u00fcckblickend sicher die vielen Rutschen im Aqua Park das gr\u00f6\u00dfte Highlight ? .<\/p>\n<p>Ich hab&#8216; euch hier nochmal unser wundersch\u00f6nes Hotel verlinkt (100% Weiterempfehlung bei Holiday Check): <a href=\"https:\/\/www.tui.at\/pauschalreisen\/suchen\/angebote\/Grecotel-Mandola-Rosa\/39519\/offer\" target=\"_blank\" rel=\"noopener noreferrer\">Grecotel Mandola Rosa*****<\/a><\/p>\n<p><strong>Infos<\/strong> und <strong>Hotelangebote<\/strong> f\u00fcr euren perfekten Griechenland-Urlaub, egal ob Festland oder Inseln, findet ihr auf\u00a0 <a href=\"https:\/\/www.tui.at\/pauschalreisen\/griechenland\/\" target=\"_blank\" rel=\"noopener noreferrer\">tui.at\/pauschalreisen\/griechenland\/<\/a><\/p>\n<p>Alles Liebe,<\/p>\n<p>Carina<\/div><\/div><\/p>\n","protected":false},"excerpt":{"rendered":"<p>Am 13. Juli 2021 war es soweit, nur 3 Tage nach unserer Hochzeit ging es f\u00fcr uns mit TUI nach Griechenland, genauer gesagt nach Peloponnes. Dort durften wir einen wundersch\u00f6nen Familienurlaub verbringen. Einfach mal relaxen. Unsere Eindr\u00fccke und jede Menge Fotos findet ihr in diesem Blogbeitrag.<\/p>\n","protected":false},"author":224,"featured_media":488672,"comment_status":"open","ping_status":"closed","sticky":false,"template":"","format":"standard","meta":{"_acf_changed":false,"footnotes":""},"categories":[5147],"tags":[5055,4960,5056,4851,4892,4859,4895,4978,4926,4849,4879],"class_list":["post-488671","post","type-post","status-publish","format-standard","has-post-thumbnail","hentry","category-archiv-familienurlaub","tag-familienhotel","tag-familienurlaub","tag-grecotel","tag-griechenland","tag-insidertipps","tag-peloponnes","tag-reisen","tag-reisetipps","tag-tipps","tag-tui","tag-urlaub"],"acf":[],"yoast_head":"<!-- This site is optimized with the Yoast SEO plugin v27.4 - https:\/\/yoast.com\/product\/yoast-seo-wordpress\/ -->\n<title>Traumhafter Familienurlaub auf Peloponnes - TUI.at Reiseblog<\/title>\n<meta name=\"description\" content=\"Mama-Bloggerin Carina Pranz war mit TUI auf der Peloponnes im Grecotel Mandola Rosa. Im Blogbeitrag gibt&#039;s ihre Eindr\u00fccke und ganz viele tolle Fotos.\" \/>\n<meta name=\"robots\" content=\"index, follow, max-snippet:-1, max-image-preview:large, max-video-preview:-1\" \/>\n<link rel=\"canonical\" href=\"https:\/\/www.tui.at\/blog\/familienurlaubpeloponnes\/\" \/>\n<meta property=\"og:locale\" content=\"de_DE\" \/>\n<meta property=\"og:type\" content=\"article\" \/>\n<meta property=\"og:title\" content=\"Traumhafter Familienurlaub auf Peloponnes - TUI.at Reiseblog\" \/>\n<meta property=\"og:description\" content=\"Mama-Bloggerin Carina Pranz war mit TUI auf der Peloponnes im Grecotel Mandola Rosa. Im Blogbeitrag gibt&#039;s ihre Eindr\u00fccke und ganz viele tolle Fotos.\" \/>\n<meta property=\"og:url\" content=\"https:\/\/www.tui.at\/blog\/familienurlaubpeloponnes\/\" \/>\n<meta property=\"og:site_name\" content=\"TUI.at Reiseblog\" \/>\n<meta property=\"article:published_time\" content=\"2021-08-18T05:07:02+00:00\" \/>\n<meta property=\"article:modified_time\" content=\"2025-10-24T09:39:31+00:00\" \/>\n<meta property=\"og:image\" content=\"https:\/\/www.tui.at\/blog\/wp-content\/uploads\/2021\/08\/Titelbild-Peloponnes-Carina.jpg\" \/>\n\t<meta property=\"og:image:width\" content=\"1600\" \/>\n\t<meta property=\"og:image:height\" content=\"1069\" \/>\n\t<meta property=\"og:image:type\" content=\"image\/jpeg\" \/>\n<meta name=\"author\" content=\"Carina Pranz\" \/>\n<meta name=\"twitter:card\" content=\"summary_large_image\" \/>\n<meta name=\"twitter:label1\" content=\"Verfasst von\" \/>\n\t<meta name=\"twitter:data1\" content=\"Carina Pranz\" \/>\n\t<meta name=\"twitter:label2\" content=\"Gesch\u00e4tzte Lesezeit\" \/>\n\t<meta name=\"twitter:data2\" content=\"15\u00a0Minuten\" \/>\n<script type=\"application\/ld+json\" class=\"yoast-schema-graph\">{\"@context\":\"https:\\\/\\\/schema.org\",\"@graph\":[{\"@type\":\"BlogPosting\",\"@id\":\"https:\\\/\\\/www.tui.at\\\/blog\\\/familienurlaubpeloponnes\\\/#article\",\"isPartOf\":{\"@id\":\"https:\\\/\\\/www.tui.at\\\/blog\\\/familienurlaubpeloponnes\\\/\"},\"author\":{\"name\":\"Carina Pranz\",\"@id\":\"https:\\\/\\\/www.tui.at\\\/blog\\\/#\\\/schema\\\/person\\\/1e97ee0ed6542ec3218f14a201e6e698\"},\"headline\":\"Traumhafter Familienurlaub auf Peloponnes\",\"datePublished\":\"2021-08-18T05:07:02+00:00\",\"dateModified\":\"2025-10-24T09:39:31+00:00\",\"mainEntityOfPage\":{\"@id\":\"https:\\\/\\\/www.tui.at\\\/blog\\\/familienurlaubpeloponnes\\\/\"},\"wordCount\":2906,\"commentCount\":0,\"publisher\":{\"@id\":\"https:\\\/\\\/www.tui.at\\\/blog\\\/#organization\"},\"image\":{\"@id\":\"https:\\\/\\\/www.tui.at\\\/blog\\\/familienurlaubpeloponnes\\\/#primaryimage\"},\"thumbnailUrl\":\"https:\\\/\\\/www.tui.at\\\/blog\\\/wp-content\\\/uploads\\\/2021\\\/08\\\/Titelbild-Peloponnes-Carina.jpg\",\"keywords\":[\"Familienhotel\",\"Familienurlaub\",\"Grecotel\",\"Griechenland\",\"Insidertipps\",\"Peloponnes\",\"Reisen\",\"Reisetipps\",\"Tipps\",\"TUI\",\"Urlaub\"],\"articleSection\":[\"Familienurlaub\"],\"inLanguage\":\"de\",\"potentialAction\":[{\"@type\":\"CommentAction\",\"name\":\"Comment\",\"target\":[\"https:\\\/\\\/www.tui.at\\\/blog\\\/familienurlaubpeloponnes\\\/#respond\"]}]},{\"@type\":\"WebPage\",\"@id\":\"https:\\\/\\\/www.tui.at\\\/blog\\\/familienurlaubpeloponnes\\\/\",\"url\":\"https:\\\/\\\/www.tui.at\\\/blog\\\/familienurlaubpeloponnes\\\/\",\"name\":\"Traumhafter Familienurlaub auf Peloponnes - TUI.at Reiseblog\",\"isPartOf\":{\"@id\":\"https:\\\/\\\/www.tui.at\\\/blog\\\/#website\"},\"primaryImageOfPage\":{\"@id\":\"https:\\\/\\\/www.tui.at\\\/blog\\\/familienurlaubpeloponnes\\\/#primaryimage\"},\"image\":{\"@id\":\"https:\\\/\\\/www.tui.at\\\/blog\\\/familienurlaubpeloponnes\\\/#primaryimage\"},\"thumbnailUrl\":\"https:\\\/\\\/www.tui.at\\\/blog\\\/wp-content\\\/uploads\\\/2021\\\/08\\\/Titelbild-Peloponnes-Carina.jpg\",\"datePublished\":\"2021-08-18T05:07:02+00:00\",\"dateModified\":\"2025-10-24T09:39:31+00:00\",\"description\":\"Mama-Bloggerin Carina Pranz war mit TUI auf der Peloponnes im Grecotel Mandola Rosa. Im Blogbeitrag gibt's ihre Eindr\u00fccke und ganz viele tolle Fotos.\",\"breadcrumb\":{\"@id\":\"https:\\\/\\\/www.tui.at\\\/blog\\\/familienurlaubpeloponnes\\\/#breadcrumb\"},\"inLanguage\":\"de\",\"potentialAction\":[{\"@type\":\"ReadAction\",\"target\":[\"https:\\\/\\\/www.tui.at\\\/blog\\\/familienurlaubpeloponnes\\\/\"]}]},{\"@type\":\"ImageObject\",\"inLanguage\":\"de\",\"@id\":\"https:\\\/\\\/www.tui.at\\\/blog\\\/familienurlaubpeloponnes\\\/#primaryimage\",\"url\":\"https:\\\/\\\/www.tui.at\\\/blog\\\/wp-content\\\/uploads\\\/2021\\\/08\\\/Titelbild-Peloponnes-Carina.jpg\",\"contentUrl\":\"https:\\\/\\\/www.tui.at\\\/blog\\\/wp-content\\\/uploads\\\/2021\\\/08\\\/Titelbild-Peloponnes-Carina.jpg\",\"width\":1600,\"height\":1069},{\"@type\":\"BreadcrumbList\",\"@id\":\"https:\\\/\\\/www.tui.at\\\/blog\\\/familienurlaubpeloponnes\\\/#breadcrumb\",\"itemListElement\":[{\"@type\":\"ListItem\",\"position\":1,\"name\":\"Startseite\",\"item\":\"https:\\\/\\\/www.tui.at\\\/blog\\\/\"},{\"@type\":\"ListItem\",\"position\":2,\"name\":\"Traumhafter Familienurlaub auf Peloponnes\"}]},{\"@type\":\"WebSite\",\"@id\":\"https:\\\/\\\/www.tui.at\\\/blog\\\/#website\",\"url\":\"https:\\\/\\\/www.tui.at\\\/blog\\\/\",\"name\":\"TUI.at Reiseblog\",\"description\":\"Inspirationen f\u00fcr den perfekten Urlaub\",\"publisher\":{\"@id\":\"https:\\\/\\\/www.tui.at\\\/blog\\\/#organization\"},\"potentialAction\":[{\"@type\":\"SearchAction\",\"target\":{\"@type\":\"EntryPoint\",\"urlTemplate\":\"https:\\\/\\\/www.tui.at\\\/blog\\\/?s={search_term_string}\"},\"query-input\":{\"@type\":\"PropertyValueSpecification\",\"valueRequired\":true,\"valueName\":\"search_term_string\"}}],\"inLanguage\":\"de\"},{\"@type\":\"Organization\",\"@id\":\"https:\\\/\\\/www.tui.at\\\/blog\\\/#organization\",\"name\":\"TUI.at Reiseblog\",\"url\":\"https:\\\/\\\/www.tui.at\\\/blog\\\/\",\"logo\":{\"@type\":\"ImageObject\",\"inLanguage\":\"de\",\"@id\":\"https:\\\/\\\/www.tui.at\\\/blog\\\/#\\\/schema\\\/logo\\\/image\\\/\",\"url\":\"https:\\\/\\\/www.tui.at\\\/blog\\\/wp-content\\\/uploads\\\/2025\\\/09\\\/cropped-tui-logo-3.webp\",\"contentUrl\":\"https:\\\/\\\/www.tui.at\\\/blog\\\/wp-content\\\/uploads\\\/2025\\\/09\\\/cropped-tui-logo-3.webp\",\"width\":164,\"height\":72,\"caption\":\"TUI.at Reiseblog\"},\"image\":{\"@id\":\"https:\\\/\\\/www.tui.at\\\/blog\\\/#\\\/schema\\\/logo\\\/image\\\/\"}},{\"@type\":\"Person\",\"@id\":\"https:\\\/\\\/www.tui.at\\\/blog\\\/#\\\/schema\\\/person\\\/1e97ee0ed6542ec3218f14a201e6e698\",\"name\":\"Carina Pranz\",\"description\":\"Carina hat ihren Blog carinaandtheboys.at auf Grund ihrer Vorliebe f\u00fcr Mode, Lifestyle und Beauty gestartet. Mittlerweile ist Carina mehrfache Mutter und hat die Themenwelten auf ihrem Blog entsprechend angepasst. An ihrem Stilbewusstsein hat sich auch im Familienalltag nichts ge\u00e4ndert. Im Gegenteil, sie findet, es sollte allen M\u00fcttern ein Anliegen sein, selbstbewusst durchs Leben zu gehen und genau das ist nun das Bestreben das Carina auf ihrem Blog verfolgt. Daher greift Carina nun auch gerne das Thema Reisen auf, denn Erholung und Entspannung sind ebenfalls wesentlicher Bestandteil sich in der eigenen Haut wohl zu f\u00fchlen.\",\"sameAs\":[\"https:\\\/\\\/www.carinaandtheboys.at\\\/\"],\"url\":\"https:\\\/\\\/www.tui.at\\\/blog\\\/author\\\/carina-koeberl\\\/\"}]}<\/script>\n<!-- \/ Yoast SEO plugin. -->","yoast_head_json":{"title":"Traumhafter Familienurlaub auf Peloponnes - TUI.at Reiseblog","description":"Mama-Bloggerin Carina Pranz war mit TUI auf der Peloponnes im Grecotel Mandola Rosa. Im Blogbeitrag gibt's ihre Eindr\u00fccke und ganz viele tolle Fotos.","robots":{"index":"index","follow":"follow","max-snippet":"max-snippet:-1","max-image-preview":"max-image-preview:large","max-video-preview":"max-video-preview:-1"},"canonical":"https:\/\/www.tui.at\/blog\/familienurlaubpeloponnes\/","og_locale":"de_DE","og_type":"article","og_title":"Traumhafter Familienurlaub auf Peloponnes - TUI.at Reiseblog","og_description":"Mama-Bloggerin Carina Pranz war mit TUI auf der Peloponnes im Grecotel Mandola Rosa. Im Blogbeitrag gibt's ihre Eindr\u00fccke und ganz viele tolle Fotos.","og_url":"https:\/\/www.tui.at\/blog\/familienurlaubpeloponnes\/","og_site_name":"TUI.at Reiseblog","article_published_time":"2021-08-18T05:07:02+00:00","article_modified_time":"2025-10-24T09:39:31+00:00","og_image":[{"width":1600,"height":1069,"url":"https:\/\/www.tui.at\/blog\/wp-content\/uploads\/2021\/08\/Titelbild-Peloponnes-Carina.jpg","type":"image\/jpeg"}],"author":"Carina Pranz","twitter_card":"summary_large_image","twitter_misc":{"Verfasst von":"Carina Pranz","Gesch\u00e4tzte Lesezeit":"15\u00a0Minuten"},"schema":{"@context":"https:\/\/schema.org","@graph":[{"@type":"BlogPosting","@id":"https:\/\/www.tui.at\/blog\/familienurlaubpeloponnes\/#article","isPartOf":{"@id":"https:\/\/www.tui.at\/blog\/familienurlaubpeloponnes\/"},"author":{"name":"Carina Pranz","@id":"https:\/\/www.tui.at\/blog\/#\/schema\/person\/1e97ee0ed6542ec3218f14a201e6e698"},"headline":"Traumhafter Familienurlaub auf Peloponnes","datePublished":"2021-08-18T05:07:02+00:00","dateModified":"2025-10-24T09:39:31+00:00","mainEntityOfPage":{"@id":"https:\/\/www.tui.at\/blog\/familienurlaubpeloponnes\/"},"wordCount":2906,"commentCount":0,"publisher":{"@id":"https:\/\/www.tui.at\/blog\/#organization"},"image":{"@id":"https:\/\/www.tui.at\/blog\/familienurlaubpeloponnes\/#primaryimage"},"thumbnailUrl":"https:\/\/www.tui.at\/blog\/wp-content\/uploads\/2021\/08\/Titelbild-Peloponnes-Carina.jpg","keywords":["Familienhotel","Familienurlaub","Grecotel","Griechenland","Insidertipps","Peloponnes","Reisen","Reisetipps","Tipps","TUI","Urlaub"],"articleSection":["Familienurlaub"],"inLanguage":"de","potentialAction":[{"@type":"CommentAction","name":"Comment","target":["https:\/\/www.tui.at\/blog\/familienurlaubpeloponnes\/#respond"]}]},{"@type":"WebPage","@id":"https:\/\/www.tui.at\/blog\/familienurlaubpeloponnes\/","url":"https:\/\/www.tui.at\/blog\/familienurlaubpeloponnes\/","name":"Traumhafter Familienurlaub auf Peloponnes - TUI.at Reiseblog","isPartOf":{"@id":"https:\/\/www.tui.at\/blog\/#website"},"primaryImageOfPage":{"@id":"https:\/\/www.tui.at\/blog\/familienurlaubpeloponnes\/#primaryimage"},"image":{"@id":"https:\/\/www.tui.at\/blog\/familienurlaubpeloponnes\/#primaryimage"},"thumbnailUrl":"https:\/\/www.tui.at\/blog\/wp-content\/uploads\/2021\/08\/Titelbild-Peloponnes-Carina.jpg","datePublished":"2021-08-18T05:07:02+00:00","dateModified":"2025-10-24T09:39:31+00:00","description":"Mama-Bloggerin Carina Pranz war mit TUI auf der Peloponnes im Grecotel Mandola Rosa. Im Blogbeitrag gibt's ihre Eindr\u00fccke und ganz viele tolle Fotos.","breadcrumb":{"@id":"https:\/\/www.tui.at\/blog\/familienurlaubpeloponnes\/#breadcrumb"},"inLanguage":"de","potentialAction":[{"@type":"ReadAction","target":["https:\/\/www.tui.at\/blog\/familienurlaubpeloponnes\/"]}]},{"@type":"ImageObject","inLanguage":"de","@id":"https:\/\/www.tui.at\/blog\/familienurlaubpeloponnes\/#primaryimage","url":"https:\/\/www.tui.at\/blog\/wp-content\/uploads\/2021\/08\/Titelbild-Peloponnes-Carina.jpg","contentUrl":"https:\/\/www.tui.at\/blog\/wp-content\/uploads\/2021\/08\/Titelbild-Peloponnes-Carina.jpg","width":1600,"height":1069},{"@type":"BreadcrumbList","@id":"https:\/\/www.tui.at\/blog\/familienurlaubpeloponnes\/#breadcrumb","itemListElement":[{"@type":"ListItem","position":1,"name":"Startseite","item":"https:\/\/www.tui.at\/blog\/"},{"@type":"ListItem","position":2,"name":"Traumhafter Familienurlaub auf Peloponnes"}]},{"@type":"WebSite","@id":"https:\/\/www.tui.at\/blog\/#website","url":"https:\/\/www.tui.at\/blog\/","name":"TUI.at Reiseblog","description":"Inspirationen f\u00fcr den perfekten Urlaub","publisher":{"@id":"https:\/\/www.tui.at\/blog\/#organization"},"potentialAction":[{"@type":"SearchAction","target":{"@type":"EntryPoint","urlTemplate":"https:\/\/www.tui.at\/blog\/?s={search_term_string}"},"query-input":{"@type":"PropertyValueSpecification","valueRequired":true,"valueName":"search_term_string"}}],"inLanguage":"de"},{"@type":"Organization","@id":"https:\/\/www.tui.at\/blog\/#organization","name":"TUI.at Reiseblog","url":"https:\/\/www.tui.at\/blog\/","logo":{"@type":"ImageObject","inLanguage":"de","@id":"https:\/\/www.tui.at\/blog\/#\/schema\/logo\/image\/","url":"https:\/\/www.tui.at\/blog\/wp-content\/uploads\/2025\/09\/cropped-tui-logo-3.webp","contentUrl":"https:\/\/www.tui.at\/blog\/wp-content\/uploads\/2025\/09\/cropped-tui-logo-3.webp","width":164,"height":72,"caption":"TUI.at Reiseblog"},"image":{"@id":"https:\/\/www.tui.at\/blog\/#\/schema\/logo\/image\/"}},{"@type":"Person","@id":"https:\/\/www.tui.at\/blog\/#\/schema\/person\/1e97ee0ed6542ec3218f14a201e6e698","name":"Carina Pranz","description":"Carina hat ihren Blog carinaandtheboys.at auf Grund ihrer Vorliebe f\u00fcr Mode, Lifestyle und Beauty gestartet. Mittlerweile ist Carina mehrfache Mutter und hat die Themenwelten auf ihrem Blog entsprechend angepasst. An ihrem Stilbewusstsein hat sich auch im Familienalltag nichts ge\u00e4ndert. Im Gegenteil, sie findet, es sollte allen M\u00fcttern ein Anliegen sein, selbstbewusst durchs Leben zu gehen und genau das ist nun das Bestreben das Carina auf ihrem Blog verfolgt. Daher greift Carina nun auch gerne das Thema Reisen auf, denn Erholung und Entspannung sind ebenfalls wesentlicher Bestandteil sich in der eigenen Haut wohl zu f\u00fchlen.","sameAs":["https:\/\/www.carinaandtheboys.at\/"],"url":"https:\/\/www.tui.at\/blog\/author\/carina-koeberl\/"}]}},"_links":{"self":[{"href":"https:\/\/www.tui.at\/blog\/wp-json\/wp\/v2\/posts\/488671","targetHints":{"allow":["GET"]}}],"collection":[{"href":"https:\/\/www.tui.at\/blog\/wp-json\/wp\/v2\/posts"}],"about":[{"href":"https:\/\/www.tui.at\/blog\/wp-json\/wp\/v2\/types\/post"}],"author":[{"embeddable":true,"href":"https:\/\/www.tui.at\/blog\/wp-json\/wp\/v2\/users\/224"}],"replies":[{"embeddable":true,"href":"https:\/\/www.tui.at\/blog\/wp-json\/wp\/v2\/comments?post=488671"}],"version-history":[{"count":1,"href":"https:\/\/www.tui.at\/blog\/wp-json\/wp\/v2\/posts\/488671\/revisions"}],"predecessor-version":[{"id":490290,"href":"https:\/\/www.tui.at\/blog\/wp-json\/wp\/v2\/posts\/488671\/revisions\/490290"}],"wp:featuredmedia":[{"embeddable":true,"href":"https:\/\/www.tui.at\/blog\/wp-json\/wp\/v2\/media\/488672"}],"wp:attachment":[{"href":"https:\/\/www.tui.at\/blog\/wp-json\/wp\/v2\/media?parent=488671"}],"wp:term":[{"taxonomy":"category","embeddable":true,"href":"https:\/\/www.tui.at\/blog\/wp-json\/wp\/v2\/categories?post=488671"},{"taxonomy":"post_tag","embeddable":true,"href":"https:\/\/www.tui.at\/blog\/wp-json\/wp\/v2\/tags?post=488671"}],"curies":[{"name":"wp","href":"https:\/\/api.w.org\/{rel}","templated":true}]}}