{"id":488644,"date":"2021-08-05T12:56:11","date_gmt":"2021-08-05T10:56:11","guid":{"rendered":"https:\/\/www.tui.at\/blog\/karibikfeeling-auf-zypern\/"},"modified":"2025-10-28T11:14:40","modified_gmt":"2025-10-28T10:14:40","slug":"karibikfeelingaufzypern","status":"publish","type":"post","link":"https:\/\/www.tui.at\/blog\/karibikfeelingaufzypern\/","title":{"rendered":"Karibikfeeling auf Zypern"},"content":{"rendered":"<div class=\"legacy-fullwidth\"><div class=\"legacy-fusion-text\"><\/p>\n<p class=\"Text\"><strong>T\u00fcrkises<\/strong>, <strong>kristallklares Wasser<\/strong>, atemberaubende Sonnenunterg\u00e4nge, umwerfende Landschaften und <strong>lagunenartige Buchten<\/strong> &#8211; <a href=\"https:\/\/blog.tui.at\/zypern-die-paradiesische-insel-der-aphrodite\/\" target=\"_blank\" rel=\"noopener noreferrer\">Zypern<\/a> ist wirklich eine traumhafte Insel!<\/p>\n<p class=\"Text\">Karibikfeeling pur eben! <a href=\"https:\/\/www.tui.at\/pauschalreisen\/suchen\/hotels\/Zypern\/1043\/list?startDate=2021-08-04&amp;endDate=2021-08-31&amp;duration=7-&amp;adults=2&amp;operators=ATID;TUID&amp;sortHotelsField=ratings&amp;language=de&amp;contentid=26_r_1_PFO10201_20210716\" target=\"_blank\" rel=\"noopener noreferrer\">Zypern<\/a> stand schlie\u00dflich nicht ohne Grund schon lange auf meiner <strong>Bucket-List<\/strong>. Nun durfte ich endlich gemeinsam mit TUI diese wundersch\u00f6ne Insel bereisen. Meine <strong>Eindr\u00fccke<\/strong>, <strong>Erlebnisse<\/strong> und jede Menge <strong>Tipps<\/strong> hab ich in diesem Beitrag f\u00fcr euch festgehalten. Here we go &#8230;<\/p>\n<p><\/div><\/div>\n\n\n<div class=\"legacy-fullwidth\"><div class=\"legacy-fusion-title\"><h2><strong>Anreise von Wien nach Zypern<\/strong><\/h2><\/div><div class=\"legacy-fusion-text\"><\/p>\n<p class=\"Text\">Geflogen sind wir mit Austrian Airlines von Wien nach Larnaka, wo sich der gr\u00f6\u00dfte Flughafen Zyperns befindet. Larnaka liegt an der s\u00fcdlichen K\u00fcste Zyperns. Per von TUI organisiertem Privattransfer ging es quer \u00fcber die Insel nach <strong>Paphos<\/strong> (unser Fahrer war ein Traum und hat uns so Vieles \u00fcber Zypern erz\u00e4hlt). Nach knapp 1,5 h Fahrt sind wir schlie\u00dflich in unserem Hotel angekommen. Der Urlaub konnte beginnen!<\/p>\n<p class=\"Text\"><strong>Tipp:<\/strong> Die Fahrt mit \u00f6ffentlichen Verkehrsmitteln (Busse etc.) gestaltet sich in Zypern etwas schwieriger. Deshalb bucht unbedingt schon im Voraus einen Transfer zu eurer Unterkunft. TUI \u00fcbernimmt dies auch gerne f\u00fcr euch im Vornherein bzw. ist der Transfer zum Hotel bei einer Pauschalreise inkludiert.<\/p>\n<p><\/div><\/div>\n\n\n<div class=\"legacy-fullwidth\"><div class=\"legacy-fusion-title\"><h2><strong>Unterkunft auf Zypern: Das Constantinou Bros Asiminas Hotel<\/strong><\/h2><\/div><div class=\"legacy-fusion-text\"><\/p>\n<p class=\"Text\">Wir durften 4 Tage im wundersch\u00f6nen, <strong>luxuri\u00f6sen<\/strong> 5 Sterne <strong>Constantinou Bros Asiminas Hotel<\/strong> verbringen. Schon beim Einchecken wurden wir herzlichst vom Personal mit einem Welcome Drink begr\u00fc\u00dft. Wir haben uns von Anfang an sofort sehr wohl gef\u00fchlt.<\/p>\n<p class=\"Text\"><strong>Tipp:<\/strong> Im Hotel gilt &#8222;adult focused&#8220;, sodass man hier wirklich zur Ruhe kommen kann.<\/p>\n<p class=\"Text\">Die Anlage ist riesig, sehr sauber und liegt an einem wundersch\u00f6nen <strong>Sandstrand<\/strong>. Hier fehlt es an nichts: zwei erfrischende <strong>Outdoor Pools<\/strong>, wundersch\u00f6ne Liegebereiche mit Holzliegen in einem <strong>Garten voller Palmen, Blumen und Str\u00e4uchern<\/strong>, Wooden Cabins am Strand inkl. Liegen &amp; St\u00fchlen, ein Hotel <strong>Spa<\/strong> mit <strong>Indoor Pool<\/strong> &amp; <strong>Gym<\/strong>, freies WLAN in allen Zimmern als auch in allen freien und \u00f6ffentlichen Bereichen. Alle hier sind super freundlich, gut gelaunt und stets hilfsbereit.<\/p>\n<p class=\"Text\"><b>Restaurants<\/b><\/p>\n<p class=\"Text\">Von einem bunten und <strong>frischen Fr\u00fchst\u00fccksbuffet<\/strong>, mit allem was das s\u00fc\u00dfe als auch herzhafte Fr\u00fchst\u00fccker-Herz so begehrt, \u00fcber eine <strong>exzellente Speisekarte<\/strong> mittags sowie abends, wurden wir w\u00e4hrend unseres gesamten Aufenthalts im <a href=\"https:\/\/www.tui.at\/pauschalreisen\/suchen\/angebote\/Constantinou-Bros-Asimina-Suites-Hotel\/5147\/hotelDescription?startDate=2021-08-04&amp;endDate=2021-08-31&amp;duration=7-&amp;operators=ATID;TUID&amp;sortOffersField=campaignOffers&amp;campaigns=LM50;ZNG&amp;language=de&amp;contentid=26_r_1_PFO10201_20210716\" target=\"_blank\" rel=\"noopener noreferrer\">Constantinou Bros Asiminas Hotel<\/a> kulinarisch mehr als verw\u00f6hnt. Das <strong>Essen<\/strong> war wirklich <strong>hervorragend<\/strong> gut und hat seine 5 Sterne mehr als verdient. Auch die <strong>vegetarische K\u00fcche<\/strong> ist top. Es gab eine sehr gro\u00dfe Auswahl &#8211; und auf \u201aExtraw\u00fcnsche\u2018 ist das Personal jederzeit gerne eingegangen.<\/p>\n<p><\/div><\/div>\n\n\n<div class=\"legacy-row\"><div class=\"one-half\"><div class=\"legacy-fusion-text\"><img loading=\"lazy\" decoding=\"async\" class=\"alignnone size-medium wp-image-23024\" src=\"https:\/\/www.tui.at\/blog\/wp-content\/uploads\/2021\/08\/Palme2.jpg\" alt=\"\" width=\"410\" height=\"615\" \/><\/div><\/div>\n\n\n<div class=\"one-half\"><div class=\"legacy-fusion-text\"><img loading=\"lazy\" decoding=\"async\" class=\"alignnone size-medium wp-image-23025\" src=\"https:\/\/www.tui.at\/blog\/wp-content\/uploads\/2021\/08\/Palme3.jpg\" alt=\"\" width=\"410\" height=\"615\" \/><\/div><\/div><\/div>\n\n\n<div class=\"legacy-row\"><div class=\"one-half\"><div class=\"legacy-fusion-text\"><img loading=\"lazy\" decoding=\"async\" class=\"alignnone size-medium wp-image-23020\" src=\"https:\/\/www.tui.at\/blog\/wp-content\/uploads\/2021\/08\/Fruehstueck-Pool-Constaninou-Bros.jpg\" alt=\"\" width=\"410\" height=\"615\" \/><\/div><\/div>\n\n\n<div class=\"one-half\"><div class=\"legacy-fusion-text\"><img loading=\"lazy\" decoding=\"async\" class=\"alignnone size-medium wp-image-23027\" src=\"https:\/\/www.tui.at\/blog\/wp-content\/uploads\/2025\/10\/Pool-2.jpg\" alt=\"\" width=\"410\" height=\"615\" \/><\/div><\/div><\/div>\n\n\n<div class=\"legacy-row\"><div class=\"one-half\"><div class=\"legacy-fusion-text\"><img loading=\"lazy\" decoding=\"async\" class=\"alignnone size-medium wp-image-23026\" src=\"https:\/\/www.tui.at\/blog\/wp-content\/uploads\/2021\/08\/Palmenstrand.jpg\" alt=\"\" width=\"410\" height=\"615\" \/><\/div><\/div>\n\n\n<div class=\"one-half\"><div class=\"legacy-fusion-text\"><img loading=\"lazy\" decoding=\"async\" class=\"alignnone size-medium wp-image-23028\" src=\"https:\/\/www.tui.at\/blog\/wp-content\/uploads\/2021\/08\/restaurant.jpg\" alt=\"\" width=\"410\" height=\"615\" \/><\/div><\/div><\/div>\n\n\n<div class=\"legacy-fullwidth\"><div class=\"legacy-fusion-title\"><h2><strong>Zypern und Ausfl\u00fcge<\/strong><\/h2><\/div><div class=\"legacy-fusion-text\"><\/p>\n<p class=\"Text\">Da wir die <strong>Insel<\/strong> ein bisschen <strong>erkunden<\/strong> wollten, haben wir uns f\u00fcr die letzten 2 Tage ein <strong>Auto gemietet<\/strong>, um mobil zu sein. Das geht super easy einfach \u00fcber <a href=\"https:\/\/www.tui.at\/mietwagen\/\" target=\"_blank\" rel=\"noopener noreferrer\">tui.at\/mietwagen<\/a>.<\/p>\n<p>Auch wenn die Hotelanlage dazu einl\u00e4dt, den ganzen Tag einfach nur am Strand zu liegen und zu entspannen, wollten wir auch etwas von Zypern sehen und haben die ein oder anderen Ausfl\u00fcge und \u201akleinen Abenteuer\u2018 geplant.<\/p>\n<h3>Blue Lagoon<\/h3>\n<p class=\"Text\">Karibik-Feeling pur &amp; <strong>t\u00fcrkises, kristallklares Wasser<\/strong>. Die Blue Lagoon war auf jeden Fall unser <strong>absolutes Highlight<\/strong> hier, wenn es um Ausfl\u00fcge geht. Wir sind mit dem Auto bis nach Latsi gefahren und von dort aus auf ein Boot gestiegen. Die 3-st\u00fcndige <strong>Bootstour<\/strong> mit Stop bei der Blue Lagoon ist wirklich zu empfehlen. Erkundigt euch am besten vorher an der Rezeption eurer Unterkunft, wann und in welchen Abst\u00e4nden diese Boote fahren.<\/p>\n<h3>Oniro by the Sea<\/h3>\n<p>Dieses <strong>Restaurant<\/strong> wurde uns von unserem Hotel empfohlen &amp; hat eine <strong>unglaubliche Aussicht<\/strong>. Es liegt zwischen Bananenplantagen direkt am Meer. Mit Blick auf die <strong>Meeresklippen<\/strong> und <strong>Grotten<\/strong> kann man hier sein Essen genie\u00dfen.<\/p>\n<p>Ich habe es euch hier mal verlinkt: <a href=\"https:\/\/www.onirobythesea.com\/\" target=\"_blank\" rel=\"noopener noreferrer\">onirobythesea.com<\/a><\/p>\n<h3>Weindorf Omodos<\/h3>\n<p>Wer gerne einmal etwas <strong>zypriotische Kultur<\/strong> erleben m\u00f6chte, sollte sich das Weindorf Omodos nicht entgehen lassen. Wir haben uns an einem Sonntag eine typische \u201a<strong>Meze<\/strong>&#8218; geg\u00f6nnt &#8211; eine fast endlose Folge von <strong>kleinen, traditionellen Gerichten<\/strong>. Es kommen immer wieder kleine Speisen auf den Tisch. Nebenbei wird <strong>zypriotische Volksmusik<\/strong> gespielt, bei der die Einheimischen laut mitsingen. Kleiner <strong>Tipp<\/strong> \u2013 nicht jeden Teller gleich leer essen! Genie\u00dft die Leckereien \u201c<strong>siga-siga<\/strong>\u201d, also immer sch\u00f6n langsam. Es geht um das <strong>Beisammensein und Genie\u00dfen<\/strong>.<\/p>\n<h3>Paphos, Altstadt<\/h3>\n<p class=\"Text\">Auch die <strong>Altstadt<\/strong> direkt in Paphos ist absolut einen Besuch wert. Neben kleinen s\u00fc\u00dfen Gesch\u00e4ften, Bars und Restaurants, sind hier vor allem auch die einzigartigen <strong>architektonischen Bauten<\/strong> und <strong>historischen Ausgrabungen<\/strong> erw\u00e4hnenswert.<\/p>\n<p class=\"Text\">Ein einzigartiges Erlebnis f\u00fcr alle Sinne: der <strong>Marktplatz<\/strong> l\u00e4dt ein, um im Duft frischer Kr\u00e4uter, Fr\u00fcchte, Gew\u00fcrze und Bienenwachskerzen zu schwelgen.<\/p>\n<p><\/div><\/div>\n\n\n<div class=\"legacy-row\"><div class=\"one-half\"><div class=\"legacy-fusion-text\"><img loading=\"lazy\" decoding=\"async\" class=\"alignnone size-medium wp-image-23029\" src=\"https:\/\/www.tui.at\/blog\/wp-content\/uploads\/2021\/08\/Schiff.jpg\" alt=\"\" width=\"410\" height=\"615\" \/><\/div><\/div>\n\n\n<div class=\"one-half\"><div class=\"legacy-fusion-text\"><img loading=\"lazy\" decoding=\"async\" class=\"alignnone size-medium wp-image-23021\" src=\"https:\/\/www.tui.at\/blog\/wp-content\/uploads\/2021\/08\/lara-selina.jpg\" alt=\"\" width=\"410\" height=\"615\" \/><\/div><\/div><\/div>\n\n\n<div class=\"legacy-row\"><div class=\"one-half\"><div class=\"legacy-fusion-text\"><img loading=\"lazy\" decoding=\"async\" class=\"alignnone size-medium wp-image-23022\" src=\"https:\/\/www.tui.at\/blog\/wp-content\/uploads\/2021\/08\/Meer.jpg\" alt=\"\" width=\"410\" height=\"615\" \/><\/div><\/div>\n\n\n<div class=\"one-half\"><div class=\"legacy-fusion-text\"><img loading=\"lazy\" decoding=\"async\" class=\"alignnone size-medium wp-image-23018\" src=\"https:\/\/www.tui.at\/blog\/wp-content\/uploads\/2021\/08\/felsen.jpg\" alt=\"\" width=\"410\" height=\"615\" \/><\/div><\/div><\/div>\n\n\n<div class=\"legacy-row\"><div class=\"one-half\"><div class=\"legacy-fusion-text\"><img loading=\"lazy\" decoding=\"async\" class=\"alignnone size-medium wp-image-23019\" src=\"https:\/\/www.tui.at\/blog\/wp-content\/uploads\/2021\/08\/felsen2.jpg\" alt=\"\" width=\"410\" height=\"615\" \/><\/div><\/div>\n\n\n<div class=\"one-half\"><div class=\"legacy-fusion-text\"><img loading=\"lazy\" decoding=\"async\" class=\"alignnone size-medium wp-image-23032\" src=\"https:\/\/www.tui.at\/blog\/wp-content\/uploads\/2021\/08\/weinbar.jpg\" alt=\"\" width=\"410\" height=\"615\" \/><\/div><\/div><\/div>\n\n\n<div class=\"legacy-row\"><div class=\"one-half\"><div class=\"legacy-fusion-text\"><img loading=\"lazy\" decoding=\"async\" class=\"alignnone size-medium wp-image-23023\" src=\"https:\/\/www.tui.at\/blog\/wp-content\/uploads\/2021\/08\/musiker.jpg\" alt=\"\" width=\"410\" height=\"615\" \/><\/div><\/div>\n\n\n<div class=\"one-half\"><div class=\"legacy-fusion-text\"><img loading=\"lazy\" decoding=\"async\" class=\"alignnone size-medium wp-image-23017\" src=\"https:\/\/www.tui.at\/blog\/wp-content\/uploads\/2025\/10\/essen-2.jpg\" alt=\"\" width=\"410\" height=\"615\" \/><\/div><\/div><\/div>\n\n\n<div class=\"legacy-row\"><div class=\"one-half\"><div class=\"legacy-fusion-text\"><img loading=\"lazy\" decoding=\"async\" class=\"alignnone size-medium wp-image-23031\" src=\"https:\/\/www.tui.at\/blog\/wp-content\/uploads\/2021\/08\/tuer.jpg\" alt=\"\" width=\"410\" height=\"615\" \/><\/div><\/div>\n\n\n<div class=\"one-half\"><div class=\"legacy-fusion-text\"><img loading=\"lazy\" decoding=\"async\" class=\"alignnone size-medium wp-image-23030\" src=\"https:\/\/www.tui.at\/blog\/wp-content\/uploads\/2021\/08\/tisch.jpg\" alt=\"\" width=\"410\" height=\"615\" \/><\/div><\/div><\/div>\n\n\n<div class=\"legacy-fullwidth\"><div class=\"legacy-fusion-title\"><h3><strong>Zypern Res\u00fcmee<\/strong><\/h3><\/div><div class=\"legacy-fusion-text\">Wir hatten wirklich einen traumhaften Urlaub! Zypern ist zauberhaft und hat uns mit Sicherheit nicht zum letzten Mal gesehen. Vier Tage sind einfach zu kurz, um die vielen, tollen Sehensw\u00fcrdigkeiten, die die Insel zu bieten hat, zu entdecken.<\/p>\n<p>Am <a href=\"https:\/\/blog.tui.at\/\" target=\"_blank\" rel=\"noopener noreferrer\">TUI Blog<\/a> findet ihr aber noch <strong>viele weitere Tipps und Anregungen<\/strong> f\u00fcr euren <a href=\"https:\/\/blog.tui.at\/zypern-die-paradiesische-insel-der-aphrodite\/\" target=\"_blank\" rel=\"noopener noreferrer\">Zypern-Urlaub<\/a>. Ich hab sie euch mal unterhalb dieses Beitrages verlinkt.<\/p>\n<p>Einen super Eindruck von der Insel bekommt ihr auch im sch\u00f6nen <a href=\"https:\/\/blog.tui.at\/tui-reiseexperten-zypern\/\" target=\"_blank\" rel=\"noopener noreferrer\">TUI Reiseexperten Video zu Zypern<\/a>. \ud83d\ude42<\/p>\n<p><strong>Infos<\/strong> und <strong>Hotelangebote<\/strong> f\u00fcr euren perfekten Urlaub auf Zypern findet ihr auf <a href=\"https:\/\/www.tui.at\/pauschalreisen\/zypern\/\" target=\"_blank\" rel=\"noopener noreferrer\">tui.at\/pauschalreisen\/zypern<\/a><\/p>\n<p>Alles Liebe,<\/p>\n<p>Lara Selina<\/div><\/div>\n","protected":false},"excerpt":{"rendered":"<p>T\u00fcrkises, kristallklares Wasser, atemberaubende Sonnenunterg\u00e4nge, umwerfende Landschaften und lagunenartige Buchten &#8211; Zypern ist wirklich eine traumhafte Insel!<br \/>\nNicht ohne Grund stand Zypern schon lange auf meiner Bucket-List. Nun durfte ich endlich gemeinsam mit TUI diese wundersch\u00f6ne Insel bereisen. Meine Eindr\u00fccke, Erlebnisse und jede Menge Tipps hab ich in diesem Beitrag f\u00fcr euch festgehalten. <\/p>\n","protected":false},"author":236,"featured_media":491007,"comment_status":"open","ping_status":"closed","sticky":false,"template":"","format":"standard","meta":{"_acf_changed":false,"footnotes":""},"categories":[5146],"tags":[5048,5049,5053,4892,5054,4895,4978,4926,4849,4879,4993],"class_list":["post-488644","post","type-post","status-publish","format-standard","has-post-thumbnail","hentry","category-archiv-urlaub-am-meer","tag-abenteuer","tag-abwechslung","tag-aktivurlaub","tag-insidertipps","tag-natur","tag-reisen","tag-reisetipps","tag-tipps","tag-tui","tag-urlaub","tag-zypern"],"acf":[],"yoast_head":"<!-- This site is optimized with the Yoast SEO plugin v27.4 - https:\/\/yoast.com\/product\/yoast-seo-wordpress\/ -->\n<title>Karibikfeeling auf Zypern - TUI.at Reiseblog<\/title>\n<meta name=\"description\" content=\"Die Travel &amp; Lifestyle-Bloggerin Lara Selina war mit uns auf Zypern und hat die Insel erkundet. Im Blogbeitrag gibt&#039;s ihre Eindr\u00fccke, Tipps und tolle Fotos.\" \/>\n<meta name=\"robots\" content=\"index, follow, max-snippet:-1, max-image-preview:large, max-video-preview:-1\" \/>\n<link rel=\"canonical\" href=\"https:\/\/www.tui.at\/blog\/karibikfeelingaufzypern\/\" \/>\n<meta property=\"og:locale\" content=\"de_DE\" \/>\n<meta property=\"og:type\" content=\"article\" \/>\n<meta property=\"og:title\" content=\"Karibikfeeling auf Zypern - TUI.at Reiseblog\" \/>\n<meta property=\"og:description\" content=\"Die Travel &amp; Lifestyle-Bloggerin Lara Selina war mit uns auf Zypern und hat die Insel erkundet. Im Blogbeitrag gibt&#039;s ihre Eindr\u00fccke, Tipps und tolle Fotos.\" \/>\n<meta property=\"og:url\" content=\"https:\/\/www.tui.at\/blog\/karibikfeelingaufzypern\/\" \/>\n<meta property=\"og:site_name\" content=\"TUI.at Reiseblog\" \/>\n<meta property=\"article:published_time\" content=\"2021-08-05T10:56:11+00:00\" \/>\n<meta property=\"article:modified_time\" content=\"2025-10-28T10:14:40+00:00\" \/>\n<meta property=\"og:image\" content=\"https:\/\/www.tui.at\/blog\/wp-content\/uploads\/2025\/10\/Titelbild-1.jpg\" \/>\n\t<meta property=\"og:image:width\" content=\"1600\" \/>\n\t<meta property=\"og:image:height\" content=\"1067\" \/>\n\t<meta property=\"og:image:type\" content=\"image\/jpeg\" \/>\n<meta name=\"author\" content=\"Lara Selina\" \/>\n<meta name=\"twitter:card\" content=\"summary_large_image\" \/>\n<meta name=\"twitter:label1\" content=\"Verfasst von\" \/>\n\t<meta name=\"twitter:data1\" content=\"Lara Selina\" \/>\n\t<meta name=\"twitter:label2\" content=\"Gesch\u00e4tzte Lesezeit\" \/>\n\t<meta name=\"twitter:data2\" content=\"9\u00a0Minuten\" \/>\n<script type=\"application\/ld+json\" class=\"yoast-schema-graph\">{\"@context\":\"https:\\\/\\\/schema.org\",\"@graph\":[{\"@type\":\"BlogPosting\",\"@id\":\"https:\\\/\\\/www.tui.at\\\/blog\\\/karibikfeelingaufzypern\\\/#article\",\"isPartOf\":{\"@id\":\"https:\\\/\\\/www.tui.at\\\/blog\\\/karibikfeelingaufzypern\\\/\"},\"author\":{\"name\":\"Lara Selina\",\"@id\":\"https:\\\/\\\/www.tui.at\\\/blog\\\/#\\\/schema\\\/person\\\/fe975abfff628320db441fb4f2f5f40b\"},\"headline\":\"Karibikfeeling auf Zypern\",\"datePublished\":\"2021-08-05T10:56:11+00:00\",\"dateModified\":\"2025-10-28T10:14:40+00:00\",\"mainEntityOfPage\":{\"@id\":\"https:\\\/\\\/www.tui.at\\\/blog\\\/karibikfeelingaufzypern\\\/\"},\"wordCount\":1741,\"commentCount\":0,\"publisher\":{\"@id\":\"https:\\\/\\\/www.tui.at\\\/blog\\\/#organization\"},\"image\":{\"@id\":\"https:\\\/\\\/www.tui.at\\\/blog\\\/karibikfeelingaufzypern\\\/#primaryimage\"},\"thumbnailUrl\":\"https:\\\/\\\/www.tui.at\\\/blog\\\/wp-content\\\/uploads\\\/2025\\\/10\\\/Titelbild-1.jpg\",\"keywords\":[\"Abenteuer\",\"Abwechslung\",\"Aktivurlaub\",\"Insidertipps\",\"Natur\",\"Reisen\",\"Reisetipps\",\"Tipps\",\"TUI\",\"Urlaub\",\"Zypern\"],\"articleSection\":[\"Urlaub am Meer\"],\"inLanguage\":\"de\",\"potentialAction\":[{\"@type\":\"CommentAction\",\"name\":\"Comment\",\"target\":[\"https:\\\/\\\/www.tui.at\\\/blog\\\/karibikfeelingaufzypern\\\/#respond\"]}]},{\"@type\":\"WebPage\",\"@id\":\"https:\\\/\\\/www.tui.at\\\/blog\\\/karibikfeelingaufzypern\\\/\",\"url\":\"https:\\\/\\\/www.tui.at\\\/blog\\\/karibikfeelingaufzypern\\\/\",\"name\":\"Karibikfeeling auf Zypern - TUI.at Reiseblog\",\"isPartOf\":{\"@id\":\"https:\\\/\\\/www.tui.at\\\/blog\\\/#website\"},\"primaryImageOfPage\":{\"@id\":\"https:\\\/\\\/www.tui.at\\\/blog\\\/karibikfeelingaufzypern\\\/#primaryimage\"},\"image\":{\"@id\":\"https:\\\/\\\/www.tui.at\\\/blog\\\/karibikfeelingaufzypern\\\/#primaryimage\"},\"thumbnailUrl\":\"https:\\\/\\\/www.tui.at\\\/blog\\\/wp-content\\\/uploads\\\/2025\\\/10\\\/Titelbild-1.jpg\",\"datePublished\":\"2021-08-05T10:56:11+00:00\",\"dateModified\":\"2025-10-28T10:14:40+00:00\",\"description\":\"Die Travel & Lifestyle-Bloggerin Lara Selina war mit uns auf Zypern und hat die Insel erkundet. Im Blogbeitrag gibt's ihre Eindr\u00fccke, Tipps und tolle Fotos.\",\"breadcrumb\":{\"@id\":\"https:\\\/\\\/www.tui.at\\\/blog\\\/karibikfeelingaufzypern\\\/#breadcrumb\"},\"inLanguage\":\"de\",\"potentialAction\":[{\"@type\":\"ReadAction\",\"target\":[\"https:\\\/\\\/www.tui.at\\\/blog\\\/karibikfeelingaufzypern\\\/\"]}]},{\"@type\":\"ImageObject\",\"inLanguage\":\"de\",\"@id\":\"https:\\\/\\\/www.tui.at\\\/blog\\\/karibikfeelingaufzypern\\\/#primaryimage\",\"url\":\"https:\\\/\\\/www.tui.at\\\/blog\\\/wp-content\\\/uploads\\\/2025\\\/10\\\/Titelbild-1.jpg\",\"contentUrl\":\"https:\\\/\\\/www.tui.at\\\/blog\\\/wp-content\\\/uploads\\\/2025\\\/10\\\/Titelbild-1.jpg\",\"width\":1600,\"height\":1067},{\"@type\":\"BreadcrumbList\",\"@id\":\"https:\\\/\\\/www.tui.at\\\/blog\\\/karibikfeelingaufzypern\\\/#breadcrumb\",\"itemListElement\":[{\"@type\":\"ListItem\",\"position\":1,\"name\":\"Startseite\",\"item\":\"https:\\\/\\\/www.tui.at\\\/blog\\\/\"},{\"@type\":\"ListItem\",\"position\":2,\"name\":\"Karibikfeeling auf Zypern\"}]},{\"@type\":\"WebSite\",\"@id\":\"https:\\\/\\\/www.tui.at\\\/blog\\\/#website\",\"url\":\"https:\\\/\\\/www.tui.at\\\/blog\\\/\",\"name\":\"TUI.at Reiseblog\",\"description\":\"Inspirationen f\u00fcr den perfekten Urlaub\",\"publisher\":{\"@id\":\"https:\\\/\\\/www.tui.at\\\/blog\\\/#organization\"},\"potentialAction\":[{\"@type\":\"SearchAction\",\"target\":{\"@type\":\"EntryPoint\",\"urlTemplate\":\"https:\\\/\\\/www.tui.at\\\/blog\\\/?s={search_term_string}\"},\"query-input\":{\"@type\":\"PropertyValueSpecification\",\"valueRequired\":true,\"valueName\":\"search_term_string\"}}],\"inLanguage\":\"de\"},{\"@type\":\"Organization\",\"@id\":\"https:\\\/\\\/www.tui.at\\\/blog\\\/#organization\",\"name\":\"TUI.at Reiseblog\",\"url\":\"https:\\\/\\\/www.tui.at\\\/blog\\\/\",\"logo\":{\"@type\":\"ImageObject\",\"inLanguage\":\"de\",\"@id\":\"https:\\\/\\\/www.tui.at\\\/blog\\\/#\\\/schema\\\/logo\\\/image\\\/\",\"url\":\"https:\\\/\\\/www.tui.at\\\/blog\\\/wp-content\\\/uploads\\\/2025\\\/09\\\/cropped-tui-logo-3.webp\",\"contentUrl\":\"https:\\\/\\\/www.tui.at\\\/blog\\\/wp-content\\\/uploads\\\/2025\\\/09\\\/cropped-tui-logo-3.webp\",\"width\":164,\"height\":72,\"caption\":\"TUI.at Reiseblog\"},\"image\":{\"@id\":\"https:\\\/\\\/www.tui.at\\\/blog\\\/#\\\/schema\\\/logo\\\/image\\\/\"}},{\"@type\":\"Person\",\"@id\":\"https:\\\/\\\/www.tui.at\\\/blog\\\/#\\\/schema\\\/person\\\/fe975abfff628320db441fb4f2f5f40b\",\"name\":\"Lara Selina\",\"description\":\"Ich bin Lara Selina, Bloggerin und Ern\u00e4hrungstrainerin &amp; auf laraselina.com dreht sich alles um Lifestyle, Reisen, gesunde Ern\u00e4hrung, Rezepte und positives mindset. :)\",\"sameAs\":[\"https:\\\/\\\/www.laraselina.com\\\/\"],\"url\":\"https:\\\/\\\/www.tui.at\\\/blog\\\/author\\\/lara-selina\\\/\"}]}<\/script>\n<!-- \/ Yoast SEO plugin. -->","yoast_head_json":{"title":"Karibikfeeling auf Zypern - TUI.at Reiseblog","description":"Die Travel & Lifestyle-Bloggerin Lara Selina war mit uns auf Zypern und hat die Insel erkundet. Im Blogbeitrag gibt's ihre Eindr\u00fccke, Tipps und tolle Fotos.","robots":{"index":"index","follow":"follow","max-snippet":"max-snippet:-1","max-image-preview":"max-image-preview:large","max-video-preview":"max-video-preview:-1"},"canonical":"https:\/\/www.tui.at\/blog\/karibikfeelingaufzypern\/","og_locale":"de_DE","og_type":"article","og_title":"Karibikfeeling auf Zypern - TUI.at Reiseblog","og_description":"Die Travel & Lifestyle-Bloggerin Lara Selina war mit uns auf Zypern und hat die Insel erkundet. Im Blogbeitrag gibt's ihre Eindr\u00fccke, Tipps und tolle Fotos.","og_url":"https:\/\/www.tui.at\/blog\/karibikfeelingaufzypern\/","og_site_name":"TUI.at Reiseblog","article_published_time":"2021-08-05T10:56:11+00:00","article_modified_time":"2025-10-28T10:14:40+00:00","og_image":[{"width":1600,"height":1067,"url":"https:\/\/www.tui.at\/blog\/wp-content\/uploads\/2025\/10\/Titelbild-1.jpg","type":"image\/jpeg"}],"author":"Lara Selina","twitter_card":"summary_large_image","twitter_misc":{"Verfasst von":"Lara Selina","Gesch\u00e4tzte Lesezeit":"9\u00a0Minuten"},"schema":{"@context":"https:\/\/schema.org","@graph":[{"@type":"BlogPosting","@id":"https:\/\/www.tui.at\/blog\/karibikfeelingaufzypern\/#article","isPartOf":{"@id":"https:\/\/www.tui.at\/blog\/karibikfeelingaufzypern\/"},"author":{"name":"Lara Selina","@id":"https:\/\/www.tui.at\/blog\/#\/schema\/person\/fe975abfff628320db441fb4f2f5f40b"},"headline":"Karibikfeeling auf Zypern","datePublished":"2021-08-05T10:56:11+00:00","dateModified":"2025-10-28T10:14:40+00:00","mainEntityOfPage":{"@id":"https:\/\/www.tui.at\/blog\/karibikfeelingaufzypern\/"},"wordCount":1741,"commentCount":0,"publisher":{"@id":"https:\/\/www.tui.at\/blog\/#organization"},"image":{"@id":"https:\/\/www.tui.at\/blog\/karibikfeelingaufzypern\/#primaryimage"},"thumbnailUrl":"https:\/\/www.tui.at\/blog\/wp-content\/uploads\/2025\/10\/Titelbild-1.jpg","keywords":["Abenteuer","Abwechslung","Aktivurlaub","Insidertipps","Natur","Reisen","Reisetipps","Tipps","TUI","Urlaub","Zypern"],"articleSection":["Urlaub am Meer"],"inLanguage":"de","potentialAction":[{"@type":"CommentAction","name":"Comment","target":["https:\/\/www.tui.at\/blog\/karibikfeelingaufzypern\/#respond"]}]},{"@type":"WebPage","@id":"https:\/\/www.tui.at\/blog\/karibikfeelingaufzypern\/","url":"https:\/\/www.tui.at\/blog\/karibikfeelingaufzypern\/","name":"Karibikfeeling auf Zypern - TUI.at Reiseblog","isPartOf":{"@id":"https:\/\/www.tui.at\/blog\/#website"},"primaryImageOfPage":{"@id":"https:\/\/www.tui.at\/blog\/karibikfeelingaufzypern\/#primaryimage"},"image":{"@id":"https:\/\/www.tui.at\/blog\/karibikfeelingaufzypern\/#primaryimage"},"thumbnailUrl":"https:\/\/www.tui.at\/blog\/wp-content\/uploads\/2025\/10\/Titelbild-1.jpg","datePublished":"2021-08-05T10:56:11+00:00","dateModified":"2025-10-28T10:14:40+00:00","description":"Die Travel & Lifestyle-Bloggerin Lara Selina war mit uns auf Zypern und hat die Insel erkundet. Im Blogbeitrag gibt's ihre Eindr\u00fccke, Tipps und tolle Fotos.","breadcrumb":{"@id":"https:\/\/www.tui.at\/blog\/karibikfeelingaufzypern\/#breadcrumb"},"inLanguage":"de","potentialAction":[{"@type":"ReadAction","target":["https:\/\/www.tui.at\/blog\/karibikfeelingaufzypern\/"]}]},{"@type":"ImageObject","inLanguage":"de","@id":"https:\/\/www.tui.at\/blog\/karibikfeelingaufzypern\/#primaryimage","url":"https:\/\/www.tui.at\/blog\/wp-content\/uploads\/2025\/10\/Titelbild-1.jpg","contentUrl":"https:\/\/www.tui.at\/blog\/wp-content\/uploads\/2025\/10\/Titelbild-1.jpg","width":1600,"height":1067},{"@type":"BreadcrumbList","@id":"https:\/\/www.tui.at\/blog\/karibikfeelingaufzypern\/#breadcrumb","itemListElement":[{"@type":"ListItem","position":1,"name":"Startseite","item":"https:\/\/www.tui.at\/blog\/"},{"@type":"ListItem","position":2,"name":"Karibikfeeling auf Zypern"}]},{"@type":"WebSite","@id":"https:\/\/www.tui.at\/blog\/#website","url":"https:\/\/www.tui.at\/blog\/","name":"TUI.at Reiseblog","description":"Inspirationen f\u00fcr den perfekten Urlaub","publisher":{"@id":"https:\/\/www.tui.at\/blog\/#organization"},"potentialAction":[{"@type":"SearchAction","target":{"@type":"EntryPoint","urlTemplate":"https:\/\/www.tui.at\/blog\/?s={search_term_string}"},"query-input":{"@type":"PropertyValueSpecification","valueRequired":true,"valueName":"search_term_string"}}],"inLanguage":"de"},{"@type":"Organization","@id":"https:\/\/www.tui.at\/blog\/#organization","name":"TUI.at Reiseblog","url":"https:\/\/www.tui.at\/blog\/","logo":{"@type":"ImageObject","inLanguage":"de","@id":"https:\/\/www.tui.at\/blog\/#\/schema\/logo\/image\/","url":"https:\/\/www.tui.at\/blog\/wp-content\/uploads\/2025\/09\/cropped-tui-logo-3.webp","contentUrl":"https:\/\/www.tui.at\/blog\/wp-content\/uploads\/2025\/09\/cropped-tui-logo-3.webp","width":164,"height":72,"caption":"TUI.at Reiseblog"},"image":{"@id":"https:\/\/www.tui.at\/blog\/#\/schema\/logo\/image\/"}},{"@type":"Person","@id":"https:\/\/www.tui.at\/blog\/#\/schema\/person\/fe975abfff628320db441fb4f2f5f40b","name":"Lara Selina","description":"Ich bin Lara Selina, Bloggerin und Ern\u00e4hrungstrainerin &amp; auf laraselina.com dreht sich alles um Lifestyle, Reisen, gesunde Ern\u00e4hrung, Rezepte und positives mindset. :)","sameAs":["https:\/\/www.laraselina.com\/"],"url":"https:\/\/www.tui.at\/blog\/author\/lara-selina\/"}]}},"_links":{"self":[{"href":"https:\/\/www.tui.at\/blog\/wp-json\/wp\/v2\/posts\/488644","targetHints":{"allow":["GET"]}}],"collection":[{"href":"https:\/\/www.tui.at\/blog\/wp-json\/wp\/v2\/posts"}],"about":[{"href":"https:\/\/www.tui.at\/blog\/wp-json\/wp\/v2\/types\/post"}],"author":[{"embeddable":true,"href":"https:\/\/www.tui.at\/blog\/wp-json\/wp\/v2\/users\/236"}],"replies":[{"embeddable":true,"href":"https:\/\/www.tui.at\/blog\/wp-json\/wp\/v2\/comments?post=488644"}],"version-history":[{"count":3,"href":"https:\/\/www.tui.at\/blog\/wp-json\/wp\/v2\/posts\/488644\/revisions"}],"predecessor-version":[{"id":491063,"href":"https:\/\/www.tui.at\/blog\/wp-json\/wp\/v2\/posts\/488644\/revisions\/491063"}],"wp:featuredmedia":[{"embeddable":true,"href":"https:\/\/www.tui.at\/blog\/wp-json\/wp\/v2\/media\/491007"}],"wp:attachment":[{"href":"https:\/\/www.tui.at\/blog\/wp-json\/wp\/v2\/media?parent=488644"}],"wp:term":[{"taxonomy":"category","embeddable":true,"href":"https:\/\/www.tui.at\/blog\/wp-json\/wp\/v2\/categories?post=488644"},{"taxonomy":"post_tag","embeddable":true,"href":"https:\/\/www.tui.at\/blog\/wp-json\/wp\/v2\/tags?post=488644"}],"curies":[{"name":"wp","href":"https:\/\/api.w.org\/{rel}","templated":true}]}}