{"id":488622,"date":"2021-06-01T09:28:51","date_gmt":"2021-06-01T07:28:51","guid":{"rendered":"https:\/\/www.tui.at\/blog\/4-fakten-ueber-madeira\/"},"modified":"2025-10-24T11:39:30","modified_gmt":"2025-10-24T09:39:30","slug":"4faktenuebermadeira","status":"publish","type":"post","link":"https:\/\/www.tui.at\/blog\/4faktenuebermadeira\/","title":{"rendered":"4 Fakten \u00fcber Madeira"},"content":{"rendered":"<p><div class=\"legacy-fullwidth\"><div class=\"legacy-fusion-text\">Du wolltest schon immer mehr \u00fcber die wundersch\u00f6ne Insel <a href=\"https:\/\/www.tui.at\/pauschalreisen\/portugal\/madeira\/\" target=\"_blank\" rel=\"noopener noreferrer\">Madeira<\/a> erfahren?! Here we go &#8211; wir liefern dir <strong>4\u00a0Fakten zu Madeira<\/strong>, die du kennen solltest sowie unsere <strong>4\u00a0Tipps f\u00fcr einen Besuch<\/strong> der Trauminsel.<\/p>\n<p><strong>Aber Vorsicht!<\/strong> Wir \u00fcbernehmen keine Verantwortung f\u00fcr unb\u00e4ndige Urlaubslust, die beim Lesen dieses Beitrags garantiert aufkommen wird. Madeira ist einfach paradiesisch &#8211; \u00fcberzeug&#8216; dich selbst. \ud83d\ude09<\/div><\/div><div class=\"legacy-fullwidth\"><div class=\"legacy-fusion-title\"><h2><strong>Fakt 1: Vier Jahreszeiten an einem Tag erleben<\/strong><\/h2><\/div><div class=\"legacy-fusion-text\"><a href=\"https:\/\/blog.tui.at\/madeira-highlights-die-7-schoensten-plaetze-auf-madeira\/\" target=\"_blank\" rel=\"noopener noreferrer\">Madeira<\/a> ist eine <strong>subtropische Insel<\/strong>, die Urlauber im Winter mit gem\u00e4\u00dfigten Temperaturen von 18 Grad und im Sommer mit durchschnittlich angenehmen 25 Grad empf\u00e4ngt. Selten \u00fcbersteigen die Temperaturen die 30 Grad Marke. Grunds\u00e4tzlich ist die Insel durch ihr <strong>mildes Klima <\/strong>ganzj\u00e4hrig gut bereisbar, auch wenn es von Oktober bis M\u00e4rz erh\u00f6hte Niederschl\u00e4ge gibt. Durch ihre Vielzahl an Mikroklimazonen kannst du die 4 Jahreszeiten aber auch an einem einzigen Tag erleben.<\/p>\n<p>Nach einem ausgiebigen Sonnenbad und einem Sprung in den <strong>warmen Atlantik<\/strong> machst du dich auf zu einem der h\u00f6chsten Gipfel der Insel &#8211; dem <strong>Pico do Areeiro<\/strong>, einem Ort von unvergleichbarer und majest\u00e4tischer Sch\u00f6nheit. Du findest dich schlie\u00dflich auf 1818 Metern &#8211; \u00fcber einem Wolkenmeer, eingepackt in eine warme Jacke &#8211; wieder und genie\u00dft die <strong>atemberaubende Berglandschaft<\/strong>. Ein unbeschreibliches Erlebnis!<\/p>\n<p>F\u00fcr einen Besuch der Insel packst du am besten leichte Kleidung, Badesachen, Wanderschuhe, ein paar w\u00e4rmere Kleidungsst\u00fccke sowie eine Jacke f\u00fcr k\u00fchle, luftige H\u00f6hen ein.<\/div><\/div><div class=\"legacy-row\"><div class=\"one-half\"><div class=\"legacy-fusion-text\"><img loading=\"lazy\" decoding=\"async\" class=\"alignnone size-medium wp-image-22953\" src=\"https:\/\/www.tui.at\/blog\/wp-content\/uploads\/2021\/05\/Madeira_Mar_054\u00a9Andre-Carvalho.jpg\" alt=\"\" width=\"615\" height=\"492\" \/><\/div><\/div><div class=\"one-half\"><div class=\"legacy-fusion-text\"><img loading=\"lazy\" decoding=\"async\" class=\"alignnone size-medium wp-image-22957\" src=\"https:\/\/www.tui.at\/blog\/wp-content\/uploads\/2021\/05\/shutterstock_298614170_Maderira_Gruppe-Wandern.jpg\" alt=\"\" width=\"615\" height=\"492\" \/><\/div><\/div><\/div><div class=\"legacy-fullwidth\"><div class=\"legacy-fusion-title\"><h2><strong>Fakt 2: Atemberaubende Natur<\/strong><\/h2><\/div><div class=\"legacy-fusion-text\">Die <strong>portugiesische Insel vulkanischen Ursprungs<\/strong> punktet mit ihrer unfassbar sch\u00f6nen Landschaft und bietet eine Vielfalt, die ihresgleichen sucht. Steil ins Meer abfallende K\u00fcsten, Berge die zu ausgiebigen Wanderungen einladen, gr\u00fcne Ebenen sowie ein unglaublicher Reichtum an unterschiedlichen Blumen machen Madeira zu einem echten <strong>Naturparadies<\/strong>.<\/p>\n<p>Schon mal in einem <strong>Lava Pool<\/strong> geschwommen? Nein?! Dann auf nach Madeira, hier kannst du in Naturschwimmbecken aus Lavagestein baden. Bei Flut f\u00fcllen sich die Becken mit warmem Wasser und man kann gefahrlos darin baden. Traumhaft! Von der Hauptstadt Funchal aus sind die Lava Pools per Auto in einer knappen Stunde zu erreichen.<\/p>\n<p>Einen Ausflug wert ist definitiv auch der <strong>Risco Wasserfall<\/strong>, im S\u00fcdwesten der Insel. Nach einer dreist\u00fcndigen Wanderung, die auch f\u00fcr Sportmuffel leicht zu bew\u00e4ltigen ist, gelangt man zum Wasserfall. Hier st\u00fcrzen sich Wassermassen 100 Meter die Felsen hinab. Was f\u00fcr ein Anblick!<\/p>\n<p>Eine beliebte Wanderung ist auch jene entlang der <strong>Levada do Furado<\/strong> &#8211; kein Wunder, die Naturkulisse durch die man spaziert, ist einfach ein Traum &#8211; Berge, Gr\u00fcn und Blumen so weit das Auge reicht. Die sogenannten Levadas sind \u00fcbrigens k\u00fcnstliche Wasserl\u00e4ufe, die seit dem 15. Jahrhundert bestehen. Sie leiten Wasser von den regenreichen Gebirgsz\u00fcgen Madeiras in die regen\u00e4rmeren Gebiete. Entlang dieser <strong>steinernen Kan\u00e4le<\/strong> gibt es viele Wanderwege &#8211; der eben genannte geh\u00f6rt zu den sch\u00f6nsten.<\/div><\/div><div class=\"legacy-fullwidth\"><div class=\"legacy-fusion-title\"><h2><strong>Fakt 3: Ein Paradies f\u00fcr Aktivurlauber<\/strong><\/h2><\/div><div class=\"legacy-fusion-text\">Eine solch <strong>spektakul\u00e4re Naturkulisse<\/strong> sowie das ganzj\u00e4hrig milde Klima sind wie geschaffen f\u00fcr <strong>unz\u00e4hlige Aktivit\u00e4ten im Freien<\/strong> und so kommen Aktivurlauber auf Madeira voll auf ihre Kosten.\u00a0Ob Mountainbiken, Bootfahren, Canyoning, Paragliding, Wandern, Tauchen, Surfen oder Trailrunning &#8211; hier gibt es Spa\u00df und Herausforderung f\u00fcr alle.<\/p>\n<p><strong>Taucher<\/strong> werden sich \u00fcber das bizarre Vulkangestein und die zahlreichen, bunten Fische freuen, die sie hier vorfinden. Auf der S\u00fcdseite Madeiras befindet sich \u00fcbrigens ein <strong>Unterwasser-Nationalpark<\/strong>, der eine besonders reiche Artenvielfalt beherbergt. Dort kann man mit Rochen, Papageienfischen, Robben und mehr tauchen.<\/p>\n<p>Ein Traumziel ist <a href=\"https:\/\/www.tui.at\/pauschalreisen\/portugal\/madeira\/\" target=\"_blank\" rel=\"noopener noreferrer\">Madeira<\/a> definitiv auch f\u00fcr <strong>Wanderer<\/strong> &#8211; hier lassen sich unz\u00e4hlige Berge besteigen. Sehr zu empfehlen ist, wie bereits erw\u00e4hnt, der Pico do Arieiro, der dritth\u00f6chste Berg der Insel. Von dort aus kann man noch weiter zum 1861 Meter hohen <strong>Pico Ruivo<\/strong> wandern. Ebenfalls ans Herz gelegt sei euch das <strong>Cabo Girao<\/strong> &#8211; das Kap der Umkehr. Es z\u00e4hlt zu den <strong>h\u00f6chsten Steilklippen Europas<\/strong>. Der Blick, den man von der gl\u00e4sernen Aussichtsplattform aus genie\u00dft ist eine Wucht!<\/div><\/div><div class=\"legacy-row\"><div class=\"one-half\"><div class=\"legacy-fusion-text\"><img loading=\"lazy\" decoding=\"async\" class=\"alignnone size-medium wp-image-22952\" src=\"https:\/\/www.tui.at\/blog\/wp-content\/uploads\/2021\/05\/Madeira_Mar_036\u00a9Andre-Carvalho.jpg\" alt=\"\" width=\"615\" height=\"492\" \/><\/div><\/div><div class=\"one-half\"><div class=\"legacy-fusion-text\"><img loading=\"lazy\" decoding=\"async\" class=\"alignnone size-medium wp-image-22959\" src=\"https:\/\/www.tui.at\/blog\/wp-content\/uploads\/2021\/05\/Madeira031Henrique-Seruca.jpg\" alt=\"\" width=\"615\" height=\"492\" \/><\/div><\/div><\/div><div class=\"legacy-row\"><div class=\"one-half\"><div class=\"legacy-fusion-text\"><img loading=\"lazy\" decoding=\"async\" class=\"alignnone size-medium wp-image-22955\" src=\"https:\/\/www.tui.at\/blog\/wp-content\/uploads\/2021\/05\/shutterstock_177217106_Madeira_Wandern.jpg\" alt=\"\" width=\"615\" height=\"492\" \/><\/div><\/div><div class=\"one-half\"><div class=\"legacy-fusion-text\"><img loading=\"lazy\" decoding=\"async\" class=\"alignnone size-medium wp-image-22954\" src=\"https:\/\/www.tui.at\/blog\/wp-content\/uploads\/2021\/05\/Madeira027Henrique-Seruca.jpg\" alt=\"\" width=\"615\" height=\"492\" \/><\/div><\/div><\/div><div class=\"legacy-fullwidth\"><div class=\"legacy-fusion-title\"><h2><strong>Fakt 4: Bl\u00fchende St\u00e4dte<\/strong><\/h2><\/div><div class=\"legacy-fusion-text\">Beginnen wir mit der <strong>Hauptstadt<\/strong> Madeiras &#8211; <strong>Funchal<\/strong>. M\u00fcssten wir sie mit nur einem Wort beschreiben, w\u00e4re das wohl <strong>bezaubernd<\/strong>. Pr\u00e4chtige Blumen und B\u00e4ume sowie bunte Malereien pr\u00e4gen das Stadtbild. In den s\u00fc\u00dfen Gassen der <strong>wundersch\u00f6nen Altstadt<\/strong> vergisst man beim Herumschlendern schnell mal die Zeit.<\/p>\n<p>Unbedingt besuchen sollte man den <strong>Mercado dos Lavradores<\/strong>. Auf dem Markt findet man neben Blumen und Souvenirs unz\u00e4hlige Sorten an bunten, leckeren Fr\u00fcchten. F\u00fcr ihr <strong>reiches Angebot an Fr\u00fcchten<\/strong> ist Madeira, neben ihren Blumen, ber\u00fchmt. Von vielen hast du bestimmt noch nie geh\u00f6rt, geschweige denn sie probiert. Allein Maracujas gibt es auf Madeira schon acht verschiedene Sorten, wie z.B. die Tomaten-Maracuja oder die Bananenmaracuja.<\/p>\n<p>Von Funchal ist es nicht weit in die Stadt <strong>Monte<\/strong>. Am besten legt man die Strecke mit der <strong>Seilbahn<\/strong> zur\u00fcck. Die Gondelfahrt dauert 10 Minuten und man genie\u00dft dabei einen tollen <strong>Blick \u00fcber Funchal<\/strong>. Ber\u00fchmt ist das h\u00fcbsche St\u00e4dtchen Monte f\u00fcr die <strong>Kirche Senhora do Monte<\/strong> und den pr\u00e4chtigen, <strong>botanischen Garten Jardim do Monte Palace<\/strong>.<\/p>\n<p>Die R\u00fcckreise nach Funchal tritt man am besten mit einem Gef\u00e4hrt an, f\u00fcr das Madeira ebenfalls ber\u00fchmt ist &#8211; dem <strong>Korbschlitten<\/strong>. Sich damit den Berg hinunterkutschieren zu lassen macht Spa\u00df und geh\u00f6rt zum Madeira Urlaub wie die Butter auf&#8217;s Brot.<\/div><\/div><div class=\"legacy-row\"><div class=\"one-half\"><div class=\"legacy-fusion-text\"><img loading=\"lazy\" decoding=\"async\" class=\"alignnone size-medium wp-image-22958\" src=\"https:\/\/www.tui.at\/blog\/wp-content\/uploads\/2021\/05\/shutterstock_419493172_Madeira.jpg\" alt=\"\" width=\"615\" height=\"492\" \/><\/div><\/div><div class=\"one-half\"><div class=\"legacy-fusion-text\"><img loading=\"lazy\" decoding=\"async\" class=\"alignnone size-medium wp-image-22956\" src=\"https:\/\/www.tui.at\/blog\/wp-content\/uploads\/2021\/05\/shutterstock_279156047_Madeira_BunteFruechte.jpg\" alt=\"\" width=\"615\" height=\"492\" \/><\/div><\/div><\/div><div class=\"legacy-fullwidth\"><div class=\"legacy-fusion-title\"><h2><strong>4 extra Tipps<\/strong><\/h2><\/div><div class=\"legacy-fusion-text\">Last but not least gibt&#8217;s noch, wie versprochen, <strong>vier extra Tipps<\/strong> f\u00fcr deinen <a href=\"https:\/\/blog.tui.at\/madeira-highlights-die-7-schoensten-plaetze-auf-madeira\/\" target=\"_blank\" rel=\"noopener noreferrer\">Madeira<\/a> Besuch.<\/p>\n<ol>\n<li>Bootsausflug samt Schwimmen mit Delphinen<\/li>\n<li>Sonnenuntergang in Paul do Mar<\/li>\n<li>Lokales Essen und Wein genie\u00dfen &#8211; unbedingt auch das Nationalgetr\u00e4nk Poncha probieren<\/li>\n<li>Ausflug zur Insel Porto Santo mit ihrem 9 km langen Sandstrand<\/li>\n<\/ol>\n<p>Eines k\u00f6nnen wir auf jeden Fall versprechen &#8211; langweilig wird dir bei einem Urlaub auf Madeira bestimmt nicht. Die Insel hat einfach unglaublich viel zu bieten.<\/p>\n<p>Und, Lust auf Madeira bekommen? Auf <a href=\"https:\/\/www.tui.at\/pauschalreisen\/portugal\/madeira\/\" target=\"_blank\" rel=\"noopener noreferrer\">www.tui.at\/pauschalreisen\/portugal\/madeira<\/a> findest du jede Menge weitere <strong>Infos<\/strong>, sowie <strong>Hotelangebote<\/strong> und mehr f\u00fcr deinen <strong>perfekten Urlaub auf Madeira<\/strong>.<\/p>\n<p>PS: Von 1. Juli bis 28. Oktober 2021 fliegst du <strong>non-stop von Wien nach Madeira<\/strong>. Mehr Infos gibt&#8217;s <a href=\"https:\/\/www.tui.at\/pauschalreisen\/portugal\/madeira\/\" target=\"_blank\" rel=\"noopener noreferrer\">hier<\/a>.<\/p>\n<p>Sch\u00f6nen Urlaub! \ud83d\ude42<\/div><\/div><\/p>\n","protected":false},"excerpt":{"rendered":"<p>Du wolltest schon immer mehr \u00fcber die wundersch\u00f6ne Insel Madeira erfahren?! Here we go &#8211; wir liefern dir 4\u00a0Fakten zu Madeira, die du kennen solltest sowie unsere 4\u00a0Tipps f\u00fcr einen Besuch der Trauminsel.<\/p>\n<p>Aber Vorsicht! Wir \u00fcbernehmen keine Verantwortung f\u00fcr unb\u00e4ndige Urlaubslust, die beim Lesen dieses Beitrags garantiert aufkommen wird. Madeira ist einfach paradiesisch &#8211; \u00fcberzeug&#8216; dich selbst. \ud83d\ude09<\/p>\n","protected":false},"author":234,"featured_media":488623,"comment_status":"open","ping_status":"closed","sticky":false,"template":"","format":"standard","meta":{"_acf_changed":false,"footnotes":""},"categories":[5148],"tags":[5048,5049,5053,4892,5010,5054,4895,4978,4926,4849,4879,5051],"class_list":["post-488622","post","type-post","status-publish","format-standard","has-post-thumbnail","hentry","category-archiv-aktivurlaub","tag-abenteuer","tag-abwechslung","tag-aktivurlaub","tag-insidertipps","tag-madeira","tag-natur","tag-reisen","tag-reisetipps","tag-tipps","tag-tui","tag-urlaub","tag-wandern"],"acf":[],"yoast_head":"<!-- This site is optimized with the Yoast SEO plugin v27.4 - https:\/\/yoast.com\/product\/yoast-seo-wordpress\/ -->\n<title>4 Fakten \u00fcber Madeira - TUI.at Reiseblog<\/title>\n<meta name=\"description\" content=\"Du wolltest schon immer mehr \u00fcber Madeira wissen? 4\u00a0Fakten, die du kennen solltest sowie unsere 4\u00a0Tipps f\u00fcr einen Besuch der Trauminsel Madeira.\" \/>\n<meta name=\"robots\" content=\"index, follow, max-snippet:-1, max-image-preview:large, max-video-preview:-1\" \/>\n<link rel=\"canonical\" href=\"https:\/\/www.tui.at\/blog\/4faktenuebermadeira\/\" \/>\n<meta property=\"og:locale\" content=\"de_DE\" \/>\n<meta property=\"og:type\" content=\"article\" \/>\n<meta property=\"og:title\" content=\"4 Fakten \u00fcber Madeira - TUI.at Reiseblog\" \/>\n<meta property=\"og:description\" content=\"Du wolltest schon immer mehr \u00fcber Madeira wissen? 4\u00a0Fakten, die du kennen solltest sowie unsere 4\u00a0Tipps f\u00fcr einen Besuch der Trauminsel Madeira.\" \/>\n<meta property=\"og:url\" content=\"https:\/\/www.tui.at\/blog\/4faktenuebermadeira\/\" \/>\n<meta property=\"og:site_name\" content=\"TUI.at Reiseblog\" \/>\n<meta property=\"article:published_time\" content=\"2021-06-01T07:28:51+00:00\" \/>\n<meta property=\"article:modified_time\" content=\"2025-10-24T09:39:30+00:00\" \/>\n<meta property=\"og:image\" content=\"https:\/\/www.tui.at\/blog\/wp-content\/uploads\/2021\/05\/Titelbild-Madeira013Henrique-Seruca.jpg\" \/>\n\t<meta property=\"og:image:width\" content=\"1600\" \/>\n\t<meta property=\"og:image:height\" content=\"584\" \/>\n\t<meta property=\"og:image:type\" content=\"image\/jpeg\" \/>\n<meta name=\"author\" content=\"Katharina\" \/>\n<meta name=\"twitter:card\" content=\"summary_large_image\" \/>\n<meta name=\"twitter:label1\" content=\"Verfasst von\" \/>\n\t<meta name=\"twitter:data1\" content=\"Katharina\" \/>\n\t<meta name=\"twitter:label2\" content=\"Gesch\u00e4tzte Lesezeit\" \/>\n\t<meta name=\"twitter:data2\" content=\"9\u00a0Minuten\" \/>\n<script type=\"application\/ld+json\" class=\"yoast-schema-graph\">{\"@context\":\"https:\\\/\\\/schema.org\",\"@graph\":[{\"@type\":\"BlogPosting\",\"@id\":\"https:\\\/\\\/www.tui.at\\\/blog\\\/4faktenuebermadeira\\\/#article\",\"isPartOf\":{\"@id\":\"https:\\\/\\\/www.tui.at\\\/blog\\\/4faktenuebermadeira\\\/\"},\"author\":{\"name\":\"Katharina\",\"@id\":\"https:\\\/\\\/www.tui.at\\\/blog\\\/#\\\/schema\\\/person\\\/fdfb8312f4aab39c129f4ade42aa1c44\"},\"headline\":\"4 Fakten \u00fcber Madeira\",\"datePublished\":\"2021-06-01T07:28:51+00:00\",\"dateModified\":\"2025-10-24T09:39:30+00:00\",\"mainEntityOfPage\":{\"@id\":\"https:\\\/\\\/www.tui.at\\\/blog\\\/4faktenuebermadeira\\\/\"},\"wordCount\":1714,\"commentCount\":0,\"publisher\":{\"@id\":\"https:\\\/\\\/www.tui.at\\\/blog\\\/#organization\"},\"image\":{\"@id\":\"https:\\\/\\\/www.tui.at\\\/blog\\\/4faktenuebermadeira\\\/#primaryimage\"},\"thumbnailUrl\":\"https:\\\/\\\/www.tui.at\\\/blog\\\/wp-content\\\/uploads\\\/2021\\\/05\\\/Titelbild-Madeira013Henrique-Seruca.jpg\",\"keywords\":[\"Abenteuer\",\"Abwechslung\",\"Aktivurlaub\",\"Insidertipps\",\"Madeira\",\"Natur\",\"Reisen\",\"Reisetipps\",\"Tipps\",\"TUI\",\"Urlaub\",\"Wandern\"],\"articleSection\":[\"Aktivurlaub\"],\"inLanguage\":\"de\",\"potentialAction\":[{\"@type\":\"CommentAction\",\"name\":\"Comment\",\"target\":[\"https:\\\/\\\/www.tui.at\\\/blog\\\/4faktenuebermadeira\\\/#respond\"]}]},{\"@type\":\"WebPage\",\"@id\":\"https:\\\/\\\/www.tui.at\\\/blog\\\/4faktenuebermadeira\\\/\",\"url\":\"https:\\\/\\\/www.tui.at\\\/blog\\\/4faktenuebermadeira\\\/\",\"name\":\"4 Fakten \u00fcber Madeira - TUI.at Reiseblog\",\"isPartOf\":{\"@id\":\"https:\\\/\\\/www.tui.at\\\/blog\\\/#website\"},\"primaryImageOfPage\":{\"@id\":\"https:\\\/\\\/www.tui.at\\\/blog\\\/4faktenuebermadeira\\\/#primaryimage\"},\"image\":{\"@id\":\"https:\\\/\\\/www.tui.at\\\/blog\\\/4faktenuebermadeira\\\/#primaryimage\"},\"thumbnailUrl\":\"https:\\\/\\\/www.tui.at\\\/blog\\\/wp-content\\\/uploads\\\/2021\\\/05\\\/Titelbild-Madeira013Henrique-Seruca.jpg\",\"datePublished\":\"2021-06-01T07:28:51+00:00\",\"dateModified\":\"2025-10-24T09:39:30+00:00\",\"description\":\"Du wolltest schon immer mehr \u00fcber Madeira wissen? 4\u00a0Fakten, die du kennen solltest sowie unsere 4\u00a0Tipps f\u00fcr einen Besuch der Trauminsel Madeira.\",\"breadcrumb\":{\"@id\":\"https:\\\/\\\/www.tui.at\\\/blog\\\/4faktenuebermadeira\\\/#breadcrumb\"},\"inLanguage\":\"de\",\"potentialAction\":[{\"@type\":\"ReadAction\",\"target\":[\"https:\\\/\\\/www.tui.at\\\/blog\\\/4faktenuebermadeira\\\/\"]}]},{\"@type\":\"ImageObject\",\"inLanguage\":\"de\",\"@id\":\"https:\\\/\\\/www.tui.at\\\/blog\\\/4faktenuebermadeira\\\/#primaryimage\",\"url\":\"https:\\\/\\\/www.tui.at\\\/blog\\\/wp-content\\\/uploads\\\/2021\\\/05\\\/Titelbild-Madeira013Henrique-Seruca.jpg\",\"contentUrl\":\"https:\\\/\\\/www.tui.at\\\/blog\\\/wp-content\\\/uploads\\\/2021\\\/05\\\/Titelbild-Madeira013Henrique-Seruca.jpg\",\"width\":1600,\"height\":584},{\"@type\":\"BreadcrumbList\",\"@id\":\"https:\\\/\\\/www.tui.at\\\/blog\\\/4faktenuebermadeira\\\/#breadcrumb\",\"itemListElement\":[{\"@type\":\"ListItem\",\"position\":1,\"name\":\"Startseite\",\"item\":\"https:\\\/\\\/www.tui.at\\\/blog\\\/\"},{\"@type\":\"ListItem\",\"position\":2,\"name\":\"4 Fakten \u00fcber Madeira\"}]},{\"@type\":\"WebSite\",\"@id\":\"https:\\\/\\\/www.tui.at\\\/blog\\\/#website\",\"url\":\"https:\\\/\\\/www.tui.at\\\/blog\\\/\",\"name\":\"TUI.at Reiseblog\",\"description\":\"Inspirationen f\u00fcr den perfekten Urlaub\",\"publisher\":{\"@id\":\"https:\\\/\\\/www.tui.at\\\/blog\\\/#organization\"},\"potentialAction\":[{\"@type\":\"SearchAction\",\"target\":{\"@type\":\"EntryPoint\",\"urlTemplate\":\"https:\\\/\\\/www.tui.at\\\/blog\\\/?s={search_term_string}\"},\"query-input\":{\"@type\":\"PropertyValueSpecification\",\"valueRequired\":true,\"valueName\":\"search_term_string\"}}],\"inLanguage\":\"de\"},{\"@type\":\"Organization\",\"@id\":\"https:\\\/\\\/www.tui.at\\\/blog\\\/#organization\",\"name\":\"TUI.at Reiseblog\",\"url\":\"https:\\\/\\\/www.tui.at\\\/blog\\\/\",\"logo\":{\"@type\":\"ImageObject\",\"inLanguage\":\"de\",\"@id\":\"https:\\\/\\\/www.tui.at\\\/blog\\\/#\\\/schema\\\/logo\\\/image\\\/\",\"url\":\"https:\\\/\\\/www.tui.at\\\/blog\\\/wp-content\\\/uploads\\\/2025\\\/09\\\/cropped-tui-logo-3.webp\",\"contentUrl\":\"https:\\\/\\\/www.tui.at\\\/blog\\\/wp-content\\\/uploads\\\/2025\\\/09\\\/cropped-tui-logo-3.webp\",\"width\":164,\"height\":72,\"caption\":\"TUI.at Reiseblog\"},\"image\":{\"@id\":\"https:\\\/\\\/www.tui.at\\\/blog\\\/#\\\/schema\\\/logo\\\/image\\\/\"}},{\"@type\":\"Person\",\"@id\":\"https:\\\/\\\/www.tui.at\\\/blog\\\/#\\\/schema\\\/person\\\/fdfb8312f4aab39c129f4ade42aa1c44\",\"name\":\"Katharina\",\"url\":\"https:\\\/\\\/www.tui.at\\\/blog\\\/author\\\/katharina-sailnberger\\\/\"}]}<\/script>\n<!-- \/ Yoast SEO plugin. -->","yoast_head_json":{"title":"4 Fakten \u00fcber Madeira - TUI.at Reiseblog","description":"Du wolltest schon immer mehr \u00fcber Madeira wissen? 4\u00a0Fakten, die du kennen solltest sowie unsere 4\u00a0Tipps f\u00fcr einen Besuch der Trauminsel Madeira.","robots":{"index":"index","follow":"follow","max-snippet":"max-snippet:-1","max-image-preview":"max-image-preview:large","max-video-preview":"max-video-preview:-1"},"canonical":"https:\/\/www.tui.at\/blog\/4faktenuebermadeira\/","og_locale":"de_DE","og_type":"article","og_title":"4 Fakten \u00fcber Madeira - TUI.at Reiseblog","og_description":"Du wolltest schon immer mehr \u00fcber Madeira wissen? 4\u00a0Fakten, die du kennen solltest sowie unsere 4\u00a0Tipps f\u00fcr einen Besuch der Trauminsel Madeira.","og_url":"https:\/\/www.tui.at\/blog\/4faktenuebermadeira\/","og_site_name":"TUI.at Reiseblog","article_published_time":"2021-06-01T07:28:51+00:00","article_modified_time":"2025-10-24T09:39:30+00:00","og_image":[{"width":1600,"height":584,"url":"https:\/\/www.tui.at\/blog\/wp-content\/uploads\/2021\/05\/Titelbild-Madeira013Henrique-Seruca.jpg","type":"image\/jpeg"}],"author":"Katharina","twitter_card":"summary_large_image","twitter_misc":{"Verfasst von":"Katharina","Gesch\u00e4tzte Lesezeit":"9\u00a0Minuten"},"schema":{"@context":"https:\/\/schema.org","@graph":[{"@type":"BlogPosting","@id":"https:\/\/www.tui.at\/blog\/4faktenuebermadeira\/#article","isPartOf":{"@id":"https:\/\/www.tui.at\/blog\/4faktenuebermadeira\/"},"author":{"name":"Katharina","@id":"https:\/\/www.tui.at\/blog\/#\/schema\/person\/fdfb8312f4aab39c129f4ade42aa1c44"},"headline":"4 Fakten \u00fcber Madeira","datePublished":"2021-06-01T07:28:51+00:00","dateModified":"2025-10-24T09:39:30+00:00","mainEntityOfPage":{"@id":"https:\/\/www.tui.at\/blog\/4faktenuebermadeira\/"},"wordCount":1714,"commentCount":0,"publisher":{"@id":"https:\/\/www.tui.at\/blog\/#organization"},"image":{"@id":"https:\/\/www.tui.at\/blog\/4faktenuebermadeira\/#primaryimage"},"thumbnailUrl":"https:\/\/www.tui.at\/blog\/wp-content\/uploads\/2021\/05\/Titelbild-Madeira013Henrique-Seruca.jpg","keywords":["Abenteuer","Abwechslung","Aktivurlaub","Insidertipps","Madeira","Natur","Reisen","Reisetipps","Tipps","TUI","Urlaub","Wandern"],"articleSection":["Aktivurlaub"],"inLanguage":"de","potentialAction":[{"@type":"CommentAction","name":"Comment","target":["https:\/\/www.tui.at\/blog\/4faktenuebermadeira\/#respond"]}]},{"@type":"WebPage","@id":"https:\/\/www.tui.at\/blog\/4faktenuebermadeira\/","url":"https:\/\/www.tui.at\/blog\/4faktenuebermadeira\/","name":"4 Fakten \u00fcber Madeira - TUI.at Reiseblog","isPartOf":{"@id":"https:\/\/www.tui.at\/blog\/#website"},"primaryImageOfPage":{"@id":"https:\/\/www.tui.at\/blog\/4faktenuebermadeira\/#primaryimage"},"image":{"@id":"https:\/\/www.tui.at\/blog\/4faktenuebermadeira\/#primaryimage"},"thumbnailUrl":"https:\/\/www.tui.at\/blog\/wp-content\/uploads\/2021\/05\/Titelbild-Madeira013Henrique-Seruca.jpg","datePublished":"2021-06-01T07:28:51+00:00","dateModified":"2025-10-24T09:39:30+00:00","description":"Du wolltest schon immer mehr \u00fcber Madeira wissen? 4\u00a0Fakten, die du kennen solltest sowie unsere 4\u00a0Tipps f\u00fcr einen Besuch der Trauminsel Madeira.","breadcrumb":{"@id":"https:\/\/www.tui.at\/blog\/4faktenuebermadeira\/#breadcrumb"},"inLanguage":"de","potentialAction":[{"@type":"ReadAction","target":["https:\/\/www.tui.at\/blog\/4faktenuebermadeira\/"]}]},{"@type":"ImageObject","inLanguage":"de","@id":"https:\/\/www.tui.at\/blog\/4faktenuebermadeira\/#primaryimage","url":"https:\/\/www.tui.at\/blog\/wp-content\/uploads\/2021\/05\/Titelbild-Madeira013Henrique-Seruca.jpg","contentUrl":"https:\/\/www.tui.at\/blog\/wp-content\/uploads\/2021\/05\/Titelbild-Madeira013Henrique-Seruca.jpg","width":1600,"height":584},{"@type":"BreadcrumbList","@id":"https:\/\/www.tui.at\/blog\/4faktenuebermadeira\/#breadcrumb","itemListElement":[{"@type":"ListItem","position":1,"name":"Startseite","item":"https:\/\/www.tui.at\/blog\/"},{"@type":"ListItem","position":2,"name":"4 Fakten \u00fcber Madeira"}]},{"@type":"WebSite","@id":"https:\/\/www.tui.at\/blog\/#website","url":"https:\/\/www.tui.at\/blog\/","name":"TUI.at Reiseblog","description":"Inspirationen f\u00fcr den perfekten Urlaub","publisher":{"@id":"https:\/\/www.tui.at\/blog\/#organization"},"potentialAction":[{"@type":"SearchAction","target":{"@type":"EntryPoint","urlTemplate":"https:\/\/www.tui.at\/blog\/?s={search_term_string}"},"query-input":{"@type":"PropertyValueSpecification","valueRequired":true,"valueName":"search_term_string"}}],"inLanguage":"de"},{"@type":"Organization","@id":"https:\/\/www.tui.at\/blog\/#organization","name":"TUI.at Reiseblog","url":"https:\/\/www.tui.at\/blog\/","logo":{"@type":"ImageObject","inLanguage":"de","@id":"https:\/\/www.tui.at\/blog\/#\/schema\/logo\/image\/","url":"https:\/\/www.tui.at\/blog\/wp-content\/uploads\/2025\/09\/cropped-tui-logo-3.webp","contentUrl":"https:\/\/www.tui.at\/blog\/wp-content\/uploads\/2025\/09\/cropped-tui-logo-3.webp","width":164,"height":72,"caption":"TUI.at Reiseblog"},"image":{"@id":"https:\/\/www.tui.at\/blog\/#\/schema\/logo\/image\/"}},{"@type":"Person","@id":"https:\/\/www.tui.at\/blog\/#\/schema\/person\/fdfb8312f4aab39c129f4ade42aa1c44","name":"Katharina","url":"https:\/\/www.tui.at\/blog\/author\/katharina-sailnberger\/"}]}},"_links":{"self":[{"href":"https:\/\/www.tui.at\/blog\/wp-json\/wp\/v2\/posts\/488622","targetHints":{"allow":["GET"]}}],"collection":[{"href":"https:\/\/www.tui.at\/blog\/wp-json\/wp\/v2\/posts"}],"about":[{"href":"https:\/\/www.tui.at\/blog\/wp-json\/wp\/v2\/types\/post"}],"author":[{"embeddable":true,"href":"https:\/\/www.tui.at\/blog\/wp-json\/wp\/v2\/users\/234"}],"replies":[{"embeddable":true,"href":"https:\/\/www.tui.at\/blog\/wp-json\/wp\/v2\/comments?post=488622"}],"version-history":[{"count":1,"href":"https:\/\/www.tui.at\/blog\/wp-json\/wp\/v2\/posts\/488622\/revisions"}],"predecessor-version":[{"id":490260,"href":"https:\/\/www.tui.at\/blog\/wp-json\/wp\/v2\/posts\/488622\/revisions\/490260"}],"wp:featuredmedia":[{"embeddable":true,"href":"https:\/\/www.tui.at\/blog\/wp-json\/wp\/v2\/media\/488623"}],"wp:attachment":[{"href":"https:\/\/www.tui.at\/blog\/wp-json\/wp\/v2\/media?parent=488622"}],"wp:term":[{"taxonomy":"category","embeddable":true,"href":"https:\/\/www.tui.at\/blog\/wp-json\/wp\/v2\/categories?post=488622"},{"taxonomy":"post_tag","embeddable":true,"href":"https:\/\/www.tui.at\/blog\/wp-json\/wp\/v2\/tags?post=488622"}],"curies":[{"name":"wp","href":"https:\/\/api.w.org\/{rel}","templated":true}]}}