{"id":488426,"date":"2020-08-12T14:04:42","date_gmt":"2020-08-12T12:04:42","guid":{"rendered":"https:\/\/www.tui.at\/blog\/kreta-travelling-2020-new-rules-new-experiences\/"},"modified":"2025-10-24T11:39:29","modified_gmt":"2025-10-24T09:39:29","slug":"kreta-travelling-2020","status":"publish","type":"post","link":"https:\/\/www.tui.at\/blog\/kreta-travelling-2020\/","title":{"rendered":"KRETA TRAVELLING 2020: new rules, new experiences"},"content":{"rendered":"<div class=\"legacy-fullwidth\"><div class=\"legacy-fusion-title\"><h2>Auf nach Kreta!<\/h2><\/div><div class=\"legacy-fusion-text\">Wie ihr mitbekommen habt, waren wir Anfang Juli auf Kreta.<br \/>\nEinige von euch wollten wissen, wie der Urlaub in Zeiten von Corona, f\u00fcr uns war. Als wir von TUI zu der Reise auf die <a href=\"https:\/\/www.tui.at\/pauschalreisen\/griechenland\/kreta\/\" target=\"_blank\" rel=\"noopener noreferrer\">Insel Kreta<\/a> eingeladen wurden, folgten nach der Vorfreude nat\u00fcrlich auch die ersten Bedenken.<\/div><\/div>\n\n\n<div class=\"legacy-fullwidth\"><div class=\"legacy-fusion-title\"><h2>Erste Bedenken<\/h2><\/div><div class=\"legacy-row\"><div class=\"one-half\"><div class=\"legacy-fusion-text\">Will man \u00d6sterreich 2020 wirklich verlassen?\nIst man in dem Land, welches man bereisen will, sicher? Was erwartet uns dort wenn die 2. Welle ausbricht? Sind wir verantwortungslos unseren Kindern gegen\u00fcber?\nAll diese Fragen haben sich auch viele von euch gestellt und darum werde ich in diesem Blogbeitrag einige eurer Fragen beantworten und vielleicht so dem ein oder anderen die Bedenken nehmen.\nVor der Abreise haben wir uns genau \u00fcber die Situation im Land informiert und viel mit unserer Familie &amp; unseren Freunden dar\u00fcber gesprochen. Schon nach kurzer Zeit waren dann alle Sorgen aus dem Weg ger\u00e4umt und wir konnten es kaum erwarten, bis die Reise endlich losging.<\/div><\/div><div class=\"one-half\"><div class=\"legacy-fusion-text\"><img loading=\"lazy\" decoding=\"async\" class=\"alignnone wp-image-22184 size-medium\" src=\"https:\/\/www.tui.at\/blog\/wp-content\/uploads\/2020\/08\/IMG_1802-e1597228425743.jpg\" alt=\"Flugzeug\" width=\"517\" height=\"615\" \/><\/div><\/div><\/div><\/div>\n\n\n<div class=\"legacy-fullwidth\"><div class=\"legacy-fusion-title\"><h2>Reisen in Corona-Zeiten<\/h2><\/div><div class=\"legacy-row\"><div class=\"one-half\"><div class=\"legacy-fusion-text\">Nat\u00fcrlich sieht Reisen in diesem Jahr ganz anders aus, aber wir haben uns bei all den Sicherheitsma\u00dfnahmen wirklich niemals unwohl oder \u201egef\u00e4hrdet\u201c gef\u00fchlt. Sowohl in Wien als auch am Flughafen Heraklion wurden alle n\u00f6tigen Vorkehrungen getroffen, um die Reisenden so gut wie m\u00f6glich zu sch\u00fctzen.\nEin entsprechendes Formular mussten wir bereits vor Anreise (sp\u00e4testens 48h vorher) online ausf\u00fcllen um so einen QR-Code f\u00fcr die Einreise zu erhalten. Sowohl auf dem Flughafen, als auch im Flugzeug herrschte Maskenp\ufb02icht, Desinfektionsmittel waren \u00fcberall greifbar und auf den n\u00f6tigen Sicherheitsabstand haben sowohl Reisende, als auch das Flughafenpersonal akribisch geachtet.<\/div><\/div><div class=\"one-half\"><div class=\"legacy-fusion-text\"><img loading=\"lazy\" decoding=\"async\" class=\"alignnone wp-image-22183\" src=\"https:\/\/www.tui.at\/blog\/wp-content\/uploads\/2020\/08\/IMG_1801-e1597228487141.jpg\" alt=\"Flughafen\" width=\"400\" height=\"461\" \/><\/div><\/div><\/div><div class=\"legacy-row\"><div class=\"one-half\"><div class=\"legacy-fusion-text\"><img loading=\"lazy\" decoding=\"async\" class=\"wp-image-22182 aligncenter\" src=\"https:\/\/www.tui.at\/blog\/wp-content\/uploads\/2020\/08\/IMG_1799-scaled.jpg\" alt=\"Familienfoto im Flugzeug\" width=\"300\" height=\"399\" \/><\/div><\/div><div class=\"one-half\"><div class=\"legacy-fusion-text\">Nach der Landung in Heraklion durften die Passagiere nur geordnet, nach Sitzplatzreihe aussteigen, damit kein Stau entsteht. Am Flughafen Heraklion wurden manche stichprobenartig auf Corona getestet. Strenge Sicherheitsvorkehrungen gab es auch in den \u00f6ffentlichen Verkehrsmitteln zum Hotel sowie in der Hotelanlage des<a href=\"https:\/\/www.tui.at\/hotels\/tui-kids-club-fodele-beach-6304\/hotelinformation\/\" target=\"_blank\" rel=\"noopener noreferrer\"> KIDS CLUB Fodele Beach *****<\/a> .<\/div><\/div><\/div><\/div>\n\n\n<div class=\"legacy-fullwidth\"><div class=\"legacy-fusion-title\"><h2>TUI Kids Club Fodele Beach Kreta<\/h2><\/div><div class=\"legacy-fusion-text\">Nachdem wir die Reise also gut \u00fcberstanden hatten, kamen wir abends im Hotel an und wie ihr gleich merken werdet, gerate ich sofort ins Schw\u00e4rmen. Ehrlicherweise waren wir uns anfangs gar nicht sicher ob ein \u201eAll Inclusive Urlaub\u201c das Richtige f\u00fcr uns sein wird, aber wir wurden schnell vom Gegenteil \u00fcberzeugt. Die Hotelanlage war au\u00dferordentlich sch\u00f6n und hat alles geboten was f\u00fcr uns Entspannung und f\u00fcr die Kinder jede Menge Spa\u00df bedeutete.<\/p>\n<p><\/div><div class=\"legacy-row\"><div class=\"one-half\"><div class=\"legacy-fusion-text\"><img loading=\"lazy\" decoding=\"async\" class=\"aligncenter wp-image-22161\" src=\"https:\/\/www.tui.at\/blog\/wp-content\/uploads\/2020\/08\/IMG_0981-e1597228606369.jpg\" alt=\"Sonnenliege Kreta\" width=\"300\" height=\"400\" \/><\/div><\/div><div class=\"one-half\"><div class=\"legacy-fusion-text\"><img loading=\"lazy\" decoding=\"async\" class=\"aligncenter wp-image-22174\" src=\"https:\/\/www.tui.at\/blog\/wp-content\/uploads\/2020\/08\/IMG_1655-scaled.jpg\" alt=\"Swimmingpool\" width=\"300\" height=\"400\" \/><\/div><\/div><\/div><\/div>\n\n\n<div class=\"legacy-fusion-text\">Unser Zimmer war wundersch\u00f6n, neu renoviert und im Boho-Stil eingerichtet &#8211; genau so wie wir es am liebsten haben. Dazu hatten wir einen traumhaften Meerblick. Die meiste Zeit verbrachten wir am hoteleigenen Strand, auf dem die Liegen in entsprechender Distanz aufgestellt waren. So konnte man immer den Sicherheitsabstand zu den anderen G\u00e4sten einhalten.<\/p>\n<p><\/div>\n\n\n<div class=\"legacy-row\"><div class=\"one-half\"><div class=\"legacy-fusion-text\"><img loading=\"lazy\" decoding=\"async\" class=\"aligncenter wp-image-22175\" src=\"https:\/\/www.tui.at\/blog\/wp-content\/uploads\/2020\/08\/IMG_1683-e1597228676679.jpg\" alt=\"Hotelzimmer\" width=\"300\" height=\"354\" \/><\/div><\/div>\n\n\n<div class=\"one-half\"><div class=\"legacy-fusion-text\"><img loading=\"lazy\" decoding=\"async\" class=\"aligncenter wp-image-22154\" src=\"https:\/\/www.tui.at\/blog\/wp-content\/uploads\/2020\/08\/8DF1E038-81EF-46AF-965E-237AC1A2457E-scaled.jpg\" alt=\"Insel Kreta\" width=\"300\" height=\"353\" \/><\/div><\/div><\/div>\n\n\n<div class=\"legacy-fullwidth\"><div class=\"legacy-fusion-title\"><h2>Im Restaurant<\/h2><\/div><div class=\"legacy-row\"><div class=\"one-half\"><div class=\"legacy-fusion-text\"><img loading=\"lazy\" decoding=\"async\" class=\"aligncenter wp-image-22202\" src=\"https:\/\/www.tui.at\/blog\/wp-content\/uploads\/2020\/08\/IMG_1812-scaled.jpg\" alt=\"Buffet\" width=\"360\" height=\"480\" \/><\/div><\/div><div class=\"one-half\"><div class=\"legacy-fusion-text\">Was de\ufb01nitiv am meisten \u00fcberrascht hat, waren die wirklich guten Restaurants. Neben dem klassischen Hotelrestaurant gab es zwei ausgezeichnete Themenrestaurants. Auch hier wurden alle n\u00f6tigen Hygienevorkehrungen getroffen. Aufgrund der aktuellen Situation war es nicht m\u00f6glich, sich selbst am Buffet zu bedienen. Stattdessen wurde das Essen hinter einer Glasscheibe von den K\u00f6chen zubereitet und den G\u00e4sten \u00fcberreicht.<\/div><div class=\"legacy-fusion-text\">Tische und St\u00fchle wurden sowohl vor als auch nach jedem Gast-Besuch desin\ufb01ziert. Ebenso wurde das Besteck ausschlie\u00dflich vom Service-Personal angerichtet. Das Personal trug immer Mund- und Nasenschutz. Wir haben uns daher auch im Restaurantbereich stets sehr wohl und vor allem sicher gef\u00fchlt.<\/div><\/div><\/div><div class=\"legacy-row\"><div class=\"one-half\"><div class=\"legacy-fusion-text\">Generell wurde hier in der gesamten Anlage immer auf absolute Sauberkeit geachtet, aber nie so, dass man sich unwohl gef\u00fchlt h\u00e4tte. Das Personal war sehr darauf bedacht so unaufdringlich wie m\u00f6glich zu wirken, um das Wohl der G\u00e4ste sicherzustellen. An dieser Stelle muss ich ein gro\u00dfes Lob an das gesamte Hotelpersonal aussprechen, die Freundlichkeit gegen\u00fcber den G\u00e4sten war einzigartig.<\/div><\/div><div class=\"one-half\"><div class=\"legacy-fusion-text\"><img loading=\"lazy\" decoding=\"async\" class=\"wp-image-22179 aligncenter\" src=\"https:\/\/www.tui.at\/blog\/wp-content\/uploads\/2020\/08\/IMG_1794-e1597228183543.jpg\" alt=\"Restaurant Fodele Beach\" width=\"240\" height=\"269\" \/><\/div><\/div><\/div><\/div>\n\n\n<div class=\"legacy-fullwidth\"><div class=\"legacy-fusion-title\"><h2>Tagesausflug<\/h2><\/div><div class=\"legacy-fusion-text\">Einen Tag wollten wir die sch\u00f6ne Hotelanlage dennoch verlassen, um Kreta etwas zu erkunden. Da wir unseren Tagesaus\ufb02ug \ufb02exibel gestalten wollten und alle n\u00f6tigen Utensilien wie Kinderw\u00e4gen, Verp\ufb02egung, Badesachen, etc. brauchten, haben wir uns dazu entschieden ein Mietauto zu buchen. Den Mietwagen hat uns die TUI Reiseleitung organisiert &#8211; sehr angenehm, da wir jeden Tag einen pers\u00f6nlichen Ansprechpartner von TUI im Hotel hatten, welcher sowohl Deutsch als auch Griechisch perfekt beherrschte.<\/p>\n<p>Unkompliziert hatten wir also ein Auto inkl. Kindersitzen gebucht, welches am n\u00e4chsten Tag um 8.00 Uhr vor dem Hotel f\u00fcr 24h bereitstand. Einfach herrlich! Das Auto selbst war ebenfalls frisch desin\ufb01ziert und gereinigt, genauso wie die Kindersitze.<\/div><div class=\"legacy-row\"><div class=\"one-half\"><div class=\"legacy-fusion-text\"><img loading=\"lazy\" decoding=\"async\" class=\"wp-image-22200 aligncenter\" src=\"https:\/\/www.tui.at\/blog\/wp-content\/uploads\/2020\/08\/IMG_0958-scaled.jpg\" alt=\"Tagesausflug Kreta\" width=\"300\" height=\"399\" \/><\/div><\/div><div class=\"one-half\"><div class=\"legacy-fusion-text\"><img loading=\"lazy\" decoding=\"async\" class=\"wp-image-22204 aligncenter\" src=\"https:\/\/www.tui.at\/blog\/wp-content\/uploads\/2020\/08\/IMG_1840-scaled.jpg\" alt=\"Kreta\" width=\"300\" height=\"400\" \/><\/div><\/div><\/div><\/div>\n\n\n<div class=\"legacy-fullwidth\"><div class=\"legacy-fusion-title\"><h2>Die Insel Kreta<\/h2><\/div><div class=\"legacy-fusion-text\">F\u00fcr unseren Tagesaus\ufb02ug sind wir gleich um 8.00 Uhr aufgebrochen und nach ca. 1,5h in Chania, einer wundersch\u00f6nen kleinen Hafenstadt, angekommen. Perfekt um ein wenig shoppen zu gehen, Sightseeing zu machen und eine Kleinigkeit in einem der vielen sch\u00f6nen Lokale zu essen. Danach ging es weiter an den Elafonisi Beach, einen der <a href=\"https:\/\/blog.tui.at\/die-top-4-straende-auf-kreta-tui-at-reiseblog\/\" target=\"_blank\" rel=\"noopener noreferrer\">sch\u00f6nsten Str\u00e4nde von Kreta<\/a>. Die 1,5h Fahrt von Chania vergingen schnell und die beiden Jungs haben wieder geschlafen &#8211; perfekt!<\/p>\n<p><\/div><div class=\"legacy-row\"><div class=\"one-half\"><div class=\"legacy-fusion-text\">Der Elafonisi Beach ist wirklich wundersch\u00f6n und absolut einen Aus\ufb02ug wert. Allerdings war es f\u00fcr uns mit den Kindern nicht ganz so entspannt wie wir anfangs gedacht haben. Speziell das viele Ein- und Auspacken mit Kinderw\u00e4gen, Badesachen, etc. war etwas aufw\u00e4ndig. Wir sind trotzdem froh, dass wir dort waren \ud83d\ude42\nAllerdings auch froh, dass wir dann die restlichen Tage wieder im Hotel und am eigenen Hotelstrand verbringen konnten. Mit Kindern ist das einfach viel entspannter so. Die dreist\u00fcndige Heimreise vom Elafonisi Beach zum Hotel sind wir ohne Halt durchgefahren, da wir relativ sp\u00e4t aufgebrochen sind.<\/div><\/div><div class=\"one-half\"><div class=\"legacy-fusion-text\"><img loading=\"lazy\" decoding=\"async\" class=\"alignnone wp-image-22165\" src=\"https:\/\/www.tui.at\/blog\/wp-content\/uploads\/2020\/08\/IMG_1171-e1597228777812.jpg\" alt=\"Sonnenbaden auf Kreta\" width=\"350\" height=\"412\" \/><\/div><\/div><\/div><\/div>\n\n\n\n<p><div class=\"legacy-fullwidth\"><\/div><div class=\"legacy-fusion-title\"><h2>2020 am Meer: Fazit<\/h2><\/div><div class=\"legacy-fusion-text\"><\/div>Wir konnten unseren Urlaub auf Kreta wirklich zu 100% genie\u00dfen. Wie man an den Bildern erkennen kann, hatten wir zudem jede Menge Spa\u00df mit den Kids. Unsere Bedenken, auch in 2020 ans Meer zu fahren, wurden komplett ausger\u00e4umt.<\/p>\n\n\n\r\n<div class=\"img-gal-block\">\r\n            <div class=\"img-gal-desktop\">\r\n            <div class=\"inner portrait\">\r\n                                    <div class=\"img-container \">\r\n                        <div class=\"img-inner\">\r\n                            <img decoding=\"async\" src=\"https:\/\/www.tui.at\/blog\/wp-content\/uploads\/2025\/10\/IMG_1551-461x615-1.jpg\" alt=\"\"\/>\r\n                                                    <\/div>\r\n                        <p>\r\n                                                    <\/p>\r\n                    <\/div>\r\n                                    <div class=\"img-container \">\r\n                        <div class=\"img-inner\">\r\n                            <img decoding=\"async\" src=\"https:\/\/www.tui.at\/blog\/wp-content\/uploads\/2025\/10\/IMG_0980-462x615-1.jpg\" alt=\"\"\/>\r\n                                                    <\/div>\r\n                        <p>\r\n                                                    <\/p>\r\n                    <\/div>\r\n                                    <div class=\"img-container \">\r\n                        <div class=\"img-inner\">\r\n                            <img decoding=\"async\" src=\"https:\/\/www.tui.at\/blog\/wp-content\/uploads\/2025\/10\/E38E810D-2C02-4CA0-8147-0962CD26CDD0-e1597240447322-458x615-1.jpg\" alt=\"\"\/>\r\n                                                    <\/div>\r\n                        <p>\r\n                                                    <\/p>\r\n                    <\/div>\r\n                            <\/div>\r\n        <\/div>\r\n\r\n        <div class=\"slides\" id=\"image-gal-slide\">\r\n                            <div>\r\n                    <img decoding=\"async\" src=\"https:\/\/www.tui.at\/blog\/wp-content\/uploads\/2025\/10\/IMG_1551-461x615-1.jpg\"\/>\r\n                    <div class=\"caption\">\r\n                        <p>\r\n                                                    <\/p>\r\n                    <\/div>\r\n                <\/div>\r\n                            <div>\r\n                    <img decoding=\"async\" src=\"https:\/\/www.tui.at\/blog\/wp-content\/uploads\/2025\/10\/IMG_0980-462x615-1.jpg\"\/>\r\n                    <div class=\"caption\">\r\n                        <p>\r\n                                                    <\/p>\r\n                    <\/div>\r\n                <\/div>\r\n                            <div>\r\n                    <img decoding=\"async\" src=\"https:\/\/www.tui.at\/blog\/wp-content\/uploads\/2025\/10\/E38E810D-2C02-4CA0-8147-0962CD26CDD0-e1597240447322-458x615-1.jpg\"\/>\r\n                    <div class=\"caption\">\r\n                        <p>\r\n                                                    <\/p>\r\n                    <\/div>\r\n                <\/div>\r\n                    <\/div>\r\n    <\/div>\r\n","protected":false},"excerpt":{"rendered":"<p>In diesem Beitrag erz\u00e4hlt die Bloggermami Carina K\u00f6berl von ihrem Familienurlaub im TUI KIDS CLUB Fodele Beach und \u00fcber das Reisen in Zeiten von Corona.<\/p>\n","protected":false},"author":224,"featured_media":488427,"comment_status":"open","ping_status":"closed","sticky":false,"template":"","format":"standard","meta":{"_acf_changed":false,"footnotes":""},"categories":[5146],"tags":[4851,4982,4981],"class_list":["post-488426","post","type-post","status-publish","format-standard","has-post-thumbnail","hentry","category-archiv-urlaub-am-meer","tag-griechenland","tag-griechische-insel","tag-kreta"],"acf":[],"yoast_head":"<!-- This site is optimized with the Yoast SEO plugin v27.4 - https:\/\/yoast.com\/product\/yoast-seo-wordpress\/ -->\n<title>KRETA TRAVELLING 2020: new rules, new experiences - TUI.at Reiseblog<\/title>\n<meta name=\"description\" content=\"Bloggermami Carina K\u00f6berl war mit unserem ersten Ferienflieger auf Kreta. In ihrem Blogbeitrag spricht sie \u00fcber Reisen in Corona-Zeiten.\" \/>\n<meta name=\"robots\" content=\"index, follow, max-snippet:-1, max-image-preview:large, max-video-preview:-1\" \/>\n<link rel=\"canonical\" href=\"https:\/\/www.tui.at\/blog\/kreta-travelling-2020\/\" \/>\n<meta property=\"og:locale\" content=\"de_DE\" \/>\n<meta property=\"og:type\" content=\"article\" \/>\n<meta property=\"og:title\" content=\"KRETA TRAVELLING 2020: new rules, new experiences - TUI.at Reiseblog\" \/>\n<meta property=\"og:description\" content=\"Bloggermami Carina K\u00f6berl war mit unserem ersten Ferienflieger auf Kreta. In ihrem Blogbeitrag spricht sie \u00fcber Reisen in Corona-Zeiten.\" \/>\n<meta property=\"og:url\" content=\"https:\/\/www.tui.at\/blog\/kreta-travelling-2020\/\" \/>\n<meta property=\"og:site_name\" content=\"TUI.at Reiseblog\" \/>\n<meta property=\"article:published_time\" content=\"2020-08-12T12:04:42+00:00\" \/>\n<meta property=\"article:modified_time\" content=\"2025-10-24T09:39:29+00:00\" \/>\n<meta property=\"og:image\" content=\"https:\/\/www.tui.at\/blog\/wp-content\/uploads\/2020\/08\/header5-scaled.jpg\" \/>\n\t<meta property=\"og:image:width\" content=\"2560\" \/>\n\t<meta property=\"og:image:height\" content=\"1707\" \/>\n\t<meta property=\"og:image:type\" content=\"image\/jpeg\" \/>\n<meta name=\"author\" content=\"Carina Pranz\" \/>\n<meta name=\"twitter:card\" content=\"summary_large_image\" \/>\n<meta name=\"twitter:label1\" content=\"Verfasst von\" \/>\n\t<meta name=\"twitter:data1\" content=\"Carina Pranz\" \/>\n\t<meta name=\"twitter:label2\" content=\"Gesch\u00e4tzte Lesezeit\" \/>\n\t<meta name=\"twitter:data2\" content=\"11\u00a0Minuten\" \/>\n<script type=\"application\/ld+json\" class=\"yoast-schema-graph\">{\"@context\":\"https:\\\/\\\/schema.org\",\"@graph\":[{\"@type\":\"BlogPosting\",\"@id\":\"https:\\\/\\\/www.tui.at\\\/blog\\\/kreta-travelling-2020\\\/#article\",\"isPartOf\":{\"@id\":\"https:\\\/\\\/www.tui.at\\\/blog\\\/kreta-travelling-2020\\\/\"},\"author\":{\"name\":\"Carina Pranz\",\"@id\":\"https:\\\/\\\/www.tui.at\\\/blog\\\/#\\\/schema\\\/person\\\/1e97ee0ed6542ec3218f14a201e6e698\"},\"headline\":\"KRETA TRAVELLING 2020: new rules, new experiences\",\"datePublished\":\"2020-08-12T12:04:42+00:00\",\"dateModified\":\"2025-10-24T09:39:29+00:00\",\"mainEntityOfPage\":{\"@id\":\"https:\\\/\\\/www.tui.at\\\/blog\\\/kreta-travelling-2020\\\/\"},\"wordCount\":2145,\"commentCount\":1,\"publisher\":{\"@id\":\"https:\\\/\\\/www.tui.at\\\/blog\\\/#organization\"},\"image\":{\"@id\":\"https:\\\/\\\/www.tui.at\\\/blog\\\/kreta-travelling-2020\\\/#primaryimage\"},\"thumbnailUrl\":\"https:\\\/\\\/www.tui.at\\\/blog\\\/wp-content\\\/uploads\\\/2020\\\/08\\\/header5-scaled.jpg\",\"keywords\":[\"Griechenland\",\"griechische Insel\",\"Kreta\"],\"articleSection\":[\"Urlaub am Meer\"],\"inLanguage\":\"de\",\"potentialAction\":[{\"@type\":\"CommentAction\",\"name\":\"Comment\",\"target\":[\"https:\\\/\\\/www.tui.at\\\/blog\\\/kreta-travelling-2020\\\/#respond\"]}]},{\"@type\":\"WebPage\",\"@id\":\"https:\\\/\\\/www.tui.at\\\/blog\\\/kreta-travelling-2020\\\/\",\"url\":\"https:\\\/\\\/www.tui.at\\\/blog\\\/kreta-travelling-2020\\\/\",\"name\":\"KRETA TRAVELLING 2020: new rules, new experiences - TUI.at Reiseblog\",\"isPartOf\":{\"@id\":\"https:\\\/\\\/www.tui.at\\\/blog\\\/#website\"},\"primaryImageOfPage\":{\"@id\":\"https:\\\/\\\/www.tui.at\\\/blog\\\/kreta-travelling-2020\\\/#primaryimage\"},\"image\":{\"@id\":\"https:\\\/\\\/www.tui.at\\\/blog\\\/kreta-travelling-2020\\\/#primaryimage\"},\"thumbnailUrl\":\"https:\\\/\\\/www.tui.at\\\/blog\\\/wp-content\\\/uploads\\\/2020\\\/08\\\/header5-scaled.jpg\",\"datePublished\":\"2020-08-12T12:04:42+00:00\",\"dateModified\":\"2025-10-24T09:39:29+00:00\",\"description\":\"Bloggermami Carina K\u00f6berl war mit unserem ersten Ferienflieger auf Kreta. In ihrem Blogbeitrag spricht sie \u00fcber Reisen in Corona-Zeiten.\",\"breadcrumb\":{\"@id\":\"https:\\\/\\\/www.tui.at\\\/blog\\\/kreta-travelling-2020\\\/#breadcrumb\"},\"inLanguage\":\"de\",\"potentialAction\":[{\"@type\":\"ReadAction\",\"target\":[\"https:\\\/\\\/www.tui.at\\\/blog\\\/kreta-travelling-2020\\\/\"]}]},{\"@type\":\"ImageObject\",\"inLanguage\":\"de\",\"@id\":\"https:\\\/\\\/www.tui.at\\\/blog\\\/kreta-travelling-2020\\\/#primaryimage\",\"url\":\"https:\\\/\\\/www.tui.at\\\/blog\\\/wp-content\\\/uploads\\\/2020\\\/08\\\/header5-scaled.jpg\",\"contentUrl\":\"https:\\\/\\\/www.tui.at\\\/blog\\\/wp-content\\\/uploads\\\/2020\\\/08\\\/header5-scaled.jpg\",\"width\":2560,\"height\":1707},{\"@type\":\"BreadcrumbList\",\"@id\":\"https:\\\/\\\/www.tui.at\\\/blog\\\/kreta-travelling-2020\\\/#breadcrumb\",\"itemListElement\":[{\"@type\":\"ListItem\",\"position\":1,\"name\":\"Startseite\",\"item\":\"https:\\\/\\\/www.tui.at\\\/blog\\\/\"},{\"@type\":\"ListItem\",\"position\":2,\"name\":\"KRETA TRAVELLING 2020: new rules, new experiences\"}]},{\"@type\":\"WebSite\",\"@id\":\"https:\\\/\\\/www.tui.at\\\/blog\\\/#website\",\"url\":\"https:\\\/\\\/www.tui.at\\\/blog\\\/\",\"name\":\"TUI.at Reiseblog\",\"description\":\"Inspirationen f\u00fcr den perfekten Urlaub\",\"publisher\":{\"@id\":\"https:\\\/\\\/www.tui.at\\\/blog\\\/#organization\"},\"potentialAction\":[{\"@type\":\"SearchAction\",\"target\":{\"@type\":\"EntryPoint\",\"urlTemplate\":\"https:\\\/\\\/www.tui.at\\\/blog\\\/?s={search_term_string}\"},\"query-input\":{\"@type\":\"PropertyValueSpecification\",\"valueRequired\":true,\"valueName\":\"search_term_string\"}}],\"inLanguage\":\"de\"},{\"@type\":\"Organization\",\"@id\":\"https:\\\/\\\/www.tui.at\\\/blog\\\/#organization\",\"name\":\"TUI.at Reiseblog\",\"url\":\"https:\\\/\\\/www.tui.at\\\/blog\\\/\",\"logo\":{\"@type\":\"ImageObject\",\"inLanguage\":\"de\",\"@id\":\"https:\\\/\\\/www.tui.at\\\/blog\\\/#\\\/schema\\\/logo\\\/image\\\/\",\"url\":\"https:\\\/\\\/www.tui.at\\\/blog\\\/wp-content\\\/uploads\\\/2025\\\/09\\\/cropped-tui-logo-3.webp\",\"contentUrl\":\"https:\\\/\\\/www.tui.at\\\/blog\\\/wp-content\\\/uploads\\\/2025\\\/09\\\/cropped-tui-logo-3.webp\",\"width\":164,\"height\":72,\"caption\":\"TUI.at Reiseblog\"},\"image\":{\"@id\":\"https:\\\/\\\/www.tui.at\\\/blog\\\/#\\\/schema\\\/logo\\\/image\\\/\"}},{\"@type\":\"Person\",\"@id\":\"https:\\\/\\\/www.tui.at\\\/blog\\\/#\\\/schema\\\/person\\\/1e97ee0ed6542ec3218f14a201e6e698\",\"name\":\"Carina Pranz\",\"description\":\"Carina hat ihren Blog carinaandtheboys.at auf Grund ihrer Vorliebe f\u00fcr Mode, Lifestyle und Beauty gestartet. Mittlerweile ist Carina mehrfache Mutter und hat die Themenwelten auf ihrem Blog entsprechend angepasst. An ihrem Stilbewusstsein hat sich auch im Familienalltag nichts ge\u00e4ndert. Im Gegenteil, sie findet, es sollte allen M\u00fcttern ein Anliegen sein, selbstbewusst durchs Leben zu gehen und genau das ist nun das Bestreben das Carina auf ihrem Blog verfolgt. Daher greift Carina nun auch gerne das Thema Reisen auf, denn Erholung und Entspannung sind ebenfalls wesentlicher Bestandteil sich in der eigenen Haut wohl zu f\u00fchlen.\",\"sameAs\":[\"https:\\\/\\\/www.carinaandtheboys.at\\\/\"],\"url\":\"https:\\\/\\\/www.tui.at\\\/blog\\\/author\\\/carina-koeberl\\\/\"}]}<\/script>\n<!-- \/ Yoast SEO plugin. -->","yoast_head_json":{"title":"KRETA TRAVELLING 2020: new rules, new experiences - TUI.at Reiseblog","description":"Bloggermami Carina K\u00f6berl war mit unserem ersten Ferienflieger auf Kreta. In ihrem Blogbeitrag spricht sie \u00fcber Reisen in Corona-Zeiten.","robots":{"index":"index","follow":"follow","max-snippet":"max-snippet:-1","max-image-preview":"max-image-preview:large","max-video-preview":"max-video-preview:-1"},"canonical":"https:\/\/www.tui.at\/blog\/kreta-travelling-2020\/","og_locale":"de_DE","og_type":"article","og_title":"KRETA TRAVELLING 2020: new rules, new experiences - TUI.at Reiseblog","og_description":"Bloggermami Carina K\u00f6berl war mit unserem ersten Ferienflieger auf Kreta. In ihrem Blogbeitrag spricht sie \u00fcber Reisen in Corona-Zeiten.","og_url":"https:\/\/www.tui.at\/blog\/kreta-travelling-2020\/","og_site_name":"TUI.at Reiseblog","article_published_time":"2020-08-12T12:04:42+00:00","article_modified_time":"2025-10-24T09:39:29+00:00","og_image":[{"width":2560,"height":1707,"url":"https:\/\/www.tui.at\/blog\/wp-content\/uploads\/2020\/08\/header5-scaled.jpg","type":"image\/jpeg"}],"author":"Carina Pranz","twitter_card":"summary_large_image","twitter_misc":{"Verfasst von":"Carina Pranz","Gesch\u00e4tzte Lesezeit":"11\u00a0Minuten"},"schema":{"@context":"https:\/\/schema.org","@graph":[{"@type":"BlogPosting","@id":"https:\/\/www.tui.at\/blog\/kreta-travelling-2020\/#article","isPartOf":{"@id":"https:\/\/www.tui.at\/blog\/kreta-travelling-2020\/"},"author":{"name":"Carina Pranz","@id":"https:\/\/www.tui.at\/blog\/#\/schema\/person\/1e97ee0ed6542ec3218f14a201e6e698"},"headline":"KRETA TRAVELLING 2020: new rules, new experiences","datePublished":"2020-08-12T12:04:42+00:00","dateModified":"2025-10-24T09:39:29+00:00","mainEntityOfPage":{"@id":"https:\/\/www.tui.at\/blog\/kreta-travelling-2020\/"},"wordCount":2145,"commentCount":1,"publisher":{"@id":"https:\/\/www.tui.at\/blog\/#organization"},"image":{"@id":"https:\/\/www.tui.at\/blog\/kreta-travelling-2020\/#primaryimage"},"thumbnailUrl":"https:\/\/www.tui.at\/blog\/wp-content\/uploads\/2020\/08\/header5-scaled.jpg","keywords":["Griechenland","griechische Insel","Kreta"],"articleSection":["Urlaub am Meer"],"inLanguage":"de","potentialAction":[{"@type":"CommentAction","name":"Comment","target":["https:\/\/www.tui.at\/blog\/kreta-travelling-2020\/#respond"]}]},{"@type":"WebPage","@id":"https:\/\/www.tui.at\/blog\/kreta-travelling-2020\/","url":"https:\/\/www.tui.at\/blog\/kreta-travelling-2020\/","name":"KRETA TRAVELLING 2020: new rules, new experiences - TUI.at Reiseblog","isPartOf":{"@id":"https:\/\/www.tui.at\/blog\/#website"},"primaryImageOfPage":{"@id":"https:\/\/www.tui.at\/blog\/kreta-travelling-2020\/#primaryimage"},"image":{"@id":"https:\/\/www.tui.at\/blog\/kreta-travelling-2020\/#primaryimage"},"thumbnailUrl":"https:\/\/www.tui.at\/blog\/wp-content\/uploads\/2020\/08\/header5-scaled.jpg","datePublished":"2020-08-12T12:04:42+00:00","dateModified":"2025-10-24T09:39:29+00:00","description":"Bloggermami Carina K\u00f6berl war mit unserem ersten Ferienflieger auf Kreta. In ihrem Blogbeitrag spricht sie \u00fcber Reisen in Corona-Zeiten.","breadcrumb":{"@id":"https:\/\/www.tui.at\/blog\/kreta-travelling-2020\/#breadcrumb"},"inLanguage":"de","potentialAction":[{"@type":"ReadAction","target":["https:\/\/www.tui.at\/blog\/kreta-travelling-2020\/"]}]},{"@type":"ImageObject","inLanguage":"de","@id":"https:\/\/www.tui.at\/blog\/kreta-travelling-2020\/#primaryimage","url":"https:\/\/www.tui.at\/blog\/wp-content\/uploads\/2020\/08\/header5-scaled.jpg","contentUrl":"https:\/\/www.tui.at\/blog\/wp-content\/uploads\/2020\/08\/header5-scaled.jpg","width":2560,"height":1707},{"@type":"BreadcrumbList","@id":"https:\/\/www.tui.at\/blog\/kreta-travelling-2020\/#breadcrumb","itemListElement":[{"@type":"ListItem","position":1,"name":"Startseite","item":"https:\/\/www.tui.at\/blog\/"},{"@type":"ListItem","position":2,"name":"KRETA TRAVELLING 2020: new rules, new experiences"}]},{"@type":"WebSite","@id":"https:\/\/www.tui.at\/blog\/#website","url":"https:\/\/www.tui.at\/blog\/","name":"TUI.at Reiseblog","description":"Inspirationen f\u00fcr den perfekten Urlaub","publisher":{"@id":"https:\/\/www.tui.at\/blog\/#organization"},"potentialAction":[{"@type":"SearchAction","target":{"@type":"EntryPoint","urlTemplate":"https:\/\/www.tui.at\/blog\/?s={search_term_string}"},"query-input":{"@type":"PropertyValueSpecification","valueRequired":true,"valueName":"search_term_string"}}],"inLanguage":"de"},{"@type":"Organization","@id":"https:\/\/www.tui.at\/blog\/#organization","name":"TUI.at Reiseblog","url":"https:\/\/www.tui.at\/blog\/","logo":{"@type":"ImageObject","inLanguage":"de","@id":"https:\/\/www.tui.at\/blog\/#\/schema\/logo\/image\/","url":"https:\/\/www.tui.at\/blog\/wp-content\/uploads\/2025\/09\/cropped-tui-logo-3.webp","contentUrl":"https:\/\/www.tui.at\/blog\/wp-content\/uploads\/2025\/09\/cropped-tui-logo-3.webp","width":164,"height":72,"caption":"TUI.at Reiseblog"},"image":{"@id":"https:\/\/www.tui.at\/blog\/#\/schema\/logo\/image\/"}},{"@type":"Person","@id":"https:\/\/www.tui.at\/blog\/#\/schema\/person\/1e97ee0ed6542ec3218f14a201e6e698","name":"Carina Pranz","description":"Carina hat ihren Blog carinaandtheboys.at auf Grund ihrer Vorliebe f\u00fcr Mode, Lifestyle und Beauty gestartet. Mittlerweile ist Carina mehrfache Mutter und hat die Themenwelten auf ihrem Blog entsprechend angepasst. An ihrem Stilbewusstsein hat sich auch im Familienalltag nichts ge\u00e4ndert. Im Gegenteil, sie findet, es sollte allen M\u00fcttern ein Anliegen sein, selbstbewusst durchs Leben zu gehen und genau das ist nun das Bestreben das Carina auf ihrem Blog verfolgt. Daher greift Carina nun auch gerne das Thema Reisen auf, denn Erholung und Entspannung sind ebenfalls wesentlicher Bestandteil sich in der eigenen Haut wohl zu f\u00fchlen.","sameAs":["https:\/\/www.carinaandtheboys.at\/"],"url":"https:\/\/www.tui.at\/blog\/author\/carina-koeberl\/"}]}},"_links":{"self":[{"href":"https:\/\/www.tui.at\/blog\/wp-json\/wp\/v2\/posts\/488426","targetHints":{"allow":["GET"]}}],"collection":[{"href":"https:\/\/www.tui.at\/blog\/wp-json\/wp\/v2\/posts"}],"about":[{"href":"https:\/\/www.tui.at\/blog\/wp-json\/wp\/v2\/types\/post"}],"author":[{"embeddable":true,"href":"https:\/\/www.tui.at\/blog\/wp-json\/wp\/v2\/users\/224"}],"replies":[{"embeddable":true,"href":"https:\/\/www.tui.at\/blog\/wp-json\/wp\/v2\/comments?post=488426"}],"version-history":[{"count":6,"href":"https:\/\/www.tui.at\/blog\/wp-json\/wp\/v2\/posts\/488426\/revisions"}],"predecessor-version":[{"id":490818,"href":"https:\/\/www.tui.at\/blog\/wp-json\/wp\/v2\/posts\/488426\/revisions\/490818"}],"wp:featuredmedia":[{"embeddable":true,"href":"https:\/\/www.tui.at\/blog\/wp-json\/wp\/v2\/media\/488427"}],"wp:attachment":[{"href":"https:\/\/www.tui.at\/blog\/wp-json\/wp\/v2\/media?parent=488426"}],"wp:term":[{"taxonomy":"category","embeddable":true,"href":"https:\/\/www.tui.at\/blog\/wp-json\/wp\/v2\/categories?post=488426"},{"taxonomy":"post_tag","embeddable":true,"href":"https:\/\/www.tui.at\/blog\/wp-json\/wp\/v2\/tags?post=488426"}],"curies":[{"name":"wp","href":"https:\/\/api.w.org\/{rel}","templated":true}]}}