{"id":488335,"date":"2020-03-06T08:58:54","date_gmt":"2020-03-06T07:58:54","guid":{"rendered":"https:\/\/www.tui.at\/blog\/follow-us-around-1-woche-auf-den-kapverden-2\/"},"modified":"2025-10-24T11:39:29","modified_gmt":"2025-10-24T09:39:29","slug":"follow-us-around-1-woche-auf-den-kapverden","status":"publish","type":"post","link":"https:\/\/www.tui.at\/blog\/follow-us-around-1-woche-auf-den-kapverden\/","title":{"rendered":"Follow us around: 1 Woche auf den Kapverden"},"content":{"rendered":"<p><div class=\"legacy-fullwidth\"><\/div><div class=\"legacy-fusion-text\">Was kann man alles in einer Woche auf den Kapverden erleben? Einiges! F\u00fcr uns ging&#8217;s auf die beiden beliebtesten Inseln der Kapverden, n\u00e4mlich auf <a href=\"https:\/\/www.tui.at\/pauschalreisen\/kap-verde\/#!#c10019184\"><strong>Sal und Boa Vista<\/strong><\/a>. Die Inseln haben Unterschiedliches zu bieten. Wir nehmen euch mit auf unsere <strong>einw\u00f6chige Entdeckungsreise<\/strong> und zeigen euch die Highlights der beiden Inseln.<\/p>\n<p><\/div><div class=\"legacy-youtube-wrapper\"> <div class=\"brlbs-cmpnt-container brlbs-cmpnt-content-blocker brlbs-cmpnt-with-individual-styles\" data-borlabs-cookie-content-blocker-id=\"youtube-content-blocker\" data-borlabs-cookie-content=\"PGlmcmFtZSBsb2FkaW5nPSJsYXp5IiB3aWR0aD0iMTI4MCIgaGVpZ2h0PSI3MjAiIHNyYz0iaHR0cHM6Ly93d3cueW91dHViZS1ub2Nvb2tpZS5jb20vZW1iZWQvblFMdmpMbFdQcEUiIHRpdGxlPSJZb3VUdWJlIHZpZGVvIHBsYXllciIgZnJhbWVib3JkZXI9IjAiIGFsbG93PSJhY2NlbGVyb21ldGVyOyAgY2xpcGJvYXJkLXdyaXRlOyBlbmNyeXB0ZWQtbWVkaWE7IGd5cm9zY29wZTsgcGljdHVyZS1pbi1waWN0dXJlOyB3ZWItc2hhcmUiIHJlZmVycmVycG9saWN5PSJzdHJpY3Qtb3JpZ2luLXdoZW4tY3Jvc3Mtb3JpZ2luIiBhbGxvd2Z1bGxzY3JlZW4+PC9pZnJhbWU+\"><div class=\"brlbs-cmpnt-cb-preset-c brlbs-cmpnt-cb-youtube\"> <div class=\"brlbs-cmpnt-cb-thumbnail\" style=\"background-image: url('https:\/\/www.tui.at\/blog\/wp-content\/uploads\/borlabs-cookie\/1\/yt_nQLvjLlWPpE_hqdefault.jpg')\"><\/div> <div class=\"brlbs-cmpnt-cb-main\"> <div class=\"brlbs-cmpnt-cb-play-button\"><\/div> <div class=\"brlbs-cmpnt-cb-content\"> <p class=\"brlbs-cmpnt-cb-description\">Sie sehen gerade einen Platzhalterinhalt von <strong>YouTube<\/strong>. Um auf den eigentlichen Inhalt zuzugreifen, klicken Sie auf die Schaltfl\u00e4che unten. Bitte beachten Sie, dass dabei Daten an Drittanbieter weitergegeben werden.<\/p> <a class=\"brlbs-cmpnt-cb-provider-toggle\" href=\"#\" data-borlabs-cookie-show-provider-information role=\"button\">Mehr Informationen<\/a> <\/div> <div class=\"brlbs-cmpnt-cb-buttons\"> <a class=\"brlbs-cmpnt-cb-btn\" href=\"#\" data-borlabs-cookie-unblock role=\"button\">Inhalt entsperren<\/a> <a class=\"brlbs-cmpnt-cb-btn\" href=\"#\" data-borlabs-cookie-accept-service role=\"button\" style=\"display: inherit\">Erforderlichen Service akzeptieren und Inhalte entsperren<\/a> <\/div> <\/div> <\/div><\/div><\/div><div class=\"legacy-fusion-title\"><h2>Tag 1 auf den Kapverden: Ankunft auf Boa Vista<\/h2><\/div><div class=\"legacy-fusion-text\">Nach unserer Ankunft auf der kapverdischen Insel <strong>Boa Vista<\/strong> hie\u00df es zuerst einmal Check-In im <a href=\"https:\/\/www.tui.at\/hotels\/hotel-riu-palace-boavista-750271\/hotelinformation\/\"><strong>RIU Palace Boa Vista<\/strong><\/a>. Das weitl\u00e4ufige Hotel \u00fcberzeugt uns gleich mit der topmodernen Architektur und der Lage direkt am Strand. Aber das echte Highlight ist unser Zimmer &#8211; wir haben unseren eigenen privaten Swim-Up Pool!<\/p>\n<p><img loading=\"lazy\" decoding=\"async\" class=\"wp-image-20893 size-medium aligncenter\" src=\"https:\/\/www.tui.at\/blog\/wp-content\/uploads\/2019\/09\/thetravelblog.at_by_ladyvenom_cape_verde-10.jpg\" alt=\"RIU Palace Boa Vista\" width=\"615\" height=\"409\" \/><\/p>\n<p><img loading=\"lazy\" decoding=\"async\" class=\"wp-image-20927 size-medium aligncenter\" src=\"https:\/\/www.tui.at\/blog\/wp-content\/uploads\/2019\/09\/thetravelblog.at_by_ladyvenom_cape_verde-354.jpg\" alt=\"RIU Palace Boa Vista\" width=\"615\" height=\"346\" \/><\/p>\n<p><img loading=\"lazy\" decoding=\"async\" class=\"wp-image-20923 size-medium aligncenter\" src=\"https:\/\/www.tui.at\/blog\/wp-content\/uploads\/2019\/09\/thetravelblog.at_by_ladyvenom_cape_verde-319.jpg\" alt=\"RIU Palace Boa Vista\" width=\"615\" height=\"409\" \/><\/p>\n<h6 style=\"text-align: center;\">Das moderne Design des RIU Palace Hotel \u00fcberzeugt!<\/h6>\n<p><\/div><div class=\"legacy-fusion-text\">Aber uns bleibt nicht viel Zeit zum Schwimmen, denn es geht <strong>direkt los zu unserem ersten Ausflug<\/strong>. Wir werden vom Hotel abgeholt und zur Quad-Station gebracht, wo wir unseren Guide treffen. Gemeinsam starten wir die <strong>Inselerkundung auf vier R\u00e4dern<\/strong>! \u00dcber weitl\u00e4ufige D\u00fcnen und entlang an einsamen Str\u00e4nden entdecken wir das ber\u00fchmte <strong>Schiffswrack der MS Cabo Santa Maria<\/strong>, den Estoril Beach und zuletzt auch noch die beeindruckende Viana W\u00fcste! Kein schlechter Start in die Woche \ud83d\ude42<\/p>\n<p><img loading=\"lazy\" decoding=\"async\" class=\"wp-image-20902 size-medium aligncenter\" src=\"https:\/\/www.tui.at\/blog\/wp-content\/uploads\/2019\/09\/thetravelblog.at_by_ladyvenom_cape_verde-96.jpg\" alt=\"Quad-Ausflug auf Boa Vista\" width=\"615\" height=\"409\" \/><\/p>\n<p><img loading=\"lazy\" decoding=\"async\" class=\"wp-image-20896 size-medium aligncenter\" src=\"https:\/\/www.tui.at\/blog\/wp-content\/uploads\/2019\/09\/thetravelblog.at_by_ladyvenom_cape_verde-27.jpg\" alt=\"Quad-Ausflug auf Boa Vista\" width=\"615\" height=\"346\" \/><\/p>\n<p><img loading=\"lazy\" decoding=\"async\" class=\"wp-image-20904 size-medium aligncenter\" src=\"https:\/\/www.tui.at\/blog\/wp-content\/uploads\/2019\/09\/thetravelblog.at_by_ladyvenom_cape_verde-125.jpg\" alt=\"Quad-Ausflug auf Boa Vista\" width=\"615\" height=\"409\" \/><\/p>\n<p><img loading=\"lazy\" decoding=\"async\" class=\"wp-image-20899 size-medium aligncenter\" src=\"https:\/\/www.tui.at\/blog\/wp-content\/uploads\/2019\/09\/thetravelblog.at_by_ladyvenom_cape_verde-78.jpg\" alt=\"Viana Desert auf Boa Vista\" width=\"615\" height=\"346\" \/><\/p>\n<h6 style=\"text-align: center;\">Vom Estoril Beach bis zur Viana W\u00fcste &#8211; ein Quad-Ausflug ist eine tolle Art die Insel zu entdecken!<\/h6>\n<p><\/div><div class=\"legacy-fusion-title\"><h2>Tag 2 auf den Kapverden: Massage im Spa &amp; Inselerkundung auf eigene Faust<\/h2><\/div><div class=\"legacy-fusion-text\">Heute g\u00f6nnen wir uns eine herrliche Ganzk\u00f6rpermassage im <strong>wundersch\u00f6nen Spa des <a href=\"https:\/\/www.tui.at\/hotels\/hotel-riu-palace-boavista-750271\/hotelinformation\/\">RIU Palace Boa Vista<\/a><\/strong>, bevor wir uns in unser Mietauto schwingen und die Insel auf eigene Faust erkunden. Viele Stra\u00dfen gibt es ja nicht auf der Insel, aber unser Allrad-Auto ist auch f\u00fcr die Schotterstra\u00dfen geeignet. So kommt man auch zu Orten auf der Insel, die sonst nicht so einfach zu erreichen w\u00e4ren. Wir empfehlen also auf jeden Fall, wenn ihr selbst fahren m\u00f6chtet, ein <a href=\"https:\/\/www.tui.at\/mietwagen\/\">4&#215;4 Auto<\/a>!<\/p>\n<p>Noch einfacher: Wenn ihr euch um nichts k\u00fcmmern m\u00f6chtet, bucht einfach die <strong>von TUI angebotenen Touren<\/strong> vor Ort. Einfach an der Rezeption oder bei eurer Reiseleitung fragen \ud83d\ude42<\/p>\n<p><img loading=\"lazy\" decoding=\"async\" class=\"wp-image-20895 size-medium aligncenter\" src=\"https:\/\/www.tui.at\/blog\/wp-content\/uploads\/2019\/09\/thetravelblog.at_by_ladyvenom_cape_verde-24.jpg\" alt=\"Spa RIU Palace Boa Vista\" width=\"615\" height=\"409\" \/><\/p>\n<h6 style=\"text-align: center;\">Das Spa im RIU Palace Boa Vista bietet Behandlungen von Massagen bis hin zum Haarstyling!<\/h6>\n<p><img loading=\"lazy\" decoding=\"async\" class=\"size-medium wp-image-20922 aligncenter\" src=\"https:\/\/www.tui.at\/blog\/wp-content\/uploads\/2019\/09\/thetravelblog.at_by_ladyvenom_cape_verde-276.jpg\" alt=\"Kapverden Boa Vista\" width=\"615\" height=\"346\" \/><\/p>\n<p><img loading=\"lazy\" decoding=\"async\" class=\"size-medium wp-image-20939 aligncenter\" src=\"https:\/\/www.tui.at\/blog\/wp-content\/uploads\/2019\/09\/thetravelblog.at_by_ladyvenom_cape_verde-457.jpg\" alt=\"Kapverden Boa Vista\" width=\"615\" height=\"346\" \/><\/p>\n<h6 style=\"text-align: center;\">F\u00fcr eine Inselerkundung auf eigene Faust lohnt sich ein Allrad-Gef\u00e4hrt!<\/h6>\n<p><\/div><div class=\"legacy-fusion-title\"><h2>Tag 3 auf den Kapverden: Segel- &amp; Schnorchelausflug auf dem alten Holzschiff Salina<\/h2><\/div><div class=\"legacy-fusion-text\">Am dritten Tag geht&#8217;s endlich auf&#8217;s Wasser! Wof\u00fcr die Kapverden so ber\u00fchmt sind ist ja eigentlich aufgelegt: Der <strong>t\u00fcrkisblaue klare Ozean<\/strong>. Hier zieht es Taucher von der ganzen Welt her und wir wollen heute mit Schnorcheln bewaffnet einen ersten Blick darauf werfen, warum. Daf\u00fcr geht&#8217;s mit einer kleinen Gruppe von 8 Reisenden mit dem Schiff &#8222;Salina&#8220; in eine kleine Bucht. Nach dem Schnorchelausflug erkunden wir au\u00dferdem noch eine vorgelagerte unbewohnte Insel, auf der ein altes portugiesisches Fort steht!<\/p>\n<p><img loading=\"lazy\" decoding=\"async\" class=\"size-medium wp-image-20915 aligncenter\" src=\"https:\/\/www.tui.at\/blog\/wp-content\/uploads\/2019\/09\/thetravelblog.at_by_ladyvenom_cape_verde-217.jpg\" alt=\"Bootsausflug Salinas Kapverden Boa Vista\" width=\"615\" height=\"346\" \/><\/p>\n<p><img loading=\"lazy\" decoding=\"async\" class=\"size-medium wp-image-20918 aligncenter\" src=\"https:\/\/www.tui.at\/blog\/wp-content\/uploads\/2019\/09\/thetravelblog.at_by_ladyvenom_cape_verde-251.jpg\" alt=\"Bootsausflug Salinas Kapverden Boa Vista\" width=\"615\" height=\"409\" \/><\/p>\n<p><img loading=\"lazy\" decoding=\"async\" class=\"size-medium wp-image-20919 aligncenter\" src=\"https:\/\/www.tui.at\/blog\/wp-content\/uploads\/2019\/09\/thetravelblog.at_by_ladyvenom_cape_verde-256.jpg\" alt=\"Bootsausflug Salinas Kapverden Boa Vista\" width=\"615\" height=\"409\" \/><\/p>\n<p><img loading=\"lazy\" decoding=\"async\" class=\"size-medium wp-image-20917 aligncenter\" src=\"https:\/\/www.tui.at\/blog\/wp-content\/uploads\/2019\/09\/thetravelblog.at_by_ladyvenom_cape_verde-242.jpg\" alt=\"Bootsausflug Salinas Kapverden Boa Vista\" width=\"615\" height=\"346\" \/><\/p>\n<h6 style=\"text-align: center;\">Mit einem h\u00f6lzernen Segelboot geht es zum Schnorcheln in einer Bucht und zu einem alten portugiesischen Fort.<\/h6>\n<p><\/div><div class=\"legacy-fusion-text\">Am Nachmittag entscheiden wir uns noch auf eigene Faust die <strong>Inselhauptstadt Sal Rei <\/strong>zu erkunden. Wir besuchen den herrlichen Insel-Laden &#8222;Puru Spirits Kabuverdianu&#8220; und kaufen ein paar Souvenirs und lokale Produkte. Unser Tipp: Hier gibt&#8217;s tolles lokales Salz und rosa Pfeffer!<\/p>\n<p><img loading=\"lazy\" decoding=\"async\" class=\"size-medium wp-image-20930 aligncenter\" src=\"https:\/\/www.tui.at\/blog\/wp-content\/uploads\/2019\/09\/thetravelblog.at_by_ladyvenom_cape_verde-406.jpg\" alt=\"Puru Spiritu Kabuverdianu Sal Rei Boa Vista\" width=\"615\" height=\"409\" \/><\/p>\n<p><img loading=\"lazy\" decoding=\"async\" class=\"size-medium wp-image-20933 aligncenter\" src=\"https:\/\/www.tui.at\/blog\/wp-content\/uploads\/2019\/09\/thetravelblog.at_by_ladyvenom_cape_verde-417.jpg\" alt=\"Sal Rei Boa Vista Kapverden\" width=\"615\" height=\"409\" \/><\/p>\n<p><img loading=\"lazy\" decoding=\"async\" class=\"size-medium wp-image-20934 aligncenter\" src=\"https:\/\/www.tui.at\/blog\/wp-content\/uploads\/2019\/09\/thetravelblog.at_by_ladyvenom_cape_verde-419.jpg\" alt=\"Sal Rei Boa Vista Kapverden\" width=\"615\" height=\"409\" \/><\/p>\n<p><img loading=\"lazy\" decoding=\"async\" class=\"size-medium wp-image-20935 aligncenter\" src=\"https:\/\/www.tui.at\/blog\/wp-content\/uploads\/2019\/09\/thetravelblog.at_by_ladyvenom_cape_verde-425.jpg\" alt=\"Sal Rei Boa Vista Kapverden\" width=\"615\" height=\"409\" \/><\/p>\n<h6 style=\"text-align: center;\">Ein Besuch der Inselhauptstadt Sal Rei lohnt sich!<\/h6>\n<p><\/div><div class=\"legacy-fusion-title\"><h2>Tag 4 auf den Kapverden: Los geht&#8217;s auf die zweite Insel &#8211; Hallo Sal!<\/h2><\/div><div class=\"legacy-fusion-text\">Mit dem Flugzeug geht&#8217;s f\u00fcr uns von Boa Vista <strong>auf die Insel Sal<\/strong>. Der Flug dauert keine 10 Minuten &#8211; so nah liegen die beiden Inseln beieinander. Kaum auf <strong>Sal<\/strong> gelandet packen wir uns in unser neues Mietauto und fahren zum ber\u00fchmten <strong>Fischerdorf Santa Maria<\/strong>. Es hei\u00dft, wer den dortigen Pier nicht besucht hat, war nicht auf den Kapverden &#8211; das k\u00f6nnen wir uns also nicht entgehen lassen! \ud83d\ude42 Wir beobachten die Bodysurfer und waghalsigen Spr\u00fcnge vom Pier ins Meer und k\u00f6nnen uns gar nicht sattsehen an dem Spektakel!<\/p>\n<p><img loading=\"lazy\" decoding=\"async\" class=\"size-medium wp-image-20951 aligncenter\" src=\"https:\/\/www.tui.at\/blog\/wp-content\/uploads\/2019\/09\/thetravelblog.at_by_ladyvenom_cape_verde-489.jpg\" alt=\"Santa Maria Sal Kapverden\" width=\"615\" height=\"409\" \/><\/p>\n<p><img loading=\"lazy\" decoding=\"async\" class=\"size-medium wp-image-20952 aligncenter\" src=\"https:\/\/www.tui.at\/blog\/wp-content\/uploads\/2019\/09\/thetravelblog.at_by_ladyvenom_cape_verde-499.jpg\" alt=\"Santa Maria Sal Kapverden\" width=\"615\" height=\"409\" \/><\/p>\n<p><img loading=\"lazy\" decoding=\"async\" class=\"size-medium wp-image-20953 aligncenter\" src=\"https:\/\/www.tui.at\/blog\/wp-content\/uploads\/2019\/09\/thetravelblog.at_by_ladyvenom_cape_verde-512.jpg\" alt=\"Santa Maria Sal Kapverden\" width=\"615\" height=\"409\" \/><\/p>\n<p><img loading=\"lazy\" decoding=\"async\" class=\"size-medium wp-image-20954 aligncenter\" src=\"https:\/\/www.tui.at\/blog\/wp-content\/uploads\/2019\/09\/thetravelblog.at_by_ladyvenom_cape_verde-513.jpg\" alt=\"Santa Maria Sal Kapverden\" width=\"615\" height=\"409\" \/><\/p>\n<h6 style=\"text-align: center;\">Im Fischerdorf Santa Maria spielt sich am Pier das Leben ab!<\/h6>\n<p><\/div><div class=\"legacy-fusion-title\"><h2>Tag 5 auf den Kapverden: Die pinkfarbenen Salinen &amp; ein Segelt\u00f6rn<\/h2><\/div><div class=\"legacy-fusion-text\">Am f\u00fcnften Tag wollen wir dem Ursprung des Insel-Namens &#8222;Sal&#8220; auf den Grund gehen. Fr\u00fcher wurde das wei\u00dfe Gold von hier \u00fcber den Atlantischen Ozean bis nach Brasilien verschifft. Heute ist der Salzabbau nur mehr ein kleiner Bestandteil der Wirtschaft der Kapverden. Die nat\u00fcrlichen Salzseen im <strong>Vulkankegel von &#8222;Pedra de Lume&#8220;<\/strong> k\u00f6nnen deshalb heute von Badeg\u00e4sten genutzt werden. Hier floatet man genauso wie im Toten Meer!<\/p>\n<p><img loading=\"lazy\" decoding=\"async\" class=\"size-medium wp-image-20958 aligncenter\" src=\"https:\/\/www.tui.at\/blog\/wp-content\/uploads\/2019\/09\/thetravelblog.at_by_ladyvenom_cape_verde-620.jpg\" alt=\"Salinas Pedra da Lume Sal Kapverden\" width=\"615\" height=\"409\" \/><\/p>\n<p><img loading=\"lazy\" decoding=\"async\" class=\"size-medium wp-image-20957 aligncenter\" src=\"https:\/\/www.tui.at\/blog\/wp-content\/uploads\/2019\/09\/thetravelblog.at_by_ladyvenom_cape_verde-553.jpg\" alt=\"Salinas Pedra da Lume Sal Kapverden\" width=\"615\" height=\"346\" \/><\/p>\n<p><img loading=\"lazy\" decoding=\"async\" class=\"size-medium wp-image-20971 aligncenter\" src=\"https:\/\/www.tui.at\/blog\/wp-content\/uploads\/2019\/09\/thetravelblog.at_by_ladyvenom_cape_verde-889.jpg\" alt=\"Salinas Pedra da Lume Sal Kapverden\" width=\"615\" height=\"409\" \/><\/p>\n<h6 style=\"text-align: center;\">In den Salinas bei Pedra de Lume kann man wie im Toten Meer baden!<\/h6>\n<p><\/div><div class=\"legacy-fusion-text\">Am Nachmittag springen wir nochmal auf ein Boot und <strong>umsegeln die Insel Sal<\/strong>. Das Boot haben wir diesmal privat nur f\u00fcr uns gemietet, genie\u00dfen die Ruhe und sonnen uns an Deck. Dabei sehen wir immer wieder fliegende Fische, die hunderte Meter weit \u00fcber der Meeresoberfl\u00e4che segeln. Ein herrlicher Ausflug und unbedingte Empfehlung, falls ihr mal auf die Kapverden fliegt!<\/p>\n<p><img loading=\"lazy\" decoding=\"async\" class=\"size-medium wp-image-20961 aligncenter\" src=\"https:\/\/www.tui.at\/blog\/wp-content\/uploads\/2019\/09\/thetravelblog.at_by_ladyvenom_cape_verde-699.jpg\" alt=\"Segelt\u00f6rn rund um Sal Kapverden\" width=\"615\" height=\"346\" \/><\/p>\n<p><img loading=\"lazy\" decoding=\"async\" class=\"size-medium wp-image-20960 aligncenter\" src=\"https:\/\/www.tui.at\/blog\/wp-content\/uploads\/2019\/09\/thetravelblog.at_by_ladyvenom_cape_verde-673.jpg\" alt=\"Segelt\u00f6rn rund um Sal Kapverden\" width=\"615\" height=\"409\" \/><\/p>\n<p><img loading=\"lazy\" decoding=\"async\" class=\"size-medium wp-image-20959 aligncenter\" src=\"https:\/\/www.tui.at\/blog\/wp-content\/uploads\/2019\/09\/thetravelblog.at_by_ladyvenom_cape_verde-658.jpg\" alt=\"Segelt\u00f6rn rund um Sal Kapverden\" width=\"615\" height=\"409\" \/><\/p>\n<h6 style=\"text-align: center;\">Bei einem privaten Segelausflug genie\u00dft man Ruhe &amp; Entspannung.<\/h6>\n<p><\/div><div class=\"legacy-fusion-title\"><h2>Tag 6 auf den Kapverden: Von Surfern, Blauen Grotten &amp; Meeresschildkr\u00f6ten<\/h2><\/div><div class=\"legacy-fusion-text\">Unser letzter Tag ist nochmal vollgepackt mit allem, was wir noch von der Insel Sal sehen wollten! Zuerst spazieren wir nur ein St\u00fcck weit vom Hotelstrand des <a href=\"https:\/\/www.tui.at\/hotels\/riu-palace-cabo-verde-259515\/hotelinformation\/\"><strong>RIU Palace Cabo Verde<\/strong><\/a> und beobachten die Kitesurfer bei ihren Man\u00f6vern. Der Wind ist auf den Kapverden allgegenw\u00e4rtig. Deshalb sind die Inseln besonders <strong>beliebt bei Kitesurfern<\/strong>! Auch Anf\u00e4nger k\u00f6nnen hier Einf\u00fchrungsstunden nehmen. Wem das zu abenteuerlich ist, der schwingt sich auf den R\u00fccken eines Pferdes und reitet entlang des endlos langen Sandstrandes.<\/p>\n<p><img loading=\"lazy\" decoding=\"async\" class=\"size-medium wp-image-20985 aligncenter\" src=\"https:\/\/www.tui.at\/blog\/wp-content\/uploads\/2019\/09\/thetravelblog.at_by_ladyvenom_cape_verde-599.jpg\" alt=\"RIU Palace Cabo Verde\" width=\"615\" height=\"409\" \/><\/p>\n<p><img loading=\"lazy\" decoding=\"async\" class=\"size-medium wp-image-20986 aligncenter\" src=\"https:\/\/www.tui.at\/blog\/wp-content\/uploads\/2019\/09\/thetravelblog.at_by_ladyvenom_cape_verde-488.jpg\" alt=\"RIU Palace Cabo Verde\" width=\"615\" height=\"409\" \/><\/p>\n<p><img loading=\"lazy\" decoding=\"async\" class=\"size-medium wp-image-20984 aligncenter\" src=\"https:\/\/www.tui.at\/blog\/wp-content\/uploads\/2019\/09\/thetravelblog.at_by_ladyvenom_cape_verde-668.jpg\" alt=\"RIU Palace Cabo Verde\" width=\"615\" height=\"346\" \/><\/p>\n<h6 style=\"text-align: center;\">Das RIU Palace Hotel auf Sal besticht nicht nur mit der \u00fcppigen Palmoase, sondern auch mit einer eigenen Kaffeebar und dem weitl\u00e4ufigen Strand.<\/h6>\n<p><img loading=\"lazy\" decoding=\"async\" class=\"size-medium wp-image-20962 aligncenter\" src=\"https:\/\/www.tui.at\/blog\/wp-content\/uploads\/2019\/09\/thetravelblog.at_by_ladyvenom_cape_verde-736.jpg\" alt=\"Kitesurfer auf Sal Kapverden\" width=\"615\" height=\"409\" \/><\/p>\n<p><img loading=\"lazy\" decoding=\"async\" class=\"size-medium wp-image-20965 aligncenter\" src=\"https:\/\/www.tui.at\/blog\/wp-content\/uploads\/2019\/09\/thetravelblog.at_by_ladyvenom_cape_verde-779.jpg\" alt=\"Kitesurfer auf Sal Kapverden\" width=\"615\" height=\"409\" \/><\/p>\n<p><img loading=\"lazy\" decoding=\"async\" class=\"size-medium wp-image-20966 aligncenter\" src=\"https:\/\/www.tui.at\/blog\/wp-content\/uploads\/2019\/09\/thetravelblog.at_by_ladyvenom_cape_verde-786.jpg\" alt=\"Kitesurfer auf Sal Kapverden\" width=\"615\" height=\"409\" \/><\/p>\n<h6 style=\"text-align: center;\">Von Kitesurfen bis Reiten &#8211; den Strand auf Sal kann man vielf\u00e4ltig genie\u00dfen!<\/h6>\n<p><\/div><div class=\"legacy-fusion-text\">Anschlie\u00dfend fahren wir mit dem Auto in den Norden der Insel zum ber\u00fchmten &#8218;<strong>Buracona Blue Hole&#8216;<\/strong>. In einer Grotte leuchtet hier beim richtigen Sonneneinfall (nur zu Mittag!) das Wasser in allen Blaut\u00f6nen. Unser Highlight hier war aber definitiv die Abk\u00fchlung in einem der Wasserbecken an der Steilk\u00fcste. Im Gegensatz zum Meer am Sandstrand geht es hier ein wenig rauer zu, daf\u00fcr ist das Wasser wirklich herrlich frisch und k\u00fchl!<\/p>\n<p><img loading=\"lazy\" decoding=\"async\" class=\"size-medium wp-image-20967 aligncenter\" src=\"https:\/\/www.tui.at\/blog\/wp-content\/uploads\/2019\/09\/thetravelblog.at_by_ladyvenom_cape_verde-806.jpg\" alt=\"Buracona Blue Hole Sal Kapverden\" width=\"615\" height=\"409\" \/><\/p>\n<p><img loading=\"lazy\" decoding=\"async\" class=\"size-medium wp-image-20968 aligncenter\" src=\"https:\/\/www.tui.at\/blog\/wp-content\/uploads\/2019\/09\/thetravelblog.at_by_ladyvenom_cape_verde-808.jpg\" alt=\"Buracona Blue Hole Sal Kapverden\" width=\"615\" height=\"409\" \/><\/p>\n<p><img loading=\"lazy\" decoding=\"async\" class=\"size-medium wp-image-20970 aligncenter\" src=\"https:\/\/www.tui.at\/blog\/wp-content\/uploads\/2019\/09\/thetravelblog.at_by_ladyvenom_cape_verde-817.jpg\" alt=\"Buracona Blue Hole Sal Kapverden\" width=\"615\" height=\"409\" \/><\/p>\n<h6 style=\"text-align: center;\">Der Blick auf das Blue Hole mag zwar sch\u00f6n sein, ein Bad in den Grotten ist aber das Highlight des Besuchs!<\/h6>\n<p><\/div><div class=\"legacy-fusion-text\">Der allerletzte Stopp unserer Kapverden-Reise bringt uns zu einem ganz besonderen Projekt: Der <strong>Meeresschildkr\u00f6ten-Brutstation von &#8222;Project Biodiversity&#8220;<\/strong>. Unterst\u00fctzt von der <strong>TUI Care Foundation<\/strong> werden hier Schildkr\u00f6ten-Nester mit tausenden Eiern bis zum Ausschl\u00fcpfen gesch\u00fctzt. Die vom Aussterben gef\u00e4hrdeten Meeresschildkr\u00f6ten w\u00fcrden hier sonst kaum eine Chance zum \u00dcberleben haben! Als Besucher kann man zusehen wie die Schildkr\u00f6tenbabies gerettet werden und lernt dabei viel \u00fcber die Arbeit der freiwilligen Helfer. Wir adoptieren sogar ein Nest und freuen uns jetzt schon \u00fcber E-Mail-Updates, wenn unsere Babies geschl\u00fcpft sind.<\/p>\n<p><img loading=\"lazy\" decoding=\"async\" class=\"size-medium wp-image-20978 aligncenter\" src=\"https:\/\/www.tui.at\/blog\/wp-content\/uploads\/2019\/09\/thetravelblog.at_by_ladyvenom_cape_verde-896.jpg\" alt=\"Project Biodiversity Turtle Foundation TUI Care Foundation Sal Kapverden\" width=\"615\" height=\"409\" \/><\/p>\n<p><img loading=\"lazy\" decoding=\"async\" class=\"size-medium wp-image-20975 aligncenter\" src=\"https:\/\/www.tui.at\/blog\/wp-content\/uploads\/2019\/09\/thetravelblog.at_by_ladyvenom_cape_verde-893.jpg\" alt=\"Project Biodiversity Turtle Foundation TUI Care Foundation Sal Kapverden\" width=\"615\" height=\"409\" \/><\/p>\n<p><img loading=\"lazy\" decoding=\"async\" class=\"size-medium wp-image-20974 aligncenter\" src=\"https:\/\/www.tui.at\/blog\/wp-content\/uploads\/2019\/09\/thetravelblog.at_by_ladyvenom_cape_verde-892.jpg\" alt=\"Project Biodiversity Turtle Foundation TUI Care Foundation Sal Kapverden\" width=\"615\" height=\"409\" \/><\/p>\n<p><img loading=\"lazy\" decoding=\"async\" class=\"size-medium wp-image-20972 aligncenter\" src=\"https:\/\/www.tui.at\/blog\/wp-content\/uploads\/2019\/09\/thetravelblog.at_by_ladyvenom_cape_verde-890.jpg\" alt=\"Project Biodiversity Turtle Foundation TUI Care Foundation Sal Kapverden\" width=\"615\" height=\"409\" \/><\/p>\n<h6 style=\"text-align: center;\">Als Urlauber kann man sich hier f\u00fcr den Schutz der Meeresschildkr\u00f6ten einsetzen!<\/h6>\n<p><\/div><div class=\"legacy-fusion-text\"><\/p>\n<h4>Wir hoffen wir konnten euch mit diesen Eindr\u00fccken Lust auf die Kapverden machen!<\/h4>\n<h4>F\u00fcr uns war die Reise wirklich ein tolles Erlebnis.<\/h4>\n<p><img loading=\"lazy\" decoding=\"async\" class=\"size-medium wp-image-20916 aligncenter\" src=\"https:\/\/www.tui.at\/blog\/wp-content\/uploads\/2019\/09\/thetravelblog.at_by_ladyvenom_cape_verde-233.jpg\" alt=\"Kapverden\" width=\"615\" height=\"346\" \/><\/p>\n<p><img loading=\"lazy\" decoding=\"async\" class=\"size-medium wp-image-20936 aligncenter\" src=\"https:\/\/www.tui.at\/blog\/wp-content\/uploads\/2019\/09\/thetravelblog.at_by_ladyvenom_cape_verde-437.jpg\" alt=\"Kapverden\" width=\"615\" height=\"346\" \/><\/p>\n<p><img loading=\"lazy\" decoding=\"async\" class=\"size-medium wp-image-20901 aligncenter\" src=\"https:\/\/www.tui.at\/blog\/wp-content\/uploads\/2019\/09\/thetravelblog.at_by_ladyvenom_cape_verde-94.jpg\" alt=\"Kapverden\" width=\"615\" height=\"409\" \/><\/div><div class=\"legacy-fullwidth\"><div class=\"legacy-fusion-text\">Abgesehen von den vielf\u00e4ltigen Entdeckungsm\u00f6glichkeiten auf den kapverdischen Inseln, ist auch die Kultur dort ein wahres Highlight. Mehr dazu erf\u00e4hrst du <a href=\"https:\/\/blog.tui.at\/kapverden-ganz-persoenlich-7-gruende-warum-wir-die-bewohner-der-kapverdischen-inseln-besonders-moegen\/\">hier<\/a>.<\/div><\/div><\/p>\n","protected":false},"excerpt":{"rendered":"<p>Die Reiseblogger Marion &#038; Raffael zeigen euch die Highlights von einer Woche auf den Kapverden Inseln Boa Vista und Sal &#8211; Hotels, Must Sees &#038; Ausflugstipps!<\/p>\n","protected":false},"author":204,"featured_media":488336,"comment_status":"open","ping_status":"closed","sticky":false,"template":"","format":"standard","meta":{"_acf_changed":false,"footnotes":""},"categories":[5146],"tags":[4899,4900,4901,5038],"class_list":["post-488335","post","type-post","status-publish","format-standard","has-post-thumbnail","hentry","category-archiv-urlaub-am-meer","tag-afrika","tag-boa-vista","tag-kapverden","tag-sal"],"acf":[],"yoast_head":"<!-- This site is optimized with the Yoast SEO plugin v27.4 - https:\/\/yoast.com\/product\/yoast-seo-wordpress\/ -->\n<title>Follow us around: 1 Woche auf den Kapverden - TUI.at Reiseblog<\/title>\n<meta name=\"description\" content=\"Die Reiseblogger Marion &amp; Raffael zeigen euch die Highlights von einer Woche auf den Kapverden Inseln Boa Vista und Sal - Hotels, Must Sees &amp; Ausflugstipps!\" \/>\n<meta name=\"robots\" content=\"index, follow, max-snippet:-1, max-image-preview:large, max-video-preview:-1\" \/>\n<link rel=\"canonical\" href=\"https:\/\/www.tui.at\/blog\/follow-us-around-1-woche-auf-den-kapverden\/\" \/>\n<meta property=\"og:locale\" content=\"de_DE\" \/>\n<meta property=\"og:type\" content=\"article\" \/>\n<meta property=\"og:title\" content=\"Follow us around: 1 Woche auf den Kapverden - TUI.at Reiseblog\" \/>\n<meta property=\"og:description\" content=\"Die Reiseblogger Marion &amp; Raffael zeigen euch die Highlights von einer Woche auf den Kapverden Inseln Boa Vista und Sal - Hotels, Must Sees &amp; Ausflugstipps!\" \/>\n<meta property=\"og:url\" content=\"https:\/\/www.tui.at\/blog\/follow-us-around-1-woche-auf-den-kapverden\/\" \/>\n<meta property=\"og:site_name\" content=\"TUI.at Reiseblog\" \/>\n<meta property=\"article:published_time\" content=\"2020-03-06T07:58:54+00:00\" \/>\n<meta property=\"article:modified_time\" content=\"2025-10-24T09:39:29+00:00\" \/>\n<meta property=\"og:image\" content=\"https:\/\/www.tui.at\/blog\/wp-content\/uploads\/2019\/09\/thetravelblog.at_by_ladyvenom_cape_verde-229.jpg\" \/>\n\t<meta property=\"og:image:width\" content=\"2492\" \/>\n\t<meta property=\"og:image:height\" content=\"1400\" \/>\n\t<meta property=\"og:image:type\" content=\"image\/jpeg\" \/>\n<meta name=\"author\" content=\"Marion&amp;Raffael Payr\" \/>\n<meta name=\"twitter:card\" content=\"summary_large_image\" \/>\n<meta name=\"twitter:label1\" content=\"Verfasst von\" \/>\n\t<meta name=\"twitter:data1\" content=\"Marion&amp;Raffael Payr\" \/>\n\t<meta name=\"twitter:label2\" content=\"Gesch\u00e4tzte Lesezeit\" \/>\n\t<meta name=\"twitter:data2\" content=\"7\u00a0Minuten\" \/>\n<script type=\"application\/ld+json\" class=\"yoast-schema-graph\">{\"@context\":\"https:\\\/\\\/schema.org\",\"@graph\":[{\"@type\":\"BlogPosting\",\"@id\":\"https:\\\/\\\/www.tui.at\\\/blog\\\/follow-us-around-1-woche-auf-den-kapverden\\\/#article\",\"isPartOf\":{\"@id\":\"https:\\\/\\\/www.tui.at\\\/blog\\\/follow-us-around-1-woche-auf-den-kapverden\\\/\"},\"author\":{\"name\":\"Marion&amp;Raffael Payr\",\"@id\":\"https:\\\/\\\/www.tui.at\\\/blog\\\/#\\\/schema\\\/person\\\/05681e5907afb9e2ceee55587d9cb5e1\"},\"headline\":\"Follow us around: 1 Woche auf den Kapverden\",\"datePublished\":\"2020-03-06T07:58:54+00:00\",\"dateModified\":\"2025-10-24T09:39:29+00:00\",\"mainEntityOfPage\":{\"@id\":\"https:\\\/\\\/www.tui.at\\\/blog\\\/follow-us-around-1-woche-auf-den-kapverden\\\/\"},\"wordCount\":1481,\"commentCount\":0,\"publisher\":{\"@id\":\"https:\\\/\\\/www.tui.at\\\/blog\\\/#organization\"},\"image\":{\"@id\":\"https:\\\/\\\/www.tui.at\\\/blog\\\/follow-us-around-1-woche-auf-den-kapverden\\\/#primaryimage\"},\"thumbnailUrl\":\"https:\\\/\\\/www.tui.at\\\/blog\\\/wp-content\\\/uploads\\\/2019\\\/09\\\/thetravelblog.at_by_ladyvenom_cape_verde-229.jpg\",\"keywords\":[\"Afrika\",\"Boa Vista\",\"Kapverden\",\"Sal\"],\"articleSection\":[\"Urlaub am Meer\"],\"inLanguage\":\"de\",\"potentialAction\":[{\"@type\":\"CommentAction\",\"name\":\"Comment\",\"target\":[\"https:\\\/\\\/www.tui.at\\\/blog\\\/follow-us-around-1-woche-auf-den-kapverden\\\/#respond\"]}]},{\"@type\":\"WebPage\",\"@id\":\"https:\\\/\\\/www.tui.at\\\/blog\\\/follow-us-around-1-woche-auf-den-kapverden\\\/\",\"url\":\"https:\\\/\\\/www.tui.at\\\/blog\\\/follow-us-around-1-woche-auf-den-kapverden\\\/\",\"name\":\"Follow us around: 1 Woche auf den Kapverden - TUI.at Reiseblog\",\"isPartOf\":{\"@id\":\"https:\\\/\\\/www.tui.at\\\/blog\\\/#website\"},\"primaryImageOfPage\":{\"@id\":\"https:\\\/\\\/www.tui.at\\\/blog\\\/follow-us-around-1-woche-auf-den-kapverden\\\/#primaryimage\"},\"image\":{\"@id\":\"https:\\\/\\\/www.tui.at\\\/blog\\\/follow-us-around-1-woche-auf-den-kapverden\\\/#primaryimage\"},\"thumbnailUrl\":\"https:\\\/\\\/www.tui.at\\\/blog\\\/wp-content\\\/uploads\\\/2019\\\/09\\\/thetravelblog.at_by_ladyvenom_cape_verde-229.jpg\",\"datePublished\":\"2020-03-06T07:58:54+00:00\",\"dateModified\":\"2025-10-24T09:39:29+00:00\",\"description\":\"Die Reiseblogger Marion & Raffael zeigen euch die Highlights von einer Woche auf den Kapverden Inseln Boa Vista und Sal - Hotels, Must Sees & Ausflugstipps!\",\"breadcrumb\":{\"@id\":\"https:\\\/\\\/www.tui.at\\\/blog\\\/follow-us-around-1-woche-auf-den-kapverden\\\/#breadcrumb\"},\"inLanguage\":\"de\",\"potentialAction\":[{\"@type\":\"ReadAction\",\"target\":[\"https:\\\/\\\/www.tui.at\\\/blog\\\/follow-us-around-1-woche-auf-den-kapverden\\\/\"]}]},{\"@type\":\"ImageObject\",\"inLanguage\":\"de\",\"@id\":\"https:\\\/\\\/www.tui.at\\\/blog\\\/follow-us-around-1-woche-auf-den-kapverden\\\/#primaryimage\",\"url\":\"https:\\\/\\\/www.tui.at\\\/blog\\\/wp-content\\\/uploads\\\/2019\\\/09\\\/thetravelblog.at_by_ladyvenom_cape_verde-229.jpg\",\"contentUrl\":\"https:\\\/\\\/www.tui.at\\\/blog\\\/wp-content\\\/uploads\\\/2019\\\/09\\\/thetravelblog.at_by_ladyvenom_cape_verde-229.jpg\",\"width\":2492,\"height\":1400,\"caption\":\"Segelausflug auf Boa Vista\"},{\"@type\":\"BreadcrumbList\",\"@id\":\"https:\\\/\\\/www.tui.at\\\/blog\\\/follow-us-around-1-woche-auf-den-kapverden\\\/#breadcrumb\",\"itemListElement\":[{\"@type\":\"ListItem\",\"position\":1,\"name\":\"Startseite\",\"item\":\"https:\\\/\\\/www.tui.at\\\/blog\\\/\"},{\"@type\":\"ListItem\",\"position\":2,\"name\":\"Follow us around: 1 Woche auf den Kapverden\"}]},{\"@type\":\"WebSite\",\"@id\":\"https:\\\/\\\/www.tui.at\\\/blog\\\/#website\",\"url\":\"https:\\\/\\\/www.tui.at\\\/blog\\\/\",\"name\":\"TUI.at Reiseblog\",\"description\":\"Inspirationen f\u00fcr den perfekten Urlaub\",\"publisher\":{\"@id\":\"https:\\\/\\\/www.tui.at\\\/blog\\\/#organization\"},\"potentialAction\":[{\"@type\":\"SearchAction\",\"target\":{\"@type\":\"EntryPoint\",\"urlTemplate\":\"https:\\\/\\\/www.tui.at\\\/blog\\\/?s={search_term_string}\"},\"query-input\":{\"@type\":\"PropertyValueSpecification\",\"valueRequired\":true,\"valueName\":\"search_term_string\"}}],\"inLanguage\":\"de\"},{\"@type\":\"Organization\",\"@id\":\"https:\\\/\\\/www.tui.at\\\/blog\\\/#organization\",\"name\":\"TUI.at Reiseblog\",\"url\":\"https:\\\/\\\/www.tui.at\\\/blog\\\/\",\"logo\":{\"@type\":\"ImageObject\",\"inLanguage\":\"de\",\"@id\":\"https:\\\/\\\/www.tui.at\\\/blog\\\/#\\\/schema\\\/logo\\\/image\\\/\",\"url\":\"https:\\\/\\\/www.tui.at\\\/blog\\\/wp-content\\\/uploads\\\/2025\\\/09\\\/cropped-tui-logo-3.webp\",\"contentUrl\":\"https:\\\/\\\/www.tui.at\\\/blog\\\/wp-content\\\/uploads\\\/2025\\\/09\\\/cropped-tui-logo-3.webp\",\"width\":164,\"height\":72,\"caption\":\"TUI.at Reiseblog\"},\"image\":{\"@id\":\"https:\\\/\\\/www.tui.at\\\/blog\\\/#\\\/schema\\\/logo\\\/image\\\/\"}},{\"@type\":\"Person\",\"@id\":\"https:\\\/\\\/www.tui.at\\\/blog\\\/#\\\/schema\\\/person\\\/05681e5907afb9e2ceee55587d9cb5e1\",\"name\":\"Marion&amp;Raffael Payr\",\"description\":\"Marion (@ladyvenom) und Raffael (@lionheaded) sind Blogger und Instagramer und verbringen durch diese Jobs viel Zeit unterwegs auf Reisen. Ihre liebsten Projekte sind die, wo sie gemeinsam arbeiten k\u00f6nnen und sich dabei kreativ austoben d\u00fcrfen. Dann geht es f\u00fcr die beiden sowohl in die Berge zum Wandern oder Wintersporteln, als auch an\u2019s Meer zum Relaxen und Baden, in St\u00e4dte zum Erkunden und Shoppen, auf Alpenh\u00fctten f\u00fcr die urigen Erlebnisse und auch in Luxushotels mit Spa und allem drum und dran. Ihr Anspruch an\u2019s Reisen ist sich der Destination voll und ganz hinzugeben und die Energie des Ortes aufzunehmen - das geht f\u00fcr die zwei unter ganz vielen unterschiedlichen Reise-Umst\u00e4nden.\",\"sameAs\":[\"http:\\\/\\\/thetravelblog.at\"],\"url\":\"https:\\\/\\\/www.tui.at\\\/blog\\\/author\\\/marion_raffael\\\/\"}]}<\/script>\n<!-- \/ Yoast SEO plugin. -->","yoast_head_json":{"title":"Follow us around: 1 Woche auf den Kapverden - TUI.at Reiseblog","description":"Die Reiseblogger Marion & Raffael zeigen euch die Highlights von einer Woche auf den Kapverden Inseln Boa Vista und Sal - Hotels, Must Sees & Ausflugstipps!","robots":{"index":"index","follow":"follow","max-snippet":"max-snippet:-1","max-image-preview":"max-image-preview:large","max-video-preview":"max-video-preview:-1"},"canonical":"https:\/\/www.tui.at\/blog\/follow-us-around-1-woche-auf-den-kapverden\/","og_locale":"de_DE","og_type":"article","og_title":"Follow us around: 1 Woche auf den Kapverden - TUI.at Reiseblog","og_description":"Die Reiseblogger Marion & Raffael zeigen euch die Highlights von einer Woche auf den Kapverden Inseln Boa Vista und Sal - Hotels, Must Sees & Ausflugstipps!","og_url":"https:\/\/www.tui.at\/blog\/follow-us-around-1-woche-auf-den-kapverden\/","og_site_name":"TUI.at Reiseblog","article_published_time":"2020-03-06T07:58:54+00:00","article_modified_time":"2025-10-24T09:39:29+00:00","og_image":[{"width":2492,"height":1400,"url":"https:\/\/www.tui.at\/blog\/wp-content\/uploads\/2019\/09\/thetravelblog.at_by_ladyvenom_cape_verde-229.jpg","type":"image\/jpeg"}],"author":"Marion&amp;Raffael Payr","twitter_card":"summary_large_image","twitter_misc":{"Verfasst von":"Marion&amp;Raffael Payr","Gesch\u00e4tzte Lesezeit":"7\u00a0Minuten"},"schema":{"@context":"https:\/\/schema.org","@graph":[{"@type":"BlogPosting","@id":"https:\/\/www.tui.at\/blog\/follow-us-around-1-woche-auf-den-kapverden\/#article","isPartOf":{"@id":"https:\/\/www.tui.at\/blog\/follow-us-around-1-woche-auf-den-kapverden\/"},"author":{"name":"Marion&amp;Raffael Payr","@id":"https:\/\/www.tui.at\/blog\/#\/schema\/person\/05681e5907afb9e2ceee55587d9cb5e1"},"headline":"Follow us around: 1 Woche auf den Kapverden","datePublished":"2020-03-06T07:58:54+00:00","dateModified":"2025-10-24T09:39:29+00:00","mainEntityOfPage":{"@id":"https:\/\/www.tui.at\/blog\/follow-us-around-1-woche-auf-den-kapverden\/"},"wordCount":1481,"commentCount":0,"publisher":{"@id":"https:\/\/www.tui.at\/blog\/#organization"},"image":{"@id":"https:\/\/www.tui.at\/blog\/follow-us-around-1-woche-auf-den-kapverden\/#primaryimage"},"thumbnailUrl":"https:\/\/www.tui.at\/blog\/wp-content\/uploads\/2019\/09\/thetravelblog.at_by_ladyvenom_cape_verde-229.jpg","keywords":["Afrika","Boa Vista","Kapverden","Sal"],"articleSection":["Urlaub am Meer"],"inLanguage":"de","potentialAction":[{"@type":"CommentAction","name":"Comment","target":["https:\/\/www.tui.at\/blog\/follow-us-around-1-woche-auf-den-kapverden\/#respond"]}]},{"@type":"WebPage","@id":"https:\/\/www.tui.at\/blog\/follow-us-around-1-woche-auf-den-kapverden\/","url":"https:\/\/www.tui.at\/blog\/follow-us-around-1-woche-auf-den-kapverden\/","name":"Follow us around: 1 Woche auf den Kapverden - TUI.at Reiseblog","isPartOf":{"@id":"https:\/\/www.tui.at\/blog\/#website"},"primaryImageOfPage":{"@id":"https:\/\/www.tui.at\/blog\/follow-us-around-1-woche-auf-den-kapverden\/#primaryimage"},"image":{"@id":"https:\/\/www.tui.at\/blog\/follow-us-around-1-woche-auf-den-kapverden\/#primaryimage"},"thumbnailUrl":"https:\/\/www.tui.at\/blog\/wp-content\/uploads\/2019\/09\/thetravelblog.at_by_ladyvenom_cape_verde-229.jpg","datePublished":"2020-03-06T07:58:54+00:00","dateModified":"2025-10-24T09:39:29+00:00","description":"Die Reiseblogger Marion & Raffael zeigen euch die Highlights von einer Woche auf den Kapverden Inseln Boa Vista und Sal - Hotels, Must Sees & Ausflugstipps!","breadcrumb":{"@id":"https:\/\/www.tui.at\/blog\/follow-us-around-1-woche-auf-den-kapverden\/#breadcrumb"},"inLanguage":"de","potentialAction":[{"@type":"ReadAction","target":["https:\/\/www.tui.at\/blog\/follow-us-around-1-woche-auf-den-kapverden\/"]}]},{"@type":"ImageObject","inLanguage":"de","@id":"https:\/\/www.tui.at\/blog\/follow-us-around-1-woche-auf-den-kapverden\/#primaryimage","url":"https:\/\/www.tui.at\/blog\/wp-content\/uploads\/2019\/09\/thetravelblog.at_by_ladyvenom_cape_verde-229.jpg","contentUrl":"https:\/\/www.tui.at\/blog\/wp-content\/uploads\/2019\/09\/thetravelblog.at_by_ladyvenom_cape_verde-229.jpg","width":2492,"height":1400,"caption":"Segelausflug auf Boa Vista"},{"@type":"BreadcrumbList","@id":"https:\/\/www.tui.at\/blog\/follow-us-around-1-woche-auf-den-kapverden\/#breadcrumb","itemListElement":[{"@type":"ListItem","position":1,"name":"Startseite","item":"https:\/\/www.tui.at\/blog\/"},{"@type":"ListItem","position":2,"name":"Follow us around: 1 Woche auf den Kapverden"}]},{"@type":"WebSite","@id":"https:\/\/www.tui.at\/blog\/#website","url":"https:\/\/www.tui.at\/blog\/","name":"TUI.at Reiseblog","description":"Inspirationen f\u00fcr den perfekten Urlaub","publisher":{"@id":"https:\/\/www.tui.at\/blog\/#organization"},"potentialAction":[{"@type":"SearchAction","target":{"@type":"EntryPoint","urlTemplate":"https:\/\/www.tui.at\/blog\/?s={search_term_string}"},"query-input":{"@type":"PropertyValueSpecification","valueRequired":true,"valueName":"search_term_string"}}],"inLanguage":"de"},{"@type":"Organization","@id":"https:\/\/www.tui.at\/blog\/#organization","name":"TUI.at Reiseblog","url":"https:\/\/www.tui.at\/blog\/","logo":{"@type":"ImageObject","inLanguage":"de","@id":"https:\/\/www.tui.at\/blog\/#\/schema\/logo\/image\/","url":"https:\/\/www.tui.at\/blog\/wp-content\/uploads\/2025\/09\/cropped-tui-logo-3.webp","contentUrl":"https:\/\/www.tui.at\/blog\/wp-content\/uploads\/2025\/09\/cropped-tui-logo-3.webp","width":164,"height":72,"caption":"TUI.at Reiseblog"},"image":{"@id":"https:\/\/www.tui.at\/blog\/#\/schema\/logo\/image\/"}},{"@type":"Person","@id":"https:\/\/www.tui.at\/blog\/#\/schema\/person\/05681e5907afb9e2ceee55587d9cb5e1","name":"Marion&amp;Raffael Payr","description":"Marion (@ladyvenom) und Raffael (@lionheaded) sind Blogger und Instagramer und verbringen durch diese Jobs viel Zeit unterwegs auf Reisen. Ihre liebsten Projekte sind die, wo sie gemeinsam arbeiten k\u00f6nnen und sich dabei kreativ austoben d\u00fcrfen. Dann geht es f\u00fcr die beiden sowohl in die Berge zum Wandern oder Wintersporteln, als auch an\u2019s Meer zum Relaxen und Baden, in St\u00e4dte zum Erkunden und Shoppen, auf Alpenh\u00fctten f\u00fcr die urigen Erlebnisse und auch in Luxushotels mit Spa und allem drum und dran. Ihr Anspruch an\u2019s Reisen ist sich der Destination voll und ganz hinzugeben und die Energie des Ortes aufzunehmen - das geht f\u00fcr die zwei unter ganz vielen unterschiedlichen Reise-Umst\u00e4nden.","sameAs":["http:\/\/thetravelblog.at"],"url":"https:\/\/www.tui.at\/blog\/author\/marion_raffael\/"}]}},"_links":{"self":[{"href":"https:\/\/www.tui.at\/blog\/wp-json\/wp\/v2\/posts\/488335","targetHints":{"allow":["GET"]}}],"collection":[{"href":"https:\/\/www.tui.at\/blog\/wp-json\/wp\/v2\/posts"}],"about":[{"href":"https:\/\/www.tui.at\/blog\/wp-json\/wp\/v2\/types\/post"}],"author":[{"embeddable":true,"href":"https:\/\/www.tui.at\/blog\/wp-json\/wp\/v2\/users\/204"}],"replies":[{"embeddable":true,"href":"https:\/\/www.tui.at\/blog\/wp-json\/wp\/v2\/comments?post=488335"}],"version-history":[{"count":1,"href":"https:\/\/www.tui.at\/blog\/wp-json\/wp\/v2\/posts\/488335\/revisions"}],"predecessor-version":[{"id":490350,"href":"https:\/\/www.tui.at\/blog\/wp-json\/wp\/v2\/posts\/488335\/revisions\/490350"}],"wp:featuredmedia":[{"embeddable":true,"href":"https:\/\/www.tui.at\/blog\/wp-json\/wp\/v2\/media\/488336"}],"wp:attachment":[{"href":"https:\/\/www.tui.at\/blog\/wp-json\/wp\/v2\/media?parent=488335"}],"wp:term":[{"taxonomy":"category","embeddable":true,"href":"https:\/\/www.tui.at\/blog\/wp-json\/wp\/v2\/categories?post=488335"},{"taxonomy":"post_tag","embeddable":true,"href":"https:\/\/www.tui.at\/blog\/wp-json\/wp\/v2\/tags?post=488335"}],"curies":[{"name":"wp","href":"https:\/\/api.w.org\/{rel}","templated":true}]}}