{"id":488277,"date":"2020-01-30T12:26:16","date_gmt":"2020-01-30T11:26:16","guid":{"rendered":"https:\/\/www.tui.at\/blog\/48-stunden-in-marrakesch-die-trendmetropole-am-atlasgebirge\/"},"modified":"2025-10-24T11:39:29","modified_gmt":"2025-10-24T09:39:29","slug":"48-stunden-in-marrakesch-die-trendmetropole-am-atlasgebirge","status":"publish","type":"post","link":"https:\/\/www.tui.at\/blog\/48-stunden-in-marrakesch-die-trendmetropole-am-atlasgebirge\/","title":{"rendered":"48 Stunden in Marrakesch &#8211; die Trendmetropole am Atlasgebirge"},"content":{"rendered":"<p><div class=\"legacy-fullwidth\"><div class=\"legacy-fusion-text\">Marokko hat sich in den letzten Jahren zu einem der top Reiseziele entwickelt. Kein Wunder, \u00fcberzeugt das nordafrikanische Land doch mit orientalischem Flair, jeder Menge bunter Farben, tollem Essen und einer diversen Landschaft zwischen W\u00fcste und gr\u00fcnen Bergen, die ihresgleichen sucht.<\/p>\n<p>Und auch die pulsierende W\u00fcstenmetropole <a href=\"https:\/\/www.tui.at\/pauschalreisen\/marokko\/marrakesch\/\">Marrakesch<\/a> darfst du bei deinem Urlaub in Marokko nicht verpassen. <strong>TUI Reiseexpertin Christina Maurek<\/strong> zeigt dir die besten Insidertipps f\u00fcr <strong>48 Stunden in Marrakesch und Umgebung<\/strong>.<\/div><\/div><div class=\"legacy-fullwidth\"><div class=\"legacy-fusion-title\"><h2>Tag 1 &#8211; 48 h in Marrakesch<\/h2><\/div><div class=\"legacy-fusion-title\"><h3>Die Ankunft<\/h3><\/div><div class=\"legacy-fusion-text\">Willkommen in <a href=\"https:\/\/www.tui.at\/pauschalreisen\/marokko\/marrakesch\/\">Marrakesch<\/a>! Nach der Ankunft am modernen <strong>Marrakesh Menara Airport<\/strong> kannst du vor dem Ausgang direkt<strong> Marokkanische Dirham<\/strong> am Bankomaten abheben, damit du f\u00fcr deinen Aufenthalt ger\u00fcstet bist. (Achtung: Nicht vergessen vor Abflug GeoControl f\u00fcr die Bankomatkarte zu deaktivieren).<\/p>\n<p>Es ist \u00fcbrigens empfehlenswert, den<strong> Transfer<\/strong> gleich bei der Buchung dazu zu buchen, da sich die meisten Unterk\u00fcnfte in den <strong>schmalen Altstadtgassen<\/strong> befinden, wo ein normales Taxi gar nicht hinkommt.<\/p>\n<p>Danach geht es am besten erst einmal in deine Unterkunft. <strong>Tipp:<\/strong> In einem landestypischen <strong>Riad<\/strong> wie dem <a href=\"https:\/\/www.tui.at\/hotels\/riad-bleu-du-sud-262356\/hotelinformation\/\"><strong>&#8222;Riad Bleu Du Sud&#8220;<\/strong><\/a> mit dem perfekten<strong> 1001 Nacht Feeling<\/strong> \u00fcbernachten. Riads sind traditionelle marrokanische H\u00e4user, die versteckt hinter oft einfachen Fassaden, \u00fcber einen <strong>tollen Innenhof<\/strong> <strong>bzw. Innengarten <\/strong>mit <strong>Brunnen <\/strong>verf\u00fcgen.<\/div><div class=\"legacy-row\"><div class=\"one-half\"><div class=\"legacy-fusion-text\"><img loading=\"lazy\" decoding=\"async\" class=\"size-medium wp-image-20408 alignleft\" src=\"https:\/\/www.tui.at\/blog\/wp-content\/uploads\/2019\/07\/riad-bleu-du-sud2.jpg\" alt=\"48 Stunden in Marrakesch - Riad Bleu du Sud Innenhof\" width=\"615\" height=\"462\" \/><\/div><\/div><div class=\"one-half\"><div class=\"legacy-fusion-text\"><img loading=\"lazy\" decoding=\"async\" class=\"size-medium wp-image-20409 alignright\" src=\"https:\/\/www.tui.at\/blog\/wp-content\/uploads\/2019\/07\/riad-bleu-du-sud.jpg\" alt=\"48 Stunden in Marrakesch - Riad Bleu du Sud Terrasse\" width=\"615\" height=\"461\" \/><\/div><\/div><\/div><div class=\"legacy-fusion-title\"><h3>Marrakesch erkunden <\/h3><\/div><div class=\"legacy-fusion-text\">Der optimale Start f\u00fcr einen <strong>Stadtrundgang<\/strong> ist die <strong>Koutoubia Mosque<\/strong>. Es lohnt sich, auch durch den mit Palmen ges\u00e4umten<strong> Park<\/strong> zu schlendern und den tollen <strong>Ausblick auf das Atlasgebirge<\/strong> zu genie\u00dfen.<\/p>\n<p>Nach einem Spaziergang durch die <strong>verwinkelten Gassen der Kasbah<\/strong>\u00a0k\u00f6nnt ihr einen traditionellen <strong>Minztee<\/strong> im alten <strong>j\u00fcdischen Viertel Mellah<\/strong> probieren. Allein das <strong>Servieren des Tees<\/strong> ist ein Erlebnis, da das Einschenken sehr zelebriert wird und von weit oben \u00fcber der Tasse stattfindet.<\/p>\n<p>Wer sich f\u00fcr die <strong>lokale Kultur<\/strong> interessiert und die Touristenstr\u00f6me im Bahia Palace meiden m\u00f6chte, sollte das <strong>Dar Si Said Museum<\/strong> besuchen. Dort findet man <strong>arabische, berberische Architektur<\/strong> und tolle <strong>Kunstgegenst\u00e4nde<\/strong>.<\/div><div class=\"legacy-row\"><div class=\"one-half\"><div class=\"legacy-fusion-text\"><img loading=\"lazy\" decoding=\"async\" class=\"size-medium wp-image-20418 alignleft\" src=\"https:\/\/www.tui.at\/blog\/wp-content\/uploads\/2019\/07\/mosque.jpg\" alt=\"48 Stunden in Marrakesch - Koutoubia Mosque\" width=\"416\" height=\"615\" \/><\/div><\/div><div class=\"one-half\"><div class=\"legacy-fusion-text\"><img loading=\"lazy\" decoding=\"async\" class=\"size-medium wp-image-20416 alignright\" src=\"https:\/\/www.tui.at\/blog\/wp-content\/uploads\/2019\/07\/Marrakesch_03-2015_Web_cTUI_Florian-Albert-323.jpg\" alt=\"48 Stunden in Marrakesch - Minztee\" width=\"410\" height=\"615\" \/><\/div><\/div><\/div><div class=\"legacy-fusion-title\"><h3>Die Souks<\/h3><\/div><div class=\"legacy-fusion-text\">Den<strong> Nachmittag<\/strong> sollte man sich f\u00fcr die vielen bunten <strong>Souks (M\u00e4rkte)<\/strong> in den verwinkelten Gassen der Medina (arabische Bezeichnung f\u00fcr Altstadt) freihalten. Marrakesch ist bekannt f\u00fcr seine <strong>Lederwaren<\/strong> (aus den \u00f6rtlichen Gerbereien), <strong>Lampen aus Metall<\/strong> in allen Farben, Formen &#038; Gr\u00f6\u00dfen, <strong>Teppiche<\/strong>, <strong>Kosmetika<\/strong> aus Argan\u00f6l, <strong>Gew\u00fcrze<\/strong> (wie Ras el Hanout &#038; Harissa), <strong>Tee<\/strong> und <strong>Schmuck<\/strong>.<\/div><div class=\"legacy-fusion-text\"><\/p>\n<blockquote><p><strong>Shopping-Tipps:<\/strong><\/p>\n<ul>\n<li><strong>Abseits vom \u201eDjemaa el Fna\u201c einkaufen<\/strong>. Dort sind die Preise viel niedriger<\/li>\n<li><strong>Handeln mit viel Humor nicht vergessen.<\/strong> Mit den freundlichen H\u00e4ndlern kann man wirklich viel Spa\u00df haben und sie sind auch noch gut gelaunt, wenn man mal nichts kauft.<\/li>\n<\/ul>\n<\/blockquote>\n<p><\/div><div class=\"legacy-row\"><div class=\"one-half\"><div class=\"legacy-fusion-text\"><img loading=\"lazy\" decoding=\"async\" class=\"size-medium wp-image-20424 alignleft\" src=\"https:\/\/www.tui.at\/blog\/wp-content\/uploads\/2019\/07\/LOC_002605_MOR_MAR_F300_CROP.jpg\" alt=\"48 Stunden in Marrakesch - Schalen Marrakesch\" width=\"615\" height=\"409\" \/><\/div><\/div><div class=\"one-half\"><div class=\"legacy-fusion-text\"><img loading=\"lazy\" decoding=\"async\" class=\"size-medium wp-image-20421 alignright\" src=\"https:\/\/www.tui.at\/blog\/wp-content\/uploads\/2019\/07\/Best_of_Morocco_Marrakech_City_53.jpg\" alt=\"48 Stunden in Marrakesch - Souk Marrakesch\" width=\"615\" height=\"410\" \/><\/div><\/div><\/div><div class=\"legacy-row\"><div class=\"one-half\"><div class=\"legacy-fusion-text\"><img loading=\"lazy\" decoding=\"async\" class=\"size-medium wp-image-20423 alignleft\" src=\"https:\/\/www.tui.at\/blog\/wp-content\/uploads\/2019\/07\/LOC_002605_MOR_MAR_F298.jpg\" alt=\"48 Stunden in Marrakesch - Lampen Marrakesch\" width=\"615\" height=\"410\" \/><\/div><\/div><div class=\"one-half\"><div class=\"legacy-fusion-text\"><img loading=\"lazy\" decoding=\"async\" class=\"size-medium wp-image-20422 alignright\" src=\"https:\/\/www.tui.at\/blog\/wp-content\/uploads\/2019\/07\/Best_of_Morocco_Marrakech_City_78.jpg\" alt=\"48 Stunden in Marrakesch - Gew\u00fcrze Marrakesch\" width=\"615\" height=\"410\" \/><\/div><\/div><\/div><div class=\"legacy-fusion-text\">Nach einem ereignisreichen Tag kann man beim <strong>Hammam (traditionelle Badezeremonie)<\/strong> ausspannen. Viele Riads haben ein hauseigenes Hammam, ansonsten kann man sich an der Rezeption eines empfehlen lassen.<\/p>\n<p>Den <strong>Abend<\/strong> l\u00e4sst man dann am besten am magischen<strong> \u201eDjemaa el Fna\u201c, dem zentralen Marktplatz in der Medina (Altstadt) von Marrakesch,<\/strong> ausklingen. Die Atmosph\u00e4re ist durch die unz\u00e4hligen dampfenden Gark\u00fcchen, Schlangenbeschw\u00f6rer, T\u00e4nzer, Geschichtenerz\u00e4hler und Henna K\u00fcnstlerinnen unbeschreiblich.<\/p>\n<p>Zum <strong>Abendessen<\/strong> solltet ihr eine traditionelle <strong>Tajine<\/strong> (Eintopfgericht aus dem Tontopf) auf einer der vielen <strong>Dachterrassen mit Blick<\/strong> auf den \u201eDjemaa el Fna\u201c genie\u00dfen.<\/div><div class=\"legacy-row\"><div class=\"one-half\"><div class=\"legacy-fusion-text\"><img loading=\"lazy\" decoding=\"async\" class=\"size-medium wp-image-20420 alignleft\" src=\"https:\/\/www.tui.at\/blog\/wp-content\/uploads\/2019\/07\/Best_of_Morocco_Marrakech_City_8.jpg\" alt=\"48 Stunden in Marrakesch - Medina Marrakesch\" width=\"615\" height=\"410\" \/><\/div><\/div><div class=\"one-half\"><div class=\"legacy-fusion-text\"><img loading=\"lazy\" decoding=\"async\" class=\"size-medium wp-image-20437 alignright\" src=\"https:\/\/www.tui.at\/blog\/wp-content\/uploads\/2019\/07\/tajine.jpg\" alt=\"48 Stunden in Marrakesch - Traditionelle Tajine\" width=\"615\" height=\"410\" \/><\/div><\/div><\/div><\/div><div class=\"legacy-fullwidth\"><div class=\"legacy-fusion-title\"><h2>Tag 2 &#8211; 48 h in Marrakesch<\/h2><\/div><div class=\"legacy-fusion-text\">Am zweiten Tag bietet sich ein <strong>Tagesausflug Richtung Ouarzazate<\/strong> an. <a href=\"https:\/\/gotui.com\/de\/marokko\/marrakesch\/road-of-the-kasbahs-4x4-tour\/info\/X-RE0-ROADRAK\">Diese Tour<\/a> kannst du auch direkt bei TUI im Gel\u00e4ndewagen buchen.<\/p>\n<p>Bereits fr\u00fch am Morgen geht es los, auf ins <strong>Atlasgebirge<\/strong> \u00fcber den <strong>Tizi n&#8217;Tichka Pass<\/strong> mit <strong>atemberaubender Aussicht<\/strong> ins Tal. Die Stra\u00dfe f\u00fchrt vorbei an <strong>Berberd\u00f6rfern<\/strong> (ohne flie\u00dfendes Wasser) nach <strong>Telouet<\/strong>, einer zerfallenen <strong>Kasbah<\/strong>, an der fr\u00fcher die <strong>Karawanen<\/strong> Halt machten. Die Karawanenroute verband Marrakesch fr\u00fcher mit der Sahara.<\/div><div class=\"legacy-row\"><div class=\"one-half\"><div class=\"legacy-fusion-text\"><img loading=\"lazy\" decoding=\"async\" class=\"size-medium wp-image-20414 alignleft\" src=\"https:\/\/www.tui.at\/blog\/wp-content\/uploads\/2019\/07\/28718_107.jpg\" alt=\"48 Stunden in Marrakesch - Atlasgebirge\" width=\"615\" height=\"410\" \/><\/div><\/div><div class=\"one-half\"><div class=\"legacy-fusion-text\"><img loading=\"lazy\" decoding=\"async\" class=\"size-medium wp-image-20413 alignright\" src=\"https:\/\/www.tui.at\/blog\/wp-content\/uploads\/2019\/07\/28718_105.jpg\" alt=\"48 Stunden in Marrakesch - Route Atlasgebirge\" width=\"615\" height=\"410\" \/><\/div><\/div><\/div><div class=\"legacy-fusion-title\"><h3>A\u00eft-Ben-Haddou <\/h3><\/div><div class=\"legacy-fusion-text\">Das Highlight des Tages ist die Lehmstadt <strong>A\u00eft-Ben-Haddou<\/strong> an der alten Karawanenstra\u00dfe, die seit 1987 zum <strong>UNESCO Weltkulturerbe<\/strong> z\u00e4hlt. Hier wurden unter anderem Teile von <strong>Gladiator<\/strong> und <strong>Game of Thrones (Stichwort Sklavenstadt Yunkai)<\/strong>\u00a0gedreht.<\/p>\n<p>Das <strong>sch\u00f6nste Foto<\/strong> kann man von der gegen\u00fcberliegenden Anh\u00f6he aus machen.<\/p>\n<blockquote><p><strong>Tipp:<\/strong> Lasst euch die traditionelle Kunst der <strong>&#8222;Feuer-Maler&#8220;<\/strong> in einem der kleinen Shops zeigen. Die Bilder werden mit <strong>gr\u00fcnem Tee<\/strong> gemalt und dann durch den Einsatz von <strong>Feuer<\/strong> sichtbar gemacht.<\/p><\/blockquote>\n<p><\/div><div class=\"legacy-row\"><div class=\"one-half\"><div class=\"legacy-fusion-text\"><img loading=\"lazy\" decoding=\"async\" class=\"size-medium wp-image-20412 alignleft\" src=\"https:\/\/www.tui.at\/blog\/wp-content\/uploads\/2019\/07\/Ait-Ben-Haddou.jpg\" alt=\"48 Stunden in Marrakesch - Aussicht am Weg nach Ait-Ben-Haddou\" width=\"615\" height=\"346\" \/><\/div><\/div><div class=\"one-half\"><div class=\"legacy-fusion-text\"><img loading=\"lazy\" decoding=\"async\" class=\"size-medium wp-image-20410 alignright\" src=\"https:\/\/www.tui.at\/blog\/wp-content\/uploads\/2019\/07\/Aussicht-am-Weg-nach-Ait-Ben-Haddou.jpg\" alt=\"48 Stunden in Marrakesch - Ait-Ben-Haddou\" width=\"615\" height=\"346\" \/><\/div><\/div><\/div><\/div><div class=\"legacy-fusion-text\">Nach diesem ereignisreichen Tag geht es dann am Abend wieder zur\u00fcck nach Marrakesch. Wenn du noch nicht zu m\u00fcde bist, kannst du nat\u00fcrlich noch einmal das bunte Treiben in der Medina aufsuchen und deine 48 Stunden in Marrakesch so ausklingen lassen. Oder du machst es dir einfach in deinem Riad gem\u00fctlich und genie\u00dft die orientalische Ruheoase \ud83d\ude42<\/p>\n<p><img loading=\"lazy\" decoding=\"async\" class=\" wp-image-20431 aligncenter\" src=\"https:\/\/www.tui.at\/blog\/wp-content\/uploads\/2019\/07\/riad-bleu-du-sud-3.jpg\" alt=\"Riad Bleu du Sud - Dachterrasse\" width=\"756\" height=\"567\" \/><\/div><div class=\"legacy-fullwidth\"><div class=\"legacy-fusion-title\"><h2>Hoteltipp: Riad Bleu du Sud<\/h2><\/div><div class=\"legacy-fusion-text\">Das <a href=\"https:\/\/www.tui.at\/hotels\/riad-bleu-du-sud-262356\/hotelinformation\/\"><strong>Riad Bleu Du Sud<\/strong> <\/a>liegt 300 Meter vom <strong>Bahia Palast<\/strong> entfernt. Es ist wie die meisten Riads eher klein und verf\u00fcgt \u00fcber <strong>5 Zimmer<\/strong>. Erholung und Ruhe sind hier also vorprogrammiert. Dabei ist jedes Zimmer anders eingerichtet. Au\u00dferdem gibt es eine sch\u00f6ne <strong>Sonnenterrasse<\/strong>.<\/div><div class=\"legacy-row\"><div class=\"one-half\"><div class=\"legacy-fusion-text\"><img loading=\"lazy\" decoding=\"async\" class=\"size-medium wp-image-20432 alignleft\" src=\"https:\/\/blog.tui.at\/wp-content\/uploads\/2019\/07\/riad-bleu-du-sud-4-615x461.jpg\" alt=\"Riad Bleu du Sud - Dachterrasse Minztee\" width=\"615\" height=\"461\" \/><\/div><\/div><div class=\"one-half\"><div class=\"legacy-fusion-text\"><img loading=\"lazy\" decoding=\"async\" class=\"size-medium wp-image-20430 alignright\" src=\"https:\/\/www.tui.at\/blog\/wp-content\/uploads\/2019\/07\/riad-bleu-du-sud-2.jpg\" alt=\"Riad Bleu du Sud - Gemeinschaftsraum\" width=\"615\" height=\"461\" \/><\/div><\/div><\/div><div class=\"legacy-row\"><div class=\"one-half\"><div class=\"legacy-fusion-text\"><img loading=\"lazy\" decoding=\"async\" class=\"size-medium wp-image-20434 alignleft\" src=\"https:\/\/www.tui.at\/blog\/wp-content\/uploads\/2019\/07\/riad-bleu-du-sud-6.jpg\" alt=\"Riad Bleu du Sud - Zimmer\" width=\"615\" height=\"461\" \/><\/div><\/div><div class=\"one-half\"><div class=\"legacy-fusion-text\"><img loading=\"lazy\" decoding=\"async\" class=\"size-medium wp-image-20433 alignright\" src=\"https:\/\/www.tui.at\/blog\/wp-content\/uploads\/2019\/07\/riad-bleu-du-sud-5.jpg\" alt=\"Riad Bleu du Sud - Innenhof mit Brunnen\" width=\"615\" height=\"461\" \/><\/div><\/div><\/div><\/div><div class=\"legacy-fullwidth\"><div class=\"legacy-fusion-title\"><h2>Deine TUI Reiseexpertin f\u00fcr Marrakesch<\/h2><\/div><div class=\"legacy-row\"><div class=\"one-half\"><div class=\"legacy-fusion-text\"><img loading=\"lazy\" decoding=\"async\" class=\" wp-image-20406 alignright\" src=\"https:\/\/www.tui.at\/blog\/wp-content\/uploads\/2019\/07\/Christina-Maurek-1.jpg\" alt=\"\" width=\"136\" height=\"204\" \/><\/div><\/div><div class=\"one-half\"><div class=\"legacy-fusion-text\"><strong>Christina Maurek<\/strong>\n<div><\/div>\n<div><\/div>\n<div><\/div><\/div><\/div><\/div><\/div><\/p>\n","protected":false},"excerpt":{"rendered":"<p>TUI Reiseexpertin Christina Maurek zeigt dir die besten Insidertipps f\u00fcr 48 Stunden in und um Marrakesch, der pulsierenden Metropole am Fu\u00df des Atlasgebirges.<\/p>\n","protected":false},"author":216,"featured_media":488266,"comment_status":"open","ping_status":"closed","sticky":false,"template":"","format":"standard","meta":{"_acf_changed":false,"footnotes":""},"categories":[5149],"tags":[5027,5028,5029,4892,5030,5031,5032,5033,4968,5034],"class_list":["post-488277","post","type-post","status-publish","format-standard","has-post-thumbnail","hentry","category-archiv-staedtetrips","tag-48-stunden","tag-ait-ben-haddou","tag-atlasgebirge","tag-insidertipps","tag-marokko","tag-marrakesch","tag-ouarzazate","tag-souk","tag-staedtetrip","tag-tui-geheimtipp"],"acf":[],"yoast_head":"<!-- This site is optimized with the Yoast SEO plugin v27.4 - https:\/\/yoast.com\/product\/yoast-seo-wordpress\/ -->\n<title>48 Stunden in Marrakesch - Zwischen Trendmetropole und Atlasgebirge<\/title>\n<meta name=\"description\" content=\"TUI Reiseexpertin Christina Maurek zeigt dir die besten Insidertipps f\u00fcr 48 Stunden in Marrakesch, der pulsierenden Metropole am Fu\u00df des Atlasgebirges\" \/>\n<meta name=\"robots\" content=\"index, follow, max-snippet:-1, max-image-preview:large, max-video-preview:-1\" \/>\n<link rel=\"canonical\" href=\"https:\/\/www.tui.at\/blog\/48-stunden-in-marrakesch-die-trendmetropole-am-atlasgebirge\/\" \/>\n<meta property=\"og:locale\" content=\"de_DE\" \/>\n<meta property=\"og:type\" content=\"article\" \/>\n<meta property=\"og:title\" content=\"48 Stunden in Marrakesch - Zwischen Trendmetropole und Atlasgebirge\" \/>\n<meta property=\"og:description\" content=\"TUI Reiseexpertin Christina Maurek zeigt dir die besten Insidertipps f\u00fcr 48 Stunden in Marrakesch, der pulsierenden Metropole am Fu\u00df des Atlasgebirges\" \/>\n<meta property=\"og:url\" content=\"https:\/\/www.tui.at\/blog\/48-stunden-in-marrakesch-die-trendmetropole-am-atlasgebirge\/\" \/>\n<meta property=\"og:site_name\" content=\"TUI.at Reiseblog\" \/>\n<meta property=\"article:published_time\" content=\"2020-01-30T11:26:16+00:00\" \/>\n<meta property=\"article:modified_time\" content=\"2025-10-24T09:39:29+00:00\" \/>\n<meta property=\"og:image\" content=\"https:\/\/www.tui.at\/blog\/wp-content\/uploads\/2019\/07\/Best_of_Morocco_Marrakech_City_8.jpg\" \/>\n\t<meta property=\"og:image:width\" content=\"1600\" \/>\n\t<meta property=\"og:image:height\" content=\"1067\" \/>\n\t<meta property=\"og:image:type\" content=\"image\/jpeg\" \/>\n<meta name=\"author\" content=\"TUI ReiseexpertInnen\" \/>\n<meta name=\"twitter:card\" content=\"summary_large_image\" \/>\n<meta name=\"twitter:label1\" content=\"Verfasst von\" \/>\n\t<meta name=\"twitter:data1\" content=\"TUI ReiseexpertInnen\" \/>\n\t<meta name=\"twitter:label2\" content=\"Gesch\u00e4tzte Lesezeit\" \/>\n\t<meta name=\"twitter:data2\" content=\"9\u00a0Minuten\" \/>\n<script type=\"application\/ld+json\" class=\"yoast-schema-graph\">{\"@context\":\"https:\\\/\\\/schema.org\",\"@graph\":[{\"@type\":\"BlogPosting\",\"@id\":\"https:\\\/\\\/www.tui.at\\\/blog\\\/48-stunden-in-marrakesch-die-trendmetropole-am-atlasgebirge\\\/#article\",\"isPartOf\":{\"@id\":\"https:\\\/\\\/www.tui.at\\\/blog\\\/48-stunden-in-marrakesch-die-trendmetropole-am-atlasgebirge\\\/\"},\"author\":{\"name\":\"TUI ReiseexpertInnen\",\"@id\":\"https:\\\/\\\/www.tui.at\\\/blog\\\/#\\\/schema\\\/person\\\/d690730bb801c31eaf2cb9f00802c039\"},\"headline\":\"48 Stunden in Marrakesch &#8211; die Trendmetropole am Atlasgebirge\",\"datePublished\":\"2020-01-30T11:26:16+00:00\",\"dateModified\":\"2025-10-24T09:39:29+00:00\",\"mainEntityOfPage\":{\"@id\":\"https:\\\/\\\/www.tui.at\\\/blog\\\/48-stunden-in-marrakesch-die-trendmetropole-am-atlasgebirge\\\/\"},\"wordCount\":1894,\"commentCount\":0,\"publisher\":{\"@id\":\"https:\\\/\\\/www.tui.at\\\/blog\\\/#organization\"},\"image\":{\"@id\":\"https:\\\/\\\/www.tui.at\\\/blog\\\/48-stunden-in-marrakesch-die-trendmetropole-am-atlasgebirge\\\/#primaryimage\"},\"thumbnailUrl\":\"https:\\\/\\\/www.tui.at\\\/blog\\\/wp-content\\\/uploads\\\/2019\\\/07\\\/Best_of_Morocco_Marrakech_City_8.jpg\",\"keywords\":[\"48 stunden\",\"ait ben haddou\",\"atlasgebirge\",\"Insidertipps\",\"marokko\",\"marrakesch\",\"ouarzazate\",\"souk\",\"St\u00e4dtetrip\",\"tui geheimtipp\"],\"articleSection\":[\"St\u00e4dtetrips\"],\"inLanguage\":\"de\",\"potentialAction\":[{\"@type\":\"CommentAction\",\"name\":\"Comment\",\"target\":[\"https:\\\/\\\/www.tui.at\\\/blog\\\/48-stunden-in-marrakesch-die-trendmetropole-am-atlasgebirge\\\/#respond\"]}]},{\"@type\":\"WebPage\",\"@id\":\"https:\\\/\\\/www.tui.at\\\/blog\\\/48-stunden-in-marrakesch-die-trendmetropole-am-atlasgebirge\\\/\",\"url\":\"https:\\\/\\\/www.tui.at\\\/blog\\\/48-stunden-in-marrakesch-die-trendmetropole-am-atlasgebirge\\\/\",\"name\":\"48 Stunden in Marrakesch - Zwischen Trendmetropole und Atlasgebirge\",\"isPartOf\":{\"@id\":\"https:\\\/\\\/www.tui.at\\\/blog\\\/#website\"},\"primaryImageOfPage\":{\"@id\":\"https:\\\/\\\/www.tui.at\\\/blog\\\/48-stunden-in-marrakesch-die-trendmetropole-am-atlasgebirge\\\/#primaryimage\"},\"image\":{\"@id\":\"https:\\\/\\\/www.tui.at\\\/blog\\\/48-stunden-in-marrakesch-die-trendmetropole-am-atlasgebirge\\\/#primaryimage\"},\"thumbnailUrl\":\"https:\\\/\\\/www.tui.at\\\/blog\\\/wp-content\\\/uploads\\\/2019\\\/07\\\/Best_of_Morocco_Marrakech_City_8.jpg\",\"datePublished\":\"2020-01-30T11:26:16+00:00\",\"dateModified\":\"2025-10-24T09:39:29+00:00\",\"description\":\"TUI Reiseexpertin Christina Maurek zeigt dir die besten Insidertipps f\u00fcr 48 Stunden in Marrakesch, der pulsierenden Metropole am Fu\u00df des Atlasgebirges\",\"breadcrumb\":{\"@id\":\"https:\\\/\\\/www.tui.at\\\/blog\\\/48-stunden-in-marrakesch-die-trendmetropole-am-atlasgebirge\\\/#breadcrumb\"},\"inLanguage\":\"de\",\"potentialAction\":[{\"@type\":\"ReadAction\",\"target\":[\"https:\\\/\\\/www.tui.at\\\/blog\\\/48-stunden-in-marrakesch-die-trendmetropole-am-atlasgebirge\\\/\"]}]},{\"@type\":\"ImageObject\",\"inLanguage\":\"de\",\"@id\":\"https:\\\/\\\/www.tui.at\\\/blog\\\/48-stunden-in-marrakesch-die-trendmetropole-am-atlasgebirge\\\/#primaryimage\",\"url\":\"https:\\\/\\\/www.tui.at\\\/blog\\\/wp-content\\\/uploads\\\/2019\\\/07\\\/Best_of_Morocco_Marrakech_City_8.jpg\",\"contentUrl\":\"https:\\\/\\\/www.tui.at\\\/blog\\\/wp-content\\\/uploads\\\/2019\\\/07\\\/Best_of_Morocco_Marrakech_City_8.jpg\",\"width\":1600,\"height\":1067,\"caption\":\"48 Stunden in Marrakesch - Medina Marrakesch\"},{\"@type\":\"BreadcrumbList\",\"@id\":\"https:\\\/\\\/www.tui.at\\\/blog\\\/48-stunden-in-marrakesch-die-trendmetropole-am-atlasgebirge\\\/#breadcrumb\",\"itemListElement\":[{\"@type\":\"ListItem\",\"position\":1,\"name\":\"Startseite\",\"item\":\"https:\\\/\\\/www.tui.at\\\/blog\\\/\"},{\"@type\":\"ListItem\",\"position\":2,\"name\":\"48 Stunden in Marrakesch &#8211; die Trendmetropole am Atlasgebirge\"}]},{\"@type\":\"WebSite\",\"@id\":\"https:\\\/\\\/www.tui.at\\\/blog\\\/#website\",\"url\":\"https:\\\/\\\/www.tui.at\\\/blog\\\/\",\"name\":\"TUI.at Reiseblog\",\"description\":\"Inspirationen f\u00fcr den perfekten Urlaub\",\"publisher\":{\"@id\":\"https:\\\/\\\/www.tui.at\\\/blog\\\/#organization\"},\"potentialAction\":[{\"@type\":\"SearchAction\",\"target\":{\"@type\":\"EntryPoint\",\"urlTemplate\":\"https:\\\/\\\/www.tui.at\\\/blog\\\/?s={search_term_string}\"},\"query-input\":{\"@type\":\"PropertyValueSpecification\",\"valueRequired\":true,\"valueName\":\"search_term_string\"}}],\"inLanguage\":\"de\"},{\"@type\":\"Organization\",\"@id\":\"https:\\\/\\\/www.tui.at\\\/blog\\\/#organization\",\"name\":\"TUI.at Reiseblog\",\"url\":\"https:\\\/\\\/www.tui.at\\\/blog\\\/\",\"logo\":{\"@type\":\"ImageObject\",\"inLanguage\":\"de\",\"@id\":\"https:\\\/\\\/www.tui.at\\\/blog\\\/#\\\/schema\\\/logo\\\/image\\\/\",\"url\":\"https:\\\/\\\/www.tui.at\\\/blog\\\/wp-content\\\/uploads\\\/2025\\\/09\\\/cropped-tui-logo-3.webp\",\"contentUrl\":\"https:\\\/\\\/www.tui.at\\\/blog\\\/wp-content\\\/uploads\\\/2025\\\/09\\\/cropped-tui-logo-3.webp\",\"width\":164,\"height\":72,\"caption\":\"TUI.at Reiseblog\"},\"image\":{\"@id\":\"https:\\\/\\\/www.tui.at\\\/blog\\\/#\\\/schema\\\/logo\\\/image\\\/\"}},{\"@type\":\"Person\",\"@id\":\"https:\\\/\\\/www.tui.at\\\/blog\\\/#\\\/schema\\\/person\\\/d690730bb801c31eaf2cb9f00802c039\",\"name\":\"TUI ReiseexpertInnen\",\"description\":\"Unsere TUI ReiseexpertInnen geben Insidertipps zu Destinationen rund um die Welt.\",\"sameAs\":[\"http:\\\/\\\/www.tui.at\\\/reisebuero\"],\"url\":\"https:\\\/\\\/www.tui.at\\\/blog\\\/author\\\/tui-reiseexpertinnen\\\/\"}]}<\/script>\n<!-- \/ Yoast SEO plugin. -->","yoast_head_json":{"title":"48 Stunden in Marrakesch - Zwischen Trendmetropole und Atlasgebirge","description":"TUI Reiseexpertin Christina Maurek zeigt dir die besten Insidertipps f\u00fcr 48 Stunden in Marrakesch, der pulsierenden Metropole am Fu\u00df des Atlasgebirges","robots":{"index":"index","follow":"follow","max-snippet":"max-snippet:-1","max-image-preview":"max-image-preview:large","max-video-preview":"max-video-preview:-1"},"canonical":"https:\/\/www.tui.at\/blog\/48-stunden-in-marrakesch-die-trendmetropole-am-atlasgebirge\/","og_locale":"de_DE","og_type":"article","og_title":"48 Stunden in Marrakesch - Zwischen Trendmetropole und Atlasgebirge","og_description":"TUI Reiseexpertin Christina Maurek zeigt dir die besten Insidertipps f\u00fcr 48 Stunden in Marrakesch, der pulsierenden Metropole am Fu\u00df des Atlasgebirges","og_url":"https:\/\/www.tui.at\/blog\/48-stunden-in-marrakesch-die-trendmetropole-am-atlasgebirge\/","og_site_name":"TUI.at Reiseblog","article_published_time":"2020-01-30T11:26:16+00:00","article_modified_time":"2025-10-24T09:39:29+00:00","og_image":[{"width":1600,"height":1067,"url":"https:\/\/www.tui.at\/blog\/wp-content\/uploads\/2019\/07\/Best_of_Morocco_Marrakech_City_8.jpg","type":"image\/jpeg"}],"author":"TUI ReiseexpertInnen","twitter_card":"summary_large_image","twitter_misc":{"Verfasst von":"TUI ReiseexpertInnen","Gesch\u00e4tzte Lesezeit":"9\u00a0Minuten"},"schema":{"@context":"https:\/\/schema.org","@graph":[{"@type":"BlogPosting","@id":"https:\/\/www.tui.at\/blog\/48-stunden-in-marrakesch-die-trendmetropole-am-atlasgebirge\/#article","isPartOf":{"@id":"https:\/\/www.tui.at\/blog\/48-stunden-in-marrakesch-die-trendmetropole-am-atlasgebirge\/"},"author":{"name":"TUI ReiseexpertInnen","@id":"https:\/\/www.tui.at\/blog\/#\/schema\/person\/d690730bb801c31eaf2cb9f00802c039"},"headline":"48 Stunden in Marrakesch &#8211; die Trendmetropole am Atlasgebirge","datePublished":"2020-01-30T11:26:16+00:00","dateModified":"2025-10-24T09:39:29+00:00","mainEntityOfPage":{"@id":"https:\/\/www.tui.at\/blog\/48-stunden-in-marrakesch-die-trendmetropole-am-atlasgebirge\/"},"wordCount":1894,"commentCount":0,"publisher":{"@id":"https:\/\/www.tui.at\/blog\/#organization"},"image":{"@id":"https:\/\/www.tui.at\/blog\/48-stunden-in-marrakesch-die-trendmetropole-am-atlasgebirge\/#primaryimage"},"thumbnailUrl":"https:\/\/www.tui.at\/blog\/wp-content\/uploads\/2019\/07\/Best_of_Morocco_Marrakech_City_8.jpg","keywords":["48 stunden","ait ben haddou","atlasgebirge","Insidertipps","marokko","marrakesch","ouarzazate","souk","St\u00e4dtetrip","tui geheimtipp"],"articleSection":["St\u00e4dtetrips"],"inLanguage":"de","potentialAction":[{"@type":"CommentAction","name":"Comment","target":["https:\/\/www.tui.at\/blog\/48-stunden-in-marrakesch-die-trendmetropole-am-atlasgebirge\/#respond"]}]},{"@type":"WebPage","@id":"https:\/\/www.tui.at\/blog\/48-stunden-in-marrakesch-die-trendmetropole-am-atlasgebirge\/","url":"https:\/\/www.tui.at\/blog\/48-stunden-in-marrakesch-die-trendmetropole-am-atlasgebirge\/","name":"48 Stunden in Marrakesch - Zwischen Trendmetropole und Atlasgebirge","isPartOf":{"@id":"https:\/\/www.tui.at\/blog\/#website"},"primaryImageOfPage":{"@id":"https:\/\/www.tui.at\/blog\/48-stunden-in-marrakesch-die-trendmetropole-am-atlasgebirge\/#primaryimage"},"image":{"@id":"https:\/\/www.tui.at\/blog\/48-stunden-in-marrakesch-die-trendmetropole-am-atlasgebirge\/#primaryimage"},"thumbnailUrl":"https:\/\/www.tui.at\/blog\/wp-content\/uploads\/2019\/07\/Best_of_Morocco_Marrakech_City_8.jpg","datePublished":"2020-01-30T11:26:16+00:00","dateModified":"2025-10-24T09:39:29+00:00","description":"TUI Reiseexpertin Christina Maurek zeigt dir die besten Insidertipps f\u00fcr 48 Stunden in Marrakesch, der pulsierenden Metropole am Fu\u00df des Atlasgebirges","breadcrumb":{"@id":"https:\/\/www.tui.at\/blog\/48-stunden-in-marrakesch-die-trendmetropole-am-atlasgebirge\/#breadcrumb"},"inLanguage":"de","potentialAction":[{"@type":"ReadAction","target":["https:\/\/www.tui.at\/blog\/48-stunden-in-marrakesch-die-trendmetropole-am-atlasgebirge\/"]}]},{"@type":"ImageObject","inLanguage":"de","@id":"https:\/\/www.tui.at\/blog\/48-stunden-in-marrakesch-die-trendmetropole-am-atlasgebirge\/#primaryimage","url":"https:\/\/www.tui.at\/blog\/wp-content\/uploads\/2019\/07\/Best_of_Morocco_Marrakech_City_8.jpg","contentUrl":"https:\/\/www.tui.at\/blog\/wp-content\/uploads\/2019\/07\/Best_of_Morocco_Marrakech_City_8.jpg","width":1600,"height":1067,"caption":"48 Stunden in Marrakesch - Medina Marrakesch"},{"@type":"BreadcrumbList","@id":"https:\/\/www.tui.at\/blog\/48-stunden-in-marrakesch-die-trendmetropole-am-atlasgebirge\/#breadcrumb","itemListElement":[{"@type":"ListItem","position":1,"name":"Startseite","item":"https:\/\/www.tui.at\/blog\/"},{"@type":"ListItem","position":2,"name":"48 Stunden in Marrakesch &#8211; die Trendmetropole am Atlasgebirge"}]},{"@type":"WebSite","@id":"https:\/\/www.tui.at\/blog\/#website","url":"https:\/\/www.tui.at\/blog\/","name":"TUI.at Reiseblog","description":"Inspirationen f\u00fcr den perfekten Urlaub","publisher":{"@id":"https:\/\/www.tui.at\/blog\/#organization"},"potentialAction":[{"@type":"SearchAction","target":{"@type":"EntryPoint","urlTemplate":"https:\/\/www.tui.at\/blog\/?s={search_term_string}"},"query-input":{"@type":"PropertyValueSpecification","valueRequired":true,"valueName":"search_term_string"}}],"inLanguage":"de"},{"@type":"Organization","@id":"https:\/\/www.tui.at\/blog\/#organization","name":"TUI.at Reiseblog","url":"https:\/\/www.tui.at\/blog\/","logo":{"@type":"ImageObject","inLanguage":"de","@id":"https:\/\/www.tui.at\/blog\/#\/schema\/logo\/image\/","url":"https:\/\/www.tui.at\/blog\/wp-content\/uploads\/2025\/09\/cropped-tui-logo-3.webp","contentUrl":"https:\/\/www.tui.at\/blog\/wp-content\/uploads\/2025\/09\/cropped-tui-logo-3.webp","width":164,"height":72,"caption":"TUI.at Reiseblog"},"image":{"@id":"https:\/\/www.tui.at\/blog\/#\/schema\/logo\/image\/"}},{"@type":"Person","@id":"https:\/\/www.tui.at\/blog\/#\/schema\/person\/d690730bb801c31eaf2cb9f00802c039","name":"TUI ReiseexpertInnen","description":"Unsere TUI ReiseexpertInnen geben Insidertipps zu Destinationen rund um die Welt.","sameAs":["http:\/\/www.tui.at\/reisebuero"],"url":"https:\/\/www.tui.at\/blog\/author\/tui-reiseexpertinnen\/"}]}},"_links":{"self":[{"href":"https:\/\/www.tui.at\/blog\/wp-json\/wp\/v2\/posts\/488277","targetHints":{"allow":["GET"]}}],"collection":[{"href":"https:\/\/www.tui.at\/blog\/wp-json\/wp\/v2\/posts"}],"about":[{"href":"https:\/\/www.tui.at\/blog\/wp-json\/wp\/v2\/types\/post"}],"author":[{"embeddable":true,"href":"https:\/\/www.tui.at\/blog\/wp-json\/wp\/v2\/users\/216"}],"replies":[{"embeddable":true,"href":"https:\/\/www.tui.at\/blog\/wp-json\/wp\/v2\/comments?post=488277"}],"version-history":[{"count":1,"href":"https:\/\/www.tui.at\/blog\/wp-json\/wp\/v2\/posts\/488277\/revisions"}],"predecessor-version":[{"id":490324,"href":"https:\/\/www.tui.at\/blog\/wp-json\/wp\/v2\/posts\/488277\/revisions\/490324"}],"wp:featuredmedia":[{"embeddable":true,"href":"https:\/\/www.tui.at\/blog\/wp-json\/wp\/v2\/media\/488266"}],"wp:attachment":[{"href":"https:\/\/www.tui.at\/blog\/wp-json\/wp\/v2\/media?parent=488277"}],"wp:term":[{"taxonomy":"category","embeddable":true,"href":"https:\/\/www.tui.at\/blog\/wp-json\/wp\/v2\/categories?post=488277"},{"taxonomy":"post_tag","embeddable":true,"href":"https:\/\/www.tui.at\/blog\/wp-json\/wp\/v2\/tags?post=488277"}],"curies":[{"name":"wp","href":"https:\/\/api.w.org\/{rel}","templated":true}]}}