{"id":488234,"date":"2020-01-09T08:34:52","date_gmt":"2020-01-09T07:34:52","guid":{"rendered":"https:\/\/www.tui.at\/blog\/fenstertage-geniessen-mehr-urlaub-in-2020\/"},"modified":"2025-10-24T11:39:28","modified_gmt":"2025-10-24T09:39:28","slug":"fenstertage-geniessen-mehr-urlaub-in-2020","status":"publish","type":"post","link":"https:\/\/www.tui.at\/blog\/fenstertage-geniessen-mehr-urlaub-in-2020\/","title":{"rendered":"Fenstertage genie\u00dfen: Mehr Urlaub in 2020"},"content":{"rendered":"<p><div class=\"legacy-fullwidth\"><div class=\"legacy-fusion-text\">Ob Badeurlaub, Entdeckungstour oder Abenteuertrip \u2013 <strong>2020 ist alles m\u00f6glich<\/strong>! Dank der Fenstertage kannst du <strong>28 Urlaubstage in ganze 62 Tage pure Reiselust<\/strong> verwandeln. Wo du die Fenstertage so richtig genie\u00dfen kannst? Wir haben hier einige Tipps f\u00fcr dich!<\/div><\/div><div class=\"legacy-fullwidth\"><div class=\"legacy-fusion-text\"><\/p>\n<blockquote>\n<p style=\"text-align: center;\"><strong>Tipp: <\/strong>Sichere dir jetzt noch bis 11. Februar 2020 unseren Fr\u00fchbucherrabatt!<\/p>\n<p style=\"text-align: center;\"><a href=\"https:\/\/www.tui.at\/pauschalreisen\/fruehbucher\/\" target=\"_blank\" rel=\"noopener noreferrer\"><strong>&gt;&gt; Hier geht&#8217;s zu den Fr\u00fchbucher Angeboten &lt;&lt;<\/strong><\/a><\/p>\n<\/blockquote>\n<p><\/div><\/div><div class=\"legacy-fullwidth\"><div class=\"legacy-fusion-title\"><h2>Fenstertage an Ostern<\/h2><\/div><div class=\"legacy-fusion-text\">Die Osternestsuche an den Strand verlegen? Das ist dieses Jahr m\u00f6glich, denn mit nur <strong>4 Urlaubstagen<\/strong> kannst du ganze <strong>9 Tage Urlaub<\/strong> machen. Neben Fernreisen bieten sich daf\u00fcr auch die <a href=\"https:\/\/www.tui.at\/pauschalreisen\/spanien\/kanaren\/\" target=\"_blank\" rel=\"noopener noreferrer\">kanarischen Inseln<\/a> mit angenehmen Temperaturen und bis zu 350 Sonnentagen im Jahr an.<\/p>\n<p><a href=\"https:\/\/www.tui.at\/pauschalreisen\/spanien\/gran-canaria\/\" target=\"_blank\" rel=\"noopener noreferrer\">Gran Canaria<\/a>, als drittgr\u00f6\u00dfte der kanarischen Inseln, ist ein Paradies f\u00fcr Naturliebhaber, Entspannungssuchende und Abenteuerlustige zugleich. Denn sie begeistert durch <strong>wei\u00dfe Sandstr\u00e4nde<\/strong>, <strong>eindrucksvolle Vulkan- und W\u00fcstenlandschaften<\/strong> und <strong>Hotspots f\u00fcr Wassersport<\/strong>. Auch ein Ausflug in die Hauptstadt Las Palmas oder zu den D\u00fcnen von Maspalomas ist empfehlenswert.<\/p>\n<p>Das Urlaubserlebnis f\u00fcr die ganze Familie gibt\u00b4s im <a href=\"https:\/\/www.tui.at\/hotels\/tui-kids-club-taurito-princess-2803\/hotelinformation\/\" target=\"_blank\" rel=\"noopener noreferrer\">TUI KIDS CLUB Taurito Princess<\/a>.<\/div><\/div><div class=\"legacy-row\"><div class=\"one-half\"><div class=\"legacy-fusion-text\"><img loading=\"lazy\" decoding=\"async\" class=\"alignnone size-medium wp-image-21649\" src=\"https:\/\/www.tui.at\/blog\/wp-content\/uploads\/2019\/12\/1.png\" alt=\"Gran Canaria\" width=\"615\" height=\"379\" \/><\/div><\/div><div class=\"one-half\"><div class=\"legacy-fusion-text\"><img loading=\"lazy\" decoding=\"async\" class=\"alignnone size-medium wp-image-21650\" src=\"https:\/\/www.tui.at\/blog\/wp-content\/uploads\/2019\/12\/2.png\" alt=\"Gran Canaria Fenstertage\" width=\"615\" height=\"379\" \/><\/div><\/div><\/div><div class=\"legacy-fullwidth\"><div class=\"legacy-fusion-title\"><h2>Fenstertag Staatsfeiertag<\/h2><\/div><div class=\"legacy-fusion-text\">F\u00fcr einen <strong>Kurztrip ans Meer<\/strong> Anfang Mai ist die spanische Insel <a href=\"https:\/\/www.tui.at\/pauschalreisen\/spanien\/mallorca\/\" target=\"_blank\" rel=\"noopener noreferrer\">Mallorca<\/a> eine erstklassige Wahl. Daf\u00fcr musst du dir <strong>keinen Tag freinehmen<\/strong>, denn der Staatsfeiertag f\u00e4llt dieses Jahr auf einen Freitag.<\/p>\n<p>Die facettenreiche Insel verzaubert im Fr\u00fchling mit optimalem Klima f\u00fcr <strong>Radtouren oder sportliche Aktivit\u00e4ten<\/strong>. Der S\u00fcden Mallorcas l\u00e4dt zum <strong>Badespa\u00df<\/strong> und Erlebnisurlaub ein. W\u00e4hrend der Westen und Norden f\u00fcr <strong>romantische Buchten<\/strong> und <strong>charmante historische Orte<\/strong> bekannt ist.<\/p>\n<p>Entspannung pur findest du im <a href=\"https:\/\/www.tui.at\/hotels\/robinson-club-cala-serena-20514\/hotelinformation\/\" target=\"_blank\" rel=\"noopener noreferrer\">ROBINSON CLUB CALA SERENA<\/a>.<\/div><\/div><div class=\"legacy-row\"><div class=\"one-half\"><div class=\"legacy-fusion-text\"><img loading=\"lazy\" decoding=\"async\" class=\"alignnone size-medium wp-image-21652\" src=\"https:\/\/www.tui.at\/blog\/wp-content\/uploads\/2019\/12\/1-1.png\" alt=\"Mallorca\" width=\"615\" height=\"379\" \/><\/div><\/div><div class=\"one-half\"><div class=\"legacy-fusion-text\"><img loading=\"lazy\" decoding=\"async\" class=\"alignnone size-medium wp-image-21653\" src=\"https:\/\/www.tui.at\/blog\/wp-content\/uploads\/2019\/12\/2-1.png\" alt=\"Mallorca Fenstertage\" width=\"615\" height=\"379\" \/><\/div><\/div><\/div><div class=\"legacy-fullwidth\"><div class=\"legacy-fusion-title\"><h2>Fenstertag Christi Himmelfahrt<\/h2><\/div><div class=\"legacy-fusion-text\">Mitte Mai musst du dank Christi Himmelfahrt nur <strong>4 Urlaubstage<\/strong> nehmen, um <strong>9 Tage frei<\/strong> zu haben.<\/p>\n<p>Da lohnt es sich, eine der beliebtesten Regionen im \u00f6stlichen Mittelmeer zu entdecken: die <a href=\"https:\/\/www.tui.at\/pauschalreisen\/tuerkei\/\" target=\"_blank\" rel=\"noopener noreferrer\">T\u00fcrkei<\/a>. F\u00fcr Gro\u00df und Klein bieten die <strong>langen K\u00fcstenabschnitte<\/strong>, <strong>M\u00e4rkte und Basare<\/strong> sowie <strong>heimischen K\u00f6stlichkeiten<\/strong> Urlaubsfeeling pur. Wenn du an der T\u00fcrkischen Riviera bist, solltest du keinesfalls das Naturschaupiel Pamukkale oder die Manavgat Wasserf\u00e4lle verpassen. An der T\u00fcrkischen \u00c4g\u00e4is kannst du in Izmir oder Bodrum in die \u00f6stliche Kultur eintauchen.<\/p>\n<p>Letzteres l\u00e4sst sich besonders gut mit einem Aufenthalt im <a href=\"https:\/\/www.tui.at\/hotels\/tui-magic-life-bodrum-4184\/hotelinformation\/\" target=\"_blank\" rel=\"noopener noreferrer\">TUI MAGIC LIFE Bodrum<\/a> vereinen.<\/div><\/div><div class=\"legacy-row\"><div class=\"one-half\"><div class=\"legacy-fusion-text\"><img loading=\"lazy\" decoding=\"async\" class=\"alignnone size-medium wp-image-21654\" src=\"https:\/\/www.tui.at\/blog\/wp-content\/uploads\/2019\/12\/1-2.png\" alt=\"T\u00fcrkei\" width=\"615\" height=\"379\" \/><\/div><\/div><div class=\"one-half\"><div class=\"legacy-fusion-text\"><img loading=\"lazy\" decoding=\"async\" class=\"alignnone size-medium wp-image-21655\" src=\"https:\/\/www.tui.at\/blog\/wp-content\/uploads\/2019\/12\/2-2.png\" alt=\"T\u00fcrkei Fenstertage\" width=\"615\" height=\"379\" \/><\/div><\/div><\/div><div class=\"legacy-fullwidth\"><div class=\"legacy-fusion-title\"><h2>Fenstertage Pfingsten und Fronleichnam<\/h2><\/div><div class=\"legacy-fusion-text\">Von Kreta bis Mykonos bieten die <a href=\"https:\/\/www.tui.at\/pauschalreisen\/griechenland\/griechische-inseln\/\" target=\"_blank\" rel=\"noopener noreferrer\">griechischen Inseln<\/a> nicht nur postkartenreife Ausblicke, sondern auch Partys, Traumstr\u00e4nde und historische Zentren. Um Pfingsten und Fronleichnam kannst du deine Reisezeit mit nur <strong>8 Urlaubstagen verdoppeln<\/strong> und somit sogar mehrere der 9 bekanntesten griechischen Inseln besuchen.<\/p>\n<p>Auf der s\u00fcdlichsten Insel <a href=\"https:\/\/www.tui.at\/pauschalreisen\/griechenland\/zakynthos\/\" target=\"_blank\" rel=\"noopener noreferrer\">Zakynthos<\/a> erwarten dich<strong> traumhafte Sandbuchten<\/strong> und eine <strong>faszinierende Pflanzenwelt<\/strong>. Als besonderes Highlight kannst du auf der nahegelegenen Turtle Island die <strong>Karettschildkr\u00f6ten<\/strong> beim Schl\u00fcpfen beobachten.<\/p>\n<p>Unser Hoteltipp f\u00fcr Wohlf\u00fchlmomente zu zweit: <a href=\"https:\/\/www.tui.at\/hotels\/tui-blue-caravel-1388\/hotelinformation\/\" target=\"_blank\" rel=\"noopener noreferrer\">Das TUI BLUE Caravel<\/a> auf Zakynthos.<\/p>\n<p><\/div><\/div><div class=\"legacy-row\"><div class=\"one-half\"><div class=\"legacy-fusion-text\"><img loading=\"lazy\" decoding=\"async\" class=\"alignnone size-medium wp-image-21656\" src=\"https:\/\/www.tui.at\/blog\/wp-content\/uploads\/2019\/12\/1-3.png\" alt=\"Griechenland\" width=\"615\" height=\"379\" \/><\/div><\/div><div class=\"one-half\"><div class=\"legacy-fusion-text\"><img loading=\"lazy\" decoding=\"async\" class=\"alignnone size-medium wp-image-21657\" src=\"https:\/\/www.tui.at\/blog\/wp-content\/uploads\/2019\/12\/2-3.png\" alt=\"Griechenland Fenstertage\" width=\"615\" height=\"379\" \/><\/div><\/div><\/div><div class=\"legacy-fullwidth\"><div class=\"legacy-fusion-title\"><h2>Fenstertage Nationalfeiertag und Allerheiligen<\/h2><\/div><div class=\"legacy-fusion-text\">Abtauchen in die atemberaubende Unterwasserwelt von <a href=\"https:\/\/www.tui.at\/pauschalreisen\/aegypten\/\" target=\"_blank\" rel=\"noopener noreferrer\">\u00c4gypten<\/a> kannst du <strong>9 Tage<\/strong> zwischen dem Nationalfeiertag und Allerheiligen mit nur <strong>4 Tagen Urlaub<\/strong>.<\/p>\n<p>Egal ob du beim <strong>Tauchen<\/strong> die farbenfrohen Riffe erkundest, die Seele an den <strong>Str\u00e4nden<\/strong> der Ostk\u00fcste baumeln l\u00e4sst oder der alten <strong>Hochkultur<\/strong> in Kairo oder Luxor auf der Spur bist, \u00c4gypten wird als einzigartiges Reiseziel im Ged\u00e4chtnis bleiben.<\/p>\n<p>Wie w\u00e4re es da mit einem Aufenthalt im luxuri\u00f6sen und modernen <a href=\"https:\/\/www.tui.at\/hotels\/tui-blue-alaya-801222\/hotelinformation\/\" target=\"_blank\" rel=\"noopener noreferrer\">TUI BLUE Alaya<\/a>?<\/p>\n<p><\/div><\/div><div class=\"legacy-row\"><div class=\"one-half\"><div class=\"legacy-fusion-text\"><img loading=\"lazy\" decoding=\"async\" class=\"alignnone size-medium wp-image-21658\" src=\"https:\/\/www.tui.at\/blog\/wp-content\/uploads\/2019\/12\/1-4.png\" alt=\"\u00c4gypten\" width=\"615\" height=\"379\" \/><\/div><\/div><div class=\"one-half\"><div class=\"legacy-fusion-text\"><img loading=\"lazy\" decoding=\"async\" class=\"alignnone size-medium wp-image-21659\" src=\"https:\/\/www.tui.at\/blog\/wp-content\/uploads\/2019\/12\/2-4.png\" alt=\"T\u00fcrkei Fenstertage\" width=\"615\" height=\"379\" \/><\/div><\/div><\/div><div class=\"legacy-fullwidth\"><div class=\"legacy-fusion-title\"><h2>Fenstertage Weihnachten und Silvester<\/h2><\/div><div class=\"legacy-fusion-text\">Um der K\u00e4lte zu entfliehen und das tropische Klima in der <a href=\"https:\/\/www.tui.at\/pauschalreisen\/dominikanische-republik\/\" target=\"_blank\" rel=\"noopener noreferrer\">Dominikanischen Republik<\/a> zu genie\u00dfen, kannst du im Dezember <strong>aus nur 8 Tagen Urlaub 16 machen<\/strong>.<\/p>\n<p>Hier l\u00e4sst sich der Traum von <strong>wundersch\u00f6nen Palmenstr\u00e4nden<\/strong> und <strong>t\u00fcrkisblauem Meer<\/strong> leben. Nach karibischer Tiefenentspannung kannst du abends die <strong>feurige Lebensfreude<\/strong> bei Salsamusik, heimischen Zigarren oder Rum genie\u00dfen. Wer es gerne abwechslungsreich mag, kann den unz\u00e4hligen Nationalparks oder den malerischen St\u00e4dten wie beispielsweise Santo Domingo oder Punta Cana einen Besuch abstatten.<\/p>\n<p>Der Rundum-Wohlf\u00fchlservice im <a href=\"https:\/\/www.tui.at\/hotels\/hotel-riu-palace-macao-20438\/hotelinformation\/\" target=\"_blank\" rel=\"noopener noreferrer\">Riu Palace Macao<\/a> l\u00e4sst keine W\u00fcnsche offen.<\/div><\/div><div class=\"legacy-row\"><div class=\"one-half\"><div class=\"legacy-fusion-text\"><img loading=\"lazy\" decoding=\"async\" class=\"alignnone size-medium wp-image-21660\" src=\"https:\/\/www.tui.at\/blog\/wp-content\/uploads\/2019\/12\/1-5.png\" alt=\"DomRep\" width=\"615\" height=\"379\" \/><\/div><\/div><div class=\"one-half\"><div class=\"legacy-fusion-text\"><img loading=\"lazy\" decoding=\"async\" class=\"alignnone size-medium wp-image-21661\" src=\"https:\/\/www.tui.at\/blog\/wp-content\/uploads\/2019\/12\/2-5.png\" alt=\"DomRep Fenstertage\" width=\"615\" height=\"379\" \/><\/div><\/div><\/div><div class=\"legacy-fullwidth\"><div class=\"legacy-fusion-text\"><\/p>\n<blockquote><p>Wann wohin in den Urlaub? Hol dir weitere Tipps aus dem <a href=\"https:\/\/www.tui.at\/pauschalreisen\/reisekalender\/\" target=\"_blank\" rel=\"noopener noreferrer\">TUI Reisekalender<\/a> f\u00fcr jedes Monat.<\/p><\/blockquote>\n<p><\/div><\/div><\/p>\n","protected":false},"excerpt":{"rendered":"<p>Ob Badeurlaub, Entdeckungstour oder Abenteuertrip \u2013 2020 ist alles m\u00f6glich! Dank der Fenstertage kannst 27 Urlaubstage in ganze 67 Tage pure Reiselust verwandeln. Wo du die Fenstertage so richtig genie\u00dfen kannst? Wir haben hier einige Tipps f\u00fcr dich!<\/p>\n","protected":false},"author":221,"featured_media":487848,"comment_status":"open","ping_status":"closed","sticky":false,"template":"","format":"standard","meta":{"_acf_changed":false,"footnotes":""},"categories":[5154],"tags":[5019,5020,5021,4912,4892,5022,4895,4978,4926,4849,4879,5023,5024],"class_list":["post-488234","post","type-post","status-publish","format-standard","has-post-thumbnail","hentry","category-archiv-planung-und-tipps","tag-5019","tag-feiertage","tag-fenstertage","tag-hoteltipp","tag-insidertipps","tag-kalender","tag-reisen","tag-reisetipps","tag-tipps","tag-tui","tag-urlaub","tag-urlaubskalender","tag-urlaubstage"],"acf":[],"yoast_head":"<!-- This site is optimized with the Yoast SEO plugin v27.4 - https:\/\/yoast.com\/product\/yoast-seo-wordpress\/ -->\n<title>Fenstertage genie\u00dfen: Mehr Urlaub in 2020 - TUI.at Reiseblog<\/title>\n<meta name=\"description\" content=\"Ob Badeurlaub, Entdeckungstour oder Abenteuertrip - 2020 ist alles m\u00f6glich! Wo du die Fenstertage so richtig genie\u00dfen kannst? Wir haben hier einige Tipps f\u00fcr dich.\" \/>\n<meta name=\"robots\" content=\"index, follow, max-snippet:-1, max-image-preview:large, max-video-preview:-1\" \/>\n<link rel=\"canonical\" href=\"https:\/\/www.tui.at\/blog\/fenstertage-geniessen-mehr-urlaub-in-2020\/\" \/>\n<meta property=\"og:locale\" content=\"de_DE\" \/>\n<meta property=\"og:type\" content=\"article\" \/>\n<meta property=\"og:title\" content=\"Fenstertage genie\u00dfen: Mehr Urlaub in 2020 - TUI.at Reiseblog\" \/>\n<meta property=\"og:description\" content=\"Ob Badeurlaub, Entdeckungstour oder Abenteuertrip - 2020 ist alles m\u00f6glich! Wo du die Fenstertage so richtig genie\u00dfen kannst? Wir haben hier einige Tipps f\u00fcr dich.\" \/>\n<meta property=\"og:url\" content=\"https:\/\/www.tui.at\/blog\/fenstertage-geniessen-mehr-urlaub-in-2020\/\" \/>\n<meta property=\"og:site_name\" content=\"TUI.at Reiseblog\" \/>\n<meta property=\"article:published_time\" content=\"2020-01-09T07:34:52+00:00\" \/>\n<meta property=\"article:modified_time\" content=\"2025-10-24T09:39:28+00:00\" \/>\n<meta property=\"og:image\" content=\"https:\/\/www.tui.at\/blog\/wp-content\/uploads\/2018\/10\/shutterstock_411057478_steg.jpg\" \/>\n\t<meta property=\"og:image:width\" content=\"1600\" \/>\n\t<meta property=\"og:image:height\" content=\"1067\" \/>\n\t<meta property=\"og:image:type\" content=\"image\/jpeg\" \/>\n<meta name=\"author\" content=\"TUI Insider\" \/>\n<meta name=\"twitter:card\" content=\"summary_large_image\" \/>\n<meta name=\"twitter:label1\" content=\"Verfasst von\" \/>\n\t<meta name=\"twitter:data1\" content=\"TUI Insider\" \/>\n\t<meta name=\"twitter:label2\" content=\"Gesch\u00e4tzte Lesezeit\" \/>\n\t<meta name=\"twitter:data2\" content=\"8\u00a0Minuten\" \/>\n<script type=\"application\/ld+json\" class=\"yoast-schema-graph\">{\"@context\":\"https:\\\/\\\/schema.org\",\"@graph\":[{\"@type\":\"BlogPosting\",\"@id\":\"https:\\\/\\\/www.tui.at\\\/blog\\\/fenstertage-geniessen-mehr-urlaub-in-2020\\\/#article\",\"isPartOf\":{\"@id\":\"https:\\\/\\\/www.tui.at\\\/blog\\\/fenstertage-geniessen-mehr-urlaub-in-2020\\\/\"},\"author\":{\"name\":\"TUI Insider\",\"@id\":\"https:\\\/\\\/www.tui.at\\\/blog\\\/#\\\/schema\\\/person\\\/6b70df8230df09e2dcde2883dbd438fb\"},\"headline\":\"Fenstertage genie\u00dfen: Mehr Urlaub in 2020\",\"datePublished\":\"2020-01-09T07:34:52+00:00\",\"dateModified\":\"2025-10-24T09:39:28+00:00\",\"mainEntityOfPage\":{\"@id\":\"https:\\\/\\\/www.tui.at\\\/blog\\\/fenstertage-geniessen-mehr-urlaub-in-2020\\\/\"},\"wordCount\":1668,\"commentCount\":0,\"publisher\":{\"@id\":\"https:\\\/\\\/www.tui.at\\\/blog\\\/#organization\"},\"image\":{\"@id\":\"https:\\\/\\\/www.tui.at\\\/blog\\\/fenstertage-geniessen-mehr-urlaub-in-2020\\\/#primaryimage\"},\"thumbnailUrl\":\"https:\\\/\\\/www.tui.at\\\/blog\\\/wp-content\\\/uploads\\\/2018\\\/10\\\/shutterstock_411057478_steg.jpg\",\"keywords\":[\"2020\",\"feiertage\",\"fenstertage\",\"Hoteltipp\",\"Insidertipps\",\"Kalender\",\"Reisen\",\"Reisetipps\",\"Tipps\",\"TUI\",\"Urlaub\",\"Urlaubskalender\",\"Urlaubstage\"],\"articleSection\":[\"Planung &amp; Tipps\"],\"inLanguage\":\"de\",\"potentialAction\":[{\"@type\":\"CommentAction\",\"name\":\"Comment\",\"target\":[\"https:\\\/\\\/www.tui.at\\\/blog\\\/fenstertage-geniessen-mehr-urlaub-in-2020\\\/#respond\"]}]},{\"@type\":\"WebPage\",\"@id\":\"https:\\\/\\\/www.tui.at\\\/blog\\\/fenstertage-geniessen-mehr-urlaub-in-2020\\\/\",\"url\":\"https:\\\/\\\/www.tui.at\\\/blog\\\/fenstertage-geniessen-mehr-urlaub-in-2020\\\/\",\"name\":\"Fenstertage genie\u00dfen: Mehr Urlaub in 2020 - TUI.at Reiseblog\",\"isPartOf\":{\"@id\":\"https:\\\/\\\/www.tui.at\\\/blog\\\/#website\"},\"primaryImageOfPage\":{\"@id\":\"https:\\\/\\\/www.tui.at\\\/blog\\\/fenstertage-geniessen-mehr-urlaub-in-2020\\\/#primaryimage\"},\"image\":{\"@id\":\"https:\\\/\\\/www.tui.at\\\/blog\\\/fenstertage-geniessen-mehr-urlaub-in-2020\\\/#primaryimage\"},\"thumbnailUrl\":\"https:\\\/\\\/www.tui.at\\\/blog\\\/wp-content\\\/uploads\\\/2018\\\/10\\\/shutterstock_411057478_steg.jpg\",\"datePublished\":\"2020-01-09T07:34:52+00:00\",\"dateModified\":\"2025-10-24T09:39:28+00:00\",\"description\":\"Ob Badeurlaub, Entdeckungstour oder Abenteuertrip - 2020 ist alles m\u00f6glich! Wo du die Fenstertage so richtig genie\u00dfen kannst? Wir haben hier einige Tipps f\u00fcr dich.\",\"breadcrumb\":{\"@id\":\"https:\\\/\\\/www.tui.at\\\/blog\\\/fenstertage-geniessen-mehr-urlaub-in-2020\\\/#breadcrumb\"},\"inLanguage\":\"de\",\"potentialAction\":[{\"@type\":\"ReadAction\",\"target\":[\"https:\\\/\\\/www.tui.at\\\/blog\\\/fenstertage-geniessen-mehr-urlaub-in-2020\\\/\"]}]},{\"@type\":\"ImageObject\",\"inLanguage\":\"de\",\"@id\":\"https:\\\/\\\/www.tui.at\\\/blog\\\/fenstertage-geniessen-mehr-urlaub-in-2020\\\/#primaryimage\",\"url\":\"https:\\\/\\\/www.tui.at\\\/blog\\\/wp-content\\\/uploads\\\/2018\\\/10\\\/shutterstock_411057478_steg.jpg\",\"contentUrl\":\"https:\\\/\\\/www.tui.at\\\/blog\\\/wp-content\\\/uploads\\\/2018\\\/10\\\/shutterstock_411057478_steg.jpg\",\"width\":1600,\"height\":1067,\"caption\":\"Fenstertage\"},{\"@type\":\"BreadcrumbList\",\"@id\":\"https:\\\/\\\/www.tui.at\\\/blog\\\/fenstertage-geniessen-mehr-urlaub-in-2020\\\/#breadcrumb\",\"itemListElement\":[{\"@type\":\"ListItem\",\"position\":1,\"name\":\"Startseite\",\"item\":\"https:\\\/\\\/www.tui.at\\\/blog\\\/\"},{\"@type\":\"ListItem\",\"position\":2,\"name\":\"Fenstertage genie\u00dfen: Mehr Urlaub in 2020\"}]},{\"@type\":\"WebSite\",\"@id\":\"https:\\\/\\\/www.tui.at\\\/blog\\\/#website\",\"url\":\"https:\\\/\\\/www.tui.at\\\/blog\\\/\",\"name\":\"TUI.at Reiseblog\",\"description\":\"Inspirationen f\u00fcr den perfekten Urlaub\",\"publisher\":{\"@id\":\"https:\\\/\\\/www.tui.at\\\/blog\\\/#organization\"},\"potentialAction\":[{\"@type\":\"SearchAction\",\"target\":{\"@type\":\"EntryPoint\",\"urlTemplate\":\"https:\\\/\\\/www.tui.at\\\/blog\\\/?s={search_term_string}\"},\"query-input\":{\"@type\":\"PropertyValueSpecification\",\"valueRequired\":true,\"valueName\":\"search_term_string\"}}],\"inLanguage\":\"de\"},{\"@type\":\"Organization\",\"@id\":\"https:\\\/\\\/www.tui.at\\\/blog\\\/#organization\",\"name\":\"TUI.at Reiseblog\",\"url\":\"https:\\\/\\\/www.tui.at\\\/blog\\\/\",\"logo\":{\"@type\":\"ImageObject\",\"inLanguage\":\"de\",\"@id\":\"https:\\\/\\\/www.tui.at\\\/blog\\\/#\\\/schema\\\/logo\\\/image\\\/\",\"url\":\"https:\\\/\\\/www.tui.at\\\/blog\\\/wp-content\\\/uploads\\\/2025\\\/09\\\/cropped-tui-logo-3.webp\",\"contentUrl\":\"https:\\\/\\\/www.tui.at\\\/blog\\\/wp-content\\\/uploads\\\/2025\\\/09\\\/cropped-tui-logo-3.webp\",\"width\":164,\"height\":72,\"caption\":\"TUI.at Reiseblog\"},\"image\":{\"@id\":\"https:\\\/\\\/www.tui.at\\\/blog\\\/#\\\/schema\\\/logo\\\/image\\\/\"}},{\"@type\":\"Person\",\"@id\":\"https:\\\/\\\/www.tui.at\\\/blog\\\/#\\\/schema\\\/person\\\/6b70df8230df09e2dcde2883dbd438fb\",\"name\":\"TUI Insider\",\"url\":\"https:\\\/\\\/www.tui.at\\\/blog\\\/author\\\/tui-insider\\\/\"}]}<\/script>\n<!-- \/ Yoast SEO plugin. -->","yoast_head_json":{"title":"Fenstertage genie\u00dfen: Mehr Urlaub in 2020 - TUI.at Reiseblog","description":"Ob Badeurlaub, Entdeckungstour oder Abenteuertrip - 2020 ist alles m\u00f6glich! Wo du die Fenstertage so richtig genie\u00dfen kannst? Wir haben hier einige Tipps f\u00fcr dich.","robots":{"index":"index","follow":"follow","max-snippet":"max-snippet:-1","max-image-preview":"max-image-preview:large","max-video-preview":"max-video-preview:-1"},"canonical":"https:\/\/www.tui.at\/blog\/fenstertage-geniessen-mehr-urlaub-in-2020\/","og_locale":"de_DE","og_type":"article","og_title":"Fenstertage genie\u00dfen: Mehr Urlaub in 2020 - TUI.at Reiseblog","og_description":"Ob Badeurlaub, Entdeckungstour oder Abenteuertrip - 2020 ist alles m\u00f6glich! Wo du die Fenstertage so richtig genie\u00dfen kannst? Wir haben hier einige Tipps f\u00fcr dich.","og_url":"https:\/\/www.tui.at\/blog\/fenstertage-geniessen-mehr-urlaub-in-2020\/","og_site_name":"TUI.at Reiseblog","article_published_time":"2020-01-09T07:34:52+00:00","article_modified_time":"2025-10-24T09:39:28+00:00","og_image":[{"width":1600,"height":1067,"url":"https:\/\/www.tui.at\/blog\/wp-content\/uploads\/2018\/10\/shutterstock_411057478_steg.jpg","type":"image\/jpeg"}],"author":"TUI Insider","twitter_card":"summary_large_image","twitter_misc":{"Verfasst von":"TUI Insider","Gesch\u00e4tzte Lesezeit":"8\u00a0Minuten"},"schema":{"@context":"https:\/\/schema.org","@graph":[{"@type":"BlogPosting","@id":"https:\/\/www.tui.at\/blog\/fenstertage-geniessen-mehr-urlaub-in-2020\/#article","isPartOf":{"@id":"https:\/\/www.tui.at\/blog\/fenstertage-geniessen-mehr-urlaub-in-2020\/"},"author":{"name":"TUI Insider","@id":"https:\/\/www.tui.at\/blog\/#\/schema\/person\/6b70df8230df09e2dcde2883dbd438fb"},"headline":"Fenstertage genie\u00dfen: Mehr Urlaub in 2020","datePublished":"2020-01-09T07:34:52+00:00","dateModified":"2025-10-24T09:39:28+00:00","mainEntityOfPage":{"@id":"https:\/\/www.tui.at\/blog\/fenstertage-geniessen-mehr-urlaub-in-2020\/"},"wordCount":1668,"commentCount":0,"publisher":{"@id":"https:\/\/www.tui.at\/blog\/#organization"},"image":{"@id":"https:\/\/www.tui.at\/blog\/fenstertage-geniessen-mehr-urlaub-in-2020\/#primaryimage"},"thumbnailUrl":"https:\/\/www.tui.at\/blog\/wp-content\/uploads\/2018\/10\/shutterstock_411057478_steg.jpg","keywords":["2020","feiertage","fenstertage","Hoteltipp","Insidertipps","Kalender","Reisen","Reisetipps","Tipps","TUI","Urlaub","Urlaubskalender","Urlaubstage"],"articleSection":["Planung &amp; Tipps"],"inLanguage":"de","potentialAction":[{"@type":"CommentAction","name":"Comment","target":["https:\/\/www.tui.at\/blog\/fenstertage-geniessen-mehr-urlaub-in-2020\/#respond"]}]},{"@type":"WebPage","@id":"https:\/\/www.tui.at\/blog\/fenstertage-geniessen-mehr-urlaub-in-2020\/","url":"https:\/\/www.tui.at\/blog\/fenstertage-geniessen-mehr-urlaub-in-2020\/","name":"Fenstertage genie\u00dfen: Mehr Urlaub in 2020 - TUI.at Reiseblog","isPartOf":{"@id":"https:\/\/www.tui.at\/blog\/#website"},"primaryImageOfPage":{"@id":"https:\/\/www.tui.at\/blog\/fenstertage-geniessen-mehr-urlaub-in-2020\/#primaryimage"},"image":{"@id":"https:\/\/www.tui.at\/blog\/fenstertage-geniessen-mehr-urlaub-in-2020\/#primaryimage"},"thumbnailUrl":"https:\/\/www.tui.at\/blog\/wp-content\/uploads\/2018\/10\/shutterstock_411057478_steg.jpg","datePublished":"2020-01-09T07:34:52+00:00","dateModified":"2025-10-24T09:39:28+00:00","description":"Ob Badeurlaub, Entdeckungstour oder Abenteuertrip - 2020 ist alles m\u00f6glich! Wo du die Fenstertage so richtig genie\u00dfen kannst? Wir haben hier einige Tipps f\u00fcr dich.","breadcrumb":{"@id":"https:\/\/www.tui.at\/blog\/fenstertage-geniessen-mehr-urlaub-in-2020\/#breadcrumb"},"inLanguage":"de","potentialAction":[{"@type":"ReadAction","target":["https:\/\/www.tui.at\/blog\/fenstertage-geniessen-mehr-urlaub-in-2020\/"]}]},{"@type":"ImageObject","inLanguage":"de","@id":"https:\/\/www.tui.at\/blog\/fenstertage-geniessen-mehr-urlaub-in-2020\/#primaryimage","url":"https:\/\/www.tui.at\/blog\/wp-content\/uploads\/2018\/10\/shutterstock_411057478_steg.jpg","contentUrl":"https:\/\/www.tui.at\/blog\/wp-content\/uploads\/2018\/10\/shutterstock_411057478_steg.jpg","width":1600,"height":1067,"caption":"Fenstertage"},{"@type":"BreadcrumbList","@id":"https:\/\/www.tui.at\/blog\/fenstertage-geniessen-mehr-urlaub-in-2020\/#breadcrumb","itemListElement":[{"@type":"ListItem","position":1,"name":"Startseite","item":"https:\/\/www.tui.at\/blog\/"},{"@type":"ListItem","position":2,"name":"Fenstertage genie\u00dfen: Mehr Urlaub in 2020"}]},{"@type":"WebSite","@id":"https:\/\/www.tui.at\/blog\/#website","url":"https:\/\/www.tui.at\/blog\/","name":"TUI.at Reiseblog","description":"Inspirationen f\u00fcr den perfekten Urlaub","publisher":{"@id":"https:\/\/www.tui.at\/blog\/#organization"},"potentialAction":[{"@type":"SearchAction","target":{"@type":"EntryPoint","urlTemplate":"https:\/\/www.tui.at\/blog\/?s={search_term_string}"},"query-input":{"@type":"PropertyValueSpecification","valueRequired":true,"valueName":"search_term_string"}}],"inLanguage":"de"},{"@type":"Organization","@id":"https:\/\/www.tui.at\/blog\/#organization","name":"TUI.at Reiseblog","url":"https:\/\/www.tui.at\/blog\/","logo":{"@type":"ImageObject","inLanguage":"de","@id":"https:\/\/www.tui.at\/blog\/#\/schema\/logo\/image\/","url":"https:\/\/www.tui.at\/blog\/wp-content\/uploads\/2025\/09\/cropped-tui-logo-3.webp","contentUrl":"https:\/\/www.tui.at\/blog\/wp-content\/uploads\/2025\/09\/cropped-tui-logo-3.webp","width":164,"height":72,"caption":"TUI.at Reiseblog"},"image":{"@id":"https:\/\/www.tui.at\/blog\/#\/schema\/logo\/image\/"}},{"@type":"Person","@id":"https:\/\/www.tui.at\/blog\/#\/schema\/person\/6b70df8230df09e2dcde2883dbd438fb","name":"TUI Insider","url":"https:\/\/www.tui.at\/blog\/author\/tui-insider\/"}]}},"_links":{"self":[{"href":"https:\/\/www.tui.at\/blog\/wp-json\/wp\/v2\/posts\/488234","targetHints":{"allow":["GET"]}}],"collection":[{"href":"https:\/\/www.tui.at\/blog\/wp-json\/wp\/v2\/posts"}],"about":[{"href":"https:\/\/www.tui.at\/blog\/wp-json\/wp\/v2\/types\/post"}],"author":[{"embeddable":true,"href":"https:\/\/www.tui.at\/blog\/wp-json\/wp\/v2\/users\/221"}],"replies":[{"embeddable":true,"href":"https:\/\/www.tui.at\/blog\/wp-json\/wp\/v2\/comments?post=488234"}],"version-history":[{"count":1,"href":"https:\/\/www.tui.at\/blog\/wp-json\/wp\/v2\/posts\/488234\/revisions"}],"predecessor-version":[{"id":490299,"href":"https:\/\/www.tui.at\/blog\/wp-json\/wp\/v2\/posts\/488234\/revisions\/490299"}],"wp:featuredmedia":[{"embeddable":true,"href":"https:\/\/www.tui.at\/blog\/wp-json\/wp\/v2\/media\/487848"}],"wp:attachment":[{"href":"https:\/\/www.tui.at\/blog\/wp-json\/wp\/v2\/media?parent=488234"}],"wp:term":[{"taxonomy":"category","embeddable":true,"href":"https:\/\/www.tui.at\/blog\/wp-json\/wp\/v2\/categories?post=488234"},{"taxonomy":"post_tag","embeddable":true,"href":"https:\/\/www.tui.at\/blog\/wp-json\/wp\/v2\/tags?post=488234"}],"curies":[{"name":"wp","href":"https:\/\/api.w.org\/{rel}","templated":true}]}}