{"id":488162,"date":"2022-12-06T11:36:14","date_gmt":"2022-12-06T10:36:14","guid":{"rendered":"https:\/\/www.tui.at\/blog\/madeira-highlights-die-7-schoensten-plaetze-auf-madeira\/"},"modified":"2025-10-24T11:39:28","modified_gmt":"2025-10-24T09:39:28","slug":"madeira-highlights-die-7-schoensten-plaetze-auf-madeira","status":"publish","type":"post","link":"https:\/\/www.tui.at\/blog\/madeira-highlights-die-7-schoensten-plaetze-auf-madeira\/","title":{"rendered":"Madeira-Highlights: Die 7 sch\u00f6nsten Pl\u00e4tze auf Madeira"},"content":{"rendered":"<p><div class=\"legacy-fullwidth\"><div class=\"legacy-fusion-text\">Highlights auf Madeira gibt es viele. Nicht umsonst ist Madeira, die Vulkaninsel, die zu Portugal geh\u00f6rt und mit dauerhaft fr\u00fchlingshaften Temperaturen \u00fcberzeugt, so beliebt. Jasmin zeigt dir ihre Highlights auf <a href=\"https:\/\/www.tui.at\/pauschalreisen\/portugal\/madeira\/?utm_source=facebook&amp;utm_medium=karrussel&amp;utm_campaign=TOY&amp;fbclid=IwAR15hGH_qRPd5e2iyMw9oNp59fOZYF1Xf2FqnHmnjXyy6Md55Mf1yhxzas0\" target=\"_blank\" rel=\"noopener\">Madeira<\/a>.<\/p>\n<p><\/div><div class=\"legacy-fusion-title\"><h2>1. Highlights auf Madeira: Ponta do Sol<\/h2><\/div><div class=\"legacy-fusion-text\">Wo Sonne draufsteht, ist auch Sonne drin: Der kleine Hafenort Ponta do Sol liegt im S\u00fcdwesten der Insel und birgt eine Besonderheit: Ponta do Sol ist jene Gemeinde auf der Insel Madeira, die statistisch die<strong>\u00a0h\u00f6chste Anzahl an Sonnenstunden\u00a0<\/strong>aufweist. Deshalb sind die Temperaturen immer ein bisschen h\u00f6her \u2013 sowohl an Land, als auch im Wasser. Die Ruhe des Dorfes macht den Charme aus, denn \u00fcberf\u00fcllt ist es nie. Nicht mal zum <strong>Sonnenuntergang<\/strong>: Der ist in Ponta do Sol besonders h\u00fcbsch anzuschauen. Wer abends hierherkommt, genie\u00dft von der Landspitze neben dem Hafen aus einen weiten Ausblick \u00fcber die S\u00fcdk\u00fcste Madeiras.<\/p>\n<blockquote><p><strong>Tipp:\u00a0<\/strong>Im Restaurant &#8222;Estalagem da Ponta do Sol&#8220; (Caminho do Passo, 9360-529 Ponta do Sol) kann man prima zu Abend essen oder einen Drink nehmen \u2013 mit umwerfendem Ausblick!<\/p><\/blockquote>\n<p><img loading=\"lazy\" decoding=\"async\" class=\"wp-image-20298 size-medium aligncenter\" src=\"https:\/\/www.tui.at\/blog\/wp-content\/uploads\/2019\/07\/IMG_2176.jpg\" alt=\"Ponta do Sol\" width=\"615\" height=\"410\" \/><\/p>\n<p><img loading=\"lazy\" decoding=\"async\" class=\"wp-image-20297 size-medium aligncenter\" src=\"https:\/\/www.tui.at\/blog\/wp-content\/uploads\/2019\/07\/IMG_2166.jpg\" alt=\"Ponta do Sol\" width=\"615\" height=\"410\" \/><\/div><\/div><div class=\"legacy-fullwidth\"><div class=\"legacy-fusion-title\"><h2>2. Highlights auf Madeira: Faj\u00e3 dos Padres<\/h2><\/div><div class=\"legacy-fusion-text\">Als <strong>\u201eFaj\u00e3\u201c<\/strong> bezeichnen die Insulaner jene <strong>Landzungen<\/strong>, die sich an manchen Stellen auf Madeira unter den h\u00f6chsten Klippen gebildet haben: schmale Landstreifen zwischen Felsen und Meer, sogenannte <strong>\u201eInseln an der Insel\u201c.<\/strong> Eine der sch\u00f6nsten ist Faj\u00e3 dos Padres, wo eine Familie aus Funchal ein Restaurant und ein Hotel betreibt. Der Obstgarten wird nach \u00f6kologischem Anbau betrieben, vieles davon landet im Restaurant auf dem Tisch. Auch die<strong> Anfahrt<\/strong> ist spannend: Fr\u00fcher kam man wegen der isolierten Lage nur mit dem Boot oder \u00fcber eine gef\u00e4hrliche Klettertour zur Landzunge, heute gibt es eine <strong>Seilbahn mit Panoramablick<\/strong>!<\/p>\n<blockquote><p><strong>Tipp:\u00a0<\/strong>Im Restaurant \u201eFaj\u00e3 dos Padres\u201c (Rua Padres Ant\u00f3nio Dinis Henriques n\u00ba 1,\u00a09300-261 Quinta Grande) schmeckt die Spezialit\u00e4t der Insel besonders gut: Espada, der schwarze <strong>Degenfisch<\/strong>, kommt nur in den Gew\u00e4ssern vor Madeira vor und wird aus einer Tiefe von 1.000 Metern gefischt. Das zarte Fleisch wird leicht frittiert und mit einer <strong>Maracuja-Sauce<\/strong> serviert.<\/p><\/blockquote>\n<p><img loading=\"lazy\" decoding=\"async\" class=\"wp-image-20300 size-medium aligncenter\" src=\"https:\/\/www.tui.at\/blog\/wp-content\/uploads\/2019\/07\/IMG_2590.jpg\" alt=\"Faj\u00e3 dos Padres\" width=\"615\" height=\"410\" \/><\/p>\n<p><img loading=\"lazy\" decoding=\"async\" class=\"wp-image-20299 size-medium aligncenter\" src=\"https:\/\/www.tui.at\/blog\/wp-content\/uploads\/2019\/07\/IMG_2581.jpg\" alt=\"Faj\u00e3 dos Padres\" width=\"615\" height=\"410\" \/><\/div><\/div><div class=\"legacy-fullwidth\"><div class=\"legacy-fusion-title\"><h2>3. Highlights auf Madeira: Cabo Gir\u00e3o<\/h2><\/div><div class=\"legacy-fusion-text\">Wer nicht unter H\u00f6henangst leidet, sollte zum <strong>Cabo Gir\u00e3o<\/strong> fahren, auf deutsch: Kap der Umkehr. Nicht weit von Funchal entfernt findet man eine<strong> Steilk\u00fcste mit einem tollen Aussichtspunkt \u2013 hoch \u00fcber dem Meer.<\/strong> Genau 580 Meter \u00fcber der tosenden Brandung haben die Madeirer eine geniale Aussichtsplattform geschaffen, die ein wenig Mut erfordert, denn der Boden besteht aus einer <strong>Glasplattform<\/strong>, auf der man in die Tiefe schauen kann. Von diesem Skywalk hat man einen der besten Ausblicke auf Funchal und genie\u00dft einen tollen Sonnenuntergang.<\/p>\n<blockquote><p><strong>Tipp:\u00a0<\/strong>Im \u201eCabo Gir\u00e3o Caf\u00e9\u201d (Estrada do Cabo Gir\u00e3o, Miradouro do Cabo Gir\u00e3o, C\u00e2mara de Lobos) kann man sich einen Snack und Getr\u00e4nke holen, um entspannt auf dem Skywalk den Sonnenuntergang anzuschauen.<\/p><\/blockquote>\n<p><img loading=\"lazy\" decoding=\"async\" class=\"wp-image-20302 size-medium aligncenter\" src=\"https:\/\/www.tui.at\/blog\/wp-content\/uploads\/2019\/07\/IMG_2706.jpg\" alt=\"Cabo Gir\u00e3o Madeira\" width=\"615\" height=\"410\" \/><\/p>\n<p><img loading=\"lazy\" decoding=\"async\" class=\"wp-image-20301 size-medium aligncenter\" src=\"https:\/\/www.tui.at\/blog\/wp-content\/uploads\/2019\/07\/IMG_2703.jpg\" alt=\"Cabo Gir\u00e3o Maderia\" width=\"615\" height=\"410\" \/><\/div><\/div><div class=\"legacy-fullwidth\"><div class=\"legacy-fusion-title\"><h2>4. Highlights auf Madeira: Miradouro dos Balc\u00f5es<\/h2><\/div><div class=\"legacy-fusion-text\">Madeiras jahrhundertealte <strong>Lorbeerw\u00e4lder<\/strong> geh\u00f6ren seit 1999 zum <strong>Unesco-Weltkulturerbe<\/strong>. Wer die W\u00e4lder erkunden m\u00f6chte, ist im Naturpark <strong>Ribeiro Frio<\/strong> \u2013 auf deutsch: kalter Fluss \u2013 genau richtig. Hier gibt es eine ganz <strong>besonders sch\u00f6ne Levada-Wanderung<\/strong>: Die Levadas sind k\u00fcnstliche Wasserl\u00e4ufe, mit denen Wasser aus den niederschlagsreicheren Gebieten im Norden und im Zentrum der Insel zu den landwirtschaftlichen Anbaugebieten im S\u00fcden geleitet wird.\u00a0Heute f\u00fchren entlang der Levadas viele Wanderwege. Zum &#8222;Miradouro dos Balc\u00f5es&#8220; kommt man \u00fcber den Wanderweg PR 11, dem \u201eVereda dos Balc\u00f5es\u201c. Bei guter Sicht kann man die h\u00f6chsten Gipfel der Insel sehen!<\/p>\n<blockquote><p><strong>Tipp:\u00a0<\/strong>Wer gern Fisch isst, sollte in Ribeiro Frio zum Essen bleiben, denn die Gegend ist ber\u00fchmt f\u00fcr ihre Forellenzuchtanlagen.<\/p><\/blockquote>\n<p><img loading=\"lazy\" decoding=\"async\" class=\"wp-image-20304 size-medium aligncenter\" src=\"https:\/\/www.tui.at\/blog\/wp-content\/uploads\/2019\/07\/IMG_2432.jpg\" alt=\"Miradouro dos Balc\u00f5es\" width=\"615\" height=\"410\" \/><\/p>\n<p><img loading=\"lazy\" decoding=\"async\" class=\"wp-image-20303 size-medium aligncenter\" src=\"https:\/\/www.tui.at\/blog\/wp-content\/uploads\/2019\/07\/IMG_1226.jpg\" alt=\"Miradouro dos Balc\u00f5es\" width=\"615\" height=\"410\" \/><\/div><\/div><div class=\"legacy-fullwidth\"><div class=\"legacy-fusion-title\"><h2>5. Highlights auf Madeira: Eira do Serrado<\/h2><\/div><div class=\"legacy-fusion-text\">Hoch, h\u00f6her, Eira do Serrado: Auf einer H\u00f6he von 1.095 Metern bietet der Aussichtspunkt von Eira do Serrado\u00a0einen atemberaubenden Blick. Gelegen im bergigen Inneren im Herzen der Insel, eine halbe Stunde von Funchal entfernt, hat man ein <strong>umwerfendes Panorama<\/strong> \u00fcber das Tal und die Berge des Zentralmassivs, die diese Gemeinde umgeben. Von hier sieht man auch das Dorf <strong>Curral das Freiras<\/strong>, das auf Deutsch \u201eNonnental\u201c hei\u00dft. Der Name entstand, als einst M\u00f6nche aus Funchal fl\u00fcchteten und sich in dem abgelegenden Tal vor franz\u00f6sischen Seer\u00e4ubern versteckten.<\/p>\n<blockquote><p><strong>Tipp: <\/strong>Der Weg zum Aussichtspunkt startet \u00fcber einen Pfad, der beim \u201eHotel Estalagem Eira do Serrado\u201c (Eira Do Serrado | Curral Das Freiras, 9000-421 Funchal). Wer will, kann hier eine <strong>Kaffeepause<\/strong> einlegen.<\/p><\/blockquote>\n<p><img loading=\"lazy\" decoding=\"async\" class=\"wp-image-20306 size-medium aligncenter\" src=\"https:\/\/www.tui.at\/blog\/wp-content\/uploads\/2019\/07\/IMG_2468.jpg\" alt=\"Eira do Serrado Madeira\" width=\"615\" height=\"410\" \/><\/p>\n<p><img loading=\"lazy\" decoding=\"async\" class=\"wp-image-20305 size-medium aligncenter\" src=\"https:\/\/www.tui.at\/blog\/wp-content\/uploads\/2019\/07\/IMG_1228.jpg\" alt=\"Eira do Serrado Madeira\" width=\"615\" height=\"410\" \/><\/div><\/div><div class=\"legacy-fullwidth\"><div class=\"legacy-fusion-title\"><h2>6. Highlights auf Madeira: Monte in Funchal<\/h2><\/div><div class=\"legacy-fusion-text\">Auf Madeira f\u00fchrt kein Weg an der Inselhauptstadt <strong>Funchal<\/strong> vorbei \u2013 selbst wenn man auf der Suche nach den sch\u00f6nsten Ausblicken auf die Insel ist. \u00dcber der Stadt liegt das Viertel <strong>Monte<\/strong>, eine kleine Vorstadt am Berg. Das Besondere daran: Monte erreicht man am besten mit der Seilbahn vom Funchals Hafen aus. Hier gilt das Motto: Augen auf! Denn bei der Fahrt hat man einen gigantischen Blick auf die Stadt und das Meer.<\/p>\n<blockquote><p><strong>Tipp:\u00a0<\/strong>Es ist zwar touristisch, macht aber Spa\u00df: Wer von Monte wieder hinunter will, sollte mit einem der\u00a0<strong>Cable Cars<\/strong> fahren. Fr\u00fcher waren diese quasi die Taxis der Reichen, mit denen diese hinunter in die Stadt fuhren. Seit \u00fcber hundert Jahren chauffieren in Wei\u00df gekleidete M\u00e4nner Passagiere auf den eigens daf\u00fcr gebauten Holzschlitten die zwei Kilometer ins Tal.<\/p><\/blockquote>\n<p><img loading=\"lazy\" decoding=\"async\" class=\"wp-image-20307 size-medium aligncenter\" src=\"https:\/\/www.tui.at\/blog\/wp-content\/uploads\/2019\/07\/IMG_1276.jpg\" alt=\"Funchal Madeira\" width=\"615\" height=\"410\" \/><\/p>\n<p><img loading=\"lazy\" decoding=\"async\" class=\"wp-image-20308 size-medium aligncenter\" src=\"https:\/\/www.tui.at\/blog\/wp-content\/uploads\/2019\/07\/IMG_2539.jpg\" alt=\"Funchal Madeira\" width=\"615\" height=\"410\" \/><\/div><\/div><div class=\"legacy-fullwidth\"><div class=\"legacy-fusion-title\"><h2>7. Highlights auf Madeira: Porto Moniz<\/h2><\/div><div class=\"legacy-fusion-text\">Die <strong>sch\u00f6nste Stra\u00dfe der Insel<\/strong> findet man an der Nordk\u00fcste Madeiras. Hier f\u00fchrt eine tolle Route auf einer 20 Kilometer langen Zickzackstra\u00dfe, die<strong> zwischen\u00a0Porto Moniz\u00a0und Sao Vicente <\/strong>verl\u00e4uft.\u00a0Wenn man schon mal da ist, kann man sich direkt abk\u00fchlen \u2013 in den\u00a0<strong>Lavaschwimmbecken <\/strong>von Porto Moniz. Die nat\u00fcrlichen Meerwasserpools sind Badebassins im Vulkangestein, die st\u00e4ndig mit frischem Meerwasser gef\u00fcllt werden. \u00dcbrigens: Die meisten Besucher kommen mit Ausflugsbussen zwischen 11 und 15 Uhr an, deshalb lohnt es sich, in der Fr\u00fch oder am sp\u00e4ten Nachmittag da zu sein.<\/p>\n<blockquote><p><strong>Tipp: <\/strong>Wer die Insel erkunden, aber nicht mit dem Auto fahren m\u00f6chte, sollte eine <strong>Jeep-Tour<\/strong> buchen. So sieht man malerische Ecken, die man sonst nie entdeckt h\u00e4tte.<\/p><\/blockquote>\n<p><img loading=\"lazy\" decoding=\"async\" class=\"wp-image-20310 size-medium aligncenter\" src=\"https:\/\/www.tui.at\/blog\/wp-content\/uploads\/2019\/07\/IMG_2636.jpg\" alt=\"Porto Moniz Madeira\" width=\"615\" height=\"410\" \/><\/p>\n<p><img loading=\"lazy\" decoding=\"async\" class=\"wp-image-20311 size-medium aligncenter\" src=\"https:\/\/www.tui.at\/blog\/wp-content\/uploads\/2019\/07\/IMG_1385.jpg\" alt=\"Porto Moniz Madeira\" width=\"615\" height=\"410\" \/><\/div><\/div><div class=\"legacy-fullwidth\"><div class=\"legacy-fusion-title\"><h2>Hoteltipp: TUI BLUE Madeira Gardens<\/h2><\/div><div class=\"legacy-fusion-text\">Besonders toll f\u00fcr Paare: Das <a href=\"https:\/\/www.tui.at\/pauschalreisen\/suchen\/angebote\/TUI-BLUE-Madeira-Gardens\/2208\/offer?departureAirports=GRZ;LNZ;MUC;SZG;VIE&amp;startDate=2022-03-10&amp;endDate=2022-06-09&amp;duration=7-&amp;sortOffersField=campaignOffers&amp;campaigns=TOY20\" target=\"_blank\" rel=\"noopener\">TUI BLUE Madeira Gardens<\/a>, ein <strong>Adults-only Hotel<\/strong>, das auf einem sonnigen Hang mit direktem Blick auf das Meer liegt. Hier k\u00f6nnt ihr in der Pool-Anlage oder dem <strong>Whirlpool auf der Dachterrasse<\/strong> (!) so richtig entspannen. Au\u00dferdem gibt es hier 6 Mal pro Woche Tagesaktivit\u00e4ten, z.B. Koch- und Cocktailkurse.<\/p>\n<p><img loading=\"lazy\" decoding=\"async\" class=\"aligncenter wp-image-20320\" src=\"https:\/\/www.tui.at\/blog\/wp-content\/uploads\/2019\/07\/ts-savoy-2.jpg\" alt=\"TUI BLUE Madeira Gardens Funchal Madeira Pool\" width=\"657\" height=\"492\" \/><\/p>\n<p><img loading=\"lazy\" decoding=\"async\" class=\"aligncenter wp-image-20321\" src=\"https:\/\/www.tui.at\/blog\/wp-content\/uploads\/2019\/07\/TS-Savoy.jpg\" alt=\"TUI BLUE Madeira Gardens Funchal Madeira Dachterasse\" width=\"656\" height=\"492\" \/><\/div><\/div><\/p>\n","protected":false},"excerpt":{"rendered":"<p>Die Blumeninsel\u00a0Madeira\u00a0liegt wie ein kleiner, tropischer Garten mitten im atlantischen Ozean und zieht seit jeher Urlauber an. Reisebloggerin Jasmin zeigt dir ihre Highlights auf Madeira.<\/p>\n","protected":false},"author":217,"featured_media":488163,"comment_status":"open","ping_status":"closed","sticky":false,"template":"","format":"standard","meta":{"_acf_changed":false,"footnotes":""},"categories":[5148],"tags":[5009,4983,4883,4892,5010,5011],"class_list":["post-488162","post","type-post","status-publish","format-standard","has-post-thumbnail","hentry","category-archiv-aktivurlaub","tag-funchal","tag-highlights","tag-insel","tag-insidertipps","tag-madeira","tag-portugal"],"acf":[],"yoast_head":"<!-- This site is optimized with the Yoast SEO plugin v27.4 - https:\/\/yoast.com\/product\/yoast-seo-wordpress\/ -->\n<title>Madeira-Highlights: Die 7 sch\u00f6nsten Pl\u00e4tze auf Madeira TUI.at Reiseblog<\/title>\n<meta name=\"description\" content=\"Die beliebte Blumeninsel\u00a0Madeira\u00a0liegt mitten im Atlantischen Ozean und hat viele tolle Spots. Jasmin zeigt dir ihre Highlights auf Madeira.\" \/>\n<meta name=\"robots\" content=\"index, follow, max-snippet:-1, max-image-preview:large, max-video-preview:-1\" \/>\n<link rel=\"canonical\" href=\"https:\/\/www.tui.at\/blog\/madeira-highlights-die-7-schoensten-plaetze-auf-madeira\/\" \/>\n<meta property=\"og:locale\" content=\"de_DE\" \/>\n<meta property=\"og:type\" content=\"article\" \/>\n<meta property=\"og:title\" content=\"Madeira-Highlights: Die 7 sch\u00f6nsten Pl\u00e4tze auf Madeira TUI.at Reiseblog\" \/>\n<meta property=\"og:description\" content=\"Die beliebte Blumeninsel\u00a0Madeira\u00a0liegt mitten im Atlantischen Ozean und hat viele tolle Spots. Jasmin zeigt dir ihre Highlights auf Madeira.\" \/>\n<meta property=\"og:url\" content=\"https:\/\/www.tui.at\/blog\/madeira-highlights-die-7-schoensten-plaetze-auf-madeira\/\" \/>\n<meta property=\"og:site_name\" content=\"TUI.at Reiseblog\" \/>\n<meta property=\"article:published_time\" content=\"2022-12-06T10:36:14+00:00\" \/>\n<meta property=\"article:modified_time\" content=\"2025-10-24T09:39:28+00:00\" \/>\n<meta property=\"og:image\" content=\"https:\/\/www.tui.at\/blog\/wp-content\/uploads\/2022\/12\/KeyVisual-mit-Logos-Titelbild-Blog-Kopie.jpg\" \/>\n\t<meta property=\"og:image:width\" content=\"1600\" \/>\n\t<meta property=\"og:image:height\" content=\"584\" \/>\n\t<meta property=\"og:image:type\" content=\"image\/jpeg\" \/>\n<meta name=\"author\" content=\"Jasmin\" \/>\n<meta name=\"twitter:card\" content=\"summary_large_image\" \/>\n<meta name=\"twitter:label1\" content=\"Verfasst von\" \/>\n\t<meta name=\"twitter:data1\" content=\"Jasmin\" \/>\n\t<meta name=\"twitter:label2\" content=\"Gesch\u00e4tzte Lesezeit\" \/>\n\t<meta name=\"twitter:data2\" content=\"8\u00a0Minuten\" \/>\n<script type=\"application\/ld+json\" class=\"yoast-schema-graph\">{\"@context\":\"https:\\\/\\\/schema.org\",\"@graph\":[{\"@type\":\"BlogPosting\",\"@id\":\"https:\\\/\\\/www.tui.at\\\/blog\\\/madeira-highlights-die-7-schoensten-plaetze-auf-madeira\\\/#article\",\"isPartOf\":{\"@id\":\"https:\\\/\\\/www.tui.at\\\/blog\\\/madeira-highlights-die-7-schoensten-plaetze-auf-madeira\\\/\"},\"author\":{\"name\":\"Jasmin\",\"@id\":\"https:\\\/\\\/www.tui.at\\\/blog\\\/#\\\/schema\\\/person\\\/8cb6477d5e81d57cac3acaecdd5e9a8d\"},\"headline\":\"Madeira-Highlights: Die 7 sch\u00f6nsten Pl\u00e4tze auf Madeira\",\"datePublished\":\"2022-12-06T10:36:14+00:00\",\"dateModified\":\"2025-10-24T09:39:28+00:00\",\"mainEntityOfPage\":{\"@id\":\"https:\\\/\\\/www.tui.at\\\/blog\\\/madeira-highlights-die-7-schoensten-plaetze-auf-madeira\\\/\"},\"wordCount\":1643,\"commentCount\":0,\"publisher\":{\"@id\":\"https:\\\/\\\/www.tui.at\\\/blog\\\/#organization\"},\"image\":{\"@id\":\"https:\\\/\\\/www.tui.at\\\/blog\\\/madeira-highlights-die-7-schoensten-plaetze-auf-madeira\\\/#primaryimage\"},\"thumbnailUrl\":\"https:\\\/\\\/www.tui.at\\\/blog\\\/wp-content\\\/uploads\\\/2022\\\/12\\\/KeyVisual-mit-Logos-Titelbild-Blog-Kopie.jpg\",\"keywords\":[\"funchal\",\"Highlights\",\"Insel\",\"Insidertipps\",\"Madeira\",\"Portugal\"],\"articleSection\":[\"Aktivurlaub\"],\"inLanguage\":\"de\",\"potentialAction\":[{\"@type\":\"CommentAction\",\"name\":\"Comment\",\"target\":[\"https:\\\/\\\/www.tui.at\\\/blog\\\/madeira-highlights-die-7-schoensten-plaetze-auf-madeira\\\/#respond\"]}]},{\"@type\":\"WebPage\",\"@id\":\"https:\\\/\\\/www.tui.at\\\/blog\\\/madeira-highlights-die-7-schoensten-plaetze-auf-madeira\\\/\",\"url\":\"https:\\\/\\\/www.tui.at\\\/blog\\\/madeira-highlights-die-7-schoensten-plaetze-auf-madeira\\\/\",\"name\":\"Madeira-Highlights: Die 7 sch\u00f6nsten Pl\u00e4tze auf Madeira TUI.at Reiseblog\",\"isPartOf\":{\"@id\":\"https:\\\/\\\/www.tui.at\\\/blog\\\/#website\"},\"primaryImageOfPage\":{\"@id\":\"https:\\\/\\\/www.tui.at\\\/blog\\\/madeira-highlights-die-7-schoensten-plaetze-auf-madeira\\\/#primaryimage\"},\"image\":{\"@id\":\"https:\\\/\\\/www.tui.at\\\/blog\\\/madeira-highlights-die-7-schoensten-plaetze-auf-madeira\\\/#primaryimage\"},\"thumbnailUrl\":\"https:\\\/\\\/www.tui.at\\\/blog\\\/wp-content\\\/uploads\\\/2022\\\/12\\\/KeyVisual-mit-Logos-Titelbild-Blog-Kopie.jpg\",\"datePublished\":\"2022-12-06T10:36:14+00:00\",\"dateModified\":\"2025-10-24T09:39:28+00:00\",\"description\":\"Die beliebte Blumeninsel\u00a0Madeira\u00a0liegt mitten im Atlantischen Ozean und hat viele tolle Spots. Jasmin zeigt dir ihre Highlights auf Madeira.\",\"breadcrumb\":{\"@id\":\"https:\\\/\\\/www.tui.at\\\/blog\\\/madeira-highlights-die-7-schoensten-plaetze-auf-madeira\\\/#breadcrumb\"},\"inLanguage\":\"de\",\"potentialAction\":[{\"@type\":\"ReadAction\",\"target\":[\"https:\\\/\\\/www.tui.at\\\/blog\\\/madeira-highlights-die-7-schoensten-plaetze-auf-madeira\\\/\"]}]},{\"@type\":\"ImageObject\",\"inLanguage\":\"de\",\"@id\":\"https:\\\/\\\/www.tui.at\\\/blog\\\/madeira-highlights-die-7-schoensten-plaetze-auf-madeira\\\/#primaryimage\",\"url\":\"https:\\\/\\\/www.tui.at\\\/blog\\\/wp-content\\\/uploads\\\/2022\\\/12\\\/KeyVisual-mit-Logos-Titelbild-Blog-Kopie.jpg\",\"contentUrl\":\"https:\\\/\\\/www.tui.at\\\/blog\\\/wp-content\\\/uploads\\\/2022\\\/12\\\/KeyVisual-mit-Logos-Titelbild-Blog-Kopie.jpg\",\"width\":1600,\"height\":584},{\"@type\":\"BreadcrumbList\",\"@id\":\"https:\\\/\\\/www.tui.at\\\/blog\\\/madeira-highlights-die-7-schoensten-plaetze-auf-madeira\\\/#breadcrumb\",\"itemListElement\":[{\"@type\":\"ListItem\",\"position\":1,\"name\":\"Startseite\",\"item\":\"https:\\\/\\\/www.tui.at\\\/blog\\\/\"},{\"@type\":\"ListItem\",\"position\":2,\"name\":\"Madeira-Highlights: Die 7 sch\u00f6nsten Pl\u00e4tze auf Madeira\"}]},{\"@type\":\"WebSite\",\"@id\":\"https:\\\/\\\/www.tui.at\\\/blog\\\/#website\",\"url\":\"https:\\\/\\\/www.tui.at\\\/blog\\\/\",\"name\":\"TUI.at Reiseblog\",\"description\":\"Inspirationen f\u00fcr den perfekten Urlaub\",\"publisher\":{\"@id\":\"https:\\\/\\\/www.tui.at\\\/blog\\\/#organization\"},\"potentialAction\":[{\"@type\":\"SearchAction\",\"target\":{\"@type\":\"EntryPoint\",\"urlTemplate\":\"https:\\\/\\\/www.tui.at\\\/blog\\\/?s={search_term_string}\"},\"query-input\":{\"@type\":\"PropertyValueSpecification\",\"valueRequired\":true,\"valueName\":\"search_term_string\"}}],\"inLanguage\":\"de\"},{\"@type\":\"Organization\",\"@id\":\"https:\\\/\\\/www.tui.at\\\/blog\\\/#organization\",\"name\":\"TUI.at Reiseblog\",\"url\":\"https:\\\/\\\/www.tui.at\\\/blog\\\/\",\"logo\":{\"@type\":\"ImageObject\",\"inLanguage\":\"de\",\"@id\":\"https:\\\/\\\/www.tui.at\\\/blog\\\/#\\\/schema\\\/logo\\\/image\\\/\",\"url\":\"https:\\\/\\\/www.tui.at\\\/blog\\\/wp-content\\\/uploads\\\/2025\\\/09\\\/cropped-tui-logo-3.webp\",\"contentUrl\":\"https:\\\/\\\/www.tui.at\\\/blog\\\/wp-content\\\/uploads\\\/2025\\\/09\\\/cropped-tui-logo-3.webp\",\"width\":164,\"height\":72,\"caption\":\"TUI.at Reiseblog\"},\"image\":{\"@id\":\"https:\\\/\\\/www.tui.at\\\/blog\\\/#\\\/schema\\\/logo\\\/image\\\/\"}},{\"@type\":\"Person\",\"@id\":\"https:\\\/\\\/www.tui.at\\\/blog\\\/#\\\/schema\\\/person\\\/8cb6477d5e81d57cac3acaecdd5e9a8d\",\"name\":\"Jasmin\",\"description\":\"Jasmin Kreulitsch ist Reisejournalistin, Reisebloggerin und (Reise-)Buchautorin. Sie lebt in Wien und ist zu Hause in der ganzen Welt. Wenn sie zu ihren Recherchereisen aufbricht, hat sie dank einem ausgepr\u00e4gten Nerd-Gen wirklich alles dabei. Vor allem die Neugier auf neue Destinationen und die gro\u00dfe Lust, allen davon zu erz\u00e4hlen. Auf ihrem Reiseblog kosmopoetin.com nimmt sie ihre Leser in Travel Tales rund um den Globus mit.\",\"url\":\"https:\\\/\\\/www.tui.at\\\/blog\\\/author\\\/jasmin\\\/\"}]}<\/script>\n<!-- \/ Yoast SEO plugin. -->","yoast_head_json":{"title":"Madeira-Highlights: Die 7 sch\u00f6nsten Pl\u00e4tze auf Madeira TUI.at Reiseblog","description":"Die beliebte Blumeninsel\u00a0Madeira\u00a0liegt mitten im Atlantischen Ozean und hat viele tolle Spots. Jasmin zeigt dir ihre Highlights auf Madeira.","robots":{"index":"index","follow":"follow","max-snippet":"max-snippet:-1","max-image-preview":"max-image-preview:large","max-video-preview":"max-video-preview:-1"},"canonical":"https:\/\/www.tui.at\/blog\/madeira-highlights-die-7-schoensten-plaetze-auf-madeira\/","og_locale":"de_DE","og_type":"article","og_title":"Madeira-Highlights: Die 7 sch\u00f6nsten Pl\u00e4tze auf Madeira TUI.at Reiseblog","og_description":"Die beliebte Blumeninsel\u00a0Madeira\u00a0liegt mitten im Atlantischen Ozean und hat viele tolle Spots. Jasmin zeigt dir ihre Highlights auf Madeira.","og_url":"https:\/\/www.tui.at\/blog\/madeira-highlights-die-7-schoensten-plaetze-auf-madeira\/","og_site_name":"TUI.at Reiseblog","article_published_time":"2022-12-06T10:36:14+00:00","article_modified_time":"2025-10-24T09:39:28+00:00","og_image":[{"width":1600,"height":584,"url":"https:\/\/www.tui.at\/blog\/wp-content\/uploads\/2022\/12\/KeyVisual-mit-Logos-Titelbild-Blog-Kopie.jpg","type":"image\/jpeg"}],"author":"Jasmin","twitter_card":"summary_large_image","twitter_misc":{"Verfasst von":"Jasmin","Gesch\u00e4tzte Lesezeit":"8\u00a0Minuten"},"schema":{"@context":"https:\/\/schema.org","@graph":[{"@type":"BlogPosting","@id":"https:\/\/www.tui.at\/blog\/madeira-highlights-die-7-schoensten-plaetze-auf-madeira\/#article","isPartOf":{"@id":"https:\/\/www.tui.at\/blog\/madeira-highlights-die-7-schoensten-plaetze-auf-madeira\/"},"author":{"name":"Jasmin","@id":"https:\/\/www.tui.at\/blog\/#\/schema\/person\/8cb6477d5e81d57cac3acaecdd5e9a8d"},"headline":"Madeira-Highlights: Die 7 sch\u00f6nsten Pl\u00e4tze auf Madeira","datePublished":"2022-12-06T10:36:14+00:00","dateModified":"2025-10-24T09:39:28+00:00","mainEntityOfPage":{"@id":"https:\/\/www.tui.at\/blog\/madeira-highlights-die-7-schoensten-plaetze-auf-madeira\/"},"wordCount":1643,"commentCount":0,"publisher":{"@id":"https:\/\/www.tui.at\/blog\/#organization"},"image":{"@id":"https:\/\/www.tui.at\/blog\/madeira-highlights-die-7-schoensten-plaetze-auf-madeira\/#primaryimage"},"thumbnailUrl":"https:\/\/www.tui.at\/blog\/wp-content\/uploads\/2022\/12\/KeyVisual-mit-Logos-Titelbild-Blog-Kopie.jpg","keywords":["funchal","Highlights","Insel","Insidertipps","Madeira","Portugal"],"articleSection":["Aktivurlaub"],"inLanguage":"de","potentialAction":[{"@type":"CommentAction","name":"Comment","target":["https:\/\/www.tui.at\/blog\/madeira-highlights-die-7-schoensten-plaetze-auf-madeira\/#respond"]}]},{"@type":"WebPage","@id":"https:\/\/www.tui.at\/blog\/madeira-highlights-die-7-schoensten-plaetze-auf-madeira\/","url":"https:\/\/www.tui.at\/blog\/madeira-highlights-die-7-schoensten-plaetze-auf-madeira\/","name":"Madeira-Highlights: Die 7 sch\u00f6nsten Pl\u00e4tze auf Madeira TUI.at Reiseblog","isPartOf":{"@id":"https:\/\/www.tui.at\/blog\/#website"},"primaryImageOfPage":{"@id":"https:\/\/www.tui.at\/blog\/madeira-highlights-die-7-schoensten-plaetze-auf-madeira\/#primaryimage"},"image":{"@id":"https:\/\/www.tui.at\/blog\/madeira-highlights-die-7-schoensten-plaetze-auf-madeira\/#primaryimage"},"thumbnailUrl":"https:\/\/www.tui.at\/blog\/wp-content\/uploads\/2022\/12\/KeyVisual-mit-Logos-Titelbild-Blog-Kopie.jpg","datePublished":"2022-12-06T10:36:14+00:00","dateModified":"2025-10-24T09:39:28+00:00","description":"Die beliebte Blumeninsel\u00a0Madeira\u00a0liegt mitten im Atlantischen Ozean und hat viele tolle Spots. Jasmin zeigt dir ihre Highlights auf Madeira.","breadcrumb":{"@id":"https:\/\/www.tui.at\/blog\/madeira-highlights-die-7-schoensten-plaetze-auf-madeira\/#breadcrumb"},"inLanguage":"de","potentialAction":[{"@type":"ReadAction","target":["https:\/\/www.tui.at\/blog\/madeira-highlights-die-7-schoensten-plaetze-auf-madeira\/"]}]},{"@type":"ImageObject","inLanguage":"de","@id":"https:\/\/www.tui.at\/blog\/madeira-highlights-die-7-schoensten-plaetze-auf-madeira\/#primaryimage","url":"https:\/\/www.tui.at\/blog\/wp-content\/uploads\/2022\/12\/KeyVisual-mit-Logos-Titelbild-Blog-Kopie.jpg","contentUrl":"https:\/\/www.tui.at\/blog\/wp-content\/uploads\/2022\/12\/KeyVisual-mit-Logos-Titelbild-Blog-Kopie.jpg","width":1600,"height":584},{"@type":"BreadcrumbList","@id":"https:\/\/www.tui.at\/blog\/madeira-highlights-die-7-schoensten-plaetze-auf-madeira\/#breadcrumb","itemListElement":[{"@type":"ListItem","position":1,"name":"Startseite","item":"https:\/\/www.tui.at\/blog\/"},{"@type":"ListItem","position":2,"name":"Madeira-Highlights: Die 7 sch\u00f6nsten Pl\u00e4tze auf Madeira"}]},{"@type":"WebSite","@id":"https:\/\/www.tui.at\/blog\/#website","url":"https:\/\/www.tui.at\/blog\/","name":"TUI.at Reiseblog","description":"Inspirationen f\u00fcr den perfekten Urlaub","publisher":{"@id":"https:\/\/www.tui.at\/blog\/#organization"},"potentialAction":[{"@type":"SearchAction","target":{"@type":"EntryPoint","urlTemplate":"https:\/\/www.tui.at\/blog\/?s={search_term_string}"},"query-input":{"@type":"PropertyValueSpecification","valueRequired":true,"valueName":"search_term_string"}}],"inLanguage":"de"},{"@type":"Organization","@id":"https:\/\/www.tui.at\/blog\/#organization","name":"TUI.at Reiseblog","url":"https:\/\/www.tui.at\/blog\/","logo":{"@type":"ImageObject","inLanguage":"de","@id":"https:\/\/www.tui.at\/blog\/#\/schema\/logo\/image\/","url":"https:\/\/www.tui.at\/blog\/wp-content\/uploads\/2025\/09\/cropped-tui-logo-3.webp","contentUrl":"https:\/\/www.tui.at\/blog\/wp-content\/uploads\/2025\/09\/cropped-tui-logo-3.webp","width":164,"height":72,"caption":"TUI.at Reiseblog"},"image":{"@id":"https:\/\/www.tui.at\/blog\/#\/schema\/logo\/image\/"}},{"@type":"Person","@id":"https:\/\/www.tui.at\/blog\/#\/schema\/person\/8cb6477d5e81d57cac3acaecdd5e9a8d","name":"Jasmin","description":"Jasmin Kreulitsch ist Reisejournalistin, Reisebloggerin und (Reise-)Buchautorin. Sie lebt in Wien und ist zu Hause in der ganzen Welt. Wenn sie zu ihren Recherchereisen aufbricht, hat sie dank einem ausgepr\u00e4gten Nerd-Gen wirklich alles dabei. Vor allem die Neugier auf neue Destinationen und die gro\u00dfe Lust, allen davon zu erz\u00e4hlen. Auf ihrem Reiseblog kosmopoetin.com nimmt sie ihre Leser in Travel Tales rund um den Globus mit.","url":"https:\/\/www.tui.at\/blog\/author\/jasmin\/"}]}},"_links":{"self":[{"href":"https:\/\/www.tui.at\/blog\/wp-json\/wp\/v2\/posts\/488162","targetHints":{"allow":["GET"]}}],"collection":[{"href":"https:\/\/www.tui.at\/blog\/wp-json\/wp\/v2\/posts"}],"about":[{"href":"https:\/\/www.tui.at\/blog\/wp-json\/wp\/v2\/types\/post"}],"author":[{"embeddable":true,"href":"https:\/\/www.tui.at\/blog\/wp-json\/wp\/v2\/users\/217"}],"replies":[{"embeddable":true,"href":"https:\/\/www.tui.at\/blog\/wp-json\/wp\/v2\/comments?post=488162"}],"version-history":[{"count":1,"href":"https:\/\/www.tui.at\/blog\/wp-json\/wp\/v2\/posts\/488162\/revisions"}],"predecessor-version":[{"id":490267,"href":"https:\/\/www.tui.at\/blog\/wp-json\/wp\/v2\/posts\/488162\/revisions\/490267"}],"wp:featuredmedia":[{"embeddable":true,"href":"https:\/\/www.tui.at\/blog\/wp-json\/wp\/v2\/media\/488163"}],"wp:attachment":[{"href":"https:\/\/www.tui.at\/blog\/wp-json\/wp\/v2\/media?parent=488162"}],"wp:term":[{"taxonomy":"category","embeddable":true,"href":"https:\/\/www.tui.at\/blog\/wp-json\/wp\/v2\/categories?post=488162"},{"taxonomy":"post_tag","embeddable":true,"href":"https:\/\/www.tui.at\/blog\/wp-json\/wp\/v2\/tags?post=488162"}],"curies":[{"name":"wp","href":"https:\/\/api.w.org\/{rel}","templated":true}]}}