{"id":488089,"date":"2020-09-16T11:29:33","date_gmt":"2020-09-16T09:29:33","guid":{"rendered":"https:\/\/www.tui.at\/blog\/zypern-ein-ueberblick-ueber-die-paradiesische-insel-der-aphrodite\/"},"modified":"2025-10-24T11:39:28","modified_gmt":"2025-10-24T09:39:28","slug":"zypern-die-paradiesische-insel-der-aphrodite","status":"publish","type":"post","link":"https:\/\/www.tui.at\/blog\/zypern-die-paradiesische-insel-der-aphrodite\/","title":{"rendered":"Zypern: Die paradiesische Insel der Aphrodite im \u00dcberblick"},"content":{"rendered":"<p><div class=\"legacy-fullwidth\"><div class=\"legacy-fusion-text\">Paradiesische Str\u00e4nde, umwerfende Landschaften und sooo gutes Essen!<br \/>\n<a href=\"https:\/\/www.tui.at\/de\/pauschalreisen\/suchen\/regionen\/Zypern\/1043?searchScope=HOTEL&amp;startDate=2020-09-18&amp;endDate=2020-12-31&amp;showTotalPrice=0&amp;travelAttributes=2293&amp;wellnessAttributes=715;667\" target=\"_blank\" rel=\"noopener noreferrer\">Zypern<\/a>, die Insel der Aphrodite, h\u00e4lt unz\u00e4hlige Sch\u00e4tze f\u00fcr uns bereit. Wir k\u00f6nnen es kaum erwarten, euch auf unsere Insel-Rundreise mitzunehmen!<\/div><div class=\"legacy-fusion-text\"><img loading=\"lazy\" decoding=\"async\" class=\" wp-image-20092 aligncenter\" src=\"https:\/\/www.tui.at\/blog\/wp-content\/uploads\/2019\/07\/headerbild-alternativ.jpg\" alt=\"\" width=\"878\" height=\"585\" \/><\/p>\n<p><\/div><\/div><div class=\"legacy-fullwidth\"><div class=\"legacy-fusion-title\"><h3>Warum Urlaub auf Zypern?<\/h3><\/div><div class=\"legacy-fusion-text\">Mit <strong>\u00fcber 340 Sonnentagen und wenig Niederschlag<\/strong> ist Zypern nicht nur der optimale Vitamin D-Lieferant, sondern auch ein \u00fcberaus beliebtes Urlaubsziel. Das mediterrane Klima macht die wundersch\u00f6ne Insel das ganze Jahr hindurch zum perfekten Reiseziel. Im Sommer lockt das Azorenhoch viele G\u00e4ste. Wer es lieber ruhiger mag, reist am besten im Herbst an und findet oft noch perfektes Badewetter vor. Die Wassertemperaturen betragen Mitte Oktober meist noch 22 bis 26 Grad.<\/p>\n<p><\/div><\/div><div class=\"legacy-fullwidth\"><div class=\"legacy-fusion-title\"><h3>Fakten \u00fcber die Republik Zypern<\/h3><\/div><div class=\"legacy-fusion-text\"><\/p>\n<ul>\n<li style=\"text-align: left;\">Mitgliedsstaat der EU seit 2004<\/li>\n<li style=\"text-align: left;\">offizielle W\u00e4hrung \u20ac<\/li>\n<li style=\"text-align: left;\">Amtssprache Griechisch<\/li>\n<li style=\"text-align: left;\">Geburtsort der G\u00f6ttin Aphrodite<\/li>\n<li style=\"text-align: left;\">670 kilometerlange K\u00fcsten mit absoluten Traumstr\u00e4nden<\/li>\n<li style=\"text-align: left;\">Linksverkehr<\/li>\n<\/ul>\n<p><\/div><\/div><div class=\"legacy-fullwidth\"><div class=\"legacy-fusion-title\"><h2>Ein herzlicher Empfang<\/h2><\/div><div class=\"legacy-fusion-text\">Zypern, die <strong>drittgr\u00f6\u00dfte Insel<\/strong> im \u00f6stlichen Mittelmeer, begr\u00fc\u00dfte uns bei unserer Ankunft mit strahlendem Sonnenschein und dem wohl freundlichsten Taxifahrer ever. Dieser positive erste Eindruck setzte sich fort:<br \/>\nDie Einwohner Zyperns sind sehr <strong>gastfreundlich<\/strong> und <strong>warmherzig<\/strong>.<\/div><\/div><div class=\"legacy-fullwidth\"><div class=\"legacy-fusion-title\"><h3>Unsere erste Unterkunft<\/h3><\/div><div class=\"legacy-fusion-text\">Den ersten Teil unserer Reise durften wir im\u00a0 <a href=\"https:\/\/www.tui.at\/de\/pauschalreisen\/suchen\/angebote\/Holiday-Resort-Nissi-Beach\/5032\/offer?searchScope=HOTEL&amp;startDate=2020-09-18&amp;endDate=2021-05-03&amp;sortOffersField=campaignOffers&amp;campaigns=TOY20\" target=\"_blank\" rel=\"noopener noreferrer\"><strong>Hotel \u201eNissi Beach Resort\u201c<\/strong> <\/a>verbringen. Die Unterkunft ist ein absoluter Traum f\u00fcr alle <strong>Naturliebhaber<\/strong> und so auch f\u00fcr uns: Das Hotel liegt idyllisch inmitten einer <strong>Gartenanlage<\/strong> und verf\u00fcgt \u00fcber einen <strong>direkten Zugang<\/strong> zu einer traumhaften, <strong>lagunenartigen Bucht<\/strong>.<\/p>\n<p>Die Lage des Hotels ist ideal, um den<strong> s\u00fcd\u00f6stlichen Teil der Insel<\/strong> zu erkunden.<\/p>\n<p><\/div><div class=\"legacy-row\"><div class=\"one-half\"><div class=\"legacy-fusion-text\"><img loading=\"lazy\" decoding=\"async\" class=\"size-medium wp-image-20093 alignleft\" src=\"https:\/\/www.tui.at\/blog\/wp-content\/uploads\/2019\/07\/DSC04740-2.jpg\" alt=\"\" width=\"410\" height=\"615\" \/><\/div><\/div><div class=\"one-half\"><div class=\"legacy-fusion-text\"><img loading=\"lazy\" decoding=\"async\" class=\"size-medium wp-image-20094 alignright\" src=\"https:\/\/www.tui.at\/blog\/wp-content\/uploads\/2019\/07\/DSC04720-1.jpg\" alt=\"\" width=\"410\" height=\"615\" \/><\/div><\/div><\/div><\/div><div class=\"legacy-fullwidth\"><div class=\"legacy-fusion-title\"><h3>Beeindruckende Geschichte sowie Traumstr\u00e4nde<\/h3><\/div><div class=\"legacy-fusion-text\">Was uns auf Zypern sehr schnell aufgefallen ist: Ob <strong>arch\u00e4ologische Ausgrabungsst\u00e4tten,<\/strong> <strong>traditionelle, landestypische D\u00f6rfer, <\/strong><strong>Sportm\u00f6glichkeiten<\/strong> oder kilometerlange K\u00fcsten mit den <strong>sch\u00f6nsten Str\u00e4nden,<\/strong>\u00a0 hier gibt es hier f\u00fcr jeden etwas.<\/p>\n<p>Man findet hier typische <strong>Sandstr\u00e4nde, <\/strong>steinige <strong>Kiesstr\u00e4nde, <\/strong>\u00a0<strong>lagunenartige Buchten<\/strong> und idyllische <strong>Naturstr\u00e4nde.<\/strong>\u00a0Das Gebiet um <strong>Ayia Napa<\/strong> ist f\u00fcr seine zahlreichen, nat\u00fcrlichen<strong> Meeresh\u00f6hlen<\/strong> bekannt.<br \/>\nDiese sind in den unterschiedlichsten Formen entlang der s\u00fcd\u00f6stlichen K\u00fcste zu finden.<\/p>\n<p>Das Wasser ist wie aus dem Bilderbuch, beziehungsweise so, wie man es eher in der Karibik vermuten w\u00fcrde: t\u00fcrkis und glasklar!<\/div><div class=\"legacy-row\"><div class=\"one-half\"><div class=\"legacy-fusion-text\"><img loading=\"lazy\" decoding=\"async\" class=\"size-medium wp-image-20095 alignleft\" src=\"https:\/\/www.tui.at\/blog\/wp-content\/uploads\/2019\/07\/DSC04774-4.jpg\" alt=\"\" width=\"410\" height=\"615\" \/><\/div><\/div><div class=\"one-half\"><div class=\"legacy-fusion-text\"><img loading=\"lazy\" decoding=\"async\" class=\"size-medium wp-image-20096 alignright\" src=\"https:\/\/www.tui.at\/blog\/wp-content\/uploads\/2019\/07\/DSC04832-10.jpg\" alt=\"\" width=\"410\" height=\"615\" \/><\/div><\/div><\/div><\/div><div class=\"legacy-fullwidth\"><div class=\"legacy-fusion-title\"><h3>Gem\u00fctlichkeit in der Stadt und Tradition am Land<\/h3><\/div><div class=\"legacy-fusion-text\"><strong>Larnaka<\/strong>, eine Hafenstadt im S\u00fcdosten Zyperns, k\u00f6nnte sich nicht mehr von den typischen s\u00fcdl\u00e4ndischen St\u00e4dten unterscheiden. Mit <strong>51.000 Einwohnern<\/strong> ist die Stadt \u00fcberschaubar und auch mit dem Auto sehr gut befahrbar. Die urspr\u00fcnglichen Erwartungen an eine Gro\u00dfstadt, wie man sie von anderen Inseln kennt, bleiben aus. Statt dem Trubel, Verkehr und vielen Menschen auf den Stra\u00dfen, erwartete uns hier eine bemerkenswerte <strong>Ruhe.<\/strong><\/p>\n<p>Wir fanden hier <strong>kleine Gassen<\/strong>, eine <strong>gem\u00fctlich einladende Taverne<\/strong> nach der anderen und Zyprer, die uns st\u00e4ndig mit einem L\u00e4cheln begegneten. Wundersch\u00f6n in Larnaka &#8211; der Mix aus Altertum und Moderne.<br \/>\nIn unmittelbarer N\u00e4he der Stadt finden sich <strong>arch\u00e4ologische Ausgrabungen<\/strong>, <strong>Tempelanlagen<\/strong>, <strong>Kirchen<\/strong>, ein<strong> Salzsee<\/strong> und eine <strong>kilometerlang<\/strong><strong>e Strandpromenade<\/strong>.<\/div><div class=\"legacy-row\"><div class=\"one-half\"><div class=\"legacy-fusion-text\"><img loading=\"lazy\" decoding=\"async\" class=\"size-medium wp-image-20089 alignleft\" src=\"https:\/\/www.tui.at\/blog\/wp-content\/uploads\/2019\/07\/DSC05097-14.jpg\" alt=\"\" width=\"410\" height=\"615\" \/><\/div><\/div><div class=\"one-half\"><div class=\"legacy-fusion-text\"><img loading=\"lazy\" decoding=\"async\" class=\"size-medium wp-image-20088 alignright\" src=\"https:\/\/www.tui.at\/blog\/wp-content\/uploads\/2019\/07\/DSC05095-13.jpg\" alt=\"\" width=\"410\" height=\"615\" \/><\/div><\/div><\/div><\/div><div class=\"legacy-fullwidth\"><div class=\"legacy-fusion-title\"><h3>Cyherbia: Ein botanischer Garten wie man ihn noch nie gesehen hat<\/h3><\/div><div class=\"legacy-fusion-text\">Abseits der K\u00fcsten, im Landesinneren Zyperns, gibt es unz\u00e4hlige <strong>traditionelle D\u00f6rfer<\/strong> zu erkunden \u2013 eines davon ist <strong>Avgorou Village<\/strong>, ein wohl eher untypisches Dorf. Viele Einheimische sowie Touristen zieht es das ganze Jahr \u00fcber in dieses unscheinbare Dorf \u2013 aber wieso?<\/p>\n<p>Grund hierf\u00fcr ist <strong>Cyherbia &#8211; <\/strong>ein <strong>au\u00dfergew\u00f6hnlicher,\u00a0botanischer Garten<\/strong>, wie man ihn bestimmt noch nie gesehen hat. Wir durften uns ausgiebig mit <strong>Miranda<\/strong>, der Initiatorin von Cyherbia, unterhalten und sie steckte uns sofort mit ihrer Leidenschaft f\u00fcr die Kr\u00e4uterwelt an. Sie sprudelt nur so vor neuen kreativen Ideen, die sie gemeinsam mit ihrem Mann sowie ihrem mittlerweile 12-k\u00f6pfigen Team umsetzt.<\/p>\n<p>\u00dcber das Jahr verteilt finden hier unterschiedliche <strong>Veranstaltungen<\/strong> statt. So verwandelt sich der gesamte Garten zum Beispiel in ein<strong> Game of Thrones-Areal<\/strong>, einen <strong>Halloween-Garten<\/strong> oder in ein absolutes <strong>M\u00e4rchenland<\/strong>. Wir hatten das Gl\u00fcck, dass zur Zeit unseres Besuchs im Juni der <strong>Lavendel<\/strong> in voller Bl\u00fcte stand. Ein Traum! Nat\u00fcrlich durften ein paar handgemachte Souvenirs aus Lavendel f\u00fcr uns daher nicht fehlen.<\/div><div class=\"legacy-row\"><div class=\"one-half\"><div class=\"legacy-fusion-text\"><img loading=\"lazy\" decoding=\"async\" class=\"size-medium wp-image-20087 alignleft\" src=\"https:\/\/www.tui.at\/blog\/wp-content\/uploads\/2019\/07\/DSC05022-7.jpg\" alt=\"\" width=\"410\" height=\"615\" \/><\/div><\/div><div class=\"one-half\"><div class=\"legacy-fusion-text\"><img loading=\"lazy\" decoding=\"async\" class=\"size-medium wp-image-20086 alignright\" src=\"https:\/\/www.tui.at\/blog\/wp-content\/uploads\/2019\/07\/DSC05009-5.jpg\" alt=\"\" width=\"410\" height=\"615\" \/><\/div><\/div><\/div><\/div><div class=\"legacy-fullwidth\"><div class=\"legacy-fusion-text\"><\/p>\n<p style=\"text-align: center;\"><strong>Das war nur der Beginn unserer Reise \u2013 die Fortsetzung gibt&#8217;s hier am Blog!<\/strong><\/p>\n<p style=\"text-align: center;\"><strong>Astrid &amp; Petra <\/strong><\/p>\n<p style=\"text-align: center;\"><strong>P.S.: Auf <a href=\"https:\/\/www.instagram.com\/tui_austria\/\">Instagram<\/a> findest du viele, tolle Urlaubsinspirationen.<\/strong><\/p>\n<p><\/div><\/div><\/p>\n","protected":false},"excerpt":{"rendered":"<p>Paradiesische Str\u00e4nde, umwerfende Landschaften und ein Traum f\u00fcr alle Essensliebhaber \u2013 das h\u00f6rt sich ja fast zu perfekt an, um wahr zu sein! Zypern, die Insel der Aphrodite, h\u00e4lt unz\u00e4hlige Sch\u00e4tze bereit. Astrid und Petra zeigen sie euch und nehmen euch mit auf ihrer Rundreise!<\/p>\n","protected":false},"author":226,"featured_media":488080,"comment_status":"open","ping_status":"closed","sticky":false,"template":"","format":"standard","meta":{"_acf_changed":false,"footnotes":""},"categories":[5146],"tags":[4990,4991,4992,4989,4993],"class_list":["post-488089","post","type-post","status-publish","format-standard","has-post-thumbnail","hentry","category-archiv-urlaub-am-meer","tag-avgorou-village","tag-ayia-napa","tag-larnaka","tag-tui-last-minute-reiseblogger","tag-zypern"],"acf":[],"yoast_head":"<!-- This site is optimized with the Yoast SEO plugin v27.4 - https:\/\/yoast.com\/product\/yoast-seo-wordpress\/ -->\n<title>Zypern: Die paradiesische Insel der Aphrodite im \u00dcberblick - TUI.at Reiseblog<\/title>\n<meta name=\"description\" content=\"Zypern, das hei\u00dft paradiesische Str\u00e4nde, umwerfende Landschaften und gutes Essen! Astrid und Petra nehmen euch mit auf ihrer Rundreise auf der Insel.\" \/>\n<meta name=\"robots\" content=\"index, follow, max-snippet:-1, max-image-preview:large, max-video-preview:-1\" \/>\n<link rel=\"canonical\" href=\"https:\/\/www.tui.at\/blog\/zypern-die-paradiesische-insel-der-aphrodite\/\" \/>\n<meta property=\"og:locale\" content=\"de_DE\" \/>\n<meta property=\"og:type\" content=\"article\" \/>\n<meta property=\"og:title\" content=\"Zypern: Die paradiesische Insel der Aphrodite im \u00dcberblick - TUI.at Reiseblog\" \/>\n<meta property=\"og:description\" content=\"Zypern, das hei\u00dft paradiesische Str\u00e4nde, umwerfende Landschaften und gutes Essen! Astrid und Petra nehmen euch mit auf ihrer Rundreise auf der Insel.\" \/>\n<meta property=\"og:url\" content=\"https:\/\/www.tui.at\/blog\/zypern-die-paradiesische-insel-der-aphrodite\/\" \/>\n<meta property=\"og:site_name\" content=\"TUI.at Reiseblog\" \/>\n<meta property=\"article:published_time\" content=\"2020-09-16T09:29:33+00:00\" \/>\n<meta property=\"article:modified_time\" content=\"2025-10-24T09:39:28+00:00\" \/>\n<meta property=\"og:image\" content=\"https:\/\/www.tui.at\/blog\/wp-content\/uploads\/2019\/07\/headerbild-alternativ-844x563.jpg\" \/>\n\t<meta property=\"og:image:width\" content=\"844\" \/>\n\t<meta property=\"og:image:height\" content=\"563\" \/>\n\t<meta property=\"og:image:type\" content=\"image\/jpeg\" \/>\n<meta name=\"author\" content=\"Astrid\" \/>\n<meta name=\"twitter:card\" content=\"summary_large_image\" \/>\n<meta name=\"twitter:label1\" content=\"Verfasst von\" \/>\n\t<meta name=\"twitter:data1\" content=\"Astrid\" \/>\n\t<meta name=\"twitter:label2\" content=\"Gesch\u00e4tzte Lesezeit\" \/>\n\t<meta name=\"twitter:data2\" content=\"8\u00a0Minuten\" \/>\n<script type=\"application\/ld+json\" class=\"yoast-schema-graph\">{\"@context\":\"https:\\\/\\\/schema.org\",\"@graph\":[{\"@type\":\"BlogPosting\",\"@id\":\"https:\\\/\\\/www.tui.at\\\/blog\\\/zypern-die-paradiesische-insel-der-aphrodite\\\/#article\",\"isPartOf\":{\"@id\":\"https:\\\/\\\/www.tui.at\\\/blog\\\/zypern-die-paradiesische-insel-der-aphrodite\\\/\"},\"author\":{\"name\":\"Astrid\",\"@id\":\"https:\\\/\\\/www.tui.at\\\/blog\\\/#\\\/schema\\\/person\\\/8446663138fc43e1cff0b9c198a60e9f\"},\"headline\":\"Zypern: Die paradiesische Insel der Aphrodite im \u00dcberblick\",\"datePublished\":\"2020-09-16T09:29:33+00:00\",\"dateModified\":\"2025-10-24T09:39:28+00:00\",\"mainEntityOfPage\":{\"@id\":\"https:\\\/\\\/www.tui.at\\\/blog\\\/zypern-die-paradiesische-insel-der-aphrodite\\\/\"},\"wordCount\":1597,\"commentCount\":0,\"publisher\":{\"@id\":\"https:\\\/\\\/www.tui.at\\\/blog\\\/#organization\"},\"image\":{\"@id\":\"https:\\\/\\\/www.tui.at\\\/blog\\\/zypern-die-paradiesische-insel-der-aphrodite\\\/#primaryimage\"},\"thumbnailUrl\":\"https:\\\/\\\/www.tui.at\\\/blog\\\/wp-content\\\/uploads\\\/2019\\\/07\\\/headerbild-alternativ.jpg\",\"keywords\":[\"avgorou village\",\"ayia napa\",\"larnaka\",\"tui last minute reiseblogger\",\"Zypern\"],\"articleSection\":[\"Urlaub am Meer\"],\"inLanguage\":\"de\",\"potentialAction\":[{\"@type\":\"CommentAction\",\"name\":\"Comment\",\"target\":[\"https:\\\/\\\/www.tui.at\\\/blog\\\/zypern-die-paradiesische-insel-der-aphrodite\\\/#respond\"]}]},{\"@type\":\"WebPage\",\"@id\":\"https:\\\/\\\/www.tui.at\\\/blog\\\/zypern-die-paradiesische-insel-der-aphrodite\\\/\",\"url\":\"https:\\\/\\\/www.tui.at\\\/blog\\\/zypern-die-paradiesische-insel-der-aphrodite\\\/\",\"name\":\"Zypern: Die paradiesische Insel der Aphrodite im \u00dcberblick - TUI.at Reiseblog\",\"isPartOf\":{\"@id\":\"https:\\\/\\\/www.tui.at\\\/blog\\\/#website\"},\"primaryImageOfPage\":{\"@id\":\"https:\\\/\\\/www.tui.at\\\/blog\\\/zypern-die-paradiesische-insel-der-aphrodite\\\/#primaryimage\"},\"image\":{\"@id\":\"https:\\\/\\\/www.tui.at\\\/blog\\\/zypern-die-paradiesische-insel-der-aphrodite\\\/#primaryimage\"},\"thumbnailUrl\":\"https:\\\/\\\/www.tui.at\\\/blog\\\/wp-content\\\/uploads\\\/2019\\\/07\\\/headerbild-alternativ.jpg\",\"datePublished\":\"2020-09-16T09:29:33+00:00\",\"dateModified\":\"2025-10-24T09:39:28+00:00\",\"description\":\"Zypern, das hei\u00dft paradiesische Str\u00e4nde, umwerfende Landschaften und gutes Essen! Astrid und Petra nehmen euch mit auf ihrer Rundreise auf der Insel.\",\"breadcrumb\":{\"@id\":\"https:\\\/\\\/www.tui.at\\\/blog\\\/zypern-die-paradiesische-insel-der-aphrodite\\\/#breadcrumb\"},\"inLanguage\":\"de\",\"potentialAction\":[{\"@type\":\"ReadAction\",\"target\":[\"https:\\\/\\\/www.tui.at\\\/blog\\\/zypern-die-paradiesische-insel-der-aphrodite\\\/\"]}]},{\"@type\":\"ImageObject\",\"inLanguage\":\"de\",\"@id\":\"https:\\\/\\\/www.tui.at\\\/blog\\\/zypern-die-paradiesische-insel-der-aphrodite\\\/#primaryimage\",\"url\":\"https:\\\/\\\/www.tui.at\\\/blog\\\/wp-content\\\/uploads\\\/2019\\\/07\\\/headerbild-alternativ.jpg\",\"contentUrl\":\"https:\\\/\\\/www.tui.at\\\/blog\\\/wp-content\\\/uploads\\\/2019\\\/07\\\/headerbild-alternativ.jpg\",\"width\":1600,\"height\":1067},{\"@type\":\"BreadcrumbList\",\"@id\":\"https:\\\/\\\/www.tui.at\\\/blog\\\/zypern-die-paradiesische-insel-der-aphrodite\\\/#breadcrumb\",\"itemListElement\":[{\"@type\":\"ListItem\",\"position\":1,\"name\":\"Startseite\",\"item\":\"https:\\\/\\\/www.tui.at\\\/blog\\\/\"},{\"@type\":\"ListItem\",\"position\":2,\"name\":\"Zypern: Die paradiesische Insel der Aphrodite im \u00dcberblick\"}]},{\"@type\":\"WebSite\",\"@id\":\"https:\\\/\\\/www.tui.at\\\/blog\\\/#website\",\"url\":\"https:\\\/\\\/www.tui.at\\\/blog\\\/\",\"name\":\"TUI.at Reiseblog\",\"description\":\"Inspirationen f\u00fcr den perfekten Urlaub\",\"publisher\":{\"@id\":\"https:\\\/\\\/www.tui.at\\\/blog\\\/#organization\"},\"potentialAction\":[{\"@type\":\"SearchAction\",\"target\":{\"@type\":\"EntryPoint\",\"urlTemplate\":\"https:\\\/\\\/www.tui.at\\\/blog\\\/?s={search_term_string}\"},\"query-input\":{\"@type\":\"PropertyValueSpecification\",\"valueRequired\":true,\"valueName\":\"search_term_string\"}}],\"inLanguage\":\"de\"},{\"@type\":\"Organization\",\"@id\":\"https:\\\/\\\/www.tui.at\\\/blog\\\/#organization\",\"name\":\"TUI.at Reiseblog\",\"url\":\"https:\\\/\\\/www.tui.at\\\/blog\\\/\",\"logo\":{\"@type\":\"ImageObject\",\"inLanguage\":\"de\",\"@id\":\"https:\\\/\\\/www.tui.at\\\/blog\\\/#\\\/schema\\\/logo\\\/image\\\/\",\"url\":\"https:\\\/\\\/www.tui.at\\\/blog\\\/wp-content\\\/uploads\\\/2025\\\/09\\\/cropped-tui-logo-3.webp\",\"contentUrl\":\"https:\\\/\\\/www.tui.at\\\/blog\\\/wp-content\\\/uploads\\\/2025\\\/09\\\/cropped-tui-logo-3.webp\",\"width\":164,\"height\":72,\"caption\":\"TUI.at Reiseblog\"},\"image\":{\"@id\":\"https:\\\/\\\/www.tui.at\\\/blog\\\/#\\\/schema\\\/logo\\\/image\\\/\"}},{\"@type\":\"Person\",\"@id\":\"https:\\\/\\\/www.tui.at\\\/blog\\\/#\\\/schema\\\/person\\\/8446663138fc43e1cff0b9c198a60e9f\",\"name\":\"Astrid\",\"description\":\"Astrid liebt es, neue L\u00e4nder, neue Menschen und vor allem deren Kulturen kennenzulernen \u2013 am liebsten mit einem leichten Rucksack auf dem R\u00fccken und gutem Wetter. Au\u00dferdem liebt sie es, Zeit im Freien zu verbringen, mit der Kamera unterwegs zu sein oder ihre eigenen T-Shirts zu kreieren.\",\"url\":\"https:\\\/\\\/www.tui.at\\\/blog\\\/author\\\/astrid\\\/\"}]}<\/script>\n<!-- \/ Yoast SEO plugin. -->","yoast_head_json":{"title":"Zypern: Die paradiesische Insel der Aphrodite im \u00dcberblick - TUI.at Reiseblog","description":"Zypern, das hei\u00dft paradiesische Str\u00e4nde, umwerfende Landschaften und gutes Essen! Astrid und Petra nehmen euch mit auf ihrer Rundreise auf der Insel.","robots":{"index":"index","follow":"follow","max-snippet":"max-snippet:-1","max-image-preview":"max-image-preview:large","max-video-preview":"max-video-preview:-1"},"canonical":"https:\/\/www.tui.at\/blog\/zypern-die-paradiesische-insel-der-aphrodite\/","og_locale":"de_DE","og_type":"article","og_title":"Zypern: Die paradiesische Insel der Aphrodite im \u00dcberblick - TUI.at Reiseblog","og_description":"Zypern, das hei\u00dft paradiesische Str\u00e4nde, umwerfende Landschaften und gutes Essen! Astrid und Petra nehmen euch mit auf ihrer Rundreise auf der Insel.","og_url":"https:\/\/www.tui.at\/blog\/zypern-die-paradiesische-insel-der-aphrodite\/","og_site_name":"TUI.at Reiseblog","article_published_time":"2020-09-16T09:29:33+00:00","article_modified_time":"2025-10-24T09:39:28+00:00","og_image":[{"width":844,"height":563,"url":"https:\/\/www.tui.at\/blog\/wp-content\/uploads\/2019\/07\/headerbild-alternativ-844x563.jpg","type":"image\/jpeg"}],"author":"Astrid","twitter_card":"summary_large_image","twitter_misc":{"Verfasst von":"Astrid","Gesch\u00e4tzte Lesezeit":"8\u00a0Minuten"},"schema":{"@context":"https:\/\/schema.org","@graph":[{"@type":"BlogPosting","@id":"https:\/\/www.tui.at\/blog\/zypern-die-paradiesische-insel-der-aphrodite\/#article","isPartOf":{"@id":"https:\/\/www.tui.at\/blog\/zypern-die-paradiesische-insel-der-aphrodite\/"},"author":{"name":"Astrid","@id":"https:\/\/www.tui.at\/blog\/#\/schema\/person\/8446663138fc43e1cff0b9c198a60e9f"},"headline":"Zypern: Die paradiesische Insel der Aphrodite im \u00dcberblick","datePublished":"2020-09-16T09:29:33+00:00","dateModified":"2025-10-24T09:39:28+00:00","mainEntityOfPage":{"@id":"https:\/\/www.tui.at\/blog\/zypern-die-paradiesische-insel-der-aphrodite\/"},"wordCount":1597,"commentCount":0,"publisher":{"@id":"https:\/\/www.tui.at\/blog\/#organization"},"image":{"@id":"https:\/\/www.tui.at\/blog\/zypern-die-paradiesische-insel-der-aphrodite\/#primaryimage"},"thumbnailUrl":"https:\/\/www.tui.at\/blog\/wp-content\/uploads\/2019\/07\/headerbild-alternativ.jpg","keywords":["avgorou village","ayia napa","larnaka","tui last minute reiseblogger","Zypern"],"articleSection":["Urlaub am Meer"],"inLanguage":"de","potentialAction":[{"@type":"CommentAction","name":"Comment","target":["https:\/\/www.tui.at\/blog\/zypern-die-paradiesische-insel-der-aphrodite\/#respond"]}]},{"@type":"WebPage","@id":"https:\/\/www.tui.at\/blog\/zypern-die-paradiesische-insel-der-aphrodite\/","url":"https:\/\/www.tui.at\/blog\/zypern-die-paradiesische-insel-der-aphrodite\/","name":"Zypern: Die paradiesische Insel der Aphrodite im \u00dcberblick - TUI.at Reiseblog","isPartOf":{"@id":"https:\/\/www.tui.at\/blog\/#website"},"primaryImageOfPage":{"@id":"https:\/\/www.tui.at\/blog\/zypern-die-paradiesische-insel-der-aphrodite\/#primaryimage"},"image":{"@id":"https:\/\/www.tui.at\/blog\/zypern-die-paradiesische-insel-der-aphrodite\/#primaryimage"},"thumbnailUrl":"https:\/\/www.tui.at\/blog\/wp-content\/uploads\/2019\/07\/headerbild-alternativ.jpg","datePublished":"2020-09-16T09:29:33+00:00","dateModified":"2025-10-24T09:39:28+00:00","description":"Zypern, das hei\u00dft paradiesische Str\u00e4nde, umwerfende Landschaften und gutes Essen! Astrid und Petra nehmen euch mit auf ihrer Rundreise auf der Insel.","breadcrumb":{"@id":"https:\/\/www.tui.at\/blog\/zypern-die-paradiesische-insel-der-aphrodite\/#breadcrumb"},"inLanguage":"de","potentialAction":[{"@type":"ReadAction","target":["https:\/\/www.tui.at\/blog\/zypern-die-paradiesische-insel-der-aphrodite\/"]}]},{"@type":"ImageObject","inLanguage":"de","@id":"https:\/\/www.tui.at\/blog\/zypern-die-paradiesische-insel-der-aphrodite\/#primaryimage","url":"https:\/\/www.tui.at\/blog\/wp-content\/uploads\/2019\/07\/headerbild-alternativ.jpg","contentUrl":"https:\/\/www.tui.at\/blog\/wp-content\/uploads\/2019\/07\/headerbild-alternativ.jpg","width":1600,"height":1067},{"@type":"BreadcrumbList","@id":"https:\/\/www.tui.at\/blog\/zypern-die-paradiesische-insel-der-aphrodite\/#breadcrumb","itemListElement":[{"@type":"ListItem","position":1,"name":"Startseite","item":"https:\/\/www.tui.at\/blog\/"},{"@type":"ListItem","position":2,"name":"Zypern: Die paradiesische Insel der Aphrodite im \u00dcberblick"}]},{"@type":"WebSite","@id":"https:\/\/www.tui.at\/blog\/#website","url":"https:\/\/www.tui.at\/blog\/","name":"TUI.at Reiseblog","description":"Inspirationen f\u00fcr den perfekten Urlaub","publisher":{"@id":"https:\/\/www.tui.at\/blog\/#organization"},"potentialAction":[{"@type":"SearchAction","target":{"@type":"EntryPoint","urlTemplate":"https:\/\/www.tui.at\/blog\/?s={search_term_string}"},"query-input":{"@type":"PropertyValueSpecification","valueRequired":true,"valueName":"search_term_string"}}],"inLanguage":"de"},{"@type":"Organization","@id":"https:\/\/www.tui.at\/blog\/#organization","name":"TUI.at Reiseblog","url":"https:\/\/www.tui.at\/blog\/","logo":{"@type":"ImageObject","inLanguage":"de","@id":"https:\/\/www.tui.at\/blog\/#\/schema\/logo\/image\/","url":"https:\/\/www.tui.at\/blog\/wp-content\/uploads\/2025\/09\/cropped-tui-logo-3.webp","contentUrl":"https:\/\/www.tui.at\/blog\/wp-content\/uploads\/2025\/09\/cropped-tui-logo-3.webp","width":164,"height":72,"caption":"TUI.at Reiseblog"},"image":{"@id":"https:\/\/www.tui.at\/blog\/#\/schema\/logo\/image\/"}},{"@type":"Person","@id":"https:\/\/www.tui.at\/blog\/#\/schema\/person\/8446663138fc43e1cff0b9c198a60e9f","name":"Astrid","description":"Astrid liebt es, neue L\u00e4nder, neue Menschen und vor allem deren Kulturen kennenzulernen \u2013 am liebsten mit einem leichten Rucksack auf dem R\u00fccken und gutem Wetter. Au\u00dferdem liebt sie es, Zeit im Freien zu verbringen, mit der Kamera unterwegs zu sein oder ihre eigenen T-Shirts zu kreieren.","url":"https:\/\/www.tui.at\/blog\/author\/astrid\/"}]}},"_links":{"self":[{"href":"https:\/\/www.tui.at\/blog\/wp-json\/wp\/v2\/posts\/488089","targetHints":{"allow":["GET"]}}],"collection":[{"href":"https:\/\/www.tui.at\/blog\/wp-json\/wp\/v2\/posts"}],"about":[{"href":"https:\/\/www.tui.at\/blog\/wp-json\/wp\/v2\/types\/post"}],"author":[{"embeddable":true,"href":"https:\/\/www.tui.at\/blog\/wp-json\/wp\/v2\/users\/226"}],"replies":[{"embeddable":true,"href":"https:\/\/www.tui.at\/blog\/wp-json\/wp\/v2\/comments?post=488089"}],"version-history":[{"count":1,"href":"https:\/\/www.tui.at\/blog\/wp-json\/wp\/v2\/posts\/488089\/revisions"}],"predecessor-version":[{"id":490398,"href":"https:\/\/www.tui.at\/blog\/wp-json\/wp\/v2\/posts\/488089\/revisions\/490398"}],"wp:featuredmedia":[{"embeddable":true,"href":"https:\/\/www.tui.at\/blog\/wp-json\/wp\/v2\/media\/488080"}],"wp:attachment":[{"href":"https:\/\/www.tui.at\/blog\/wp-json\/wp\/v2\/media?parent=488089"}],"wp:term":[{"taxonomy":"category","embeddable":true,"href":"https:\/\/www.tui.at\/blog\/wp-json\/wp\/v2\/categories?post=488089"},{"taxonomy":"post_tag","embeddable":true,"href":"https:\/\/www.tui.at\/blog\/wp-json\/wp\/v2\/tags?post=488089"}],"curies":[{"name":"wp","href":"https:\/\/api.w.org\/{rel}","templated":true}]}}