{"id":488077,"date":"2020-09-14T12:47:54","date_gmt":"2020-09-14T10:47:54","guid":{"rendered":"https:\/\/www.tui.at\/blog\/zwischen-meeresrauschen-und-altstadtflair\/"},"modified":"2025-10-24T15:16:16","modified_gmt":"2025-10-24T13:16:16","slug":"kos-zwischen-meeresrauschen-und-altstadtflair","status":"publish","type":"post","link":"https:\/\/www.tui.at\/blog\/kos-zwischen-meeresrauschen-und-altstadtflair\/","title":{"rendered":"Kos: Zwischen Meeresrauschen und Altstadtflair"},"content":{"rendered":"\n<div class=\"legacy-fusion-text\"><\/div>\n\n\n<div class=\"legacy-fusion-text\">Dass <a href=\"https:\/\/www.tui.at\/pauschalreisen\/griechenland\/kos\/\" target=\"_blank\" rel=\"noopener noreferrer\">Kos<\/a> so einiges zu bieten hat, wurde uns schnell klar. Bereits nach wenigen <strong>Spontanausfl\u00fcgen<\/strong> mit unserem Mietwagen waren wir von der geballten Vielfalt an Eindr\u00fccken fasziniert. Ein derart abwechslungsreiches Landschaftsbild, gespickt mit <strong>mystischen Ruinen<\/strong> und <strong>idyllischen D\u00f6rfern<\/strong>, machte unseren Aufenthalt von Beginn an zu einem ganz besonderen Erlebnis. Um nach der Erkundung des Inselinneren ein bisschen Meeresluft zu schnuppern, gingen wir nun auf die Suche nach den sch\u00f6nsten Str\u00e4nden.<\/p>\n<p><\/div>\n\n\n<div class=\"legacy-fusion-title\"><h2>Karibikblaues Meer und romantische Buchten<\/h2><\/div>\n\n\n<div class=\"legacy-fusion-text\">An der Nordk\u00fcste, zwischen <strong>\u201eMastichari\u201c<\/strong> und <strong>\u201eTigaki\u201c, <\/strong>landeten wir auf Anhieb einen Volltreffer: kristallklares Wasser, samtweicher Sand und der Geschmack von salziger Luft. Ach Kos, du haust uns einfach um! Das Tolle an dieser Gegend ist, dass sich friedlich-ruhige mit gr\u00f6\u00dferen, belebten Strandabschnitten abwechseln. So finden nicht nur <strong>Sonnenanbeter<\/strong>, sondern auch <strong>Wassersportler<\/strong> und <strong>Volleyballfans<\/strong> ihr perfektes Pl\u00e4tzchen.<\/p>\n<p><img loading=\"lazy\" decoding=\"async\" class=\"aligncenter wp-image-19925 size-full\" src=\"https:\/\/www.tui.at\/blog\/wp-content\/uploads\/2019\/06\/Artikel2_Bild1.jpg\" alt=\"\" width=\"1600\" height=\"900\" \/><\/div>\n\n\n<div class=\"legacy-fusion-text\"><\/p>\n<blockquote>\n<p style=\"text-align: center;\"><strong>FUN FACT:<\/strong><\/p>\n<p style=\"text-align: center;\">Die sch\u00f6nsten Str\u00e4nde auf Kos: Sand oder Kies? Urlauber sind meist f\u00fcr Sandstr\u00e4nde zu begeistern, ein echter Grieche winkt da nur ab. Kiesstr\u00e4nde gelten f\u00fcr sie als sauberer, das Wasser als weitaus klarer. Was auch immer man bevorzugt, auf Kos ist f\u00fcr jeden was dabei.<\/p>\n<\/blockquote>\n<p><\/div>\n\n\n<div class=\"gb-container gb-container-50bd929c\">\n<div class=\"gb-grid-wrapper gb-grid-wrapper-e2018ad4\">\n<div class=\"gb-grid-column gb-grid-column-220081cb\"><div class=\"gb-container gb-container-220081cb\">\n\n<figure class=\"gb-block-image gb-block-image-2ae9cc83\"><img loading=\"lazy\" decoding=\"async\" width=\"1600\" height=\"1200\" class=\"gb-image gb-image-2ae9cc83\" src=\"https:\/\/www.tui.at\/blog\/wp-content\/uploads\/2019\/06\/Artikel2_Bild2-Kopie-1.jpg\" alt=\"\" title=\"Artikel2_Bild2 - Kopie\" srcset=\"https:\/\/www.tui.at\/blog\/wp-content\/uploads\/2019\/06\/Artikel2_Bild2-Kopie-1.jpg 1600w, https:\/\/www.tui.at\/blog\/wp-content\/uploads\/2019\/06\/Artikel2_Bild2-Kopie-1-592x444.jpg 592w, https:\/\/www.tui.at\/blog\/wp-content\/uploads\/2019\/06\/Artikel2_Bild2-Kopie-1-751x563.jpg 751w, https:\/\/www.tui.at\/blog\/wp-content\/uploads\/2019\/06\/Artikel2_Bild2-Kopie-1-768x576.jpg 768w, https:\/\/www.tui.at\/blog\/wp-content\/uploads\/2019\/06\/Artikel2_Bild2-Kopie-1-1536x1152.jpg 1536w, https:\/\/www.tui.at\/blog\/wp-content\/uploads\/2019\/06\/Artikel2_Bild2-Kopie-1-293x220.jpg 293w\" sizes=\"auto, (max-width: 1600px) 100vw, 1600px\" \/><\/figure>\n\n<\/div><\/div>\n\n<div class=\"gb-grid-column gb-grid-column-c6878ec1\"><div class=\"gb-container gb-container-c6878ec1\">\n\n<figure class=\"gb-block-image gb-block-image-0ff16ce3\"><img loading=\"lazy\" decoding=\"async\" width=\"1600\" height=\"1200\" class=\"gb-image gb-image-0ff16ce3\" src=\"https:\/\/www.tui.at\/blog\/wp-content\/uploads\/2019\/06\/Artikel2_Bild3-Kopie.jpg\" alt=\"\" title=\"Artikel2_Bild3-Kopie\" srcset=\"https:\/\/www.tui.at\/blog\/wp-content\/uploads\/2019\/06\/Artikel2_Bild3-Kopie.jpg 1600w, https:\/\/www.tui.at\/blog\/wp-content\/uploads\/2019\/06\/Artikel2_Bild3-Kopie-592x444.jpg 592w, https:\/\/www.tui.at\/blog\/wp-content\/uploads\/2019\/06\/Artikel2_Bild3-Kopie-751x563.jpg 751w, https:\/\/www.tui.at\/blog\/wp-content\/uploads\/2019\/06\/Artikel2_Bild3-Kopie-768x576.jpg 768w, https:\/\/www.tui.at\/blog\/wp-content\/uploads\/2019\/06\/Artikel2_Bild3-Kopie-1536x1152.jpg 1536w, https:\/\/www.tui.at\/blog\/wp-content\/uploads\/2019\/06\/Artikel2_Bild3-Kopie-293x220.jpg 293w\" sizes=\"auto, (max-width: 1600px) 100vw, 1600px\" \/><\/figure>\n\n<\/div><\/div>\n<\/div>\n<\/div>\n\n<div class=\"legacy-fusion-text\"><\/p>\n<p class=\"Text\">Von dieser Atmosph\u00e4re befl\u00fcgelt und von Kopf bis Fu\u00df entspannt, waren wir nun bereit f\u00fcr <strong>Kos-Stadt<\/strong>, das quirlige Zentrum der Insel.<i><\/i><\/p>\n<p><\/div>\n\n\n<div class=\"legacy-fusion-title\"><h2>Ein Fest der Sinne<\/h2><\/div>\n\n\n<div class=\"legacy-fusion-text\">Verwinkelte G\u00e4sschen und antike Geb\u00e4ude empfingen uns in der<strong> Altstadt von Kos<\/strong> ebenso wie belebte Pl\u00e4tze und ein <strong>maritimer Hafen.<\/strong> Doch nicht nur f\u00fcr\u2019s Auge ist dieses St\u00e4dtchen ein Highlight. Ansprechende Ger\u00fcche und harmonische Kl\u00e4nge verst\u00e4rken das <strong>urbane Flair<\/strong> zus\u00e4tzlich.<br \/><\/div>\n\n\n<div class=\"gb-container gb-container-f21bd00b\">\n<div class=\"gb-grid-wrapper gb-grid-wrapper-41238312\">\n<div class=\"gb-grid-column gb-grid-column-3aa7567f\"><div class=\"gb-container gb-container-3aa7567f\">\n\n<figure class=\"gb-block-image gb-block-image-add9f5ce\"><img loading=\"lazy\" decoding=\"async\" width=\"1600\" height=\"1200\" class=\"gb-image gb-image-add9f5ce\" src=\"https:\/\/www.tui.at\/blog\/wp-content\/uploads\/2019\/06\/Artikel2_Bild4-Kopie.jpg\" alt=\"\" title=\"Artikel2_Bild4-Kopie\" srcset=\"https:\/\/www.tui.at\/blog\/wp-content\/uploads\/2019\/06\/Artikel2_Bild4-Kopie.jpg 1600w, https:\/\/www.tui.at\/blog\/wp-content\/uploads\/2019\/06\/Artikel2_Bild4-Kopie-592x444.jpg 592w, https:\/\/www.tui.at\/blog\/wp-content\/uploads\/2019\/06\/Artikel2_Bild4-Kopie-751x563.jpg 751w, https:\/\/www.tui.at\/blog\/wp-content\/uploads\/2019\/06\/Artikel2_Bild4-Kopie-768x576.jpg 768w, https:\/\/www.tui.at\/blog\/wp-content\/uploads\/2019\/06\/Artikel2_Bild4-Kopie-1536x1152.jpg 1536w, https:\/\/www.tui.at\/blog\/wp-content\/uploads\/2019\/06\/Artikel2_Bild4-Kopie-293x220.jpg 293w\" sizes=\"auto, (max-width: 1600px) 100vw, 1600px\" \/><\/figure>\n\n<\/div><\/div>\n\n<div class=\"gb-grid-column gb-grid-column-399a01cf\"><div class=\"gb-container gb-container-399a01cf\">\n\n<figure class=\"gb-block-image gb-block-image-d75df413\"><img loading=\"lazy\" decoding=\"async\" width=\"1600\" height=\"1200\" class=\"gb-image gb-image-d75df413\" src=\"https:\/\/www.tui.at\/blog\/wp-content\/uploads\/2019\/06\/Artikel2_Bild5-Kopie.jpg\" alt=\"\" title=\"Artikel2_Bild5 - Kopie\" srcset=\"https:\/\/www.tui.at\/blog\/wp-content\/uploads\/2019\/06\/Artikel2_Bild5-Kopie.jpg 1600w, https:\/\/www.tui.at\/blog\/wp-content\/uploads\/2019\/06\/Artikel2_Bild5-Kopie-592x444.jpg 592w, https:\/\/www.tui.at\/blog\/wp-content\/uploads\/2019\/06\/Artikel2_Bild5-Kopie-751x563.jpg 751w, https:\/\/www.tui.at\/blog\/wp-content\/uploads\/2019\/06\/Artikel2_Bild5-Kopie-768x576.jpg 768w, https:\/\/www.tui.at\/blog\/wp-content\/uploads\/2019\/06\/Artikel2_Bild5-Kopie-1536x1152.jpg 1536w, https:\/\/www.tui.at\/blog\/wp-content\/uploads\/2019\/06\/Artikel2_Bild5-Kopie-293x220.jpg 293w\" sizes=\"auto, (max-width: 1600px) 100vw, 1600px\" \/><\/figure>\n\n<\/div><\/div>\n<\/div>\n<\/div>\n\n<div class=\"legacy-fusion-text\"><\/p>\n<p>Am besten gefallen hat uns das entz\u00fcckende, wei\u00df-blaue G\u00e4sschen neben der <strong>\u201eSitar Bar\u201c<\/strong>, das geschm\u00fcckt mit kunterbunten <strong>Blument\u00f6pfen<\/strong> und <strong>Lichterketten<\/strong> ein wahrer Blickfang ist. Insgesamt l\u00e4dt die h\u00fcbsche <strong>Strandpromenade<\/strong> zum Schlendern am Ufer ein und lockte uns mit zahlreichen Restaurants und Bars.<\/p>\n<p><img loading=\"lazy\" decoding=\"async\" class=\"aligncenter wp-image-19938 size-full\" src=\"https:\/\/www.tui.at\/blog\/wp-content\/uploads\/2019\/06\/Artikel2_Bild6.jpg\" alt=\"\" width=\"1600\" height=\"1200\" \/><\/div>\n\n\n<div class=\"legacy-fusion-text\"><\/p>\n<p>Was ihr euch auf keinen Fall entgehen lassen solltet, ist ein Besuch der <strong>Patisserie \u201eSpecial\u201c<\/strong>. Riesige Kugeln<strong> Eis<\/strong> in den verr\u00fccktesten Sorten zauberten uns ein breites Grinsen ins Gesicht &#8211; absolute Gaumenfreude!<\/p>\n<p><img loading=\"lazy\" decoding=\"async\" class=\"aligncenter wp-image-19939 size-full\" src=\"https:\/\/www.tui.at\/blog\/wp-content\/uploads\/2019\/06\/Artikel2_Bild7.jpg\" alt=\"\" width=\"1600\" height=\"1200\" \/><\/div>\n\n\n<div class=\"legacy-fusion-text\"><\/p>\n<p class=\"Text\">Mit diesem Genuss beendeten wir einen weiteren wundersch\u00f6nen Tag auf Kos und freuen uns schon jetzt auf hei\u00dfen Boden unter den F\u00fc\u00dfen. Von unserer anstehenden Tour zur <strong>Vulkaninsel \u201eNisyros\u201c<\/strong> werden wir euch im n\u00e4chsten Artikel berichten.<\/p>\n<p class=\"Text\" style=\"text-align: center;\"><strong>Bis bald, Isabella und Eddie<\/strong><\/p>\n<p><\/div>\n\n\n<div class=\"legacy-row\"><div class=\"one-half\"><div class=\"legacy-fusion-text\"><img loading=\"lazy\" decoding=\"async\" class=\"alignnone wp-image-19941 size-medium\" src=\"https:\/\/www.tui.at\/blog\/wp-content\/uploads\/2019\/06\/Artikel2_Bild9.jpg\" alt=\"\" width=\"461\" height=\"615\" \/><\/div><\/div>\n\n\n<div class=\"one-half\"><div class=\"legacy-fusion-text\"><img loading=\"lazy\" decoding=\"async\" class=\"alignnone wp-image-19940 size-medium\" src=\"https:\/\/www.tui.at\/blog\/wp-content\/uploads\/2019\/06\/Artikel2_Bild8.jpg\" alt=\"\" width=\"461\" height=\"615\" \/><\/div><\/div><\/div>\n","protected":false},"excerpt":{"rendered":"<p>Dass Kos so einiges zu bieten hat, wurde uns schnell klar. Bereits nach wenigen Spontanausfl\u00fcgen mit unserem Mietwagen waren wir von der geballten Vielfalt an Eindr\u00fccken fasziniert. Ein derart abwechslungsreiches Landschaftsbild, gespickt mit mystischen Ruinen und idyllischen D\u00f6rfern, machte unseren Aufenthalt von Beginn an zu einem ganz besonderen Erlebnis.<\/p>\n","protected":false},"author":227,"featured_media":488068,"comment_status":"open","ping_status":"closed","sticky":false,"template":"","format":"standard","meta":{"_acf_changed":false,"footnotes":""},"categories":[5146],"tags":[4851,4852,4988,4989],"class_list":["post-488077","post","type-post","status-publish","format-standard","has-post-thumbnail","hentry","category-archiv-urlaub-am-meer","tag-griechenland","tag-griechische-inseln","tag-kos","tag-tui-last-minute-reiseblogger"],"acf":[],"yoast_head":"<!-- This site is optimized with the Yoast SEO plugin v27.4 - https:\/\/yoast.com\/product\/yoast-seo-wordpress\/ -->\n<title>Kos: Zwischen Meeresrauschen und Altstadtflair - TUI.at Reiseblog<\/title>\n<meta name=\"description\" content=\"Kos hat so einiges zu bieten. Bereits nach den ersten Spontanausfl\u00fcgen mit unserem Auto waren wir von der geballten Vielfalt an Eindr\u00fccken fasziniert.\" \/>\n<meta name=\"robots\" content=\"index, follow, max-snippet:-1, max-image-preview:large, max-video-preview:-1\" \/>\n<link rel=\"canonical\" href=\"https:\/\/www.tui.at\/blog\/kos-zwischen-meeresrauschen-und-altstadtflair\/\" \/>\n<meta property=\"og:locale\" content=\"de_DE\" \/>\n<meta property=\"og:type\" content=\"article\" \/>\n<meta property=\"og:title\" content=\"Kos: Zwischen Meeresrauschen und Altstadtflair - TUI.at Reiseblog\" \/>\n<meta property=\"og:description\" content=\"Kos hat so einiges zu bieten. Bereits nach den ersten Spontanausfl\u00fcgen mit unserem Auto waren wir von der geballten Vielfalt an Eindr\u00fccken fasziniert.\" \/>\n<meta property=\"og:url\" content=\"https:\/\/www.tui.at\/blog\/kos-zwischen-meeresrauschen-und-altstadtflair\/\" \/>\n<meta property=\"og:site_name\" content=\"TUI.at Reiseblog\" \/>\n<meta property=\"article:published_time\" content=\"2020-09-14T10:47:54+00:00\" \/>\n<meta property=\"article:modified_time\" content=\"2025-10-24T13:16:16+00:00\" \/>\n<meta property=\"og:image\" content=\"https:\/\/www.tui.at\/blog\/wp-content\/uploads\/2019\/06\/Artikel2_Bild1.jpg\" \/>\n\t<meta property=\"og:image:width\" content=\"1600\" \/>\n\t<meta property=\"og:image:height\" content=\"900\" \/>\n\t<meta property=\"og:image:type\" content=\"image\/jpeg\" \/>\n<meta name=\"author\" content=\"Isabella und Eddie\" \/>\n<meta name=\"twitter:card\" content=\"summary_large_image\" \/>\n<meta name=\"twitter:label1\" content=\"Verfasst von\" \/>\n\t<meta name=\"twitter:data1\" content=\"Isabella und Eddie\" \/>\n\t<meta name=\"twitter:label2\" content=\"Gesch\u00e4tzte Lesezeit\" \/>\n\t<meta name=\"twitter:data2\" content=\"3\u00a0Minuten\" \/>\n<script type=\"application\/ld+json\" class=\"yoast-schema-graph\">{\"@context\":\"https:\\\/\\\/schema.org\",\"@graph\":[{\"@type\":\"BlogPosting\",\"@id\":\"https:\\\/\\\/www.tui.at\\\/blog\\\/kos-zwischen-meeresrauschen-und-altstadtflair\\\/#article\",\"isPartOf\":{\"@id\":\"https:\\\/\\\/www.tui.at\\\/blog\\\/kos-zwischen-meeresrauschen-und-altstadtflair\\\/\"},\"author\":{\"name\":\"Isabella und Eddie\",\"@id\":\"https:\\\/\\\/www.tui.at\\\/blog\\\/#\\\/schema\\\/person\\\/ca9cb6db2177ff3c964d99d906b0885a\"},\"headline\":\"Kos: Zwischen Meeresrauschen und Altstadtflair\",\"datePublished\":\"2020-09-14T10:47:54+00:00\",\"dateModified\":\"2025-10-24T13:16:16+00:00\",\"mainEntityOfPage\":{\"@id\":\"https:\\\/\\\/www.tui.at\\\/blog\\\/kos-zwischen-meeresrauschen-und-altstadtflair\\\/\"},\"wordCount\":532,\"commentCount\":0,\"publisher\":{\"@id\":\"https:\\\/\\\/www.tui.at\\\/blog\\\/#organization\"},\"image\":{\"@id\":\"https:\\\/\\\/www.tui.at\\\/blog\\\/kos-zwischen-meeresrauschen-und-altstadtflair\\\/#primaryimage\"},\"thumbnailUrl\":\"https:\\\/\\\/www.tui.at\\\/blog\\\/wp-content\\\/uploads\\\/2019\\\/06\\\/Artikel2_Bild1.jpg\",\"keywords\":[\"Griechenland\",\"griechische Inseln\",\"Kos\",\"tui last minute reiseblogger\"],\"articleSection\":[\"Urlaub am Meer\"],\"inLanguage\":\"de\",\"potentialAction\":[{\"@type\":\"CommentAction\",\"name\":\"Comment\",\"target\":[\"https:\\\/\\\/www.tui.at\\\/blog\\\/kos-zwischen-meeresrauschen-und-altstadtflair\\\/#respond\"]}]},{\"@type\":\"WebPage\",\"@id\":\"https:\\\/\\\/www.tui.at\\\/blog\\\/kos-zwischen-meeresrauschen-und-altstadtflair\\\/\",\"url\":\"https:\\\/\\\/www.tui.at\\\/blog\\\/kos-zwischen-meeresrauschen-und-altstadtflair\\\/\",\"name\":\"Kos: Zwischen Meeresrauschen und Altstadtflair - TUI.at Reiseblog\",\"isPartOf\":{\"@id\":\"https:\\\/\\\/www.tui.at\\\/blog\\\/#website\"},\"primaryImageOfPage\":{\"@id\":\"https:\\\/\\\/www.tui.at\\\/blog\\\/kos-zwischen-meeresrauschen-und-altstadtflair\\\/#primaryimage\"},\"image\":{\"@id\":\"https:\\\/\\\/www.tui.at\\\/blog\\\/kos-zwischen-meeresrauschen-und-altstadtflair\\\/#primaryimage\"},\"thumbnailUrl\":\"https:\\\/\\\/www.tui.at\\\/blog\\\/wp-content\\\/uploads\\\/2019\\\/06\\\/Artikel2_Bild1.jpg\",\"datePublished\":\"2020-09-14T10:47:54+00:00\",\"dateModified\":\"2025-10-24T13:16:16+00:00\",\"description\":\"Kos hat so einiges zu bieten. Bereits nach den ersten Spontanausfl\u00fcgen mit unserem Auto waren wir von der geballten Vielfalt an Eindr\u00fccken fasziniert.\",\"breadcrumb\":{\"@id\":\"https:\\\/\\\/www.tui.at\\\/blog\\\/kos-zwischen-meeresrauschen-und-altstadtflair\\\/#breadcrumb\"},\"inLanguage\":\"de\",\"potentialAction\":[{\"@type\":\"ReadAction\",\"target\":[\"https:\\\/\\\/www.tui.at\\\/blog\\\/kos-zwischen-meeresrauschen-und-altstadtflair\\\/\"]}]},{\"@type\":\"ImageObject\",\"inLanguage\":\"de\",\"@id\":\"https:\\\/\\\/www.tui.at\\\/blog\\\/kos-zwischen-meeresrauschen-und-altstadtflair\\\/#primaryimage\",\"url\":\"https:\\\/\\\/www.tui.at\\\/blog\\\/wp-content\\\/uploads\\\/2019\\\/06\\\/Artikel2_Bild1.jpg\",\"contentUrl\":\"https:\\\/\\\/www.tui.at\\\/blog\\\/wp-content\\\/uploads\\\/2019\\\/06\\\/Artikel2_Bild1.jpg\",\"width\":1600,\"height\":900},{\"@type\":\"BreadcrumbList\",\"@id\":\"https:\\\/\\\/www.tui.at\\\/blog\\\/kos-zwischen-meeresrauschen-und-altstadtflair\\\/#breadcrumb\",\"itemListElement\":[{\"@type\":\"ListItem\",\"position\":1,\"name\":\"Startseite\",\"item\":\"https:\\\/\\\/www.tui.at\\\/blog\\\/\"},{\"@type\":\"ListItem\",\"position\":2,\"name\":\"Kos: Zwischen Meeresrauschen und Altstadtflair\"}]},{\"@type\":\"WebSite\",\"@id\":\"https:\\\/\\\/www.tui.at\\\/blog\\\/#website\",\"url\":\"https:\\\/\\\/www.tui.at\\\/blog\\\/\",\"name\":\"TUI.at Reiseblog\",\"description\":\"Inspirationen f\u00fcr den perfekten Urlaub\",\"publisher\":{\"@id\":\"https:\\\/\\\/www.tui.at\\\/blog\\\/#organization\"},\"potentialAction\":[{\"@type\":\"SearchAction\",\"target\":{\"@type\":\"EntryPoint\",\"urlTemplate\":\"https:\\\/\\\/www.tui.at\\\/blog\\\/?s={search_term_string}\"},\"query-input\":{\"@type\":\"PropertyValueSpecification\",\"valueRequired\":true,\"valueName\":\"search_term_string\"}}],\"inLanguage\":\"de\"},{\"@type\":\"Organization\",\"@id\":\"https:\\\/\\\/www.tui.at\\\/blog\\\/#organization\",\"name\":\"TUI.at Reiseblog\",\"url\":\"https:\\\/\\\/www.tui.at\\\/blog\\\/\",\"logo\":{\"@type\":\"ImageObject\",\"inLanguage\":\"de\",\"@id\":\"https:\\\/\\\/www.tui.at\\\/blog\\\/#\\\/schema\\\/logo\\\/image\\\/\",\"url\":\"https:\\\/\\\/www.tui.at\\\/blog\\\/wp-content\\\/uploads\\\/2025\\\/09\\\/cropped-tui-logo-3.webp\",\"contentUrl\":\"https:\\\/\\\/www.tui.at\\\/blog\\\/wp-content\\\/uploads\\\/2025\\\/09\\\/cropped-tui-logo-3.webp\",\"width\":164,\"height\":72,\"caption\":\"TUI.at Reiseblog\"},\"image\":{\"@id\":\"https:\\\/\\\/www.tui.at\\\/blog\\\/#\\\/schema\\\/logo\\\/image\\\/\"}},{\"@type\":\"Person\",\"@id\":\"https:\\\/\\\/www.tui.at\\\/blog\\\/#\\\/schema\\\/person\\\/ca9cb6db2177ff3c964d99d906b0885a\",\"name\":\"Isabella und Eddie\",\"description\":\"Isabella und Eddie sind leidenschaftliche Optimisten aus Wien, die daf\u00fcr brennen, die Welt zu entdecken. Dabei verreisen sie am liebsten mit dem Rucksack und sind f\u00fcr jedes Abenteuer zu haben. Isabella interessiert sich f\u00fcr Fotografie, gesunde Ern\u00e4hrung und Sport und hat einen Ort erst bereist, wenn sie dort einen Handstand gemacht hat. Eddie ist f\u00fcr Videoaufnahmen aller Art zu begeistern und meist mit seiner Drohne aufzufinden. Euch auf ihre Entdeckungstouren mitzunehmen und von den sch\u00f6nsten Erlebnissen zu berichten, bereitet ihnen unglaublich viel Spa\u00df.\",\"url\":\"https:\\\/\\\/www.tui.at\\\/blog\\\/author\\\/isabella-und-eddie\\\/\"}]}<\/script>\n<!-- \/ Yoast SEO plugin. -->","yoast_head_json":{"title":"Kos: Zwischen Meeresrauschen und Altstadtflair - TUI.at Reiseblog","description":"Kos hat so einiges zu bieten. Bereits nach den ersten Spontanausfl\u00fcgen mit unserem Auto waren wir von der geballten Vielfalt an Eindr\u00fccken fasziniert.","robots":{"index":"index","follow":"follow","max-snippet":"max-snippet:-1","max-image-preview":"max-image-preview:large","max-video-preview":"max-video-preview:-1"},"canonical":"https:\/\/www.tui.at\/blog\/kos-zwischen-meeresrauschen-und-altstadtflair\/","og_locale":"de_DE","og_type":"article","og_title":"Kos: Zwischen Meeresrauschen und Altstadtflair - TUI.at Reiseblog","og_description":"Kos hat so einiges zu bieten. Bereits nach den ersten Spontanausfl\u00fcgen mit unserem Auto waren wir von der geballten Vielfalt an Eindr\u00fccken fasziniert.","og_url":"https:\/\/www.tui.at\/blog\/kos-zwischen-meeresrauschen-und-altstadtflair\/","og_site_name":"TUI.at Reiseblog","article_published_time":"2020-09-14T10:47:54+00:00","article_modified_time":"2025-10-24T13:16:16+00:00","og_image":[{"width":1600,"height":900,"url":"https:\/\/www.tui.at\/blog\/wp-content\/uploads\/2019\/06\/Artikel2_Bild1.jpg","type":"image\/jpeg"}],"author":"Isabella und Eddie","twitter_card":"summary_large_image","twitter_misc":{"Verfasst von":"Isabella und Eddie","Gesch\u00e4tzte Lesezeit":"3\u00a0Minuten"},"schema":{"@context":"https:\/\/schema.org","@graph":[{"@type":"BlogPosting","@id":"https:\/\/www.tui.at\/blog\/kos-zwischen-meeresrauschen-und-altstadtflair\/#article","isPartOf":{"@id":"https:\/\/www.tui.at\/blog\/kos-zwischen-meeresrauschen-und-altstadtflair\/"},"author":{"name":"Isabella und Eddie","@id":"https:\/\/www.tui.at\/blog\/#\/schema\/person\/ca9cb6db2177ff3c964d99d906b0885a"},"headline":"Kos: Zwischen Meeresrauschen und Altstadtflair","datePublished":"2020-09-14T10:47:54+00:00","dateModified":"2025-10-24T13:16:16+00:00","mainEntityOfPage":{"@id":"https:\/\/www.tui.at\/blog\/kos-zwischen-meeresrauschen-und-altstadtflair\/"},"wordCount":532,"commentCount":0,"publisher":{"@id":"https:\/\/www.tui.at\/blog\/#organization"},"image":{"@id":"https:\/\/www.tui.at\/blog\/kos-zwischen-meeresrauschen-und-altstadtflair\/#primaryimage"},"thumbnailUrl":"https:\/\/www.tui.at\/blog\/wp-content\/uploads\/2019\/06\/Artikel2_Bild1.jpg","keywords":["Griechenland","griechische Inseln","Kos","tui last minute reiseblogger"],"articleSection":["Urlaub am Meer"],"inLanguage":"de","potentialAction":[{"@type":"CommentAction","name":"Comment","target":["https:\/\/www.tui.at\/blog\/kos-zwischen-meeresrauschen-und-altstadtflair\/#respond"]}]},{"@type":"WebPage","@id":"https:\/\/www.tui.at\/blog\/kos-zwischen-meeresrauschen-und-altstadtflair\/","url":"https:\/\/www.tui.at\/blog\/kos-zwischen-meeresrauschen-und-altstadtflair\/","name":"Kos: Zwischen Meeresrauschen und Altstadtflair - TUI.at Reiseblog","isPartOf":{"@id":"https:\/\/www.tui.at\/blog\/#website"},"primaryImageOfPage":{"@id":"https:\/\/www.tui.at\/blog\/kos-zwischen-meeresrauschen-und-altstadtflair\/#primaryimage"},"image":{"@id":"https:\/\/www.tui.at\/blog\/kos-zwischen-meeresrauschen-und-altstadtflair\/#primaryimage"},"thumbnailUrl":"https:\/\/www.tui.at\/blog\/wp-content\/uploads\/2019\/06\/Artikel2_Bild1.jpg","datePublished":"2020-09-14T10:47:54+00:00","dateModified":"2025-10-24T13:16:16+00:00","description":"Kos hat so einiges zu bieten. Bereits nach den ersten Spontanausfl\u00fcgen mit unserem Auto waren wir von der geballten Vielfalt an Eindr\u00fccken fasziniert.","breadcrumb":{"@id":"https:\/\/www.tui.at\/blog\/kos-zwischen-meeresrauschen-und-altstadtflair\/#breadcrumb"},"inLanguage":"de","potentialAction":[{"@type":"ReadAction","target":["https:\/\/www.tui.at\/blog\/kos-zwischen-meeresrauschen-und-altstadtflair\/"]}]},{"@type":"ImageObject","inLanguage":"de","@id":"https:\/\/www.tui.at\/blog\/kos-zwischen-meeresrauschen-und-altstadtflair\/#primaryimage","url":"https:\/\/www.tui.at\/blog\/wp-content\/uploads\/2019\/06\/Artikel2_Bild1.jpg","contentUrl":"https:\/\/www.tui.at\/blog\/wp-content\/uploads\/2019\/06\/Artikel2_Bild1.jpg","width":1600,"height":900},{"@type":"BreadcrumbList","@id":"https:\/\/www.tui.at\/blog\/kos-zwischen-meeresrauschen-und-altstadtflair\/#breadcrumb","itemListElement":[{"@type":"ListItem","position":1,"name":"Startseite","item":"https:\/\/www.tui.at\/blog\/"},{"@type":"ListItem","position":2,"name":"Kos: Zwischen Meeresrauschen und Altstadtflair"}]},{"@type":"WebSite","@id":"https:\/\/www.tui.at\/blog\/#website","url":"https:\/\/www.tui.at\/blog\/","name":"TUI.at Reiseblog","description":"Inspirationen f\u00fcr den perfekten Urlaub","publisher":{"@id":"https:\/\/www.tui.at\/blog\/#organization"},"potentialAction":[{"@type":"SearchAction","target":{"@type":"EntryPoint","urlTemplate":"https:\/\/www.tui.at\/blog\/?s={search_term_string}"},"query-input":{"@type":"PropertyValueSpecification","valueRequired":true,"valueName":"search_term_string"}}],"inLanguage":"de"},{"@type":"Organization","@id":"https:\/\/www.tui.at\/blog\/#organization","name":"TUI.at Reiseblog","url":"https:\/\/www.tui.at\/blog\/","logo":{"@type":"ImageObject","inLanguage":"de","@id":"https:\/\/www.tui.at\/blog\/#\/schema\/logo\/image\/","url":"https:\/\/www.tui.at\/blog\/wp-content\/uploads\/2025\/09\/cropped-tui-logo-3.webp","contentUrl":"https:\/\/www.tui.at\/blog\/wp-content\/uploads\/2025\/09\/cropped-tui-logo-3.webp","width":164,"height":72,"caption":"TUI.at Reiseblog"},"image":{"@id":"https:\/\/www.tui.at\/blog\/#\/schema\/logo\/image\/"}},{"@type":"Person","@id":"https:\/\/www.tui.at\/blog\/#\/schema\/person\/ca9cb6db2177ff3c964d99d906b0885a","name":"Isabella und Eddie","description":"Isabella und Eddie sind leidenschaftliche Optimisten aus Wien, die daf\u00fcr brennen, die Welt zu entdecken. Dabei verreisen sie am liebsten mit dem Rucksack und sind f\u00fcr jedes Abenteuer zu haben. Isabella interessiert sich f\u00fcr Fotografie, gesunde Ern\u00e4hrung und Sport und hat einen Ort erst bereist, wenn sie dort einen Handstand gemacht hat. Eddie ist f\u00fcr Videoaufnahmen aller Art zu begeistern und meist mit seiner Drohne aufzufinden. Euch auf ihre Entdeckungstouren mitzunehmen und von den sch\u00f6nsten Erlebnissen zu berichten, bereitet ihnen unglaublich viel Spa\u00df.","url":"https:\/\/www.tui.at\/blog\/author\/isabella-und-eddie\/"}]}},"_links":{"self":[{"href":"https:\/\/www.tui.at\/blog\/wp-json\/wp\/v2\/posts\/488077","targetHints":{"allow":["GET"]}}],"collection":[{"href":"https:\/\/www.tui.at\/blog\/wp-json\/wp\/v2\/posts"}],"about":[{"href":"https:\/\/www.tui.at\/blog\/wp-json\/wp\/v2\/types\/post"}],"author":[{"embeddable":true,"href":"https:\/\/www.tui.at\/blog\/wp-json\/wp\/v2\/users\/227"}],"replies":[{"embeddable":true,"href":"https:\/\/www.tui.at\/blog\/wp-json\/wp\/v2\/comments?post=488077"}],"version-history":[{"count":2,"href":"https:\/\/www.tui.at\/blog\/wp-json\/wp\/v2\/posts\/488077\/revisions"}],"predecessor-version":[{"id":490989,"href":"https:\/\/www.tui.at\/blog\/wp-json\/wp\/v2\/posts\/488077\/revisions\/490989"}],"wp:featuredmedia":[{"embeddable":true,"href":"https:\/\/www.tui.at\/blog\/wp-json\/wp\/v2\/media\/488068"}],"wp:attachment":[{"href":"https:\/\/www.tui.at\/blog\/wp-json\/wp\/v2\/media?parent=488077"}],"wp:term":[{"taxonomy":"category","embeddable":true,"href":"https:\/\/www.tui.at\/blog\/wp-json\/wp\/v2\/categories?post=488077"},{"taxonomy":"post_tag","embeddable":true,"href":"https:\/\/www.tui.at\/blog\/wp-json\/wp\/v2\/tags?post=488077"}],"curies":[{"name":"wp","href":"https:\/\/api.w.org\/{rel}","templated":true}]}}