{"id":488066,"date":"2019-06-18T11:01:05","date_gmt":"2019-06-18T09:01:05","guid":{"rendered":"https:\/\/www.tui.at\/blog\/tui-last-minute-reiseblogger-kos-der-erste-eindruck\/"},"modified":"2025-10-24T11:39:28","modified_gmt":"2025-10-24T09:39:28","slug":"tui-last-minute-reiseblogger-kos-der-erste-eindruck","status":"publish","type":"post","link":"https:\/\/www.tui.at\/blog\/tui-last-minute-reiseblogger-kos-der-erste-eindruck\/","title":{"rendered":"TUI Last Minute Reiseblogger | Kos: Der erste Eindruck"},"content":{"rendered":"<p><div class=\"legacy-fusion-text\"><\/div><div class=\"legacy-fusion-text\">Urlaub auf <a href=\"https:\/\/www.tui.at\/pauschalreisen\/griechenland\/kos\/\">Kos<\/a>? Ja, bitte! Bereits beim Landeanflug empfing uns die drittgr\u00f6\u00dfte Insel der Dodekanes, einer Inselgruppe in der \u00f6stlichen \u00c4g\u00e4is, mit einem atemberaubenden Anblick. Das Meer schimmerte in solch vielseitigen Blau- und T\u00fcrkist\u00f6nen, dass unsere Vorfreude ins Unermessliche stieg. Wir waren von Anfang an gespannt, was uns erwartet. Und wisst ihr was? <strong>Es kam noch besser!<\/strong><\/p>\n<p><\/div><div class=\"legacy-fusion-title\"><h2>Tag 1 | Hotel: Atlantica Porto Bello Royal<\/h2><\/div><div class=\"legacy-fusion-text\">Am winzigen Flughafen angekommen, stiegen wir direkt in unseren Mietwagen und fuhren zur Westk\u00fcste der Insel, dem <strong>\u201eKardamena Beach\u201c<\/strong>.<\/p>\n<p>Unser Zuhause f\u00fcr die n\u00e4chsten Tage, das <a href=\"https:\/\/www.tui.at\/hotels\/atlantica-porto-bello-royal-29436\/hotelinformation\/\"><strong>\u201eAtlantica Porto Bello Royal\u201c<\/strong><\/a> h\u00e4tte nicht sch\u00f6ner sein k\u00f6nnen. \u00dcber 15 verschiedene Pools, ein malerischer Ausblick aufs offene Meer und bunte griechische H\u00e4uschen machen die Anlage zu einem traumhaften Ort. Die beeindruckende Gr\u00f6\u00dfe und Gepflegtheit sowie verschiedenste Restaurants und Bars lassen keine W\u00fcnsche offen. Und wir d\u00fcrfen das alles <strong>All-Inclusive<\/strong> genie\u00dfen.<\/p>\n<p><img loading=\"lazy\" decoding=\"async\" class=\" wp-image-19823 aligncenter\" src=\"https:\/\/www.tui.at\/blog\/wp-content\/uploads\/2019\/06\/Artikel1_Bild1.jpeg\" alt=\"\" width=\"938\" height=\"703\" \/><\/p>\n<p>Um mehr von der wundersch\u00f6nen Insel Kos zu entdecken, starteten wir am n\u00e4chsten Tag direkt unsere erste <strong>Erkundungstour<\/strong>.<\/div><div class=\"legacy-fusion-text\"><\/p>\n<blockquote>\n<p style=\"text-align: center;\"><strong>TIPP:<\/strong><\/p>\n<p style=\"text-align: center;\">Beim Besuch des \u00f6stlichen Teils der Insel wechselt der Handyempfang gerne mal ans t\u00fcrkische Ufer. Vorsicht also bei Telefonaten &#8211; die n\u00e4chste Handyrechnung wird es euch danken.<\/p>\n<\/blockquote>\n<p><\/div><div class=\"legacy-fusion-title\"><h2>Tag 2 | Zwei m\u00e4chtige Aussichtspunkte<\/h2><\/div><div class=\"legacy-fusion-text\">Den ersten Stopp legten wir bei der <strong>Burgruine von Kefalos<\/strong> ein, die sich im Westen von Kos befindet. Von dort aus konnten wir einen spektakul\u00e4ren Weitblick auf die gesamte s\u00fcdwestliche Bucht genie\u00dfen, den man sich nicht entgehen lassen sollte.<\/p>\n<p><img loading=\"lazy\" decoding=\"async\" class=\"wp-image-19825 aligncenter\" src=\"https:\/\/www.tui.at\/blog\/wp-content\/uploads\/2019\/06\/Artikel1_Bild3.jpg\" alt=\"\" width=\"1372\" height=\"358\" \/><\/div><div class=\"legacy-fusion-text\"><\/p>\n<p class=\"Text\">Ein weiteres Insel-Panorama aus einem etwas anderen Blickwinkel haben wir <strong>im nahegelegenen Gebirge<\/strong> entdeckt. Die s\u00fcdliche K\u00fcste von Kos und der <strong>&#8222;Paradise Beach\u201c<\/strong> sehen von dort wirklich magisch aus. Auch die facettenreiche Landschaft zeigt sich von ihrer besten Seite: sattgr\u00fcne Pflanzen und ausged\u00f6rrte Str\u00e4ucher wechseln sich ab.<\/p>\n<p class=\"Text\"><img loading=\"lazy\" decoding=\"async\" class=\"wp-image-19819 aligncenter\" src=\"https:\/\/www.tui.at\/blog\/wp-content\/uploads\/2019\/06\/Artikel1_Bild5.jpeg\" alt=\"\" width=\"890\" height=\"638\" \/><\/p>\n<p><\/div><div class=\"legacy-fusion-text\"><\/p>\n<blockquote>\n<p style=\"text-align: center;\"><strong>FUN FACT:<\/strong><\/p>\n<p style=\"text-align: center;\">Ein Schaf ohne Beine? Glaubt man den Einheimischen, so gleicht Kos der Form eines Schafes ohne Beine. Dabei soll der Rumpf von Kos Stadt bis zum Flughafen reichen. Kurz vor Kefalos, an der schmalsten Stelle, befindet sich der Hals und den Kopf stellt die Halbinsel Kefalos (kefali &#8211; zu deutsch Kopf) dar. Die Griechen sind \u00fcberzeugt davon, so mancher Urlauber runzelt kritisch die Stirn und ist der Meinung, dass diese Interpretation wohl eher dem Ouzo geschuldet sei! \ud83d\ude42<\/p>\n<\/blockquote>\n<p><\/div><div class=\"legacy-fusion-title\"><h2>Ein Sonnenuntergang zum Staunen<\/h2><\/div><div class=\"legacy-fusion-text\">Die letzte Station und das Highlight unseres ereignisreichen Tages war das <strong>traditionelle Bergdorf \u201eZia&#8220;<\/strong>, das am Nordhang des D\u00edkeos-Gebirges liegt. Das besondere Flair, einige liebevoll eingerichtete Restaurants und einladende Aussichtsterrassen sorgten schon bei der Ankunft daf\u00fcr, dass wir uns wohlf\u00fchlten. Und das Beste stand uns noch bevor: Zia machte seinem Ruf als Ort f\u00fcr den <strong>sch\u00f6nsten<\/strong> <strong>Sonnenuntergang<\/strong> alle Ehre! Absolut sehenswert und unvergesslich.<\/p>\n<p><img loading=\"lazy\" decoding=\"async\" class=\" wp-image-19821 aligncenter\" src=\"https:\/\/www.tui.at\/blog\/wp-content\/uploads\/2019\/06\/Artikel1_Bild6.jpg\" alt=\"\" width=\"979\" height=\"389\" \/><\/div><div class=\"legacy-fusion-text\"><\/p>\n<p style=\"text-align: center;\"><strong>Wir freuen uns auf unsere weiteren Erlebnisse und nehmen euch nat\u00fcrlich mit!<\/strong><\/p>\n<p style=\"text-align: center;\"><strong>\u00a0<\/strong><strong>Isabella und Eddie<\/strong><\/p>\n<p><\/div><div class=\"legacy-row\"><div class=\"one-half\"><div class=\"legacy-fusion-text\"><img loading=\"lazy\" decoding=\"async\" class=\"size-medium wp-image-19822 alignleft\" src=\"https:\/\/www.tui.at\/blog\/wp-content\/uploads\/2019\/06\/Artikel1_Bild7.jpeg\" alt=\"\" width=\"461\" height=\"615\" \/><\/div><\/div><div class=\"one-half\"><div class=\"legacy-fusion-text\"><img loading=\"lazy\" decoding=\"async\" class=\"size-medium wp-image-19818 alignright\" src=\"https:\/\/www.tui.at\/blog\/wp-content\/uploads\/2019\/06\/Artikel1_Bild4.jpeg\" alt=\"\" width=\"461\" height=\"615\" \/><\/div><\/div><\/div><\/p>\n","protected":false},"excerpt":{"rendered":"<p>Urlaub auf Kos? Ja, bitte! Bereits beim Landeanflug empfing uns die drittgr\u00f6\u00dfte Insel der Dodekanes, einer Inselgruppe in der \u00f6stlichen \u00c4g\u00e4is, mit einem atemberaubenden Anblick. Das Meer schimmerte in solch vielseitigen Blau- und T\u00fcrkist\u00f6nen, dass unsere Vorfreude ins Unermessliche stieg. Wir waren von Anfang an gespannt, was uns erwartet. Und wisst ihr was? Es kam noch besser!<\/p>\n","protected":false},"author":227,"featured_media":488063,"comment_status":"open","ping_status":"closed","sticky":false,"template":"","format":"standard","meta":{"_acf_changed":false,"footnotes":""},"categories":[5146],"tags":[4851,4852,4988,4989],"class_list":["post-488066","post","type-post","status-publish","format-standard","has-post-thumbnail","hentry","category-archiv-urlaub-am-meer","tag-griechenland","tag-griechische-inseln","tag-kos","tag-tui-last-minute-reiseblogger"],"acf":[],"yoast_head":"<!-- This site is optimized with the Yoast SEO plugin v27.4 - https:\/\/yoast.com\/product\/yoast-seo-wordpress\/ -->\n<title>TUI Last Minute Reiseblogger | Kos: Der erste Eindruck - TUI.at Reiseblog<\/title>\n<meta name=\"robots\" content=\"index, follow, max-snippet:-1, max-image-preview:large, max-video-preview:-1\" \/>\n<link rel=\"canonical\" href=\"https:\/\/www.tui.at\/blog\/tui-last-minute-reiseblogger-kos-der-erste-eindruck\/\" \/>\n<meta property=\"og:locale\" content=\"de_DE\" \/>\n<meta property=\"og:type\" content=\"article\" \/>\n<meta property=\"og:title\" content=\"TUI Last Minute Reiseblogger | Kos: Der erste Eindruck - TUI.at Reiseblog\" \/>\n<meta property=\"og:description\" content=\"Urlaub auf Kos? Ja, bitte! Bereits beim Landeanflug empfing uns die drittgr\u00f6\u00dfte Insel der Dodekanes, einer Inselgruppe in der \u00f6stlichen \u00c4g\u00e4is, mit einem atemberaubenden Anblick. Das Meer schimmerte in solch vielseitigen Blau- und T\u00fcrkist\u00f6nen, dass unsere Vorfreude ins Unermessliche stieg. Wir waren von Anfang an gespannt, was uns erwartet. Und wisst ihr was? Es kam noch besser!\" \/>\n<meta property=\"og:url\" content=\"https:\/\/www.tui.at\/blog\/tui-last-minute-reiseblogger-kos-der-erste-eindruck\/\" \/>\n<meta property=\"og:site_name\" content=\"TUI.at Reiseblog\" \/>\n<meta property=\"article:published_time\" content=\"2019-06-18T09:01:05+00:00\" \/>\n<meta property=\"article:modified_time\" content=\"2025-10-24T09:39:28+00:00\" \/>\n<meta property=\"og:image\" content=\"https:\/\/www.tui.at\/blog\/wp-content\/uploads\/2019\/06\/Artikel1_Bild6.jpg\" \/>\n\t<meta property=\"og:image:width\" content=\"1600\" \/>\n\t<meta property=\"og:image:height\" content=\"635\" \/>\n\t<meta property=\"og:image:type\" content=\"image\/jpeg\" \/>\n<meta name=\"author\" content=\"Isabella und Eddie\" \/>\n<meta name=\"twitter:card\" content=\"summary_large_image\" \/>\n<meta name=\"twitter:label1\" content=\"Verfasst von\" \/>\n\t<meta name=\"twitter:data1\" content=\"Isabella und Eddie\" \/>\n\t<meta name=\"twitter:label2\" content=\"Gesch\u00e4tzte Lesezeit\" \/>\n\t<meta name=\"twitter:data2\" content=\"3\u00a0Minuten\" \/>\n<script type=\"application\/ld+json\" class=\"yoast-schema-graph\">{\"@context\":\"https:\\\/\\\/schema.org\",\"@graph\":[{\"@type\":\"BlogPosting\",\"@id\":\"https:\\\/\\\/www.tui.at\\\/blog\\\/tui-last-minute-reiseblogger-kos-der-erste-eindruck\\\/#article\",\"isPartOf\":{\"@id\":\"https:\\\/\\\/www.tui.at\\\/blog\\\/tui-last-minute-reiseblogger-kos-der-erste-eindruck\\\/\"},\"author\":{\"name\":\"Isabella und Eddie\",\"@id\":\"https:\\\/\\\/www.tui.at\\\/blog\\\/#\\\/schema\\\/person\\\/ca9cb6db2177ff3c964d99d906b0885a\"},\"headline\":\"TUI Last Minute Reiseblogger | Kos: Der erste Eindruck\",\"datePublished\":\"2019-06-18T09:01:05+00:00\",\"dateModified\":\"2025-10-24T09:39:28+00:00\",\"mainEntityOfPage\":{\"@id\":\"https:\\\/\\\/www.tui.at\\\/blog\\\/tui-last-minute-reiseblogger-kos-der-erste-eindruck\\\/\"},\"wordCount\":619,\"commentCount\":0,\"publisher\":{\"@id\":\"https:\\\/\\\/www.tui.at\\\/blog\\\/#organization\"},\"image\":{\"@id\":\"https:\\\/\\\/www.tui.at\\\/blog\\\/tui-last-minute-reiseblogger-kos-der-erste-eindruck\\\/#primaryimage\"},\"thumbnailUrl\":\"https:\\\/\\\/www.tui.at\\\/blog\\\/wp-content\\\/uploads\\\/2019\\\/06\\\/Artikel1_Bild6.jpg\",\"keywords\":[\"Griechenland\",\"griechische Inseln\",\"Kos\",\"tui last minute reiseblogger\"],\"articleSection\":[\"Urlaub am Meer\"],\"inLanguage\":\"de\",\"potentialAction\":[{\"@type\":\"CommentAction\",\"name\":\"Comment\",\"target\":[\"https:\\\/\\\/www.tui.at\\\/blog\\\/tui-last-minute-reiseblogger-kos-der-erste-eindruck\\\/#respond\"]}]},{\"@type\":\"WebPage\",\"@id\":\"https:\\\/\\\/www.tui.at\\\/blog\\\/tui-last-minute-reiseblogger-kos-der-erste-eindruck\\\/\",\"url\":\"https:\\\/\\\/www.tui.at\\\/blog\\\/tui-last-minute-reiseblogger-kos-der-erste-eindruck\\\/\",\"name\":\"TUI Last Minute Reiseblogger | Kos: Der erste Eindruck - TUI.at Reiseblog\",\"isPartOf\":{\"@id\":\"https:\\\/\\\/www.tui.at\\\/blog\\\/#website\"},\"primaryImageOfPage\":{\"@id\":\"https:\\\/\\\/www.tui.at\\\/blog\\\/tui-last-minute-reiseblogger-kos-der-erste-eindruck\\\/#primaryimage\"},\"image\":{\"@id\":\"https:\\\/\\\/www.tui.at\\\/blog\\\/tui-last-minute-reiseblogger-kos-der-erste-eindruck\\\/#primaryimage\"},\"thumbnailUrl\":\"https:\\\/\\\/www.tui.at\\\/blog\\\/wp-content\\\/uploads\\\/2019\\\/06\\\/Artikel1_Bild6.jpg\",\"datePublished\":\"2019-06-18T09:01:05+00:00\",\"dateModified\":\"2025-10-24T09:39:28+00:00\",\"breadcrumb\":{\"@id\":\"https:\\\/\\\/www.tui.at\\\/blog\\\/tui-last-minute-reiseblogger-kos-der-erste-eindruck\\\/#breadcrumb\"},\"inLanguage\":\"de\",\"potentialAction\":[{\"@type\":\"ReadAction\",\"target\":[\"https:\\\/\\\/www.tui.at\\\/blog\\\/tui-last-minute-reiseblogger-kos-der-erste-eindruck\\\/\"]}]},{\"@type\":\"ImageObject\",\"inLanguage\":\"de\",\"@id\":\"https:\\\/\\\/www.tui.at\\\/blog\\\/tui-last-minute-reiseblogger-kos-der-erste-eindruck\\\/#primaryimage\",\"url\":\"https:\\\/\\\/www.tui.at\\\/blog\\\/wp-content\\\/uploads\\\/2019\\\/06\\\/Artikel1_Bild6.jpg\",\"contentUrl\":\"https:\\\/\\\/www.tui.at\\\/blog\\\/wp-content\\\/uploads\\\/2019\\\/06\\\/Artikel1_Bild6.jpg\",\"width\":1600,\"height\":635},{\"@type\":\"BreadcrumbList\",\"@id\":\"https:\\\/\\\/www.tui.at\\\/blog\\\/tui-last-minute-reiseblogger-kos-der-erste-eindruck\\\/#breadcrumb\",\"itemListElement\":[{\"@type\":\"ListItem\",\"position\":1,\"name\":\"Startseite\",\"item\":\"https:\\\/\\\/www.tui.at\\\/blog\\\/\"},{\"@type\":\"ListItem\",\"position\":2,\"name\":\"TUI Last Minute Reiseblogger | Kos: Der erste Eindruck\"}]},{\"@type\":\"WebSite\",\"@id\":\"https:\\\/\\\/www.tui.at\\\/blog\\\/#website\",\"url\":\"https:\\\/\\\/www.tui.at\\\/blog\\\/\",\"name\":\"TUI.at Reiseblog\",\"description\":\"Inspirationen f\u00fcr den perfekten Urlaub\",\"publisher\":{\"@id\":\"https:\\\/\\\/www.tui.at\\\/blog\\\/#organization\"},\"potentialAction\":[{\"@type\":\"SearchAction\",\"target\":{\"@type\":\"EntryPoint\",\"urlTemplate\":\"https:\\\/\\\/www.tui.at\\\/blog\\\/?s={search_term_string}\"},\"query-input\":{\"@type\":\"PropertyValueSpecification\",\"valueRequired\":true,\"valueName\":\"search_term_string\"}}],\"inLanguage\":\"de\"},{\"@type\":\"Organization\",\"@id\":\"https:\\\/\\\/www.tui.at\\\/blog\\\/#organization\",\"name\":\"TUI.at Reiseblog\",\"url\":\"https:\\\/\\\/www.tui.at\\\/blog\\\/\",\"logo\":{\"@type\":\"ImageObject\",\"inLanguage\":\"de\",\"@id\":\"https:\\\/\\\/www.tui.at\\\/blog\\\/#\\\/schema\\\/logo\\\/image\\\/\",\"url\":\"https:\\\/\\\/www.tui.at\\\/blog\\\/wp-content\\\/uploads\\\/2025\\\/09\\\/cropped-tui-logo-3.webp\",\"contentUrl\":\"https:\\\/\\\/www.tui.at\\\/blog\\\/wp-content\\\/uploads\\\/2025\\\/09\\\/cropped-tui-logo-3.webp\",\"width\":164,\"height\":72,\"caption\":\"TUI.at Reiseblog\"},\"image\":{\"@id\":\"https:\\\/\\\/www.tui.at\\\/blog\\\/#\\\/schema\\\/logo\\\/image\\\/\"}},{\"@type\":\"Person\",\"@id\":\"https:\\\/\\\/www.tui.at\\\/blog\\\/#\\\/schema\\\/person\\\/ca9cb6db2177ff3c964d99d906b0885a\",\"name\":\"Isabella und Eddie\",\"description\":\"Isabella und Eddie sind leidenschaftliche Optimisten aus Wien, die daf\u00fcr brennen, die Welt zu entdecken. Dabei verreisen sie am liebsten mit dem Rucksack und sind f\u00fcr jedes Abenteuer zu haben. Isabella interessiert sich f\u00fcr Fotografie, gesunde Ern\u00e4hrung und Sport und hat einen Ort erst bereist, wenn sie dort einen Handstand gemacht hat. Eddie ist f\u00fcr Videoaufnahmen aller Art zu begeistern und meist mit seiner Drohne aufzufinden. Euch auf ihre Entdeckungstouren mitzunehmen und von den sch\u00f6nsten Erlebnissen zu berichten, bereitet ihnen unglaublich viel Spa\u00df.\",\"url\":\"https:\\\/\\\/www.tui.at\\\/blog\\\/author\\\/isabella-und-eddie\\\/\"}]}<\/script>\n<!-- \/ Yoast SEO plugin. -->","yoast_head_json":{"title":"TUI Last Minute Reiseblogger | Kos: Der erste Eindruck - TUI.at Reiseblog","robots":{"index":"index","follow":"follow","max-snippet":"max-snippet:-1","max-image-preview":"max-image-preview:large","max-video-preview":"max-video-preview:-1"},"canonical":"https:\/\/www.tui.at\/blog\/tui-last-minute-reiseblogger-kos-der-erste-eindruck\/","og_locale":"de_DE","og_type":"article","og_title":"TUI Last Minute Reiseblogger | Kos: Der erste Eindruck - TUI.at Reiseblog","og_description":"Urlaub auf Kos? Ja, bitte! Bereits beim Landeanflug empfing uns die drittgr\u00f6\u00dfte Insel der Dodekanes, einer Inselgruppe in der \u00f6stlichen \u00c4g\u00e4is, mit einem atemberaubenden Anblick. Das Meer schimmerte in solch vielseitigen Blau- und T\u00fcrkist\u00f6nen, dass unsere Vorfreude ins Unermessliche stieg. Wir waren von Anfang an gespannt, was uns erwartet. Und wisst ihr was? Es kam noch besser!","og_url":"https:\/\/www.tui.at\/blog\/tui-last-minute-reiseblogger-kos-der-erste-eindruck\/","og_site_name":"TUI.at Reiseblog","article_published_time":"2019-06-18T09:01:05+00:00","article_modified_time":"2025-10-24T09:39:28+00:00","og_image":[{"width":1600,"height":635,"url":"https:\/\/www.tui.at\/blog\/wp-content\/uploads\/2019\/06\/Artikel1_Bild6.jpg","type":"image\/jpeg"}],"author":"Isabella und Eddie","twitter_card":"summary_large_image","twitter_misc":{"Verfasst von":"Isabella und Eddie","Gesch\u00e4tzte Lesezeit":"3\u00a0Minuten"},"schema":{"@context":"https:\/\/schema.org","@graph":[{"@type":"BlogPosting","@id":"https:\/\/www.tui.at\/blog\/tui-last-minute-reiseblogger-kos-der-erste-eindruck\/#article","isPartOf":{"@id":"https:\/\/www.tui.at\/blog\/tui-last-minute-reiseblogger-kos-der-erste-eindruck\/"},"author":{"name":"Isabella und Eddie","@id":"https:\/\/www.tui.at\/blog\/#\/schema\/person\/ca9cb6db2177ff3c964d99d906b0885a"},"headline":"TUI Last Minute Reiseblogger | Kos: Der erste Eindruck","datePublished":"2019-06-18T09:01:05+00:00","dateModified":"2025-10-24T09:39:28+00:00","mainEntityOfPage":{"@id":"https:\/\/www.tui.at\/blog\/tui-last-minute-reiseblogger-kos-der-erste-eindruck\/"},"wordCount":619,"commentCount":0,"publisher":{"@id":"https:\/\/www.tui.at\/blog\/#organization"},"image":{"@id":"https:\/\/www.tui.at\/blog\/tui-last-minute-reiseblogger-kos-der-erste-eindruck\/#primaryimage"},"thumbnailUrl":"https:\/\/www.tui.at\/blog\/wp-content\/uploads\/2019\/06\/Artikel1_Bild6.jpg","keywords":["Griechenland","griechische Inseln","Kos","tui last minute reiseblogger"],"articleSection":["Urlaub am Meer"],"inLanguage":"de","potentialAction":[{"@type":"CommentAction","name":"Comment","target":["https:\/\/www.tui.at\/blog\/tui-last-minute-reiseblogger-kos-der-erste-eindruck\/#respond"]}]},{"@type":"WebPage","@id":"https:\/\/www.tui.at\/blog\/tui-last-minute-reiseblogger-kos-der-erste-eindruck\/","url":"https:\/\/www.tui.at\/blog\/tui-last-minute-reiseblogger-kos-der-erste-eindruck\/","name":"TUI Last Minute Reiseblogger | Kos: Der erste Eindruck - TUI.at Reiseblog","isPartOf":{"@id":"https:\/\/www.tui.at\/blog\/#website"},"primaryImageOfPage":{"@id":"https:\/\/www.tui.at\/blog\/tui-last-minute-reiseblogger-kos-der-erste-eindruck\/#primaryimage"},"image":{"@id":"https:\/\/www.tui.at\/blog\/tui-last-minute-reiseblogger-kos-der-erste-eindruck\/#primaryimage"},"thumbnailUrl":"https:\/\/www.tui.at\/blog\/wp-content\/uploads\/2019\/06\/Artikel1_Bild6.jpg","datePublished":"2019-06-18T09:01:05+00:00","dateModified":"2025-10-24T09:39:28+00:00","breadcrumb":{"@id":"https:\/\/www.tui.at\/blog\/tui-last-minute-reiseblogger-kos-der-erste-eindruck\/#breadcrumb"},"inLanguage":"de","potentialAction":[{"@type":"ReadAction","target":["https:\/\/www.tui.at\/blog\/tui-last-minute-reiseblogger-kos-der-erste-eindruck\/"]}]},{"@type":"ImageObject","inLanguage":"de","@id":"https:\/\/www.tui.at\/blog\/tui-last-minute-reiseblogger-kos-der-erste-eindruck\/#primaryimage","url":"https:\/\/www.tui.at\/blog\/wp-content\/uploads\/2019\/06\/Artikel1_Bild6.jpg","contentUrl":"https:\/\/www.tui.at\/blog\/wp-content\/uploads\/2019\/06\/Artikel1_Bild6.jpg","width":1600,"height":635},{"@type":"BreadcrumbList","@id":"https:\/\/www.tui.at\/blog\/tui-last-minute-reiseblogger-kos-der-erste-eindruck\/#breadcrumb","itemListElement":[{"@type":"ListItem","position":1,"name":"Startseite","item":"https:\/\/www.tui.at\/blog\/"},{"@type":"ListItem","position":2,"name":"TUI Last Minute Reiseblogger | Kos: Der erste Eindruck"}]},{"@type":"WebSite","@id":"https:\/\/www.tui.at\/blog\/#website","url":"https:\/\/www.tui.at\/blog\/","name":"TUI.at Reiseblog","description":"Inspirationen f\u00fcr den perfekten Urlaub","publisher":{"@id":"https:\/\/www.tui.at\/blog\/#organization"},"potentialAction":[{"@type":"SearchAction","target":{"@type":"EntryPoint","urlTemplate":"https:\/\/www.tui.at\/blog\/?s={search_term_string}"},"query-input":{"@type":"PropertyValueSpecification","valueRequired":true,"valueName":"search_term_string"}}],"inLanguage":"de"},{"@type":"Organization","@id":"https:\/\/www.tui.at\/blog\/#organization","name":"TUI.at Reiseblog","url":"https:\/\/www.tui.at\/blog\/","logo":{"@type":"ImageObject","inLanguage":"de","@id":"https:\/\/www.tui.at\/blog\/#\/schema\/logo\/image\/","url":"https:\/\/www.tui.at\/blog\/wp-content\/uploads\/2025\/09\/cropped-tui-logo-3.webp","contentUrl":"https:\/\/www.tui.at\/blog\/wp-content\/uploads\/2025\/09\/cropped-tui-logo-3.webp","width":164,"height":72,"caption":"TUI.at Reiseblog"},"image":{"@id":"https:\/\/www.tui.at\/blog\/#\/schema\/logo\/image\/"}},{"@type":"Person","@id":"https:\/\/www.tui.at\/blog\/#\/schema\/person\/ca9cb6db2177ff3c964d99d906b0885a","name":"Isabella und Eddie","description":"Isabella und Eddie sind leidenschaftliche Optimisten aus Wien, die daf\u00fcr brennen, die Welt zu entdecken. Dabei verreisen sie am liebsten mit dem Rucksack und sind f\u00fcr jedes Abenteuer zu haben. Isabella interessiert sich f\u00fcr Fotografie, gesunde Ern\u00e4hrung und Sport und hat einen Ort erst bereist, wenn sie dort einen Handstand gemacht hat. Eddie ist f\u00fcr Videoaufnahmen aller Art zu begeistern und meist mit seiner Drohne aufzufinden. Euch auf ihre Entdeckungstouren mitzunehmen und von den sch\u00f6nsten Erlebnissen zu berichten, bereitet ihnen unglaublich viel Spa\u00df.","url":"https:\/\/www.tui.at\/blog\/author\/isabella-und-eddie\/"}]}},"_links":{"self":[{"href":"https:\/\/www.tui.at\/blog\/wp-json\/wp\/v2\/posts\/488066","targetHints":{"allow":["GET"]}}],"collection":[{"href":"https:\/\/www.tui.at\/blog\/wp-json\/wp\/v2\/posts"}],"about":[{"href":"https:\/\/www.tui.at\/blog\/wp-json\/wp\/v2\/types\/post"}],"author":[{"embeddable":true,"href":"https:\/\/www.tui.at\/blog\/wp-json\/wp\/v2\/users\/227"}],"replies":[{"embeddable":true,"href":"https:\/\/www.tui.at\/blog\/wp-json\/wp\/v2\/comments?post=488066"}],"version-history":[{"count":1,"href":"https:\/\/www.tui.at\/blog\/wp-json\/wp\/v2\/posts\/488066\/revisions"}],"predecessor-version":[{"id":490378,"href":"https:\/\/www.tui.at\/blog\/wp-json\/wp\/v2\/posts\/488066\/revisions\/490378"}],"wp:featuredmedia":[{"embeddable":true,"href":"https:\/\/www.tui.at\/blog\/wp-json\/wp\/v2\/media\/488063"}],"wp:attachment":[{"href":"https:\/\/www.tui.at\/blog\/wp-json\/wp\/v2\/media?parent=488066"}],"wp:term":[{"taxonomy":"category","embeddable":true,"href":"https:\/\/www.tui.at\/blog\/wp-json\/wp\/v2\/categories?post=488066"},{"taxonomy":"post_tag","embeddable":true,"href":"https:\/\/www.tui.at\/blog\/wp-json\/wp\/v2\/tags?post=488066"}],"curies":[{"name":"wp","href":"https:\/\/api.w.org\/{rel}","templated":true}]}}