{"id":487933,"date":"2023-12-06T11:59:00","date_gmt":"2023-12-06T10:59:00","guid":{"rendered":"https:\/\/www.tui.at\/blog\/die-top-6-der-schoensten-weihnachtsmaerkte-in-europa\/"},"modified":"2025-11-28T11:15:56","modified_gmt":"2025-11-28T10:15:56","slug":"top-6-der-schoensten-weihnachtsmaerkte-in-europa","status":"publish","type":"post","link":"https:\/\/www.tui.at\/blog\/top-6-der-schoensten-weihnachtsmaerkte-in-europa\/","title":{"rendered":"Top 6 der sch\u00f6nsten Weihnachtsm\u00e4rkte in Europa"},"content":{"rendered":"<div class=\"legacy-fullwidth\"><div class=\"legacy-fusion-text\">Die Weihnachtszeit hat offiziell begonnen &#8211; und somit auch die Zeit der Weihnachtsm\u00e4rkte!<br \/>\nBei dem Geruch von Gl\u00fchwein und gebrannten Mandeln wird dir warm ums Herz? Dann ist jetzt der perfekte Zeitpunkt, um einen Last Minute Trip im Advent zu planen.<\/p>\n<p>Wir haben <strong>die sch\u00f6nsten 6 Weihnachtsm\u00e4rkte<\/strong> f\u00fcr dich im \u00dcberblick.<\/div><\/div>\n\n\n<div class=\"legacy-fullwidth\"><div class=\"legacy-fusion-title\"><h2>\u00d6STERREICH <\/h2><\/div><div class=\"legacy-fusion-title\"><h2>Christkindlmarkt &#8211; Salzburg<\/h2><\/div><div class=\"legacy-fusion-text\">An den <strong>rund 100 St\u00e4nden<\/strong> findest du <strong>handwerkliche Produkte<\/strong>, <strong>Geschenkideen<\/strong>, <strong>traditionellen Weihnachtsschmuck<\/strong> aber auch viele <strong>K\u00f6stlichkeiten<\/strong> aus der Salzburger Region. Nicht ohne Grund einer unserer Top 6 Weihnachtsm\u00e4rkte. Dazu kommt ein festliches <strong>Rahmenprogramm<\/strong> wie t\u00e4gliche <strong>Chorges\u00e4nge<\/strong>, traditionelles <strong>Salzburger Turmblasen<\/strong> und die <strong>Krampus- und Perchtenl\u00e4ufe<\/strong>.<\/p>\n<p><em>\u00d6ffnungszeiten: 23. November 2023 bis 01. J\u00e4nner 2024, t\u00e4glich ab 10:00 Uhr, am Wochenende ab 09:00 Uhr, am 25. und 26.12. ab 11:00<\/em><\/p>\n<p><em>Eintritt:\u00a0frei<\/em><\/div><div class=\"legacy-fusion-text\"><img loading=\"lazy\" decoding=\"async\" class=\"aligncenter wp-image-17570 size-medium\" src=\"https:\/\/www.tui.at\/blog\/wp-content\/uploads\/2018\/11\/shutterstock_239387923_Weihnachten_Salzburg.jpg\" alt=\"Christkindlmarkt - Top 6 Weihnachtsm\u00e4rkte\" width=\"615\" height=\"475\" \/><\/div><\/div>\n\n\n<div class=\"legacy-fullwidth\"><div class=\"legacy-fusion-title\"><h2>D\u00c4NEMARK <\/h2><\/div><div class=\"legacy-fusion-title\"><h2>Vergn\u00fcgungspark Tivoli \u2013 Kopenhagen<\/h2><\/div><div class=\"legacy-fusion-text\">Tivoli ist der zweit\u00e4lteste Vergn\u00fcgungspark der Welt. Jedes Jahr wird er mit Hunderten von Weihnachtsb\u00e4umen und Tausenden von Lichtern geschm\u00fcckt. Als Neuheit bietet der Weihnachtsmarkt eine <strong>350 m2 gro\u00dfe Kunsteisbahn<\/strong>, auf der man im Licht eines funkelnden Weihnachtsbaumes seine Runden drehen kann.<\/p>\n<p>Au\u00dferdem sollte man sich nicht den <strong>Gl\u00f6gg<\/strong> (Gl\u00fchwein) und die <strong>hei\u00dfen Apfelkn\u00f6del<\/strong> entgehen lassen. *Mhhhhmmm*<\/p>\n<p><em>\u00d6ffnungszeiten: 19. November bis 31. Dezember 2023, dabei immer Sonntag bis Donnerstag von 11:00 bis 22:00 Uhr &amp; Freitag und Samstag von 11:00 bis 24:00 Uhr<\/em><\/p>\n<p><em>Eintritt: 155 D\u00e4nische Kronen (ca. 21\u20ac), Kinder (3-7 Jahre) 70 D\u00e4nische Kronen (ca. 9\u20ac)<\/em><\/p>\n<p><\/div><div class=\"legacy-fusion-text\"><img loading=\"lazy\" decoding=\"async\" class=\"aligncenter wp-image-17572 size-medium\" src=\"https:\/\/www.tui.at\/blog\/wp-content\/uploads\/2018\/11\/shutterstock_676683919_Weihnachten_Tivoli_Kopenhagen2.jpg\" alt=\"Tivoli Kopenhagen - Top 6 Weihnachtsm\u00e4rkte\" width=\"615\" height=\"409\" \/><\/div><\/div>\n\n\n<div class=\"legacy-fullwidth\"><div class=\"legacy-fusion-title\"><h2>DEUTSCHLAND <\/h2><\/div><div class=\"legacy-fusion-title\"><h2>Striezelmarkt \u2013 Dresden<\/h2><\/div><div class=\"legacy-fusion-text\">Der Striezelmarkt ist <strong>Deutschlands \u00e4ltester Weihnachtsmarkt<\/strong> und wird auch regelm\u00e4\u00dfig zum sch\u00f6nsten Adventmarkt gew\u00e4hlt! Er ist bekannt f\u00fcr seine <strong>Stufenpyramide<\/strong>, die mit 14,61 Metern den Weltrekord h\u00e4lt und ein beliebtes Fotomotiv ist. Was man probiert haben sollte, ist der <strong>Dresdner Christstollen<\/strong>, ein Kuchen aus Hefeteig mit Rosinen.<\/p>\n<p>Die G\u00e4ste des Striezelmarktes erwartet t\u00e4glich ein weihnachtliches Programm zum Staunen und Mitmachen. Liebevolle Darbietungen lassen nicht nur Kinder Augen strahlen.<\/p>\n<p>Unser Tipp: Plane eine Fahrt mit dem historischen Riesenrad. Es ist zwar alles andere als besonders gro\u00df &#8211; aber daf\u00fcr umso romantischer \ud83d\ude0d<\/p>\n<p><em>\u00d6ffnungszeiten: 29. November bis 24. Dezember 2023,\u00a0 t\u00e4glich von 10:00 bis 21:00 Uhr<br \/>\n(24. Dezember:10 bis 14 Uhr)<\/em><\/p>\n<p><em>Eintritt:\u00a0frei<\/em><\/div><div class=\"legacy-fusion-text\"><\/p>\n\n\n\r\n<div class=\"img-gal-block\">\r\n            <div class=\"img-gal-desktop\">\r\n            <div class=\"inner landscape\">\r\n                                    <div class=\"img-container \">\r\n                        <div class=\"img-inner\">\r\n                            <img decoding=\"async\" src=\"https:\/\/www.tui.at\/blog\/wp-content\/uploads\/2023\/12\/AdobeStock_150114949-scaled.jpeg\" alt=\"Striezelmarkt Dresden\"\/>\r\n                                                    <\/div>\r\n                        <p>\r\n                                                    <\/p>\r\n                    <\/div>\r\n                            <\/div>\r\n        <\/div>\r\n\r\n        <div class=\"slides\" id=\"image-gal-slide\">\r\n                            <div>\r\n                    <img decoding=\"async\" src=\"https:\/\/www.tui.at\/blog\/wp-content\/uploads\/2023\/12\/AdobeStock_150114949-scaled.jpeg\"\/>\r\n                    <div class=\"caption\">\r\n                        <p>\r\n                                                    <\/p>\r\n                    <\/div>\r\n                <\/div>\r\n                    <\/div>\r\n    <\/div>\r\n\n\n<p><div class=\"legacy-fullwidth\"><\/div><div class=\"legacy-fusion-title\"><h2>N\u00fcrnberger Christkindlesmarkt \u2013 N\u00fcrnberg<\/h2><\/div><div class=\"legacy-fusion-text\"><\/div><\/p>\n<p class=\"article--teaser\">Der <strong>N\u00fcrnberger Christkindlesmarkt<\/strong> ist einer der \u00e4ltesten und sicher der ber\u00fchmteste Christkindlesmarkt der Welt. In den <strong>Holzbuden<\/strong> des \u201eSt\u00e4dtleins aus Holz und Tuch gemacht\u201c findet man traditionellen, oft <strong>handgearbeiteten Weihnachtsschmuck<\/strong> und s\u00fc\u00dfe Leckereien wie <strong>Lebkuchen<\/strong> und <strong>Spekulatius<\/strong>.<\/p>\n<p class=\"article--teaser\">Zus\u00e4tzliche Attraktionen sind <strong>Kinderweihnacht<\/strong> und <strong>Sternenhaus<\/strong>, der <strong>Markt der Partnerst\u00e4dte<\/strong> und der <strong>Lichterzug der N\u00fcrnberger Kinder<\/strong>.<\/p>\n<p><em>\u00d6ffnungszeiten: 01. bis 24. Dezember 2023, dabei t\u00e4glich von 10:00-21:00 Uhr<br \/>\n(am 24.12. von 10:00 bis 14:00 Uhr)<\/em><\/p>\n<p><em>Eintritt:\u00a0frei<\/em><\/div><div class=\"legacy-fusion-text\"><img loading=\"lazy\" decoding=\"async\" class=\"aligncenter wp-image-17712 size-medium\" src=\"https:\/\/www.tui.at\/blog\/wp-content\/uploads\/2018\/11\/shutterstock_1046628_Weihnachtsmarkt_Nuernberg.jpg\" alt=\"N\u00fcrnberger Christkindlesmarkt - Top 6 Weihnachtsm\u00e4rkte\" width=\"615\" height=\"410\" \/><\/div><\/div>\n\n\n<div class=\"legacy-fullwidth\"><div class=\"legacy-fusion-title\"><h2>TSCHECHIEN <\/h2><\/div><div class=\"legacy-fusion-title\"><h2>Weihnachtsmarkt Altst\u00e4dterring \u2013 Prag<\/h2><\/div><div class=\"legacy-fusion-text\">Gerade seine relativ kleine Gr\u00f6\u00dfe macht den Weihnachtsmarkt in Prag so <strong>beliebt bei seinen Besucher:innen<\/strong>. Hier geht es eher <strong>gem\u00fctlich<\/strong> zu. Neben <strong>regionalen Delikatessen<\/strong> findet man auf dem Markt auch <strong>alt-tschechische Spezialit\u00e4ten<\/strong>. Neben dem<strong> klassischen Gl\u00fchwein<\/strong> sollte man auch den\u00a0<strong>Honigwein Medovina<\/strong> probieren. Au\u00dferdem typisch sind <strong>Trdeln\u00edk<\/strong>, das beliebte auf Stangen gerollte Geb\u00e4ck (auch als <strong>Baumkuchen<\/strong> bekannt) und der <strong>Prager Schinken<\/strong>. F\u00fcr eine ganz besondere Weihnachtsstimmung werden t\u00e4glich von verschiedenen K\u00fcnstler:innen <strong>Weihnachtslieder<\/strong> gesungen.<\/p>\n<p><em>\u00d6ffnungszeiten: 02. Dezember 2023 bis 6. Januar 2024<\/em><br \/>\n<em>T\u00e4glich von 10:00 bis 22:00 Uhr<\/em><\/p>\n<p><em>Eintritt:\u00a0frei<\/em><\/div><div class=\"legacy-fusion-text\"><img loading=\"lazy\" decoding=\"async\" class=\"aligncenter wp-image-17574 size-medium\" src=\"https:\/\/www.tui.at\/blog\/wp-content\/uploads\/2018\/11\/shutterstock_67546762_Weihnachtsmarkt_Prag.jpg\" alt=\"Weihnachtsmarkt Prag - Top 6 Weihnachtsm\u00e4rkte\" width=\"615\" height=\"432\" \/><\/div><\/div>\n\n\n<div class=\"legacy-fullwidth\"><div class=\"legacy-fusion-title\"><h2>SCHWEDEN <\/h2><\/div><div class=\"legacy-fusion-title\"><h2>Weihnachtsmarkt auf dem Marktplatz \u2013 Stockholm<\/h2><\/div><div class=\"legacy-fusion-text\">Der Weihnachtsmarkt auf dem <strong>Marktplatz Stortorget in Stockholm<\/strong> ist ein Markt aus dem Mittelalter. Er ist klein aber fein und einer der \u00e4ltesten Weihnachtsm\u00e4rkte Schwedens.<\/p>\n<p>Unter den ikonischen Geb\u00e4uden findet man Aussteller:innen, die alles von Keramik bis hin zu feiner Schmiedekunst und anderem Kunsthandwerk verkaufen. Bei deinem Besuch solltest du unbedingt K\u00f6stlichkeiten wie <strong>Pepparkakor (Pfefferkuchen)<\/strong>, <strong>Saffransbullar (Safran-Wecken)<\/strong> und <strong><em>Gl\u00f6gg (Gl\u00fchwein)<\/em> <\/strong>probieren! \u2615<\/p>\n<p><em>\u00d6ffnungszeiten: 25. November bis 23. Dezember 2023, t\u00e4glich von 11:00 bis 18:00 Uhr<\/em><\/p>\n<p><em>Eintritt:\u00a0frei<\/em><\/div><div class=\"legacy-fusion-text\"><img loading=\"lazy\" decoding=\"async\" class=\"aligncenter wp-image-17717 size-medium\" src=\"https:\/\/www.tui.at\/blog\/wp-content\/uploads\/2018\/11\/shutterstock_481583839.jpg\" alt=\"Weihnachtsmarkt Stockholm - Top 6 Weihnachtsm\u00e4rkte\" width=\"615\" height=\"346\" \/><\/div><\/div>\n","protected":false},"excerpt":{"rendered":"<p>Die Weihnachtszeit hat offiziell begonnen &#8211; und somit die Zeit der Weihnachtsm\u00e4rkte! Bei dem Geruch von Gl\u00fchwein und gebrannten Mandeln wird dir warm ums Herz? Dann ist jetzt der perfekte Zeitpunkt, um einen Last Minute Trip im Advent zu planen. Wir haben die sch\u00f6nsten 6 Weihnachtsm\u00e4rkte f\u00fcr dich im \u00dcberblick.<\/p>\n","protected":false},"author":221,"featured_media":487934,"comment_status":"open","ping_status":"closed","sticky":false,"template":"","format":"standard","meta":{"_acf_changed":false,"footnotes":""},"categories":[5154],"tags":[4965,4966,4892,4897,4967,4968,4926,4849,4969,4970,4971],"class_list":["post-487933","post","type-post","status-publish","format-standard","has-post-thumbnail","hentry","category-archiv-planung-und-tipps","tag-advent","tag-christkindlmarkt","tag-insidertipps","tag-stadt","tag-staedtereise","tag-staedtetrip","tag-tipps","tag-tui","tag-weihnachten","tag-weihnachtsmarkt","tag-weihnachtsmaerkte"],"acf":[],"yoast_head":"<!-- This site is optimized with the Yoast SEO plugin v27.4 - https:\/\/yoast.com\/product\/yoast-seo-wordpress\/ -->\n<title>Top 6 der sch\u00f6nsten Weihnachtsm\u00e4rkte in Europa - TUI.at Reiseblog<\/title>\n<meta name=\"description\" content=\"Die Advendzeit hat offiziell begonnen! Wir haben die sch\u00f6nsten 6 Weihnachtsm\u00e4rkte Europas hier f\u00fcr dich im \u00dcberblick.\" \/>\n<meta name=\"robots\" content=\"index, follow, max-snippet:-1, max-image-preview:large, max-video-preview:-1\" \/>\n<link rel=\"canonical\" href=\"https:\/\/www.tui.at\/blog\/top-6-der-schoensten-weihnachtsmaerkte-in-europa\/\" \/>\n<meta property=\"og:locale\" content=\"de_DE\" \/>\n<meta property=\"og:type\" content=\"article\" \/>\n<meta property=\"og:title\" content=\"Top 6 der sch\u00f6nsten Weihnachtsm\u00e4rkte in Europa - TUI.at Reiseblog\" \/>\n<meta property=\"og:description\" content=\"Die Advendzeit hat offiziell begonnen! Wir haben die sch\u00f6nsten 6 Weihnachtsm\u00e4rkte Europas hier f\u00fcr dich im \u00dcberblick.\" \/>\n<meta property=\"og:url\" content=\"https:\/\/www.tui.at\/blog\/top-6-der-schoensten-weihnachtsmaerkte-in-europa\/\" \/>\n<meta property=\"og:site_name\" content=\"TUI.at Reiseblog\" \/>\n<meta property=\"article:published_time\" content=\"2023-12-06T10:59:00+00:00\" \/>\n<meta property=\"article:modified_time\" content=\"2025-11-28T10:15:56+00:00\" \/>\n<meta property=\"og:image\" content=\"https:\/\/www.tui.at\/blog\/wp-content\/uploads\/2023\/12\/AdobeStock_214084136-1.jpeg\" \/>\n\t<meta property=\"og:image:width\" content=\"1600\" \/>\n\t<meta property=\"og:image:height\" content=\"1067\" \/>\n\t<meta property=\"og:image:type\" content=\"image\/jpeg\" \/>\n<meta name=\"author\" content=\"TUI Insider\" \/>\n<meta name=\"twitter:card\" content=\"summary_large_image\" \/>\n<meta name=\"twitter:label1\" content=\"Verfasst von\" \/>\n\t<meta name=\"twitter:data1\" content=\"TUI Insider\" \/>\n\t<meta name=\"twitter:label2\" content=\"Gesch\u00e4tzte Lesezeit\" \/>\n\t<meta name=\"twitter:data2\" content=\"6\u00a0Minuten\" \/>\n<script type=\"application\/ld+json\" class=\"yoast-schema-graph\">{\"@context\":\"https:\\\/\\\/schema.org\",\"@graph\":[{\"@type\":\"BlogPosting\",\"@id\":\"https:\\\/\\\/www.tui.at\\\/blog\\\/top-6-der-schoensten-weihnachtsmaerkte-in-europa\\\/#article\",\"isPartOf\":{\"@id\":\"https:\\\/\\\/www.tui.at\\\/blog\\\/top-6-der-schoensten-weihnachtsmaerkte-in-europa\\\/\"},\"author\":{\"name\":\"TUI Insider\",\"@id\":\"https:\\\/\\\/www.tui.at\\\/blog\\\/#\\\/schema\\\/person\\\/6b70df8230df09e2dcde2883dbd438fb\"},\"headline\":\"Top 6 der sch\u00f6nsten Weihnachtsm\u00e4rkte in Europa\",\"datePublished\":\"2023-12-06T10:59:00+00:00\",\"dateModified\":\"2025-11-28T10:15:56+00:00\",\"mainEntityOfPage\":{\"@id\":\"https:\\\/\\\/www.tui.at\\\/blog\\\/top-6-der-schoensten-weihnachtsmaerkte-in-europa\\\/\"},\"wordCount\":1192,\"commentCount\":0,\"publisher\":{\"@id\":\"https:\\\/\\\/www.tui.at\\\/blog\\\/#organization\"},\"image\":{\"@id\":\"https:\\\/\\\/www.tui.at\\\/blog\\\/top-6-der-schoensten-weihnachtsmaerkte-in-europa\\\/#primaryimage\"},\"thumbnailUrl\":\"https:\\\/\\\/www.tui.at\\\/blog\\\/wp-content\\\/uploads\\\/2023\\\/12\\\/AdobeStock_214084136-1.jpeg\",\"keywords\":[\"Advent\",\"Christkindlmarkt\",\"Insidertipps\",\"Stadt\",\"St\u00e4dtereise\",\"St\u00e4dtetrip\",\"Tipps\",\"TUI\",\"Weihnachten\",\"Weihnachtsmarkt\",\"weihnachtsm\u00e4rkte\"],\"articleSection\":[\"Planung &amp; Tipps\"],\"inLanguage\":\"de\",\"potentialAction\":[{\"@type\":\"CommentAction\",\"name\":\"Comment\",\"target\":[\"https:\\\/\\\/www.tui.at\\\/blog\\\/top-6-der-schoensten-weihnachtsmaerkte-in-europa\\\/#respond\"]}]},{\"@type\":\"WebPage\",\"@id\":\"https:\\\/\\\/www.tui.at\\\/blog\\\/top-6-der-schoensten-weihnachtsmaerkte-in-europa\\\/\",\"url\":\"https:\\\/\\\/www.tui.at\\\/blog\\\/top-6-der-schoensten-weihnachtsmaerkte-in-europa\\\/\",\"name\":\"Top 6 der sch\u00f6nsten Weihnachtsm\u00e4rkte in Europa - TUI.at Reiseblog\",\"isPartOf\":{\"@id\":\"https:\\\/\\\/www.tui.at\\\/blog\\\/#website\"},\"primaryImageOfPage\":{\"@id\":\"https:\\\/\\\/www.tui.at\\\/blog\\\/top-6-der-schoensten-weihnachtsmaerkte-in-europa\\\/#primaryimage\"},\"image\":{\"@id\":\"https:\\\/\\\/www.tui.at\\\/blog\\\/top-6-der-schoensten-weihnachtsmaerkte-in-europa\\\/#primaryimage\"},\"thumbnailUrl\":\"https:\\\/\\\/www.tui.at\\\/blog\\\/wp-content\\\/uploads\\\/2023\\\/12\\\/AdobeStock_214084136-1.jpeg\",\"datePublished\":\"2023-12-06T10:59:00+00:00\",\"dateModified\":\"2025-11-28T10:15:56+00:00\",\"description\":\"Die Advendzeit hat offiziell begonnen! Wir haben die sch\u00f6nsten 6 Weihnachtsm\u00e4rkte Europas hier f\u00fcr dich im \u00dcberblick.\",\"breadcrumb\":{\"@id\":\"https:\\\/\\\/www.tui.at\\\/blog\\\/top-6-der-schoensten-weihnachtsmaerkte-in-europa\\\/#breadcrumb\"},\"inLanguage\":\"de\",\"potentialAction\":[{\"@type\":\"ReadAction\",\"target\":[\"https:\\\/\\\/www.tui.at\\\/blog\\\/top-6-der-schoensten-weihnachtsmaerkte-in-europa\\\/\"]}]},{\"@type\":\"ImageObject\",\"inLanguage\":\"de\",\"@id\":\"https:\\\/\\\/www.tui.at\\\/blog\\\/top-6-der-schoensten-weihnachtsmaerkte-in-europa\\\/#primaryimage\",\"url\":\"https:\\\/\\\/www.tui.at\\\/blog\\\/wp-content\\\/uploads\\\/2023\\\/12\\\/AdobeStock_214084136-1.jpeg\",\"contentUrl\":\"https:\\\/\\\/www.tui.at\\\/blog\\\/wp-content\\\/uploads\\\/2023\\\/12\\\/AdobeStock_214084136-1.jpeg\",\"width\":1600,\"height\":1067,\"caption\":\"Side view of a couple doing some window shopping at christmas. The mid adult male has his arm around the mid adult female and they are talking about wats in the window.\"},{\"@type\":\"BreadcrumbList\",\"@id\":\"https:\\\/\\\/www.tui.at\\\/blog\\\/top-6-der-schoensten-weihnachtsmaerkte-in-europa\\\/#breadcrumb\",\"itemListElement\":[{\"@type\":\"ListItem\",\"position\":1,\"name\":\"Startseite\",\"item\":\"https:\\\/\\\/www.tui.at\\\/blog\\\/\"},{\"@type\":\"ListItem\",\"position\":2,\"name\":\"Top 6 der sch\u00f6nsten Weihnachtsm\u00e4rkte in Europa\"}]},{\"@type\":\"WebSite\",\"@id\":\"https:\\\/\\\/www.tui.at\\\/blog\\\/#website\",\"url\":\"https:\\\/\\\/www.tui.at\\\/blog\\\/\",\"name\":\"TUI.at Reiseblog\",\"description\":\"Inspirationen f\u00fcr den perfekten Urlaub\",\"publisher\":{\"@id\":\"https:\\\/\\\/www.tui.at\\\/blog\\\/#organization\"},\"potentialAction\":[{\"@type\":\"SearchAction\",\"target\":{\"@type\":\"EntryPoint\",\"urlTemplate\":\"https:\\\/\\\/www.tui.at\\\/blog\\\/?s={search_term_string}\"},\"query-input\":{\"@type\":\"PropertyValueSpecification\",\"valueRequired\":true,\"valueName\":\"search_term_string\"}}],\"inLanguage\":\"de\"},{\"@type\":\"Organization\",\"@id\":\"https:\\\/\\\/www.tui.at\\\/blog\\\/#organization\",\"name\":\"TUI.at Reiseblog\",\"url\":\"https:\\\/\\\/www.tui.at\\\/blog\\\/\",\"logo\":{\"@type\":\"ImageObject\",\"inLanguage\":\"de\",\"@id\":\"https:\\\/\\\/www.tui.at\\\/blog\\\/#\\\/schema\\\/logo\\\/image\\\/\",\"url\":\"https:\\\/\\\/www.tui.at\\\/blog\\\/wp-content\\\/uploads\\\/2025\\\/09\\\/cropped-tui-logo-3.webp\",\"contentUrl\":\"https:\\\/\\\/www.tui.at\\\/blog\\\/wp-content\\\/uploads\\\/2025\\\/09\\\/cropped-tui-logo-3.webp\",\"width\":164,\"height\":72,\"caption\":\"TUI.at Reiseblog\"},\"image\":{\"@id\":\"https:\\\/\\\/www.tui.at\\\/blog\\\/#\\\/schema\\\/logo\\\/image\\\/\"}},{\"@type\":\"Person\",\"@id\":\"https:\\\/\\\/www.tui.at\\\/blog\\\/#\\\/schema\\\/person\\\/6b70df8230df09e2dcde2883dbd438fb\",\"name\":\"TUI Insider\",\"url\":\"https:\\\/\\\/www.tui.at\\\/blog\\\/author\\\/tui-insider\\\/\"}]}<\/script>\n<!-- \/ Yoast SEO plugin. -->","yoast_head_json":{"title":"Top 6 der sch\u00f6nsten Weihnachtsm\u00e4rkte in Europa - TUI.at Reiseblog","description":"Die Advendzeit hat offiziell begonnen! Wir haben die sch\u00f6nsten 6 Weihnachtsm\u00e4rkte Europas hier f\u00fcr dich im \u00dcberblick.","robots":{"index":"index","follow":"follow","max-snippet":"max-snippet:-1","max-image-preview":"max-image-preview:large","max-video-preview":"max-video-preview:-1"},"canonical":"https:\/\/www.tui.at\/blog\/top-6-der-schoensten-weihnachtsmaerkte-in-europa\/","og_locale":"de_DE","og_type":"article","og_title":"Top 6 der sch\u00f6nsten Weihnachtsm\u00e4rkte in Europa - TUI.at Reiseblog","og_description":"Die Advendzeit hat offiziell begonnen! Wir haben die sch\u00f6nsten 6 Weihnachtsm\u00e4rkte Europas hier f\u00fcr dich im \u00dcberblick.","og_url":"https:\/\/www.tui.at\/blog\/top-6-der-schoensten-weihnachtsmaerkte-in-europa\/","og_site_name":"TUI.at Reiseblog","article_published_time":"2023-12-06T10:59:00+00:00","article_modified_time":"2025-11-28T10:15:56+00:00","og_image":[{"width":1600,"height":1067,"url":"https:\/\/www.tui.at\/blog\/wp-content\/uploads\/2023\/12\/AdobeStock_214084136-1.jpeg","type":"image\/jpeg"}],"author":"TUI Insider","twitter_card":"summary_large_image","twitter_misc":{"Verfasst von":"TUI Insider","Gesch\u00e4tzte Lesezeit":"6\u00a0Minuten"},"schema":{"@context":"https:\/\/schema.org","@graph":[{"@type":"BlogPosting","@id":"https:\/\/www.tui.at\/blog\/top-6-der-schoensten-weihnachtsmaerkte-in-europa\/#article","isPartOf":{"@id":"https:\/\/www.tui.at\/blog\/top-6-der-schoensten-weihnachtsmaerkte-in-europa\/"},"author":{"name":"TUI Insider","@id":"https:\/\/www.tui.at\/blog\/#\/schema\/person\/6b70df8230df09e2dcde2883dbd438fb"},"headline":"Top 6 der sch\u00f6nsten Weihnachtsm\u00e4rkte in Europa","datePublished":"2023-12-06T10:59:00+00:00","dateModified":"2025-11-28T10:15:56+00:00","mainEntityOfPage":{"@id":"https:\/\/www.tui.at\/blog\/top-6-der-schoensten-weihnachtsmaerkte-in-europa\/"},"wordCount":1192,"commentCount":0,"publisher":{"@id":"https:\/\/www.tui.at\/blog\/#organization"},"image":{"@id":"https:\/\/www.tui.at\/blog\/top-6-der-schoensten-weihnachtsmaerkte-in-europa\/#primaryimage"},"thumbnailUrl":"https:\/\/www.tui.at\/blog\/wp-content\/uploads\/2023\/12\/AdobeStock_214084136-1.jpeg","keywords":["Advent","Christkindlmarkt","Insidertipps","Stadt","St\u00e4dtereise","St\u00e4dtetrip","Tipps","TUI","Weihnachten","Weihnachtsmarkt","weihnachtsm\u00e4rkte"],"articleSection":["Planung &amp; Tipps"],"inLanguage":"de","potentialAction":[{"@type":"CommentAction","name":"Comment","target":["https:\/\/www.tui.at\/blog\/top-6-der-schoensten-weihnachtsmaerkte-in-europa\/#respond"]}]},{"@type":"WebPage","@id":"https:\/\/www.tui.at\/blog\/top-6-der-schoensten-weihnachtsmaerkte-in-europa\/","url":"https:\/\/www.tui.at\/blog\/top-6-der-schoensten-weihnachtsmaerkte-in-europa\/","name":"Top 6 der sch\u00f6nsten Weihnachtsm\u00e4rkte in Europa - TUI.at Reiseblog","isPartOf":{"@id":"https:\/\/www.tui.at\/blog\/#website"},"primaryImageOfPage":{"@id":"https:\/\/www.tui.at\/blog\/top-6-der-schoensten-weihnachtsmaerkte-in-europa\/#primaryimage"},"image":{"@id":"https:\/\/www.tui.at\/blog\/top-6-der-schoensten-weihnachtsmaerkte-in-europa\/#primaryimage"},"thumbnailUrl":"https:\/\/www.tui.at\/blog\/wp-content\/uploads\/2023\/12\/AdobeStock_214084136-1.jpeg","datePublished":"2023-12-06T10:59:00+00:00","dateModified":"2025-11-28T10:15:56+00:00","description":"Die Advendzeit hat offiziell begonnen! Wir haben die sch\u00f6nsten 6 Weihnachtsm\u00e4rkte Europas hier f\u00fcr dich im \u00dcberblick.","breadcrumb":{"@id":"https:\/\/www.tui.at\/blog\/top-6-der-schoensten-weihnachtsmaerkte-in-europa\/#breadcrumb"},"inLanguage":"de","potentialAction":[{"@type":"ReadAction","target":["https:\/\/www.tui.at\/blog\/top-6-der-schoensten-weihnachtsmaerkte-in-europa\/"]}]},{"@type":"ImageObject","inLanguage":"de","@id":"https:\/\/www.tui.at\/blog\/top-6-der-schoensten-weihnachtsmaerkte-in-europa\/#primaryimage","url":"https:\/\/www.tui.at\/blog\/wp-content\/uploads\/2023\/12\/AdobeStock_214084136-1.jpeg","contentUrl":"https:\/\/www.tui.at\/blog\/wp-content\/uploads\/2023\/12\/AdobeStock_214084136-1.jpeg","width":1600,"height":1067,"caption":"Side view of a couple doing some window shopping at christmas. The mid adult male has his arm around the mid adult female and they are talking about wats in the window."},{"@type":"BreadcrumbList","@id":"https:\/\/www.tui.at\/blog\/top-6-der-schoensten-weihnachtsmaerkte-in-europa\/#breadcrumb","itemListElement":[{"@type":"ListItem","position":1,"name":"Startseite","item":"https:\/\/www.tui.at\/blog\/"},{"@type":"ListItem","position":2,"name":"Top 6 der sch\u00f6nsten Weihnachtsm\u00e4rkte in Europa"}]},{"@type":"WebSite","@id":"https:\/\/www.tui.at\/blog\/#website","url":"https:\/\/www.tui.at\/blog\/","name":"TUI.at Reiseblog","description":"Inspirationen f\u00fcr den perfekten Urlaub","publisher":{"@id":"https:\/\/www.tui.at\/blog\/#organization"},"potentialAction":[{"@type":"SearchAction","target":{"@type":"EntryPoint","urlTemplate":"https:\/\/www.tui.at\/blog\/?s={search_term_string}"},"query-input":{"@type":"PropertyValueSpecification","valueRequired":true,"valueName":"search_term_string"}}],"inLanguage":"de"},{"@type":"Organization","@id":"https:\/\/www.tui.at\/blog\/#organization","name":"TUI.at Reiseblog","url":"https:\/\/www.tui.at\/blog\/","logo":{"@type":"ImageObject","inLanguage":"de","@id":"https:\/\/www.tui.at\/blog\/#\/schema\/logo\/image\/","url":"https:\/\/www.tui.at\/blog\/wp-content\/uploads\/2025\/09\/cropped-tui-logo-3.webp","contentUrl":"https:\/\/www.tui.at\/blog\/wp-content\/uploads\/2025\/09\/cropped-tui-logo-3.webp","width":164,"height":72,"caption":"TUI.at Reiseblog"},"image":{"@id":"https:\/\/www.tui.at\/blog\/#\/schema\/logo\/image\/"}},{"@type":"Person","@id":"https:\/\/www.tui.at\/blog\/#\/schema\/person\/6b70df8230df09e2dcde2883dbd438fb","name":"TUI Insider","url":"https:\/\/www.tui.at\/blog\/author\/tui-insider\/"}]}},"_links":{"self":[{"href":"https:\/\/www.tui.at\/blog\/wp-json\/wp\/v2\/posts\/487933","targetHints":{"allow":["GET"]}}],"collection":[{"href":"https:\/\/www.tui.at\/blog\/wp-json\/wp\/v2\/posts"}],"about":[{"href":"https:\/\/www.tui.at\/blog\/wp-json\/wp\/v2\/types\/post"}],"author":[{"embeddable":true,"href":"https:\/\/www.tui.at\/blog\/wp-json\/wp\/v2\/users\/221"}],"replies":[{"embeddable":true,"href":"https:\/\/www.tui.at\/blog\/wp-json\/wp\/v2\/comments?post=487933"}],"version-history":[{"count":2,"href":"https:\/\/www.tui.at\/blog\/wp-json\/wp\/v2\/posts\/487933\/revisions"}],"predecessor-version":[{"id":491797,"href":"https:\/\/www.tui.at\/blog\/wp-json\/wp\/v2\/posts\/487933\/revisions\/491797"}],"wp:featuredmedia":[{"embeddable":true,"href":"https:\/\/www.tui.at\/blog\/wp-json\/wp\/v2\/media\/487934"}],"wp:attachment":[{"href":"https:\/\/www.tui.at\/blog\/wp-json\/wp\/v2\/media?parent=487933"}],"wp:term":[{"taxonomy":"category","embeddable":true,"href":"https:\/\/www.tui.at\/blog\/wp-json\/wp\/v2\/categories?post=487933"},{"taxonomy":"post_tag","embeddable":true,"href":"https:\/\/www.tui.at\/blog\/wp-json\/wp\/v2\/tags?post=487933"}],"curies":[{"name":"wp","href":"https:\/\/api.w.org\/{rel}","templated":true}]}}