{"id":487766,"date":"2018-07-16T15:37:58","date_gmt":"2018-07-16T13:37:58","guid":{"rendered":"https:\/\/www.tui.at\/blog\/sehnsucht-nach-meer-7-gruende-fuer-einen-urlaub-auf-menorca\/"},"modified":"2025-10-24T11:39:25","modified_gmt":"2025-10-24T09:39:25","slug":"sehnsucht-nach-meer-7-gruende-fuer-einen-urlaub-auf-menorca","status":"publish","type":"post","link":"https:\/\/www.tui.at\/blog\/sehnsucht-nach-meer-7-gruende-fuer-einen-urlaub-auf-menorca\/","title":{"rendered":"Sehnsucht nach Meer: 7 Gr\u00fcnde f\u00fcr einen Urlaub auf Menorca"},"content":{"rendered":"<p><div class=\"legacy-fusion-title\"><h2>1. Wegen der malerischen Str\u00e4nde nach Menorca reisen<\/h2><\/div><div class=\"legacy-fusion-text\">Wer in den Urlaub f\u00e4hrt, um den ganzen Tag am Strand zu liegen, wird sich auf <a href=\"https:\/\/www.tui.at\/pauschalreisen\/spanien\/menorca\/\" target=\"_blank\" rel=\"noopener\">Menorca<\/a> im Siebten Himmel w\u00e4hnen. Auf der Insel findet man\u00a0<strong>100 Str\u00e4nde und Buchten entlang der 285 Kilometer langen K\u00fcstenlinie<\/strong>. Denn Naturschutz spielt auf der Insel eine gro\u00dfe Rolle: Im Jahre\u00a01993\u00a0wurde Menorca <strong>von der UNESCO zu einem\u00a0Biosph\u00e4renreservat<\/strong>\u00a0erkl\u00e4rt. Deshalb schwimmt man hier an naturbelassenen Str\u00e4nden und in oft menschenleeren Buchten. Die sch\u00f6nsten Str\u00e4nde sind unter anderem <strong>Cala Pilar, Cala Turqueta und Playa De Cavalleria<\/strong>.<br \/>\n<strong>Tipp:<\/strong> Je fr\u00fcher man aufsteht, umso eher kann man eine einsame Bucht f\u00fcr sich haben. Unbedingt einkalkulieren, dass die ruhigen Str\u00e4nde manchmal abgelegen sind und man ein paar\u00a0Kilometer zu Fu\u00df gehen muss. Gute Schuhe und Wasser geh\u00f6ren also unbedingt in die Strandtasche!<\/p>\n<figure id=\"attachment_15847\" aria-describedby=\"caption-attachment-15847\" style=\"width: 1790px\" class=\"wp-caption aligncenter\"><img loading=\"lazy\" decoding=\"async\" class=\"wp-image-15847 size-full\" src=\"https:\/\/www.tui.at\/blog\/wp-content\/uploads\/2018\/07\/03_Menorca_Tipps_Urlaub_Jasmin-Kreulitsch.jpg\" alt=\" Sehnsucht nach Meer: 7 Gr\u00fcnde f\u00fcr einen Urlaub auf Menorca\" width=\"1800\" height=\"1200\" \/><figcaption id=\"caption-attachment-15847\" class=\"wp-caption-text\">TUI-Bloggerin Jasmin Kreulitsch an der Cala Turqueta.<\/figcaption><\/figure>\n<figure id=\"attachment_15845\" aria-describedby=\"caption-attachment-15845\" style=\"width: 1590px\" class=\"wp-caption aligncenter\"><img loading=\"lazy\" decoding=\"async\" class=\"wp-image-15845 size-full\" src=\"https:\/\/www.tui.at\/blog\/wp-content\/uploads\/2018\/07\/01_Menorca_Tipps_Urlaub_Jasmin-Kreulitsch.jpg\" alt=\"Sehnsucht nach Meer: 7 Gr\u00fcnde f\u00fcr einen Urlaub auf Menorca\" width=\"1600\" height=\"1067\" \/><figcaption id=\"caption-attachment-15845\" class=\"wp-caption-text\">Einer der sch\u00f6nsten Str\u00e4nde auf Menorca ist der Playa De Cavalleria.<\/figcaption><\/figure>\n<figure id=\"attachment_15846\" aria-describedby=\"caption-attachment-15846\" style=\"width: 1790px\" class=\"wp-caption aligncenter\"><img loading=\"lazy\" decoding=\"async\" class=\"wp-image-15846 size-full\" src=\"https:\/\/www.tui.at\/blog\/wp-content\/uploads\/2018\/07\/02_Menorca_Tipps_Urlaub_Jasmin-Kreulitsch.jpg\" alt=\"Sehnsucht nach Meer: 7 Gr\u00fcnde f\u00fcr einen Urlaub auf Menorca\" width=\"1800\" height=\"1200\" \/><figcaption id=\"caption-attachment-15846\" class=\"wp-caption-text\">Auf Menorca gibt es rund 100 Str\u00e4nde und Buchten zum Baden.<\/figcaption><\/figure>\n<p><\/div><div class=\"legacy-fullwidth\"><div class=\"legacy-fusion-title\"><h2>2. Zum Wandern nach Menorca reisen<\/h2><\/div><div class=\"legacy-fusion-text\">Wer im Urlaub nicht nur in der Sonne\u00a0liegen mag, kann die Insel zu Fu\u00df erkunden und auf dem ber\u00fchmtesten Wanderweg Menorcas wandern. Der <strong>Cam\u00eds de Cavalls<\/strong> (deutsch: Pferdeweg) erz\u00e4hlt eine lange Geschichte: Schon im 14. Jahrhundert legten die Menorquiner den Weg an, um Feinde rechtzeitig zu entdecken. Deshalb f\u00fchren weite Teile der Strecke auch entlang der K\u00fcste. <strong>2009 wurde der 185 Kilometer lange Wanderweg<\/strong> erneuert und verbessert, sodass einer sch\u00f6nen Wanderung nichts im Wege steht. Besonders toll ist, dass die Route <strong>an den sch\u00f6nsten Buchten<\/strong> vorbeif\u00fchrt und man zwischendurch immer wieder ins Wasser h\u00fcpfen kann.<br \/>\n<strong>Tipp:<\/strong> Die sch\u00f6nste Teilstrecke liegt im S\u00fcden zwischen Cala Galdana und Santo Tomas und f\u00fchrt entlang mehrerer sch\u00f6ner Buchten!<\/p>\n<figure id=\"attachment_15848\" aria-describedby=\"caption-attachment-15848\" style=\"width: 1590px\" class=\"wp-caption aligncenter\"><img loading=\"lazy\" decoding=\"async\" class=\"wp-image-15848 size-full\" src=\"https:\/\/www.tui.at\/blog\/wp-content\/uploads\/2018\/07\/04_Menorca_Tipps_Urlaub_Jasmin-Kreulitsch.jpg\" alt=\"Sehnsucht nach Meer: 7 Gr\u00fcnde f\u00fcr einen Urlaub auf Menorca \" width=\"1600\" height=\"1067\" \/><figcaption id=\"caption-attachment-15848\" class=\"wp-caption-text\">Der Cam\u00eds de Cavalls ist gut gekennzeichnet.<\/figcaption><\/figure>\n<figure id=\"attachment_15849\" aria-describedby=\"caption-attachment-15849\" style=\"width: 1790px\" class=\"wp-caption aligncenter\"><img loading=\"lazy\" decoding=\"async\" class=\"wp-image-15849 size-full\" src=\"https:\/\/www.tui.at\/blog\/wp-content\/uploads\/2018\/07\/05_Menorca_Tipps_Urlaub_Jasmin-Kreulitsch.jpg\" alt=\"Sehnsucht nach Meer: 7 Gr\u00fcnde f\u00fcr einen Urlaub auf Menorca \" width=\"1800\" height=\"1200\" \/><figcaption id=\"caption-attachment-15849\" class=\"wp-caption-text\">Der Wanderweg f\u00fchrt an vielen sch\u00f6nen Buchten vorbei.<\/figcaption><\/figure>\n<figure id=\"attachment_15850\" aria-describedby=\"caption-attachment-15850\" style=\"width: 1790px\" class=\"wp-caption aligncenter\"><img loading=\"lazy\" decoding=\"async\" class=\"wp-image-15850 size-full\" src=\"https:\/\/www.tui.at\/blog\/wp-content\/uploads\/2018\/07\/06_Menorca_Tipps_Urlaub_Jasmin-Kreulitsch.jpg\" alt=\"Sehnsucht nach Meer: 7 Gr\u00fcnde f\u00fcr einen Urlaub auf Menorca \" width=\"1800\" height=\"1200\" \/><figcaption id=\"caption-attachment-15850\" class=\"wp-caption-text\">\u00dcberall auf der Insel findet man Karten des Cam\u00eds de Cavalls.<\/figcaption><\/figure>\n<p><\/div><\/div><div class=\"legacy-fullwidth\"><div class=\"legacy-fusion-title\"><h2>3. Um das h\u00fcbscheste Dorf auf Menorca zu erkunden<\/h2><\/div><div class=\"legacy-fusion-text\">Auf <a href=\"https:\/\/www.tui.at\/pauschalreisen\/spanien\/menorca\/\" target=\"_blank\" rel=\"noopener\">Menorca<\/a> gibt es viele kleine D\u00f6rfer, die man besuchen kann. Es gibt jedoch eines, das besonders ins Auge f\u00e4llt: Im S\u00fcdosten der Insel liegt <strong>Binibeca Vell<\/strong>, auf den ersten Blick ein traditionelles Fischerdorf. Doch der Schein tr\u00fcgt: Das ganz in Wei\u00df gehaltene D\u00f6rfchen wurde erst im Jahr 1972 vom <strong>menorquinischen Architekten Antonio Sintes Mercadal<\/strong> entworfen \u2013 und gewann sogar einen Architekturpreis! Das ist kein Wunder: Das kleine Dorf bezaubert <strong>mit engen Kopfsteing\u00e4sschen, wei\u00df get\u00fcnchten Wohnungen und maurischen B\u00f6gen.<\/strong><br \/>\n<strong>Tipp:<\/strong> Wer hier urlauben will, kann sich eine Ferienwohnung mieten \u2013 oder direkt neben Binibeca Vell im Hotel \u201eTUI Sensimar Binibeca\u201c einchecken. Das Adults-only-Haus liegt direkt an der K\u00fcste und bietet einen umwerfenden Blick auf das Dorf!<\/p>\n<figure id=\"attachment_15854\" aria-describedby=\"caption-attachment-15854\" style=\"width: 1790px\" class=\"wp-caption aligncenter\"><img loading=\"lazy\" decoding=\"async\" class=\"wp-image-15854 size-full\" src=\"https:\/\/www.tui.at\/blog\/wp-content\/uploads\/2018\/07\/07_Menorca_Tipps_Urlaub_Jasmin-Kreulitsch.jpg\" alt=\"Sehnsucht nach Meer: 7 Gr\u00fcnde f\u00fcr einen Urlaub auf Menorca \" width=\"1800\" height=\"1200\" \/><figcaption id=\"caption-attachment-15854\" class=\"wp-caption-text\">Binibeca Vell ist das instagram-tauglichste Dorf auf Menorca.<\/figcaption><\/figure>\n<figure id=\"attachment_15855\" aria-describedby=\"caption-attachment-15855\" style=\"width: 1790px\" class=\"wp-caption aligncenter\"><img loading=\"lazy\" decoding=\"async\" class=\"wp-image-15855 size-full\" src=\"https:\/\/www.tui.at\/blog\/wp-content\/uploads\/2018\/07\/08_Menorca_Tipps_Urlaub_Jasmin-Kreulitsch.jpg\" alt=\"Sehnsucht nach Meer: 7 Gr\u00fcnde f\u00fcr einen Urlaub auf Menorca \" width=\"1800\" height=\"1200\" \/><figcaption id=\"caption-attachment-15855\" class=\"wp-caption-text\">TUI-Bloggerin Jasmin Kreulitsch erkundet die kleinen Gassen von Binibeca Vell.<\/figcaption><\/figure>\n<figure id=\"attachment_15857\" aria-describedby=\"caption-attachment-15857\" style=\"width: 1790px\" class=\"wp-caption aligncenter\"><img loading=\"lazy\" decoding=\"async\" class=\"wp-image-15857 size-full\" src=\"https:\/\/www.tui.at\/blog\/wp-content\/uploads\/2018\/07\/10_Menorca_Tipps_Urlaub_Jasmin-Kreulitsch.jpg\" alt=\"Sehnsucht nach Meer: 7 Gr\u00fcnde f\u00fcr einen Urlaub auf Menorca \" width=\"1800\" height=\"1200\" \/><figcaption id=\"caption-attachment-15857\" class=\"wp-caption-text\">Das &#8222;TUI Sensimar Binibeca&#8220; liegt direkt gegen\u00fcber von Binibeca Vell.<\/figcaption><\/figure>\n<figure id=\"attachment_15856\" aria-describedby=\"caption-attachment-15856\" style=\"width: 1790px\" class=\"wp-caption aligncenter\"><img loading=\"lazy\" decoding=\"async\" class=\"wp-image-15856 size-full\" src=\"https:\/\/www.tui.at\/blog\/wp-content\/uploads\/2018\/07\/09_Menorca_Tipps_Urlaub_Jasmin-Kreulitsch.jpg\" alt=\"Sehnsucht nach Meer: 7 Gr\u00fcnde f\u00fcr einen Urlaub auf Menorca \" width=\"1800\" height=\"1200\" \/><figcaption id=\"caption-attachment-15856\" class=\"wp-caption-text\">TUI-Bloggerin Jasmin Kreulitsch hat im &#8222;TUI Sensimar Binibeca&#8220; eingecheckt &#8211; und genoss den Blick auf Binibeca Vell.<\/figcaption><\/figure>\n<p><\/div><\/div><div class=\"legacy-fullwidth\"><div class=\"legacy-fusion-title\"><h2>4. Um die St\u00e4dte auf Menorca kennenzulernen<\/h2><\/div><div class=\"legacy-fusion-text\">Was man sich\u00a0w\u00e4hrend eines Urlaubs auf Menorca auf keinen Fall entgehen lassen darf, ist ein <strong>Tagesausflug in einer der Inselst\u00e4dte<\/strong>. Ob <strong>Mahon im Osten<\/strong> oder <strong>Ciutadella im Westen<\/strong>: Die zwei St\u00e4dte der Insel sind so unterschiedlich, dass man sich eigentlich beide anschauen muss. Das Busnetz der Insel ist zudem gut erschlossen, sodass man aus jedem Urlaubsort ganz einfach in die St\u00e4dte kommt und sich dann <strong>durch die engen und bunten Gassen<\/strong> treiben lassen kann. Hier entdeckt man nicht nur <strong>spanisches Flair<\/strong>, sondern auch viele <strong>\u00dcberbleibsel aus der britischen Kolonialzeit<\/strong> \u2013 und nat\u00fcrlich jede Menge Caf\u00e9s, Restaurants und Gesch\u00e4fte.<br \/>\n<strong>Tipp:<\/strong> Um das Flair beider St\u00e4dte zu genie\u00dfen, setzt man sich am besten in eines der vielen Stra\u00dfencaf\u00e9s, trinkt einen Cafe con leche \u2013 schon ab 1,50 \u20ac &#8211; und beobachtet einfach nur das bunte Treiben.<\/p>\n<figure id=\"attachment_15858\" aria-describedby=\"caption-attachment-15858\" style=\"width: 1790px\" class=\"wp-caption aligncenter\"><img loading=\"lazy\" decoding=\"async\" class=\"wp-image-15858 size-full\" src=\"https:\/\/www.tui.at\/blog\/wp-content\/uploads\/2018\/07\/11_Menorca_Tipps_Urlaub_Jasmin-Kreulitsch.jpg\" alt=\"Sehnsucht nach Meer: 7 Gr\u00fcnde f\u00fcr einen Urlaub auf Menorca \" width=\"1800\" height=\"1200\" \/><figcaption id=\"caption-attachment-15858\" class=\"wp-caption-text\">Ob in Mahon im Osten oder in Ciutadella im Westen: Die St\u00e4dte auf Menorca bezaubern mit malerischen Gassen.<\/figcaption><\/figure>\n<figure id=\"attachment_15859\" aria-describedby=\"caption-attachment-15859\" style=\"width: 1790px\" class=\"wp-caption aligncenter\"><img loading=\"lazy\" decoding=\"async\" class=\"wp-image-15859 size-full\" src=\"https:\/\/www.tui.at\/blog\/wp-content\/uploads\/2018\/07\/12_Menorca_Tipps_Urlaub_Jasmin-Kreulitsch.jpg\" alt=\"Sehnsucht nach Meer: 7 Gr\u00fcnde f\u00fcr einen Urlaub auf Menorca \" width=\"1800\" height=\"1200\" \/><figcaption id=\"caption-attachment-15859\" class=\"wp-caption-text\">Bunte Fassaden hoch \u00fcber dem Hafen von Mahon.<\/figcaption><\/figure>\n<figure id=\"attachment_15860\" aria-describedby=\"caption-attachment-15860\" style=\"width: 1790px\" class=\"wp-caption aligncenter\"><img loading=\"lazy\" decoding=\"async\" class=\"wp-image-15860 size-full\" src=\"https:\/\/www.tui.at\/blog\/wp-content\/uploads\/2018\/07\/13_Menorca_Tipps_Urlaub_Jasmin-Kreulitsch.jpg\" alt=\"Sehnsucht nach Meer: 7 Gr\u00fcnde f\u00fcr einen Urlaub auf Menorca \" width=\"1800\" height=\"1200\" \/><figcaption id=\"caption-attachment-15860\" class=\"wp-caption-text\">Bei einem Spaziergang durch die St\u00e4dte entdeckt man wunderh\u00fcbsche Geb\u00e4ude.<\/figcaption><\/figure>\n<p><\/div><\/div><div class=\"legacy-fullwidth\"><div class=\"legacy-fusion-title\"><h2>5. Wegen Gin Tonic und Pomada auf Menorca Urlaub machen<\/h2><\/div><div class=\"legacy-fusion-text\">Obwohl auf Menorca die besten Weine Spaniens serviert werden, ist es ein anderes Getr\u00e4nk, das hier f\u00fcr Furore sorgt \u2013 und das schon seit mehreren Jahrhunderten.<strong> Zur Zeit der Besetzung der Briten im 18. Jahrhundert kam der Wunsch nach einem guten Gin auf.<\/strong> Doch den gab es auf Menorca bis dato nicht. Grund genug f\u00fcr die <strong>Familie Xoriguer<\/strong>, den ersten Gin der Insel zu kreieren. Noch heute schl\u00fcrfen Urlauber das gelungene Ergebnis, das seit damals in der <strong>Destiler\u00edas Xoriguer<\/strong> (Moll de Ponent 91) nach einem geheimen Familienrezept hergestellt wird. \u00dcbrigens: Neben einem klassischen <strong>Gin Tonic<\/strong> wird der Gin der Insel auch mit Zitronensaft getrunken. Das <strong>Inselgetr\u00e4nk \u201ePomada\u201c besteht aus\u00a0Gin, Zitronenlimonade und viel Eis<\/strong> und ist in wirklich jedem Lokal erh\u00e4ltlich.<br \/>\n<strong>Tipp:<\/strong> Einer der sch\u00f6nsten Pl\u00e4tze, um Pomada zu schl\u00fcrfen, ist die H\u00f6hlenbar \u201eCova d\u2019en Xoroi\u201c bei Cala en Porter \u2013 eine sehr l\u00e4ssige Bar, die hoch \u00fcber dem Meer in einer H\u00f6hle gebaut wurde!<\/p>\n<figure id=\"attachment_15861\" aria-describedby=\"caption-attachment-15861\" style=\"width: 1790px\" class=\"wp-caption aligncenter\"><img loading=\"lazy\" decoding=\"async\" class=\"wp-image-15861 size-full\" src=\"https:\/\/www.tui.at\/blog\/wp-content\/uploads\/2018\/07\/14_Menorca_Tipps_Urlaub_Jasmin-Kreulitsch.jpg\" alt=\"Sehnsucht nach Meer: 7 Gr\u00fcnde f\u00fcr einen Urlaub auf Menorca \" width=\"1800\" height=\"1200\" \/><figcaption id=\"caption-attachment-15861\" class=\"wp-caption-text\">Direkt am Hafen von Mahon ist die Destiler\u00edas Xoriguer.<\/figcaption><\/figure>\n<figure id=\"attachment_15863\" aria-describedby=\"caption-attachment-15863\" style=\"width: 1790px\" class=\"wp-caption aligncenter\"><img loading=\"lazy\" decoding=\"async\" class=\"wp-image-15863 size-full\" src=\"https:\/\/www.tui.at\/blog\/wp-content\/uploads\/2018\/07\/16_Menorca_Tipps_Urlaub_Jasmin-Kreulitsch.jpg\" alt=\"Sehnsucht nach Meer: 7 Gr\u00fcnde f\u00fcr einen Urlaub auf Menorca \" width=\"1800\" height=\"1200\" \/><figcaption id=\"caption-attachment-15863\" class=\"wp-caption-text\">Das Inselgetr\u00e4nk Gin schmeckt am Strand am besten.<\/figcaption><\/figure>\n<figure id=\"attachment_15864\" aria-describedby=\"caption-attachment-15864\" style=\"width: 1790px\" class=\"wp-caption aligncenter\"><img loading=\"lazy\" decoding=\"async\" class=\"wp-image-15864 size-full\" src=\"https:\/\/www.tui.at\/blog\/wp-content\/uploads\/2018\/07\/17_Menorca_Tipps_Urlaub_Jasmin-Kreulitsch.jpg\" alt=\"Sehnsucht nach Meer: 7 Gr\u00fcnde f\u00fcr einen Urlaub auf Menorca \" width=\"1800\" height=\"1200\" \/><figcaption id=\"caption-attachment-15864\" class=\"wp-caption-text\">Besonders cool ist die H\u00f6hlenbar \u201eCova d\u2019en Xoroi\u201c.<\/figcaption><\/figure>\n<p><\/div><\/div><div class=\"legacy-fullwidth\"><div class=\"legacy-fusion-title\"><h2>6. Wegen einer Hafen-Rundfahrt nach Menorca reisen<\/h2><\/div><div class=\"legacy-fusion-text\">Ist man in der Inselhauptstadt Mahon, gibt es eine Sache, die man sich keinesfalls entgehen lassen darf: eine <strong>Hafenrundfahrt<\/strong>. Denn der Hafen von Mahon ist der <strong>gr\u00f6\u00dfte Naturhafen im Mittelmeer und nach dem Hafen in Sydney der gr\u00f6\u00dfte Naturhafen der Welt!<\/strong> Steht man am Uferkai, kann man schon erahnen, wie gro\u00df das Gebiet ist: <strong>Der Fjord ist 5,5 km lang und bis zu 1,2 km breit!<\/strong> Doch erst, wenn man auf dem Wasser schippert, erkennt man die unendliche Weite des Hafengel\u00e4ndes mit seinen Inseln, Festungen und D\u00f6rfern. Deshalb sollte man unbedingt eine Hafenrundfahrt machen, z. B. \u00fcber yellowcatamarans.com um ca. \u20ac 12,50\/Person).<br \/>\n<strong>Tipp:<\/strong> Die Tickets f\u00fcr die Hafenrundfahrt kann man vorab online kaufen, dann spart man sich Zeit und muss sich nicht anstellen.<\/p>\n<figure id=\"attachment_15865\" aria-describedby=\"caption-attachment-15865\" style=\"width: 1790px\" class=\"wp-caption aligncenter\"><img loading=\"lazy\" decoding=\"async\" class=\"wp-image-15865 size-full\" src=\"https:\/\/www.tui.at\/blog\/wp-content\/uploads\/2018\/07\/18_Menorca_Tipps_Urlaub_Jasmin-Kreulitsch.jpg\" alt=\"Sehnsucht nach Meer: 7 Gr\u00fcnde f\u00fcr einen Urlaub auf Menorca \" width=\"1800\" height=\"1200\" \/><figcaption id=\"caption-attachment-15865\" class=\"wp-caption-text\">Von der Altstadt in Mahon hat man einen tollen Blick \u00fcber den Hafen.<\/figcaption><\/figure>\n<figure id=\"attachment_15866\" aria-describedby=\"caption-attachment-15866\" style=\"width: 1790px\" class=\"wp-caption aligncenter\"><img loading=\"lazy\" decoding=\"async\" class=\"wp-image-15866 size-full\" src=\"https:\/\/www.tui.at\/blog\/wp-content\/uploads\/2018\/07\/19_Menorca_Tipps_Urlaub_Jasmin-Kreulitsch.jpg\" alt=\"Sehnsucht nach Meer: 7 Gr\u00fcnde f\u00fcr einen Urlaub auf Menorca \" width=\"1800\" height=\"1200\" \/><figcaption id=\"caption-attachment-15866\" class=\"wp-caption-text\">Eine Hafenrundfahrt dauert rund 1,5 Stunden.<\/figcaption><\/figure>\n<figure id=\"attachment_15867\" aria-describedby=\"caption-attachment-15867\" style=\"width: 1790px\" class=\"wp-caption aligncenter\"><img loading=\"lazy\" decoding=\"async\" class=\"wp-image-15867 size-full\" src=\"https:\/\/www.tui.at\/blog\/wp-content\/uploads\/2018\/07\/20_Menorca_Tipps_Urlaub_Jasmin-Kreulitsch.jpg\" alt=\"Sehnsucht nach Meer: 7 Gr\u00fcnde f\u00fcr einen Urlaub auf Menorca \" width=\"1800\" height=\"1200\" \/><figcaption id=\"caption-attachment-15867\" class=\"wp-caption-text\">Vom Wasser aus entdeckt man die sch\u00f6nsten Orte rund um Mahon.<\/figcaption><\/figure>\n<p class=\"wp-caption-dd\"><\/div><\/div><div class=\"legacy-fullwidth\"><div class=\"legacy-fusion-title\"><h2>7. Um im Urlaub Schuhe auf Menorca zu shoppen<\/h2><\/div><div class=\"legacy-fusion-text\">Eine der sch\u00f6nste Erfindungen von Menorca entstand aus einem ganz praktischen Grund vor \u00fcber 100 Jahren: <strong>Weil Schuhe vom spanischen Festland schwer zu bekommen waren, kreierten die Insulaner aus dem alten Gummi von Autoreifen und Leder Sandalen.<\/strong> Heute gibt es die traditionellen und vor allem bequemen <strong>\u201eAvarcas\u201c<\/strong> \u00fcberall auf der Insel zu kaufen \u2013 f\u00fcr nur 25 \u20ac pro Paar. Wichtig: Das Original tr\u00e4gt stets den Stempel <strong>\u201eAvarca de Menorca\u201c<\/strong>! Aber auch die Trendschuhe <strong>\u201ePretty Ballerinas\u201c<\/strong>, die von vielen Hollywoodstars \u2013 allen voran von Olivia Palermo &#8211; getragen werden, stammen von Menorca und wurden von Jaime Mascar\u00f3 erfunden.<br \/>\n<strong>Tipp:<\/strong> Im Dorf Ferreries sind die Outlets der besten Schuhlabels der Insel: der Factory Shop von \u201ePretty Ballerinas\u201c (Calle Poife, 0 S\/N), der \u201eMibo Factory Shop\u201c (Pol\u00edgono Industrial, Nave, B-6) und \u201eRia\u201c (Carrer dels Trencadors 25).<\/p>\n<figure id=\"attachment_15868\" aria-describedby=\"caption-attachment-15868\" style=\"width: 1790px\" class=\"wp-caption aligncenter\"><img loading=\"lazy\" decoding=\"async\" class=\"wp-image-15868 size-full\" src=\"https:\/\/www.tui.at\/blog\/wp-content\/uploads\/2018\/07\/21_Menorca_Tipps_Urlaub_Jasmin-Kreulitsch.jpg\" alt=\"Sehnsucht nach Meer: 7 Gr\u00fcnde f\u00fcr einen Urlaub auf Menorca \" width=\"1800\" height=\"1200\" \/><figcaption id=\"caption-attachment-15868\" class=\"wp-caption-text\">Bunt, bunter, \u201eAvarcas\u201c: Die Inselsandalen gibt es in allen m\u00f6glichen Farben!<\/figcaption><\/figure>\n<figure id=\"attachment_15870\" aria-describedby=\"caption-attachment-15870\" style=\"width: 1790px\" class=\"wp-caption aligncenter\"><img loading=\"lazy\" decoding=\"async\" class=\"wp-image-15870 size-full\" src=\"https:\/\/www.tui.at\/blog\/wp-content\/uploads\/2018\/07\/23_Menorca_Tipps_Urlaub_Jasmin-Kreulitsch.jpg\" alt=\"Sehnsucht nach Meer: 7 Gr\u00fcnde f\u00fcr einen Urlaub auf Menorca \" width=\"1800\" height=\"1200\" \/><figcaption id=\"caption-attachment-15870\" class=\"wp-caption-text\">Das ber\u00fchmte Label &#8222;Pretty Ballerinas&#8220; wurde auf der Insel Menorca erfunden.<\/figcaption><\/figure>\n<p><\/div><\/div><\/p>\n","protected":false},"excerpt":{"rendered":"<p>Str\u00e4nde, Sonne, Schuhe: Menorca steht oft im Schatten der Schwesterinseln Mallorca und Ibiza, dabei verzaubert die kleine Balearen-Insel Urlauber nicht nur mit unz\u00e4hligen Sonnentagen und malerischen Str\u00e4nden, sondern auch mit den sch\u00f6nsten Schuhen und dem leckersten Sundowner Spaniens.<\/p>\n","protected":false},"author":217,"featured_media":487767,"comment_status":"open","ping_status":"closed","sticky":false,"template":"","format":"standard","meta":{"_acf_changed":false,"footnotes":""},"categories":[5146],"tags":[4892,4948,4933,4949,4950,4936,4879],"class_list":["post-487766","post","type-post","status-publish","format-standard","has-post-thumbnail","hentry","category-archiv-urlaub-am-meer","tag-insidertipps","tag-menorca","tag-reiseblog","tag-spanien","tag-strand","tag-tui-insider","tag-urlaub"],"acf":[],"yoast_head":"<!-- This site is optimized with the Yoast SEO plugin v27.4 - https:\/\/yoast.com\/product\/yoast-seo-wordpress\/ -->\n<title>Sehnsucht nach Meer: 7 Gr\u00fcnde f\u00fcr einen Urlaub auf Menorca - TUI.at Reiseblog<\/title>\n<meta name=\"robots\" content=\"index, follow, max-snippet:-1, max-image-preview:large, max-video-preview:-1\" \/>\n<link rel=\"canonical\" href=\"https:\/\/www.tui.at\/blog\/sehnsucht-nach-meer-7-gruende-fuer-einen-urlaub-auf-menorca\/\" \/>\n<meta property=\"og:locale\" content=\"de_DE\" \/>\n<meta property=\"og:type\" content=\"article\" \/>\n<meta property=\"og:title\" content=\"Sehnsucht nach Meer: 7 Gr\u00fcnde f\u00fcr einen Urlaub auf Menorca - TUI.at Reiseblog\" \/>\n<meta property=\"og:description\" content=\"Str\u00e4nde, Sonne, Schuhe: Menorca steht oft im Schatten der Schwesterinseln Mallorca und Ibiza, dabei verzaubert die kleine Balearen-Insel Urlauber nicht nur mit unz\u00e4hligen Sonnentagen und malerischen Str\u00e4nden, sondern auch mit den sch\u00f6nsten Schuhen und dem leckersten Sundowner Spaniens.\" \/>\n<meta property=\"og:url\" content=\"https:\/\/www.tui.at\/blog\/sehnsucht-nach-meer-7-gruende-fuer-einen-urlaub-auf-menorca\/\" \/>\n<meta property=\"og:site_name\" content=\"TUI.at Reiseblog\" \/>\n<meta property=\"article:published_time\" content=\"2018-07-16T13:37:58+00:00\" \/>\n<meta property=\"article:modified_time\" content=\"2025-10-24T09:39:25+00:00\" \/>\n<meta property=\"og:image\" content=\"https:\/\/www.tui.at\/blog\/wp-content\/uploads\/2018\/07\/shutterstock_356826923.jpg\" \/>\n\t<meta property=\"og:image:width\" content=\"1600\" \/>\n\t<meta property=\"og:image:height\" content=\"1067\" \/>\n\t<meta property=\"og:image:type\" content=\"image\/jpeg\" \/>\n<meta name=\"author\" content=\"Jasmin\" \/>\n<meta name=\"twitter:card\" content=\"summary_large_image\" \/>\n<meta name=\"twitter:label1\" content=\"Verfasst von\" \/>\n\t<meta name=\"twitter:data1\" content=\"Jasmin\" \/>\n\t<meta name=\"twitter:label2\" content=\"Gesch\u00e4tzte Lesezeit\" \/>\n\t<meta name=\"twitter:data2\" content=\"9\u00a0Minuten\" \/>\n<script type=\"application\/ld+json\" class=\"yoast-schema-graph\">{\"@context\":\"https:\\\/\\\/schema.org\",\"@graph\":[{\"@type\":\"BlogPosting\",\"@id\":\"https:\\\/\\\/www.tui.at\\\/blog\\\/sehnsucht-nach-meer-7-gruende-fuer-einen-urlaub-auf-menorca\\\/#article\",\"isPartOf\":{\"@id\":\"https:\\\/\\\/www.tui.at\\\/blog\\\/sehnsucht-nach-meer-7-gruende-fuer-einen-urlaub-auf-menorca\\\/\"},\"author\":{\"name\":\"Jasmin\",\"@id\":\"https:\\\/\\\/www.tui.at\\\/blog\\\/#\\\/schema\\\/person\\\/8cb6477d5e81d57cac3acaecdd5e9a8d\"},\"headline\":\"Sehnsucht nach Meer: 7 Gr\u00fcnde f\u00fcr einen Urlaub auf Menorca\",\"datePublished\":\"2018-07-16T13:37:58+00:00\",\"dateModified\":\"2025-10-24T09:39:25+00:00\",\"mainEntityOfPage\":{\"@id\":\"https:\\\/\\\/www.tui.at\\\/blog\\\/sehnsucht-nach-meer-7-gruende-fuer-einen-urlaub-auf-menorca\\\/\"},\"wordCount\":1838,\"commentCount\":0,\"publisher\":{\"@id\":\"https:\\\/\\\/www.tui.at\\\/blog\\\/#organization\"},\"image\":{\"@id\":\"https:\\\/\\\/www.tui.at\\\/blog\\\/sehnsucht-nach-meer-7-gruende-fuer-einen-urlaub-auf-menorca\\\/#primaryimage\"},\"thumbnailUrl\":\"https:\\\/\\\/www.tui.at\\\/blog\\\/wp-content\\\/uploads\\\/2018\\\/07\\\/shutterstock_356826923.jpg\",\"keywords\":[\"Insidertipps\",\"Menorca\",\"Reiseblog\",\"Spanien\",\"Strand\",\"TUI Insider\",\"Urlaub\"],\"articleSection\":[\"Urlaub am Meer\"],\"inLanguage\":\"de\",\"potentialAction\":[{\"@type\":\"CommentAction\",\"name\":\"Comment\",\"target\":[\"https:\\\/\\\/www.tui.at\\\/blog\\\/sehnsucht-nach-meer-7-gruende-fuer-einen-urlaub-auf-menorca\\\/#respond\"]}]},{\"@type\":\"WebPage\",\"@id\":\"https:\\\/\\\/www.tui.at\\\/blog\\\/sehnsucht-nach-meer-7-gruende-fuer-einen-urlaub-auf-menorca\\\/\",\"url\":\"https:\\\/\\\/www.tui.at\\\/blog\\\/sehnsucht-nach-meer-7-gruende-fuer-einen-urlaub-auf-menorca\\\/\",\"name\":\"Sehnsucht nach Meer: 7 Gr\u00fcnde f\u00fcr einen Urlaub auf Menorca - TUI.at Reiseblog\",\"isPartOf\":{\"@id\":\"https:\\\/\\\/www.tui.at\\\/blog\\\/#website\"},\"primaryImageOfPage\":{\"@id\":\"https:\\\/\\\/www.tui.at\\\/blog\\\/sehnsucht-nach-meer-7-gruende-fuer-einen-urlaub-auf-menorca\\\/#primaryimage\"},\"image\":{\"@id\":\"https:\\\/\\\/www.tui.at\\\/blog\\\/sehnsucht-nach-meer-7-gruende-fuer-einen-urlaub-auf-menorca\\\/#primaryimage\"},\"thumbnailUrl\":\"https:\\\/\\\/www.tui.at\\\/blog\\\/wp-content\\\/uploads\\\/2018\\\/07\\\/shutterstock_356826923.jpg\",\"datePublished\":\"2018-07-16T13:37:58+00:00\",\"dateModified\":\"2025-10-24T09:39:25+00:00\",\"breadcrumb\":{\"@id\":\"https:\\\/\\\/www.tui.at\\\/blog\\\/sehnsucht-nach-meer-7-gruende-fuer-einen-urlaub-auf-menorca\\\/#breadcrumb\"},\"inLanguage\":\"de\",\"potentialAction\":[{\"@type\":\"ReadAction\",\"target\":[\"https:\\\/\\\/www.tui.at\\\/blog\\\/sehnsucht-nach-meer-7-gruende-fuer-einen-urlaub-auf-menorca\\\/\"]}]},{\"@type\":\"ImageObject\",\"inLanguage\":\"de\",\"@id\":\"https:\\\/\\\/www.tui.at\\\/blog\\\/sehnsucht-nach-meer-7-gruende-fuer-einen-urlaub-auf-menorca\\\/#primaryimage\",\"url\":\"https:\\\/\\\/www.tui.at\\\/blog\\\/wp-content\\\/uploads\\\/2018\\\/07\\\/shutterstock_356826923.jpg\",\"contentUrl\":\"https:\\\/\\\/www.tui.at\\\/blog\\\/wp-content\\\/uploads\\\/2018\\\/07\\\/shutterstock_356826923.jpg\",\"width\":1600,\"height\":1067,\"caption\":\"Menorca_Ufer\"},{\"@type\":\"BreadcrumbList\",\"@id\":\"https:\\\/\\\/www.tui.at\\\/blog\\\/sehnsucht-nach-meer-7-gruende-fuer-einen-urlaub-auf-menorca\\\/#breadcrumb\",\"itemListElement\":[{\"@type\":\"ListItem\",\"position\":1,\"name\":\"Startseite\",\"item\":\"https:\\\/\\\/www.tui.at\\\/blog\\\/\"},{\"@type\":\"ListItem\",\"position\":2,\"name\":\"Sehnsucht nach Meer: 7 Gr\u00fcnde f\u00fcr einen Urlaub auf Menorca\"}]},{\"@type\":\"WebSite\",\"@id\":\"https:\\\/\\\/www.tui.at\\\/blog\\\/#website\",\"url\":\"https:\\\/\\\/www.tui.at\\\/blog\\\/\",\"name\":\"TUI.at Reiseblog\",\"description\":\"Inspirationen f\u00fcr den perfekten Urlaub\",\"publisher\":{\"@id\":\"https:\\\/\\\/www.tui.at\\\/blog\\\/#organization\"},\"potentialAction\":[{\"@type\":\"SearchAction\",\"target\":{\"@type\":\"EntryPoint\",\"urlTemplate\":\"https:\\\/\\\/www.tui.at\\\/blog\\\/?s={search_term_string}\"},\"query-input\":{\"@type\":\"PropertyValueSpecification\",\"valueRequired\":true,\"valueName\":\"search_term_string\"}}],\"inLanguage\":\"de\"},{\"@type\":\"Organization\",\"@id\":\"https:\\\/\\\/www.tui.at\\\/blog\\\/#organization\",\"name\":\"TUI.at Reiseblog\",\"url\":\"https:\\\/\\\/www.tui.at\\\/blog\\\/\",\"logo\":{\"@type\":\"ImageObject\",\"inLanguage\":\"de\",\"@id\":\"https:\\\/\\\/www.tui.at\\\/blog\\\/#\\\/schema\\\/logo\\\/image\\\/\",\"url\":\"https:\\\/\\\/www.tui.at\\\/blog\\\/wp-content\\\/uploads\\\/2025\\\/09\\\/cropped-tui-logo-3.webp\",\"contentUrl\":\"https:\\\/\\\/www.tui.at\\\/blog\\\/wp-content\\\/uploads\\\/2025\\\/09\\\/cropped-tui-logo-3.webp\",\"width\":164,\"height\":72,\"caption\":\"TUI.at Reiseblog\"},\"image\":{\"@id\":\"https:\\\/\\\/www.tui.at\\\/blog\\\/#\\\/schema\\\/logo\\\/image\\\/\"}},{\"@type\":\"Person\",\"@id\":\"https:\\\/\\\/www.tui.at\\\/blog\\\/#\\\/schema\\\/person\\\/8cb6477d5e81d57cac3acaecdd5e9a8d\",\"name\":\"Jasmin\",\"description\":\"Jasmin Kreulitsch ist Reisejournalistin, Reisebloggerin und (Reise-)Buchautorin. Sie lebt in Wien und ist zu Hause in der ganzen Welt. Wenn sie zu ihren Recherchereisen aufbricht, hat sie dank einem ausgepr\u00e4gten Nerd-Gen wirklich alles dabei. Vor allem die Neugier auf neue Destinationen und die gro\u00dfe Lust, allen davon zu erz\u00e4hlen. Auf ihrem Reiseblog kosmopoetin.com nimmt sie ihre Leser in Travel Tales rund um den Globus mit.\",\"url\":\"https:\\\/\\\/www.tui.at\\\/blog\\\/author\\\/jasmin\\\/\"}]}<\/script>\n<!-- \/ Yoast SEO plugin. -->","yoast_head_json":{"title":"Sehnsucht nach Meer: 7 Gr\u00fcnde f\u00fcr einen Urlaub auf Menorca - TUI.at Reiseblog","robots":{"index":"index","follow":"follow","max-snippet":"max-snippet:-1","max-image-preview":"max-image-preview:large","max-video-preview":"max-video-preview:-1"},"canonical":"https:\/\/www.tui.at\/blog\/sehnsucht-nach-meer-7-gruende-fuer-einen-urlaub-auf-menorca\/","og_locale":"de_DE","og_type":"article","og_title":"Sehnsucht nach Meer: 7 Gr\u00fcnde f\u00fcr einen Urlaub auf Menorca - TUI.at Reiseblog","og_description":"Str\u00e4nde, Sonne, Schuhe: Menorca steht oft im Schatten der Schwesterinseln Mallorca und Ibiza, dabei verzaubert die kleine Balearen-Insel Urlauber nicht nur mit unz\u00e4hligen Sonnentagen und malerischen Str\u00e4nden, sondern auch mit den sch\u00f6nsten Schuhen und dem leckersten Sundowner Spaniens.","og_url":"https:\/\/www.tui.at\/blog\/sehnsucht-nach-meer-7-gruende-fuer-einen-urlaub-auf-menorca\/","og_site_name":"TUI.at Reiseblog","article_published_time":"2018-07-16T13:37:58+00:00","article_modified_time":"2025-10-24T09:39:25+00:00","og_image":[{"width":1600,"height":1067,"url":"https:\/\/www.tui.at\/blog\/wp-content\/uploads\/2018\/07\/shutterstock_356826923.jpg","type":"image\/jpeg"}],"author":"Jasmin","twitter_card":"summary_large_image","twitter_misc":{"Verfasst von":"Jasmin","Gesch\u00e4tzte Lesezeit":"9\u00a0Minuten"},"schema":{"@context":"https:\/\/schema.org","@graph":[{"@type":"BlogPosting","@id":"https:\/\/www.tui.at\/blog\/sehnsucht-nach-meer-7-gruende-fuer-einen-urlaub-auf-menorca\/#article","isPartOf":{"@id":"https:\/\/www.tui.at\/blog\/sehnsucht-nach-meer-7-gruende-fuer-einen-urlaub-auf-menorca\/"},"author":{"name":"Jasmin","@id":"https:\/\/www.tui.at\/blog\/#\/schema\/person\/8cb6477d5e81d57cac3acaecdd5e9a8d"},"headline":"Sehnsucht nach Meer: 7 Gr\u00fcnde f\u00fcr einen Urlaub auf Menorca","datePublished":"2018-07-16T13:37:58+00:00","dateModified":"2025-10-24T09:39:25+00:00","mainEntityOfPage":{"@id":"https:\/\/www.tui.at\/blog\/sehnsucht-nach-meer-7-gruende-fuer-einen-urlaub-auf-menorca\/"},"wordCount":1838,"commentCount":0,"publisher":{"@id":"https:\/\/www.tui.at\/blog\/#organization"},"image":{"@id":"https:\/\/www.tui.at\/blog\/sehnsucht-nach-meer-7-gruende-fuer-einen-urlaub-auf-menorca\/#primaryimage"},"thumbnailUrl":"https:\/\/www.tui.at\/blog\/wp-content\/uploads\/2018\/07\/shutterstock_356826923.jpg","keywords":["Insidertipps","Menorca","Reiseblog","Spanien","Strand","TUI Insider","Urlaub"],"articleSection":["Urlaub am Meer"],"inLanguage":"de","potentialAction":[{"@type":"CommentAction","name":"Comment","target":["https:\/\/www.tui.at\/blog\/sehnsucht-nach-meer-7-gruende-fuer-einen-urlaub-auf-menorca\/#respond"]}]},{"@type":"WebPage","@id":"https:\/\/www.tui.at\/blog\/sehnsucht-nach-meer-7-gruende-fuer-einen-urlaub-auf-menorca\/","url":"https:\/\/www.tui.at\/blog\/sehnsucht-nach-meer-7-gruende-fuer-einen-urlaub-auf-menorca\/","name":"Sehnsucht nach Meer: 7 Gr\u00fcnde f\u00fcr einen Urlaub auf Menorca - TUI.at Reiseblog","isPartOf":{"@id":"https:\/\/www.tui.at\/blog\/#website"},"primaryImageOfPage":{"@id":"https:\/\/www.tui.at\/blog\/sehnsucht-nach-meer-7-gruende-fuer-einen-urlaub-auf-menorca\/#primaryimage"},"image":{"@id":"https:\/\/www.tui.at\/blog\/sehnsucht-nach-meer-7-gruende-fuer-einen-urlaub-auf-menorca\/#primaryimage"},"thumbnailUrl":"https:\/\/www.tui.at\/blog\/wp-content\/uploads\/2018\/07\/shutterstock_356826923.jpg","datePublished":"2018-07-16T13:37:58+00:00","dateModified":"2025-10-24T09:39:25+00:00","breadcrumb":{"@id":"https:\/\/www.tui.at\/blog\/sehnsucht-nach-meer-7-gruende-fuer-einen-urlaub-auf-menorca\/#breadcrumb"},"inLanguage":"de","potentialAction":[{"@type":"ReadAction","target":["https:\/\/www.tui.at\/blog\/sehnsucht-nach-meer-7-gruende-fuer-einen-urlaub-auf-menorca\/"]}]},{"@type":"ImageObject","inLanguage":"de","@id":"https:\/\/www.tui.at\/blog\/sehnsucht-nach-meer-7-gruende-fuer-einen-urlaub-auf-menorca\/#primaryimage","url":"https:\/\/www.tui.at\/blog\/wp-content\/uploads\/2018\/07\/shutterstock_356826923.jpg","contentUrl":"https:\/\/www.tui.at\/blog\/wp-content\/uploads\/2018\/07\/shutterstock_356826923.jpg","width":1600,"height":1067,"caption":"Menorca_Ufer"},{"@type":"BreadcrumbList","@id":"https:\/\/www.tui.at\/blog\/sehnsucht-nach-meer-7-gruende-fuer-einen-urlaub-auf-menorca\/#breadcrumb","itemListElement":[{"@type":"ListItem","position":1,"name":"Startseite","item":"https:\/\/www.tui.at\/blog\/"},{"@type":"ListItem","position":2,"name":"Sehnsucht nach Meer: 7 Gr\u00fcnde f\u00fcr einen Urlaub auf Menorca"}]},{"@type":"WebSite","@id":"https:\/\/www.tui.at\/blog\/#website","url":"https:\/\/www.tui.at\/blog\/","name":"TUI.at Reiseblog","description":"Inspirationen f\u00fcr den perfekten Urlaub","publisher":{"@id":"https:\/\/www.tui.at\/blog\/#organization"},"potentialAction":[{"@type":"SearchAction","target":{"@type":"EntryPoint","urlTemplate":"https:\/\/www.tui.at\/blog\/?s={search_term_string}"},"query-input":{"@type":"PropertyValueSpecification","valueRequired":true,"valueName":"search_term_string"}}],"inLanguage":"de"},{"@type":"Organization","@id":"https:\/\/www.tui.at\/blog\/#organization","name":"TUI.at Reiseblog","url":"https:\/\/www.tui.at\/blog\/","logo":{"@type":"ImageObject","inLanguage":"de","@id":"https:\/\/www.tui.at\/blog\/#\/schema\/logo\/image\/","url":"https:\/\/www.tui.at\/blog\/wp-content\/uploads\/2025\/09\/cropped-tui-logo-3.webp","contentUrl":"https:\/\/www.tui.at\/blog\/wp-content\/uploads\/2025\/09\/cropped-tui-logo-3.webp","width":164,"height":72,"caption":"TUI.at Reiseblog"},"image":{"@id":"https:\/\/www.tui.at\/blog\/#\/schema\/logo\/image\/"}},{"@type":"Person","@id":"https:\/\/www.tui.at\/blog\/#\/schema\/person\/8cb6477d5e81d57cac3acaecdd5e9a8d","name":"Jasmin","description":"Jasmin Kreulitsch ist Reisejournalistin, Reisebloggerin und (Reise-)Buchautorin. Sie lebt in Wien und ist zu Hause in der ganzen Welt. Wenn sie zu ihren Recherchereisen aufbricht, hat sie dank einem ausgepr\u00e4gten Nerd-Gen wirklich alles dabei. Vor allem die Neugier auf neue Destinationen und die gro\u00dfe Lust, allen davon zu erz\u00e4hlen. Auf ihrem Reiseblog kosmopoetin.com nimmt sie ihre Leser in Travel Tales rund um den Globus mit.","url":"https:\/\/www.tui.at\/blog\/author\/jasmin\/"}]}},"_links":{"self":[{"href":"https:\/\/www.tui.at\/blog\/wp-json\/wp\/v2\/posts\/487766","targetHints":{"allow":["GET"]}}],"collection":[{"href":"https:\/\/www.tui.at\/blog\/wp-json\/wp\/v2\/posts"}],"about":[{"href":"https:\/\/www.tui.at\/blog\/wp-json\/wp\/v2\/types\/post"}],"author":[{"embeddable":true,"href":"https:\/\/www.tui.at\/blog\/wp-json\/wp\/v2\/users\/217"}],"replies":[{"embeddable":true,"href":"https:\/\/www.tui.at\/blog\/wp-json\/wp\/v2\/comments?post=487766"}],"version-history":[{"count":1,"href":"https:\/\/www.tui.at\/blog\/wp-json\/wp\/v2\/posts\/487766\/revisions"}],"predecessor-version":[{"id":490371,"href":"https:\/\/www.tui.at\/blog\/wp-json\/wp\/v2\/posts\/487766\/revisions\/490371"}],"wp:featuredmedia":[{"embeddable":true,"href":"https:\/\/www.tui.at\/blog\/wp-json\/wp\/v2\/media\/487767"}],"wp:attachment":[{"href":"https:\/\/www.tui.at\/blog\/wp-json\/wp\/v2\/media?parent=487766"}],"wp:term":[{"taxonomy":"category","embeddable":true,"href":"https:\/\/www.tui.at\/blog\/wp-json\/wp\/v2\/categories?post=487766"},{"taxonomy":"post_tag","embeddable":true,"href":"https:\/\/www.tui.at\/blog\/wp-json\/wp\/v2\/tags?post=487766"}],"curies":[{"name":"wp","href":"https:\/\/api.w.org\/{rel}","templated":true}]}}