{"id":487698,"date":"2018-07-03T12:02:27","date_gmt":"2018-07-03T10:02:27","guid":{"rendered":"https:\/\/www.tui.at\/blog\/eine-woche-istrien-autorundreise-an-der-kroatischen-kueste\/"},"modified":"2025-10-24T11:39:25","modified_gmt":"2025-10-24T09:39:25","slug":"eine-woche-istrien-autorundreise-an-der-kroatischen-kueste","status":"publish","type":"post","link":"https:\/\/www.tui.at\/blog\/eine-woche-istrien-autorundreise-an-der-kroatischen-kueste\/","title":{"rendered":"Eine Woche Istrien \u2013 Autorundreise an der kroatischen K\u00fcste"},"content":{"rendered":"<p><div class=\"legacy-fullwidth\"><div class=\"legacy-fusion-text\">Olivenhaine. Fischerd\u00f6rfer. Segelboote. Kieselstr\u00e4nde. Istrien, der n\u00f6rdlichste Teil Kroatiens, hat alles, was ein mediterranes Traumurlaubsziel braucht. Die K\u00fcstenstra\u00dfen und das h\u00fcgelige Hinterland der Region erkundet man am besten unabh\u00e4ngig mit dem Auto. Daf\u00fcr muss man sich nicht einmal viel Zeit nehmen \u2013 in rund einer Woche schafft man es, die Highlights Istriens gesehen zu haben. Und man hat dabei auch noch gen\u00fcgend Zeit, das mediterrane Leben in vollen Z\u00fcgen auszukosten. Damit das auch ohne Planungsstress geht, gibt es hier eine Anleitung f\u00fcr den perfekten Roadtrip.<strong>\u00a0<\/strong><\/div><\/div><div class=\"legacy-fullwidth\"><div class=\"legacy-fusion-title\"><h2>Tag 1: Anreise Wien \u2013 Novigrad<\/h2><\/div><div class=\"legacy-fusion-title\"><h4>Zeit im Auto: ca 5 h 30<\/h4><\/div><div class=\"legacy-fusion-text\"><\/p>\n<p style=\"text-align: right;\"><strong>zur\u00fcckgelegte Wegstrecke: 524 km<\/strong><\/p>\n<p>08:30<\/p>\n<p>Wir beginnen unseren Roadtrip nach Istrien in Wien, unser erster Stopp: Novigrad. Die Anreise dauert in etwa f\u00fcnf Stunden und drei\u00dfig Minuten und f\u00fchrt durch Slowenien \u2013 Vignette f\u00fcr die Autobahn nicht vergessen! Wer Lust auf einen Zwischenstopp am Weg hat, kann in Sloweniens Hauptstadt Ljubljana\u00a0 stehen bleiben. Ljubljana hat ein charmantes kleines Stadtzentrum, in dem man ausgezeichnet essen, spazieren und einkaufen kann.<\/p>\n<p>16:00<\/p>\n<p>Am Nachmittag kommen wir in Novigrad an. Die kleine Stadt, die mittlerweile auch unter Touristen bekannter geworden ist, war fr\u00fcher ein ruhiges Fischerdorf. Die idyllische Atmosph\u00e4re hat sie sich erhalten. Bei einem Spaziergang im Hafen kann man sich ideal von der langen Autofahrt erholen und erste Meeresluft schnuppern.<\/p>\n<p>Danach besichtigt man am besten den alleinstehenden Glockenturm aus dem Jahr 1983, eine Art Wahrzeichen Novigrads, und die historischen Stadtmauern mit ihren T\u00fcrmen und dem Stadttor.<\/p>\n<p><\/div><div class=\"legacy-fusion-text\"><img loading=\"lazy\" decoding=\"async\" class=\"aligncenter wp-image-15538 size-large\" src=\"https:\/\/www.tui.at\/blog\/wp-content\/uploads\/2018\/06\/Novigrad.jpg\" alt=\"\" width=\"669\" height=\"502\" \/><\/div><\/div><div class=\"legacy-fullwidth\"><div class=\"legacy-fusion-title\"><h2>Tag 2: In und um Novigrad<\/h2><\/div><div class=\"legacy-fusion-title\"><h4>Zeit im Auto: ca 55 Min<\/h4><\/div><div class=\"legacy-fusion-text\"><\/p>\n<p style=\"text-align: right;\"><strong>zur\u00fcckgelegte Wegstrecke: 53 km<\/strong><\/p>\n<p>08:30<\/p>\n<p>Nach einem ausgiebigen Fr\u00fchst\u00fcck in Novigrad steht das Gallerion Marinemuseum auf dem Plan. In diesem kleinen Museum erf\u00e4hrt man Wissenswertes \u00fcber die Geschichte der \u00f6sterreichisch-ungarischen Seefahrt und der Seekriege. Das Gallerion steht mitten in der Altstadt von Novigrad und ist besonders bekannt f\u00fcr die vielen Schiffsmodelle, die auf zwei Etagen ausgestellt sind.<\/p>\n<p>14:00<\/p>\n<p>Nach dem Mittagessen steht noch mehr Kulinarik auf dem Programm \u2013 wir wagen uns weg von der K\u00fcste, ins istrische Hinterland. Istrien ist seit vielen Jahrtausenden f\u00fcr die Oliven\u00f6lherstellung bekannt. Einige der weltbesten Oliven\u00f6le kommen aus dem n\u00f6rdlichen Kroatien.<\/p>\n<p>Es lohnt sich daher, auf dem Weg nach Porec einen Zwischenstopp in Buje zu machen, das f\u00fcr seine Wein- und Oliven\u00f6lpfade international bekannt ist. Zwischen sanften H\u00fcgeln mit hunderten von Olivenb\u00e4umen leben und arbeiten hier die Olivenbauern und Winzer. Viele von ihnen machen ihre Anbau- und Produktionsfl\u00e4chen auch Besuchern zug\u00e4nglich. Verkostungen inklusive!<\/p>\n<p><\/div><div class=\"legacy-fusion-text\"><img loading=\"lazy\" decoding=\"async\" class=\"size-medium wp-image-15619 aligncenter\" src=\"https:\/\/www.tui.at\/blog\/wp-content\/uploads\/2018\/07\/Olivenhain_Istrien.jpg\" alt=\"TUI Blog - Olivenhain Istrien\" width=\"615\" height=\"346\" \/><\/div><div class=\"legacy-fusion-text\">18:00<\/p>\n<p>Nach einem kulinarischen Nachmittag in Buje geht es zur\u00fcck an die K\u00fcste: nach Porec, dem n\u00e4chsten Stopp unseres Istrien-Roadtrips.<\/p>\n<p>Porec ist so vielseitig wie kaum eine andere istrische Stadt: Hier kann man wunderbar durch die pittoreske Altstadt flanieren, k\u00f6stliche Fischgerichte und Meeresfr\u00fcchte speisen, die istrische Kultur kennenlernen und nat\u00fcrlich auch baden.<\/p>\n<p>Besonders empfehlenswert ist es, den Tag mit einem k\u00fchlen Getr\u00e4nk ausklingen zu lassen &#8211; zum Beispiel in der Konoba Sunset Bar, von deren Terrasse man den wohl besten Blick auf den Sonnenuntergang hat.<\/p>\n<p><\/div><div class=\"legacy-fusion-text\"><img loading=\"lazy\" decoding=\"async\" class=\"size-medium wp-image-15621 aligncenter\" src=\"https:\/\/www.tui.at\/blog\/wp-content\/uploads\/2018\/07\/Sonnenuntergang-Porec.jpg\" alt=\"TUI Blog - Sonnenuntergang Porec\" width=\"615\" height=\"410\" \/><\/div><\/div><div class=\"legacy-fullwidth\"><div class=\"legacy-fusion-title\"><h2>Tag 3: In und um Porec<\/h2><\/div><div class=\"legacy-fusion-title\"><h4>Zeit im Auto: ca 30 min<\/h4><\/div><div class=\"legacy-fusion-text\"><\/p>\n<p style=\"text-align: right;\"><strong>zur\u00fcckgelegte Wegstrecke: 22 km<\/strong><\/p>\n<p>09:00<\/p>\n<p>Nur eine Viertelstunde von Porec entfernt liegt die Grotte Baredine in Jama. Baredine ist eine imposante Tropfsteinh\u00f6hle, die f\u00fcr Touristen zug\u00e4nglich ist.<\/p>\n<p>Von April bis Oktober wird hier zweimal pro Stunde eine gef\u00fchrte Tour angeboten, die etwa vierzig Minuten dauert. Sie f\u00fchrt durch die insgesamt f\u00fcnf \u201eS\u00e4le\u201c der H\u00f6hle und macht es Besuchern m\u00f6glich, die beeindruckenden Tropfsteingebilde aus n\u00e4chster N\u00e4he zu bestaunen. Ein besonderes Highlight sind die Grottenolme, eine vom Aussterben bedrohte und kurios aussehende Spezies, die in der Baredine-Grotte nach wie vor lebt.<\/p>\n<p><\/div><div class=\"legacy-fusion-text\"><img loading=\"lazy\" decoding=\"async\" class=\"size-medium wp-image-15622 aligncenter\" src=\"https:\/\/www.tui.at\/blog\/wp-content\/uploads\/2018\/07\/shutterstock_778680268.jpg\" alt=\"TUI Blog - Grotte Baredine\" width=\"615\" height=\"410\" \/><\/div><div class=\"legacy-fusion-text\">13:00<\/p>\n<p>Am Nachmittag steht Baden auf dem Programm! In und um Porec gibt es wundersch\u00f6ne Badestr\u00e4nde, die mit der \u201eblauen Fahne\u201c, dem G\u00fctezeichen f\u00fcr nachhaltige Strandinstandhaltung und hervorragende Wasserqualit\u00e4t, ausgezeichnet sind.<\/p>\n<p>Wie w\u00e4re es zum Beispiel mit dem Strand \u201eMaro Sandy Beach\u201c auf der Insel Sv. Nikola? Die \u00dcberfahrt von Porec dauert nur f\u00fcnf Minuten mit dem Boot, dann warten die Buchten dieser kleinen Hotelinsel auf badefreudige G\u00e4ste.<\/p>\n<p><\/div><div class=\"legacy-fusion-text\"><img loading=\"lazy\" decoding=\"async\" class=\"aligncenter wp-image-15542 size-large\" src=\"https:\/\/www.tui.at\/blog\/wp-content\/uploads\/2018\/06\/Porec.jpg\" alt=\"\" width=\"669\" height=\"377\" \/><\/div><\/div><div class=\"legacy-fullwidth\"><div class=\"legacy-fusion-title\"><h2>Tag 4: Porec und Groznjan<\/h2><\/div><div class=\"legacy-fusion-title\"><h4>Zeit im Auto: ca 1h 42<\/h4><\/div><div class=\"legacy-fusion-text\"><\/p>\n<p style=\"text-align: right;\"><strong>zur\u00fcckgelegte Wegstrecke: 104 km<\/strong><\/p>\n<p>09:30<\/p>\n<p>Weil zwischen all den Aktivit\u00e4ten auch mal Zeit f\u00fcr Entspannung sein muss, beginnt der Tag am besten bei einem ausgedehnten Fr\u00fchst\u00fcck im Hafen von Porec.<\/p>\n<p>14:00<\/p>\n<p>Auch am vierten Tag des Roadtrips darf ein Ausflug nicht fehlen. Der heutige Stopp unseres Roadtrips ist Groznjan, ein kleines K\u00fcnstlerdorf, f\u00fcr das wir ein St\u00fcck zur\u00fcck in den Norden fahren.<\/p>\n<p>In den kopfsteingepflasterten G\u00e4sschen des mittelalterlichen Dorfs f\u00fchlt man sich sofort in vergangene Zeiten zur\u00fcckversetzt \u2013 weitab von Hektik und Trubel kann man in aller Ruhe flanieren.<\/p>\n<p>Weil Groznjan auf einem H\u00fcgel liegt, bietet sich von hier aus auch ein einzigartiger Blick auf die umliegenden Orte \u2013 wenn man nicht gerade damit besch\u00e4ftigt ist, die zirka 20 Galerien des Dorfes nach Kunst und M\u00f6belst\u00fccken zu durchst\u00f6bern.<\/p>\n<p><\/div><div class=\"legacy-fusion-text\"><img loading=\"lazy\" decoding=\"async\" class=\"size-medium wp-image-15624 aligncenter\" src=\"https:\/\/www.tui.at\/blog\/wp-content\/uploads\/2018\/07\/Kuenstlerdorf_Groznjan.jpg\" alt=\"TUI Blog - K\u00fcnstlerdorf Groznjan\" width=\"615\" height=\"410\" \/><\/div><div class=\"legacy-fusion-text\"><\/p>\n<p>Im Sommer verwandelt sich Groznjan \u00fcbrigens in eine Hochburg der Musik \u2013 zum Beispiel beim Jazzfestival \u201eJazz is back\u201c oder bei Darbietungen klassischer Musik, denen man an fast jeder Stra\u00dfenecke lauschen kann.<\/p>\n<p>Tipp f\u00fcr das Abendessen: In der Gegend rund um Groznjan lohnt es sich besonders, Gerichte mit wei\u00dfen Tr\u00fcffeln zu probieren, die in den weitl\u00e4ufigen Eichenw\u00e4ldern rund um den Ort Montovun w\u00e4chst.<\/p>\n<p>20:00<\/p>\n<p>Abends geht es dann weiter nach Rovinj; f\u00fcr die Wegstrecke sollte man ungef\u00e4hr eine Stunde Fahrtzeit kalkulieren.<\/div><\/div><div class=\"legacy-fullwidth\"><div class=\"legacy-fusion-title\"><h2>Tag 5: Rovinj<\/h2><\/div><div class=\"legacy-fusion-title\"><h4>Zeit im Auto: 0 min<\/h4><\/div><div class=\"legacy-fusion-text\"><\/p>\n<p style=\"text-align: right;\"><strong>zur\u00fcckgelegte Wegstrecke: 0 km<\/strong><\/p>\n<p>09:00<\/p>\n<p>Der f\u00fcnfte Tag des Roadtrips kommt ohne Autokilometer aus: Er steht ganz im Zeichen von Rovinj. Die vielleicht sch\u00f6nste istrische K\u00fcstenstadt, die auf einer Insel erbaut und erst im 18. Jahrhundert mit dem Festland verbunden wurde. Sie lockt mit ihrer romantischen Altstadt voll mit schmalen Gassen und gepflasterten Pl\u00e4tzen. \u00dcber den D\u00e4chern der Altstadt thront das Wahrzeichen der Stadt: die Kirche der heiligen Eufernija. Besonders empfehlenswert ist es, den Glockenturm der Kirche zu besteigen. Dort wird man mit einem ph\u00e4nomenalen Ausblick \u00fcber die Stadt belohnt.<\/p>\n<p>Zur\u00fcck in den schattigen Gassen der Altstadt steht Shopping auf dem Programm: In den Galerien und kleinen Gesch\u00e4ften Rovinjs findet man so manches Urlaubssouvenir.<\/p>\n<p>Und auch in der Carera Ulica, der Haupteinkaufsstra\u00dfe Rovinjs, l\u00e4sst es sich in Boutiquen und Schuhgesch\u00e4ften nach Herzenslust einkaufen.<\/p>\n<p>13:30<\/p>\n<p>Nach dem Mittagessen erkunden wir die Str\u00e4nde der Riviera von Rovinj. Rund um die Stadt gibt es haupts\u00e4chlich Kies- und Felsenstr\u00e4nde, die mit glasklarem Wasser bestechen. Besonders beliebt unter Einheimischen ist der Stadtstrand Baluota direkt unterhalb der Kirche Sv. Eufernija: der auch nachts beleuchtete Strand ist nur zu Fu\u00df erreichbar. Wegen der Felsen und der Str\u00f6mung ist Baluota allerdings nur f\u00fcr sehr gute Schwimmer geeignet.<\/p>\n<p><\/div><div class=\"legacy-fusion-text\"><img loading=\"lazy\" decoding=\"async\" class=\"alignnone size-medium wp-image-15546\" src=\"https:\/\/www.tui.at\/blog\/wp-content\/uploads\/2018\/06\/Rovinj.jpg\" alt=\"\" width=\"615\" height=\"461\" \/><\/div><\/div><div class=\"legacy-fullwidth\"><div class=\"legacy-fusion-title\"><h2>Tag 6: Pula<\/h2><\/div><div class=\"legacy-fusion-title\"><h4>Zeit im Auto: 42 min<\/h4><\/div><div class=\"legacy-fusion-text\"><\/p>\n<p style=\"text-align: right;\"><strong>zur\u00fcckgelegte Wegstrecke: 36,5 km<\/strong><\/p>\n<p>10:00<\/p>\n<p>Gleich nach dem Fr\u00fchst\u00fcck machen wir uns auf ins ca. vierzig Minuten entfernte Pula. Pula ist die \u00e4lteste Stadt Istriens \u2013 und tats\u00e4chlich erinnert hier vieles an die Antike. Beim Flanieren durch das historische Stadtzentrum ist das gro\u00dfe, r\u00f6mische Amphitheater nicht zu \u00fcbersehen. Es ist die sechstgr\u00f6\u00dfte antike Arena der Welt. Wo fr\u00fcher Gladiatoren- und andere K\u00e4mpfe ausgetragen wurden, gibt es heute Konzerte und andere Kunstauff\u00fchrungen.<\/p>\n<p>Von vergangenen Zeiten zeugt auch der antike Triumphbogen, der die Altstadt mit der Flanaticka Ulica, der bekanntesten Einkaufsstra\u00dfe Pulas verbindet.<\/p>\n<p>20:00<\/p>\n<p>Abends lohnt sich ein Abstecher zur Werft \u201eUljanik\u201c. Hier bietet sich einem bei Einbruch der Dunkelheit ein besonderes Schauspiel: Zu jeder vollen Stunde findet rund f\u00fcnfzehn Minuten lang eine Lichtshow statt, bei der die Kr\u00e4ne der Werft in bunten Farben erleuchtet werden.<\/p>\n<p><\/div><div class=\"legacy-fusion-text\"><img loading=\"lazy\" decoding=\"async\" class=\"size-medium wp-image-15625 aligncenter\" src=\"https:\/\/www.tui.at\/blog\/wp-content\/uploads\/2018\/07\/Pula-1.jpg\" alt=\"TUI Blog - Pula Amphitheater\" width=\"615\" height=\"410\" \/><\/div><\/div><div class=\"legacy-fullwidth\"><div class=\"legacy-fusion-title\"><h2>Tag 7: Tagesausflug Kap Kamenjak<\/h2><\/div><div class=\"legacy-fusion-title\"><h4>Zeit im Auto: 1h 20<\/h4><\/div><div class=\"legacy-fusion-text\"><\/p>\n<p style=\"text-align: right;\"><strong>zur\u00fcckgelegte Wegstrecke: 34 km<\/strong><\/p>\n<p>09:00<\/p>\n<p>Tag Sieben unserer Rundreise in Istrien verspricht noch einmal etwas Besonderes: Kr\u00f6nender Abschluss der Reise ist ein Tagesausflug zum nahegelegenen Nationalpark Kap Kamenjak. Kap Kamenjak ist ein Naturschutzgebiet an der S\u00fcdspitze Istriens und ein Favorit unter Kroatien-Urlaubern. Entlang der rauen, felsigen K\u00fcste des Kaps warten einige der sch\u00f6nsten Buchten des Mittelmeers auf Besucher. T\u00fcrkises, klares Wasser und saubere Kiesstr\u00e4nde machen so richtig Lust auf Schwimmen und Sonnenbaden.<\/p>\n<p>Auf Kap Kamenjak kann man auch hervorragend wandern, spazieren und die Natur genie\u00dfen. F\u00fcr Familien mit Kindern eignet sich besonders der \u201eDinosaurierpfad\u201c, ein Lehrpfad, auf dem man Interessantes \u00fcber die Dinosaurier, die in der Kreidezeit in Istrien lebten, lernen und sogar Fu\u00dfabdr\u00fccke der Urzeitechsen bestaunen kann.<\/p>\n<p>Sportfans sind auf Kap Kamenjak ebenfalls gut aufgehoben. Von Premantura aus \u2013 einem Ort ganz in der N\u00e4he des Kaps \u2013 gibt es einen beschilderten Mountainbike-Trail, \u00fcber den man den Nationalpark aktiv erkunden kann. Nat\u00fcrlich bleibt auch da gen\u00fcgend Zeit f\u00fcr Badepausen. Mit dem Rad gelangt man an verborgene Buchten, die mit dem Auto nicht zu erreichen sind. Wer sein Mountainbike nicht mit hat, kann den Fahrradverleih in Premantura besuchen, um sich f\u00fcr die Tour auszustatten. Nach der R\u00fcckgabe bietet sich dann auch noch die M\u00f6glichkeit, den Tag bei einem Abendessen in Premantura ausklingen zu lassen.<\/div><\/div><div class=\"legacy-fusion-text\"><\/p>\n<blockquote class=\"instagram-media\" style=\"background: #FFF; border: 0; border-radius: 3px; box-shadow: 0 0 1px 0 rgba(0,0,0,0.5),0 1px 10px 0 rgba(0,0,0,0.15); margin: 1px; max-width: 658px; padding: 0; width: calc(100% - 2px);\" data-instgrm-version=\"8\" data-instgrm-permalink=\"https:\/\/www.instagram.com\/p\/Bkf6JhghdVd\/\" data-instgrm-captioned=\"\">\n<div style=\"padding: 8px;\">\n<div style=\"background: #F8F8F8; line-height: 0; margin-top: 40px; padding: 50.0% 0; text-align: center; width: 100%;\">\n<div style=\"background: url(data:image\/png; base64,ivborw0kggoaaaansuheugaaacwaaaascamaaaapwqozaaaabgdbtueaalgpc\/xhbqaaaafzukdcak7ohokaaaamuexurczmzpf399fx1+bm5mzy9amaaadisurbvdjlvzxbesmgces5\/p8\/t9furvcrmu73jwlzosgsiizurcjo\/ad+eqjjb4hv8bft+idpqocx1wjosbfhh2xssxeiyn3uli\/6mnree07uiwjev8ueowds88ly97kqytlijkktuybbruayvh5wohixmpi5we58ek028czwyuqdlkpg1bkb4nnm+veanfhqn1k4+gpt6ugqcvu2h2ovuif\/gwufyy8owepdyzsa3avcqpvovvzzz2vtnn2wu8qzvjddeto90gsy9mvlqtgysy231mxry6i2ggqjrty0l8fxcxfcbbhwrsyyaaaaaelftksuqmcc); display: block; height: 44px; margin: 0 auto -44px; position: relative; top: -22px; width: 44px;\"><\/div>\n<\/div>\n<p style=\"margin: 8px 0 0 0; padding: 0 4px;\"><a style=\"color: #000; font-family: Arial,sans-serif; font-size: 14px; font-style: normal; font-weight: normal; line-height: 17px; text-decoration: none; word-wrap: break-word;\" href=\"https:\/\/www.instagram.com\/p\/Bkf6JhghdVd\/\" target=\"_blank\" rel=\"noopener\">#sea #beach #clouds #paradise #silence #blue #rock #topeuropephoto #croatia #sun #summer #nature #natural #freedom #relax #green #amateurphotography #gopro #hero #instadaily #instagood #amazing #travel #trip #holiday #picoftheday #picture<\/a><\/p>\n<p style=\"color: #c9c8cd; font-family: Arial,sans-serif; font-size: 14px; line-height: 17px; margin-bottom: 0; margin-top: 8px; overflow: hidden; padding: 8px 0 7px; text-align: center; text-overflow: ellipsis; white-space: nowrap;\">A post shared by <a style=\"color: #c9c8cd; font-family: Arial,sans-serif; font-size: 14px; font-style: normal; font-weight: normal; line-height: 17px;\" href=\"https:\/\/www.instagram.com\/andrea_anfossi\/\" target=\"_blank\" rel=\"noopener\"> Andrea Anfossi<\/a> (@andrea_anfossi) on <time style=\"font-family: Arial,sans-serif; font-size: 14px; line-height: 17px;\" datetime=\"2018-06-26T18:51:00+00:00\">Jun 26, 2018 at 11:51am PDT<\/time><\/p>\n<\/div>\n<\/blockquote>\n<p><script async defer src=\"\/\/www.instagram.com\/embed.js\"><\/script><\/div><div class=\"legacy-fullwidth\"><div class=\"legacy-fusion-title\"><h2>Tag 8: Heimreise Pula &#8211; Wien<\/h2><\/div><div class=\"legacy-fusion-title\"><h4>Zeit im Auto: ca 6 h<\/h4><\/div><div class=\"legacy-fusion-text\"><\/p>\n<p style=\"text-align: right;\"><strong>zur\u00fcckgelegte Wegstrecke: 587 km<\/strong><\/p>\n<p>09:00<\/p>\n<p>Nach einer abwechslungsreichen, erholsamen und lehrreichen Woche in Istrien voller neuer Eindr\u00fccke steht nun die Heimreise an. Von Pula nach Wien dauert die Fahrt \u2013 bei ruhiger Verkehrslage \u2013 rund sechs Stunden, gerade in den Sommermonaten lohnt es sich allerdings, einen Zeitpuffer einzuplanen.<\/p>\n<p>Abends kommen wir in Wien an, den Kofferraum voll mit sandigen Handt\u00fcchern, Bikinis und Urlaubserinnerungen \u2013 und der ein oder anderen Flasche Oliven\u00f6l.<\/div><\/div><\/p>\n","protected":false},"excerpt":{"rendered":"<p>Olivenhaine. Fischerd\u00f6rfer. Segelboote. Kieselstr\u00e4nde. Istrien, der n\u00f6rdlichste Teil Kroatiens, hat alles, was ein mediterranes Traumurlaubsziel braucht. Die K\u00fcstenstra\u00dfen und das h\u00fcgelige Hinterland der Region erkundet man am besten unabh\u00e4ngig mit dem Auto. Damit das auch ohne Planungsstress geht, gibt es hier eine Anleitung f\u00fcr den perfekten Roadtrip.\u00a0<\/p>\n","protected":false},"author":218,"featured_media":487699,"comment_status":"open","ping_status":"closed","sticky":false,"template":"","format":"standard","meta":{"_acf_changed":false,"footnotes":""},"categories":[5152],"tags":[4940,4941,4942],"class_list":["post-487698","post","type-post","status-publish","format-standard","has-post-thumbnail","hentry","category-archiv-roadtrips-und-rundreisen","tag-autoreise","tag-kroatien","tag-roadtrip"],"acf":[],"yoast_head":"<!-- This site is optimized with the Yoast SEO plugin v27.4 - https:\/\/yoast.com\/product\/yoast-seo-wordpress\/ -->\n<title>Eine Woche Istrien \u2013 Autorundreise an der kroatischen K\u00fcste - TUI.at Reiseblog<\/title>\n<meta name=\"description\" content=\"Istrien, der n\u00f6rdlichste Teil Kroatiens, hat alles, was ein mediterranes Traumurlaubsziel braucht. Die K\u00fcstenstra\u00dfen und das h\u00fcgelige Hinterland der Region erkundet man am besten unabh\u00e4ngig mit dem Auto. Damit das auch ohne Planungsstress geht, gibt es hier eine Anleitung f\u00fcr den perfekten Roadtrip.\u00a0\" \/>\n<meta name=\"robots\" content=\"index, follow, max-snippet:-1, max-image-preview:large, max-video-preview:-1\" \/>\n<link rel=\"canonical\" href=\"https:\/\/www.tui.at\/blog\/eine-woche-istrien-autorundreise-an-der-kroatischen-kueste\/\" \/>\n<meta property=\"og:locale\" content=\"de_DE\" \/>\n<meta property=\"og:type\" content=\"article\" \/>\n<meta property=\"og:title\" content=\"Eine Woche Istrien \u2013 Autorundreise an der kroatischen K\u00fcste - TUI.at Reiseblog\" \/>\n<meta property=\"og:description\" content=\"Istrien, der n\u00f6rdlichste Teil Kroatiens, hat alles, was ein mediterranes Traumurlaubsziel braucht. Die K\u00fcstenstra\u00dfen und das h\u00fcgelige Hinterland der Region erkundet man am besten unabh\u00e4ngig mit dem Auto. Damit das auch ohne Planungsstress geht, gibt es hier eine Anleitung f\u00fcr den perfekten Roadtrip.\u00a0\" \/>\n<meta property=\"og:url\" content=\"https:\/\/www.tui.at\/blog\/eine-woche-istrien-autorundreise-an-der-kroatischen-kueste\/\" \/>\n<meta property=\"og:site_name\" content=\"TUI.at Reiseblog\" \/>\n<meta property=\"article:published_time\" content=\"2018-07-03T10:02:27+00:00\" \/>\n<meta property=\"article:modified_time\" content=\"2025-10-24T09:39:25+00:00\" \/>\n<meta property=\"og:image\" content=\"https:\/\/www.tui.at\/blog\/wp-content\/uploads\/2018\/07\/Rovinj2.jpg\" \/>\n\t<meta property=\"og:image:width\" content=\"1600\" \/>\n\t<meta property=\"og:image:height\" content=\"1067\" \/>\n\t<meta property=\"og:image:type\" content=\"image\/jpeg\" \/>\n<meta name=\"author\" content=\"FHWien\" \/>\n<meta name=\"twitter:card\" content=\"summary_large_image\" \/>\n<meta name=\"twitter:label1\" content=\"Verfasst von\" \/>\n\t<meta name=\"twitter:data1\" content=\"FHWien\" \/>\n\t<meta name=\"twitter:label2\" content=\"Gesch\u00e4tzte Lesezeit\" \/>\n\t<meta name=\"twitter:data2\" content=\"12\u00a0Minuten\" \/>\n<script type=\"application\/ld+json\" class=\"yoast-schema-graph\">{\"@context\":\"https:\\\/\\\/schema.org\",\"@graph\":[{\"@type\":\"BlogPosting\",\"@id\":\"https:\\\/\\\/www.tui.at\\\/blog\\\/eine-woche-istrien-autorundreise-an-der-kroatischen-kueste\\\/#article\",\"isPartOf\":{\"@id\":\"https:\\\/\\\/www.tui.at\\\/blog\\\/eine-woche-istrien-autorundreise-an-der-kroatischen-kueste\\\/\"},\"author\":{\"name\":\"FHWien\",\"@id\":\"https:\\\/\\\/www.tui.at\\\/blog\\\/#\\\/schema\\\/person\\\/d8e9c134e2fd211e8f2514c12c308f62\"},\"headline\":\"Eine Woche Istrien \u2013 Autorundreise an der kroatischen K\u00fcste\",\"datePublished\":\"2018-07-03T10:02:27+00:00\",\"dateModified\":\"2025-10-24T09:39:25+00:00\",\"mainEntityOfPage\":{\"@id\":\"https:\\\/\\\/www.tui.at\\\/blog\\\/eine-woche-istrien-autorundreise-an-der-kroatischen-kueste\\\/\"},\"wordCount\":2488,\"commentCount\":0,\"publisher\":{\"@id\":\"https:\\\/\\\/www.tui.at\\\/blog\\\/#organization\"},\"image\":{\"@id\":\"https:\\\/\\\/www.tui.at\\\/blog\\\/eine-woche-istrien-autorundreise-an-der-kroatischen-kueste\\\/#primaryimage\"},\"thumbnailUrl\":\"https:\\\/\\\/www.tui.at\\\/blog\\\/wp-content\\\/uploads\\\/2018\\\/07\\\/Rovinj2.jpg\",\"keywords\":[\"Autoreise\",\"Kroatien\",\"Roadtrip\"],\"articleSection\":[\"Roadtrips &amp; Rundreisen\"],\"inLanguage\":\"de\",\"potentialAction\":[{\"@type\":\"CommentAction\",\"name\":\"Comment\",\"target\":[\"https:\\\/\\\/www.tui.at\\\/blog\\\/eine-woche-istrien-autorundreise-an-der-kroatischen-kueste\\\/#respond\"]}]},{\"@type\":\"WebPage\",\"@id\":\"https:\\\/\\\/www.tui.at\\\/blog\\\/eine-woche-istrien-autorundreise-an-der-kroatischen-kueste\\\/\",\"url\":\"https:\\\/\\\/www.tui.at\\\/blog\\\/eine-woche-istrien-autorundreise-an-der-kroatischen-kueste\\\/\",\"name\":\"Eine Woche Istrien \u2013 Autorundreise an der kroatischen K\u00fcste - TUI.at Reiseblog\",\"isPartOf\":{\"@id\":\"https:\\\/\\\/www.tui.at\\\/blog\\\/#website\"},\"primaryImageOfPage\":{\"@id\":\"https:\\\/\\\/www.tui.at\\\/blog\\\/eine-woche-istrien-autorundreise-an-der-kroatischen-kueste\\\/#primaryimage\"},\"image\":{\"@id\":\"https:\\\/\\\/www.tui.at\\\/blog\\\/eine-woche-istrien-autorundreise-an-der-kroatischen-kueste\\\/#primaryimage\"},\"thumbnailUrl\":\"https:\\\/\\\/www.tui.at\\\/blog\\\/wp-content\\\/uploads\\\/2018\\\/07\\\/Rovinj2.jpg\",\"datePublished\":\"2018-07-03T10:02:27+00:00\",\"dateModified\":\"2025-10-24T09:39:25+00:00\",\"description\":\"Istrien, der n\u00f6rdlichste Teil Kroatiens, hat alles, was ein mediterranes Traumurlaubsziel braucht. Die K\u00fcstenstra\u00dfen und das h\u00fcgelige Hinterland der Region erkundet man am besten unabh\u00e4ngig mit dem Auto. Damit das auch ohne Planungsstress geht, gibt es hier eine Anleitung f\u00fcr den perfekten Roadtrip.\u00a0\",\"breadcrumb\":{\"@id\":\"https:\\\/\\\/www.tui.at\\\/blog\\\/eine-woche-istrien-autorundreise-an-der-kroatischen-kueste\\\/#breadcrumb\"},\"inLanguage\":\"de\",\"potentialAction\":[{\"@type\":\"ReadAction\",\"target\":[\"https:\\\/\\\/www.tui.at\\\/blog\\\/eine-woche-istrien-autorundreise-an-der-kroatischen-kueste\\\/\"]}]},{\"@type\":\"ImageObject\",\"inLanguage\":\"de\",\"@id\":\"https:\\\/\\\/www.tui.at\\\/blog\\\/eine-woche-istrien-autorundreise-an-der-kroatischen-kueste\\\/#primaryimage\",\"url\":\"https:\\\/\\\/www.tui.at\\\/blog\\\/wp-content\\\/uploads\\\/2018\\\/07\\\/Rovinj2.jpg\",\"contentUrl\":\"https:\\\/\\\/www.tui.at\\\/blog\\\/wp-content\\\/uploads\\\/2018\\\/07\\\/Rovinj2.jpg\",\"width\":1600,\"height\":1067,\"caption\":\"Rovinj Stadt\"},{\"@type\":\"BreadcrumbList\",\"@id\":\"https:\\\/\\\/www.tui.at\\\/blog\\\/eine-woche-istrien-autorundreise-an-der-kroatischen-kueste\\\/#breadcrumb\",\"itemListElement\":[{\"@type\":\"ListItem\",\"position\":1,\"name\":\"Startseite\",\"item\":\"https:\\\/\\\/www.tui.at\\\/blog\\\/\"},{\"@type\":\"ListItem\",\"position\":2,\"name\":\"Eine Woche Istrien \u2013 Autorundreise an der kroatischen K\u00fcste\"}]},{\"@type\":\"WebSite\",\"@id\":\"https:\\\/\\\/www.tui.at\\\/blog\\\/#website\",\"url\":\"https:\\\/\\\/www.tui.at\\\/blog\\\/\",\"name\":\"TUI.at Reiseblog\",\"description\":\"Inspirationen f\u00fcr den perfekten Urlaub\",\"publisher\":{\"@id\":\"https:\\\/\\\/www.tui.at\\\/blog\\\/#organization\"},\"potentialAction\":[{\"@type\":\"SearchAction\",\"target\":{\"@type\":\"EntryPoint\",\"urlTemplate\":\"https:\\\/\\\/www.tui.at\\\/blog\\\/?s={search_term_string}\"},\"query-input\":{\"@type\":\"PropertyValueSpecification\",\"valueRequired\":true,\"valueName\":\"search_term_string\"}}],\"inLanguage\":\"de\"},{\"@type\":\"Organization\",\"@id\":\"https:\\\/\\\/www.tui.at\\\/blog\\\/#organization\",\"name\":\"TUI.at Reiseblog\",\"url\":\"https:\\\/\\\/www.tui.at\\\/blog\\\/\",\"logo\":{\"@type\":\"ImageObject\",\"inLanguage\":\"de\",\"@id\":\"https:\\\/\\\/www.tui.at\\\/blog\\\/#\\\/schema\\\/logo\\\/image\\\/\",\"url\":\"https:\\\/\\\/www.tui.at\\\/blog\\\/wp-content\\\/uploads\\\/2025\\\/09\\\/cropped-tui-logo-3.webp\",\"contentUrl\":\"https:\\\/\\\/www.tui.at\\\/blog\\\/wp-content\\\/uploads\\\/2025\\\/09\\\/cropped-tui-logo-3.webp\",\"width\":164,\"height\":72,\"caption\":\"TUI.at Reiseblog\"},\"image\":{\"@id\":\"https:\\\/\\\/www.tui.at\\\/blog\\\/#\\\/schema\\\/logo\\\/image\\\/\"}},{\"@type\":\"Person\",\"@id\":\"https:\\\/\\\/www.tui.at\\\/blog\\\/#\\\/schema\\\/person\\\/d8e9c134e2fd211e8f2514c12c308f62\",\"name\":\"FHWien\",\"description\":\"Dieser Beitrag entstammt einer Reihe von Beitr\u00e4gen, die im Rahmen einer Kooperation mit dem Institut f\u00fcr Journalismus und Medienmanagement der FHWien der WKW durch Studierende entstanden sind.\",\"url\":\"https:\\\/\\\/www.tui.at\\\/blog\\\/author\\\/fhwien\\\/\"}]}<\/script>\n<!-- \/ Yoast SEO plugin. -->","yoast_head_json":{"title":"Eine Woche Istrien \u2013 Autorundreise an der kroatischen K\u00fcste - TUI.at Reiseblog","description":"Istrien, der n\u00f6rdlichste Teil Kroatiens, hat alles, was ein mediterranes Traumurlaubsziel braucht. Die K\u00fcstenstra\u00dfen und das h\u00fcgelige Hinterland der Region erkundet man am besten unabh\u00e4ngig mit dem Auto. Damit das auch ohne Planungsstress geht, gibt es hier eine Anleitung f\u00fcr den perfekten Roadtrip.\u00a0","robots":{"index":"index","follow":"follow","max-snippet":"max-snippet:-1","max-image-preview":"max-image-preview:large","max-video-preview":"max-video-preview:-1"},"canonical":"https:\/\/www.tui.at\/blog\/eine-woche-istrien-autorundreise-an-der-kroatischen-kueste\/","og_locale":"de_DE","og_type":"article","og_title":"Eine Woche Istrien \u2013 Autorundreise an der kroatischen K\u00fcste - TUI.at Reiseblog","og_description":"Istrien, der n\u00f6rdlichste Teil Kroatiens, hat alles, was ein mediterranes Traumurlaubsziel braucht. Die K\u00fcstenstra\u00dfen und das h\u00fcgelige Hinterland der Region erkundet man am besten unabh\u00e4ngig mit dem Auto. Damit das auch ohne Planungsstress geht, gibt es hier eine Anleitung f\u00fcr den perfekten Roadtrip.\u00a0","og_url":"https:\/\/www.tui.at\/blog\/eine-woche-istrien-autorundreise-an-der-kroatischen-kueste\/","og_site_name":"TUI.at Reiseblog","article_published_time":"2018-07-03T10:02:27+00:00","article_modified_time":"2025-10-24T09:39:25+00:00","og_image":[{"width":1600,"height":1067,"url":"https:\/\/www.tui.at\/blog\/wp-content\/uploads\/2018\/07\/Rovinj2.jpg","type":"image\/jpeg"}],"author":"FHWien","twitter_card":"summary_large_image","twitter_misc":{"Verfasst von":"FHWien","Gesch\u00e4tzte Lesezeit":"12\u00a0Minuten"},"schema":{"@context":"https:\/\/schema.org","@graph":[{"@type":"BlogPosting","@id":"https:\/\/www.tui.at\/blog\/eine-woche-istrien-autorundreise-an-der-kroatischen-kueste\/#article","isPartOf":{"@id":"https:\/\/www.tui.at\/blog\/eine-woche-istrien-autorundreise-an-der-kroatischen-kueste\/"},"author":{"name":"FHWien","@id":"https:\/\/www.tui.at\/blog\/#\/schema\/person\/d8e9c134e2fd211e8f2514c12c308f62"},"headline":"Eine Woche Istrien \u2013 Autorundreise an der kroatischen K\u00fcste","datePublished":"2018-07-03T10:02:27+00:00","dateModified":"2025-10-24T09:39:25+00:00","mainEntityOfPage":{"@id":"https:\/\/www.tui.at\/blog\/eine-woche-istrien-autorundreise-an-der-kroatischen-kueste\/"},"wordCount":2488,"commentCount":0,"publisher":{"@id":"https:\/\/www.tui.at\/blog\/#organization"},"image":{"@id":"https:\/\/www.tui.at\/blog\/eine-woche-istrien-autorundreise-an-der-kroatischen-kueste\/#primaryimage"},"thumbnailUrl":"https:\/\/www.tui.at\/blog\/wp-content\/uploads\/2018\/07\/Rovinj2.jpg","keywords":["Autoreise","Kroatien","Roadtrip"],"articleSection":["Roadtrips &amp; Rundreisen"],"inLanguage":"de","potentialAction":[{"@type":"CommentAction","name":"Comment","target":["https:\/\/www.tui.at\/blog\/eine-woche-istrien-autorundreise-an-der-kroatischen-kueste\/#respond"]}]},{"@type":"WebPage","@id":"https:\/\/www.tui.at\/blog\/eine-woche-istrien-autorundreise-an-der-kroatischen-kueste\/","url":"https:\/\/www.tui.at\/blog\/eine-woche-istrien-autorundreise-an-der-kroatischen-kueste\/","name":"Eine Woche Istrien \u2013 Autorundreise an der kroatischen K\u00fcste - TUI.at Reiseblog","isPartOf":{"@id":"https:\/\/www.tui.at\/blog\/#website"},"primaryImageOfPage":{"@id":"https:\/\/www.tui.at\/blog\/eine-woche-istrien-autorundreise-an-der-kroatischen-kueste\/#primaryimage"},"image":{"@id":"https:\/\/www.tui.at\/blog\/eine-woche-istrien-autorundreise-an-der-kroatischen-kueste\/#primaryimage"},"thumbnailUrl":"https:\/\/www.tui.at\/blog\/wp-content\/uploads\/2018\/07\/Rovinj2.jpg","datePublished":"2018-07-03T10:02:27+00:00","dateModified":"2025-10-24T09:39:25+00:00","description":"Istrien, der n\u00f6rdlichste Teil Kroatiens, hat alles, was ein mediterranes Traumurlaubsziel braucht. Die K\u00fcstenstra\u00dfen und das h\u00fcgelige Hinterland der Region erkundet man am besten unabh\u00e4ngig mit dem Auto. Damit das auch ohne Planungsstress geht, gibt es hier eine Anleitung f\u00fcr den perfekten Roadtrip.\u00a0","breadcrumb":{"@id":"https:\/\/www.tui.at\/blog\/eine-woche-istrien-autorundreise-an-der-kroatischen-kueste\/#breadcrumb"},"inLanguage":"de","potentialAction":[{"@type":"ReadAction","target":["https:\/\/www.tui.at\/blog\/eine-woche-istrien-autorundreise-an-der-kroatischen-kueste\/"]}]},{"@type":"ImageObject","inLanguage":"de","@id":"https:\/\/www.tui.at\/blog\/eine-woche-istrien-autorundreise-an-der-kroatischen-kueste\/#primaryimage","url":"https:\/\/www.tui.at\/blog\/wp-content\/uploads\/2018\/07\/Rovinj2.jpg","contentUrl":"https:\/\/www.tui.at\/blog\/wp-content\/uploads\/2018\/07\/Rovinj2.jpg","width":1600,"height":1067,"caption":"Rovinj Stadt"},{"@type":"BreadcrumbList","@id":"https:\/\/www.tui.at\/blog\/eine-woche-istrien-autorundreise-an-der-kroatischen-kueste\/#breadcrumb","itemListElement":[{"@type":"ListItem","position":1,"name":"Startseite","item":"https:\/\/www.tui.at\/blog\/"},{"@type":"ListItem","position":2,"name":"Eine Woche Istrien \u2013 Autorundreise an der kroatischen K\u00fcste"}]},{"@type":"WebSite","@id":"https:\/\/www.tui.at\/blog\/#website","url":"https:\/\/www.tui.at\/blog\/","name":"TUI.at Reiseblog","description":"Inspirationen f\u00fcr den perfekten Urlaub","publisher":{"@id":"https:\/\/www.tui.at\/blog\/#organization"},"potentialAction":[{"@type":"SearchAction","target":{"@type":"EntryPoint","urlTemplate":"https:\/\/www.tui.at\/blog\/?s={search_term_string}"},"query-input":{"@type":"PropertyValueSpecification","valueRequired":true,"valueName":"search_term_string"}}],"inLanguage":"de"},{"@type":"Organization","@id":"https:\/\/www.tui.at\/blog\/#organization","name":"TUI.at Reiseblog","url":"https:\/\/www.tui.at\/blog\/","logo":{"@type":"ImageObject","inLanguage":"de","@id":"https:\/\/www.tui.at\/blog\/#\/schema\/logo\/image\/","url":"https:\/\/www.tui.at\/blog\/wp-content\/uploads\/2025\/09\/cropped-tui-logo-3.webp","contentUrl":"https:\/\/www.tui.at\/blog\/wp-content\/uploads\/2025\/09\/cropped-tui-logo-3.webp","width":164,"height":72,"caption":"TUI.at Reiseblog"},"image":{"@id":"https:\/\/www.tui.at\/blog\/#\/schema\/logo\/image\/"}},{"@type":"Person","@id":"https:\/\/www.tui.at\/blog\/#\/schema\/person\/d8e9c134e2fd211e8f2514c12c308f62","name":"FHWien","description":"Dieser Beitrag entstammt einer Reihe von Beitr\u00e4gen, die im Rahmen einer Kooperation mit dem Institut f\u00fcr Journalismus und Medienmanagement der FHWien der WKW durch Studierende entstanden sind.","url":"https:\/\/www.tui.at\/blog\/author\/fhwien\/"}]}},"_links":{"self":[{"href":"https:\/\/www.tui.at\/blog\/wp-json\/wp\/v2\/posts\/487698","targetHints":{"allow":["GET"]}}],"collection":[{"href":"https:\/\/www.tui.at\/blog\/wp-json\/wp\/v2\/posts"}],"about":[{"href":"https:\/\/www.tui.at\/blog\/wp-json\/wp\/v2\/types\/post"}],"author":[{"embeddable":true,"href":"https:\/\/www.tui.at\/blog\/wp-json\/wp\/v2\/users\/218"}],"replies":[{"embeddable":true,"href":"https:\/\/www.tui.at\/blog\/wp-json\/wp\/v2\/comments?post=487698"}],"version-history":[{"count":1,"href":"https:\/\/www.tui.at\/blog\/wp-json\/wp\/v2\/posts\/487698\/revisions"}],"predecessor-version":[{"id":490312,"href":"https:\/\/www.tui.at\/blog\/wp-json\/wp\/v2\/posts\/487698\/revisions\/490312"}],"wp:featuredmedia":[{"embeddable":true,"href":"https:\/\/www.tui.at\/blog\/wp-json\/wp\/v2\/media\/487699"}],"wp:attachment":[{"href":"https:\/\/www.tui.at\/blog\/wp-json\/wp\/v2\/media?parent=487698"}],"wp:term":[{"taxonomy":"category","embeddable":true,"href":"https:\/\/www.tui.at\/blog\/wp-json\/wp\/v2\/categories?post=487698"},{"taxonomy":"post_tag","embeddable":true,"href":"https:\/\/www.tui.at\/blog\/wp-json\/wp\/v2\/tags?post=487698"}],"curies":[{"name":"wp","href":"https:\/\/api.w.org\/{rel}","templated":true}]}}