{"id":487659,"date":"2021-03-11T09:19:24","date_gmt":"2021-03-11T08:19:24","guid":{"rendered":"https:\/\/www.tui.at\/blog\/tuireiseexperten-obere-adria-insidertipps\/"},"modified":"2025-10-24T11:39:24","modified_gmt":"2025-10-24T09:39:24","slug":"tuireiseexperten-geben-insidertipps-obere-adria","status":"publish","type":"post","link":"https:\/\/www.tui.at\/blog\/tuireiseexperten-geben-insidertipps-obere-adria\/","title":{"rendered":"#TUIReiseexperten geben Insidertipps \u2013 Obere Adria"},"content":{"rendered":"<div class=\"legacy-fullwidth\"><div class=\"legacy-fusion-text\">Unsere <a class=\"yt-simple-endpoint style-scope yt-formatted-string\" href=\"https:\/\/www.youtube.com\/results?search_query=%23TUIReiseexperten\" target=\"_blank\" rel=\"noopener noreferrer\">#TUIReiseexperten<\/a> geben Insidertipps zu ihren Lieblingsdestinationen. Heute erz\u00e4hlt Martin Hinderer von der <a href=\"https:\/\/www.tui.at\/reisebuero\/tirol\/innsbruck\/tui-das-reisebuero-im-sillpark\" target=\"_blank\" rel=\"noopener noreferrer\">TUI Das Reiseb\u00fcro-Filiale im Sillpark in Innsbruck<\/a> \u00fcber seine Lieblingsdestination, die <a href=\"https:\/\/www.tui.at\/unterkuenfte\/hotels\/italien\/adria\" target=\"_blank\" rel=\"noopener noreferrer\">Obere Adria<\/a>.<\/div><\/div>\n\n\n<div class=\"gb-container gb-container-f09641d5\">\n\n<h2 class=\"gb-headline gb-headline-4df36d7f gb-headline-text\">Dein TUI Reiseexperte f\u00fcr die Obere Adria<\/h2>\n\n\n<div class=\"gb-grid-wrapper gb-grid-wrapper-f1d376ae\">\n<div class=\"gb-grid-column gb-grid-column-8d32cad9\"><div class=\"gb-container gb-container-8d32cad9\">\n\n<figure class=\"gb-block-image gb-block-image-6d311477\"><img loading=\"lazy\" decoding=\"async\" width=\"145\" height=\"120\" class=\"gb-image gb-image-6d311477\" src=\"https:\/\/www.tui.at\/blog\/wp-content\/uploads\/2018\/04\/martin-hinderer-1.jpeg\" alt=\"Martin Hinderer\" title=\"Martin Hinderer\"\/><\/figure>\n\n<\/div><\/div>\n\n<div class=\"gb-grid-column gb-grid-column-688e335f\"><div class=\"gb-container gb-container-688e335f\">\n\n<h4 class=\"gb-headline gb-headline-713b79c6 gb-headline-text\"><a href=\"https:\/\/www.tui.at\/reisebuero\/tirol\/innsbruck\/tui-das-reisebuero-im-sillpark\" target=\"_blank\" rel=\"noreferrer noopener\">Martin Hin<\/a><a href=\"https:\/\/www.tui.at\/reisebuero\/tirol\/innsbruck\/tui-das-reisebuero-im-sillpark\">derer<\/a><\/h4>\n\n\n\n<p class=\"gb-headline gb-headline-f23efc42 gb-headline-text\">\u260f 050 884 2500<\/p>\n\n\n\n<p class=\"gb-headline gb-headline-19818ffc gb-headline-text\"><a href=\"mailto:martin.hinderer@tui.at\">martin.hinderer@tui.at<\/a><\/p>\n\n<\/div><\/div>\n<\/div>\n<\/div>\n\n\n<p><div class=\"legacy-fullwidth\"><div class=\"legacy-fusion-title\"><h2>Zum Video: #TUIReiseexperten \u00fcber die Obere Adria<\/h2><\/div><\/div><div class=\"legacy-row\"><div class=\"three-fourth\"><div class=\"legacy-youtube-wrapper\"> <div class=\"brlbs-cmpnt-container brlbs-cmpnt-content-blocker brlbs-cmpnt-with-individual-styles\" data-borlabs-cookie-content-blocker-id=\"youtube-content-blocker\" data-borlabs-cookie-content=\"PGlmcmFtZSBsb2FkaW5nPSJsYXp5IiB3aWR0aD0iNjAwIiBoZWlnaHQ9IjM1MCIgc3JjPSJodHRwczovL3d3dy55b3V0dWJlLW5vY29va2llLmNvbS9lbWJlZC90SmFQOEVrTHRQQT9yZWw9MCIgdGl0bGU9IllvdVR1YmUgdmlkZW8gcGxheWVyIiBmcmFtZWJvcmRlcj0iMCIgYWxsb3c9ImFjY2VsZXJvbWV0ZXI7ICBjbGlwYm9hcmQtd3JpdGU7IGVuY3J5cHRlZC1tZWRpYTsgZ3lyb3Njb3BlOyBwaWN0dXJlLWluLXBpY3R1cmU7IHdlYi1zaGFyZSIgcmVmZXJyZXJwb2xpY3k9InN0cmljdC1vcmlnaW4td2hlbi1jcm9zcy1vcmlnaW4iIGFsbG93ZnVsbHNjcmVlbj48L2lmcmFtZT4=\"><div class=\"brlbs-cmpnt-cb-preset-c brlbs-cmpnt-cb-youtube\"> <div class=\"brlbs-cmpnt-cb-thumbnail\" style=\"background-image: url('https:\/\/www.tui.at\/blog\/wp-content\/uploads\/borlabs-cookie\/1\/yt_tJaP8EkLtPA_hqdefault.jpg')\"><\/div> <div class=\"brlbs-cmpnt-cb-main\"> <div class=\"brlbs-cmpnt-cb-play-button\"><\/div> <div class=\"brlbs-cmpnt-cb-content\"> <p class=\"brlbs-cmpnt-cb-description\">Sie sehen gerade einen Platzhalterinhalt von <strong>YouTube<\/strong>. Um auf den eigentlichen Inhalt zuzugreifen, klicken Sie auf die Schaltfl\u00e4che unten. Bitte beachten Sie, dass dabei Daten an Drittanbieter weitergegeben werden.<\/p> <a class=\"brlbs-cmpnt-cb-provider-toggle\" href=\"#\" data-borlabs-cookie-show-provider-information role=\"button\">Mehr Informationen<\/a> <\/div> <div class=\"brlbs-cmpnt-cb-buttons\"> <a class=\"brlbs-cmpnt-cb-btn\" href=\"#\" data-borlabs-cookie-unblock role=\"button\">Inhalt entsperren<\/a> <a class=\"brlbs-cmpnt-cb-btn\" href=\"#\" data-borlabs-cookie-accept-service role=\"button\" style=\"display: inherit\">Erforderlichen Service akzeptieren und Inhalte entsperren<\/a> <\/div> <\/div> <\/div><\/div><\/div><\/div><\/div><\/p>\n\n\n<div class=\"legacy-fullwidth\"><div class=\"legacy-fusion-title\"><h2>Mehr Insiderinformationen \u00fcber die Obere Adria<\/h2><\/div><div class=\"legacy-fusion-title\"><h3>Warum an die Obere Adria<\/h3><\/div><div class=\"legacy-fusion-text\">Die <a href=\"https:\/\/www.tui.com\/hotels\/italien\/obere-adria\/\" target=\"_blank\" rel=\"noopener noreferrer\">Obere Adria<\/a> liegt nur wenige Autostunden von \u00d6sterreich entfernt. Das ist vor allem f\u00fcr Familien mit Kindern ideal, da man sich in der Fr\u00fch mit dem Auto auf den Weg machen und am Vormittag bereits am Strand liegen kann.<\/div><\/div>\n\n\n<div class=\"legacy-row\"><div class=\"one-half\"><div class=\"legacy-fusion-text\"><img loading=\"lazy\" decoding=\"async\" class=\"size-medium wp-image-14986 alignleft\" src=\"https:\/\/www.tui.at\/blog\/wp-content\/uploads\/2018\/04\/lignano-strand.jpg\" alt=\"TUI Strand Lignano Obere Adria\" width=\"615\" height=\"410\" \/><\/div><\/div>\n\n\n<div class=\"one-half\"><div class=\"legacy-fusion-text\"><img loading=\"lazy\" decoding=\"async\" class=\"wp-image-14985 size-medium alignright\" src=\"https:\/\/www.tui.at\/blog\/wp-content\/uploads\/2018\/04\/lignano-beach.jpg\" alt=\"TUI Strand Lignano Obere Adria\" width=\"615\" height=\"410\" \/><\/div><\/div><\/div>\n\n\n<div class=\"legacy-fullwidth\"><div class=\"legacy-fusion-title\"><h3>Str\u00e4nde und Sehensw\u00fcrdigkeiten<\/h3><\/div><div class=\"legacy-fusion-text\">Alle Str\u00e4nde der <a href=\"https:\/\/www.tui.com\/hotels\/italien\/obere-adria\/\" target=\"_blank\" rel=\"noopener noreferrer\">Oberen Adria<\/a> sind feinsandig und flach abfallend und somit besonders f\u00fcr kleine Kinder gut geeignet. An vielen der Str\u00e4nde kann man Liegen und Sonnenschirme mieten. Zudem gibt es Abschnitte, an denen man sein eigenes Strandmaterial mitbringen kann. Die beliebtesten Orte sind Bibione, Grado und Lignano.<\/div><\/div>\n\n\n<div class=\"legacy-row\"><div class=\"one-half\"><div class=\"legacy-fusion-text\"><img loading=\"lazy\" decoding=\"async\" class=\"size-medium wp-image-14990 alignleft\" src=\"https:\/\/www.tui.at\/blog\/wp-content\/uploads\/2018\/04\/shutterstock_565364038.jpg\" alt=\"TUI Strand Obere Adria\" width=\"615\" height=\"357\" \/><\/div><\/div>\n\n\n<div class=\"one-half\"><div class=\"legacy-fusion-text\"><img loading=\"lazy\" decoding=\"async\" class=\"size-medium wp-image-14992 alignright\" src=\"https:\/\/www.tui.at\/blog\/wp-content\/uploads\/2018\/04\/schirm-scaled.jpg\" alt=\"TUI Strand Obere Adria\" width=\"615\" height=\"357\" \/><\/div><\/div><\/div>\n\n\n<div class=\"legacy-fullwidth\"><div class=\"legacy-fusion-title\"><h2>Kulinarik<\/h2><\/div><div class=\"legacy-fusion-text\">Kulinarisch hat die italienische K\u00fcche, und damit auch die <a href=\"https:\/\/www.tui.com\/hotels\/italien\/obere-adria\/\" target=\"_blank\" rel=\"noopener noreferrer\">Obere Adria<\/a>, einiges zu bieten. Vom ber\u00fchmten italienischen Eis \u00fcber Pasta bis hin zum italienischen Wein kann man hier viele K\u00f6stlichkeiten probieren. Ein besonderer Tipp: Das Ristorante Pizzeria Al Bagnino in Lignano. Hier kann man wunderbar im Freien sitzen und Spezialit\u00e4ten wie Capesante ai ferri genie\u00dfen. Bei diesem Gericht handelt es sich um dreierlei Jakobsmuscheln.<\/div><\/div>\n\n\n<div class=\"legacy-row\"><div class=\"one-half\"><div class=\"legacy-fusion-text\"><img loading=\"lazy\" decoding=\"async\" class=\"size-medium wp-image-14996 alignleft\" src=\"https:\/\/www.tui.at\/blog\/wp-content\/uploads\/2018\/04\/CPT0207_02_031_18.jpg\" alt=\"TUI - Italienisches Eis\" width=\"615\" height=\"409\" \/><\/div><\/div>\n\n\n<div class=\"one-half\"><div class=\"legacy-fusion-text\"><img loading=\"lazy\" decoding=\"async\" class=\"size-medium wp-image-14997 alignright\" src=\"https:\/\/www.tui.at\/blog\/wp-content\/uploads\/2018\/04\/italien-wein.jpg\" alt=\"TUI - Italienischer Wein\" width=\"615\" height=\"414\" \/><\/div><\/div><\/div>\n\n\n<div class=\"legacy-fullwidth\"><div class=\"legacy-fusion-title\"><h2>Tipp: Venedig<\/h2><\/div><div class=\"legacy-fusion-text\">Venedig eignet sich aufgrund der N\u00e4he zur <a href=\"https:\/\/www.tui.com\/hotels\/italien\/obere-adria\/\" target=\"_blank\" rel=\"noopener noreferrer\">Oberen Adria<\/a> perfekt f\u00fcr einen Tagesausflug. Besonders f\u00fcr kulturell Interessierte gibt es hier viel zu entdecken. Bei Anreise mit dem Auto parkt man\u00a0am besten in Punta Sabbioni\u00a0und f\u00e4hrt von dort mit dem Linienschiff. In nur wenigen Minuten gelangt man so direkt zum Markusplatz, dem &#8222;Herzen Venedigs&#8220;.<\/div><\/div>\n\n\n<div class=\"legacy-row\"><div class=\"one-half\"><div class=\"legacy-fusion-text\"><img loading=\"lazy\" decoding=\"async\" class=\"size-medium wp-image-14998 alignleft\" src=\"https:\/\/www.tui.at\/blog\/wp-content\/uploads\/2018\/04\/shutterstock_Venedig_Italien_61061947.jpg\" alt=\"TUI - Boote Venedig Obere Adria\" width=\"615\" height=\"409\" \/><\/div><\/div>\n\n\n<div class=\"one-half\"><div class=\"legacy-fusion-text\"><img loading=\"lazy\" decoding=\"async\" class=\"size-medium wp-image-15000 alignright\" src=\"https:\/\/www.tui.at\/blog\/wp-content\/uploads\/2018\/04\/shutterstock_Venedig_Rialto_Italien_91636667.jpg\" alt=\"TUI - Boote Venedig Obere Adria\" width=\"615\" height=\"410\" \/><\/div><\/div><\/div>\n\n\n<div class=\"legacy-fullwidth\"><div class=\"legacy-fusion-title\"><h2>Hoteltipp LINO DELLE FATE Bibione<\/h2><\/div><div class=\"legacy-fusion-text\">Das <a href=\"https:\/\/www.tui.at\/pauschalreisen\/suchen\/angebote\/Lino-Delle-Fate\/824887\/hotelDescription?searchScope=HOTEL&amp;startDate=2021-05-01&amp;endDate=2021-09-30&amp;abtestSuperLastMinute=true&amp;links=1\" target=\"_blank\" rel=\"noopener noreferrer\">Lino Delle Fate<\/a>\u00a0 liegt nur ca. 600 m vom langen Sandstrand entfernt im Ortsteil Spiaggia in Bibione.<br \/>\nIn der Ferienzeit ist das Resort ideal f\u00fcr Familien geeignet. Mit Animationsprogrammen und Kinderpool kommen Gro\u00df und Klein auf ihre Kosten! In ca. 2 Minuten erreicht man fu\u00dfl\u00e4ufig die Einkaufsstra\u00dfe Bibiones, welche bis zum Stadtzentrum f\u00fchrt. Die malerische Stadt Venedig liegt nur ca. 100 km entfernt und l\u00e4dt zu einem Tagesausflug ein. In der Nebensaison eignet sich das Resort besonders f\u00fcr Paare. Komfortabel und stylish zugleich und umgeben vom hoteleigenen Park ist dieser Ort perfekt f\u00fcr alle die <b>Ruhe und Privatsph\u00e4re<\/b>\u00a0suchen.<\/div><\/div>\n\n\n<div class=\"legacy-row\"><div class=\"one-half\"><div class=\"legacy-fusion-text\"><img loading=\"lazy\" decoding=\"async\" class=\"size-medium wp-image-22765 alignleft\" src=\"https:\/\/www.tui.at\/blog\/wp-content\/uploads\/2018\/05\/lino-delle-fate4.jpg\" alt=\"\" width=\"615\" height=\"461\" \/><\/div><\/div>\n\n\n<div class=\"one-half\"><div class=\"legacy-fusion-text\"><img loading=\"lazy\" decoding=\"async\" class=\"size-medium wp-image-22766 alignright\" src=\"https:\/\/www.tui.at\/blog\/wp-content\/uploads\/2018\/05\/lino-delle-fate5.jpg\" alt=\"\" width=\"615\" height=\"461\" \/><\/div><\/div><\/div>\n\n\n<div class=\"legacy-row\"><div class=\"one-half\"><div class=\"legacy-fusion-text\"><img loading=\"lazy\" decoding=\"async\" class=\"alignnone size-medium wp-image-22762 alignleft\" src=\"https:\/\/www.tui.at\/blog\/wp-content\/uploads\/2018\/05\/lino-delle-fate.jpg\" alt=\"\" width=\"615\" height=\"461\" \/><\/div><\/div>\n\n\n<div class=\"one-half\"><div class=\"legacy-fusion-text\"><img loading=\"lazy\" decoding=\"async\" class=\"alignnone size-medium wp-image-22768 alignright\" src=\"https:\/\/www.tui.at\/blog\/wp-content\/uploads\/2018\/05\/lino-delle-fate7.jpg\" alt=\"\" width=\"615\" height=\"461\" \/><\/div><\/div><\/div>\n\n\n<div class=\"legacy-fusion-text\"><\/p>\n<blockquote><p>Zeit f\u00fcr Vorfreude! <strong>Wir haben <a href=\"https:\/\/www.tui.at\/pauschalreisen\/sommerurlaub\/\" target=\"_blank\" rel=\"noopener noreferrer\">die sch\u00f6nsten Pl\u00e4tze f\u00fcr deinen Sommerurlaub<\/a><\/strong>. Jetzt Urlaub mit Eigenanreise buchen &amp; richtig sparen! In vielen Hotels in Italien \u00fcbernachten Kinder sogar gratis \ud83d\ude09<\/p><\/blockquote>\n<p><\/div>\n","protected":false},"excerpt":{"rendered":"<p>Unsere #TUIReiseexperten geben Insidertipps zu ihren Lieblingsdestinationen. Heute erz\u00e4hlt Martin Hinderer von der TUI Das Reiseb\u00fcro-Filiale im Sillpark in Innsbruck \u00fcber seine Lieblingsdestination, die Obere Adria.<\/p>\n","protected":false},"author":216,"featured_media":487660,"comment_status":"open","ping_status":"closed","sticky":false,"template":"","format":"standard","meta":{"_acf_changed":false,"footnotes":""},"categories":[5146],"tags":[],"class_list":["post-487659","post","type-post","status-publish","format-standard","has-post-thumbnail","hentry","category-archiv-urlaub-am-meer"],"acf":[],"yoast_head":"<!-- This site is optimized with the Yoast SEO plugin v27.4 - https:\/\/yoast.com\/product\/yoast-seo-wordpress\/ -->\n<title>TUIReiseexperten geben Insidertipps - Obere Adria - TUI Blog<\/title>\n<meta name=\"description\" content=\"Unsere #TUIReiseexperten geben Insidertipps zu ihren Lieblingsdestinationen. Heute erz\u00e4hlt Martin Hinderer von der TUI Das Reiseb\u00fcro-Filiale im Sillpark in Innsbruck \u00fcber seine Lieblingsdestination, die Obere Adria.\" \/>\n<meta name=\"robots\" content=\"index, follow, max-snippet:-1, max-image-preview:large, max-video-preview:-1\" \/>\n<link rel=\"canonical\" href=\"https:\/\/www.tui.at\/blog\/tuireiseexperten-geben-insidertipps-obere-adria\/\" \/>\n<meta property=\"og:locale\" content=\"de_DE\" \/>\n<meta property=\"og:type\" content=\"article\" \/>\n<meta property=\"og:title\" content=\"TUIReiseexperten geben Insidertipps - Obere Adria - TUI Blog\" \/>\n<meta property=\"og:description\" content=\"Unsere #TUIReiseexperten geben Insidertipps zu ihren Lieblingsdestinationen. Heute erz\u00e4hlt Martin Hinderer von der TUI Das Reiseb\u00fcro-Filiale im Sillpark in Innsbruck \u00fcber seine Lieblingsdestination, die Obere Adria.\" \/>\n<meta property=\"og:url\" content=\"https:\/\/www.tui.at\/blog\/tuireiseexperten-geben-insidertipps-obere-adria\/\" \/>\n<meta property=\"og:site_name\" content=\"TUI.at Reiseblog\" \/>\n<meta property=\"article:published_time\" content=\"2021-03-11T08:19:24+00:00\" \/>\n<meta property=\"article:modified_time\" content=\"2025-10-24T09:39:24+00:00\" \/>\n<meta property=\"og:image\" content=\"https:\/\/www.tui.at\/blog\/wp-content\/uploads\/2018\/04\/shutterstock_636231197.jpg\" \/>\n\t<meta property=\"og:image:width\" content=\"1600\" \/>\n\t<meta property=\"og:image:height\" content=\"884\" \/>\n\t<meta property=\"og:image:type\" content=\"image\/jpeg\" \/>\n<meta name=\"author\" content=\"TUI ReiseexpertInnen\" \/>\n<meta name=\"twitter:card\" content=\"summary_large_image\" \/>\n<meta name=\"twitter:label1\" content=\"Verfasst von\" \/>\n\t<meta name=\"twitter:data1\" content=\"TUI ReiseexpertInnen\" \/>\n\t<meta name=\"twitter:label2\" content=\"Gesch\u00e4tzte Lesezeit\" \/>\n\t<meta name=\"twitter:data2\" content=\"7\u00a0Minuten\" \/>\n<script type=\"application\/ld+json\" class=\"yoast-schema-graph\">{\"@context\":\"https:\\\/\\\/schema.org\",\"@graph\":[{\"@type\":\"BlogPosting\",\"@id\":\"https:\\\/\\\/www.tui.at\\\/blog\\\/tuireiseexperten-geben-insidertipps-obere-adria\\\/#article\",\"isPartOf\":{\"@id\":\"https:\\\/\\\/www.tui.at\\\/blog\\\/tuireiseexperten-geben-insidertipps-obere-adria\\\/\"},\"author\":{\"name\":\"TUI ReiseexpertInnen\",\"@id\":\"https:\\\/\\\/www.tui.at\\\/blog\\\/#\\\/schema\\\/person\\\/d690730bb801c31eaf2cb9f00802c039\"},\"headline\":\"#TUIReiseexperten geben Insidertipps \u2013 Obere Adria\",\"datePublished\":\"2021-03-11T08:19:24+00:00\",\"dateModified\":\"2025-10-24T09:39:24+00:00\",\"mainEntityOfPage\":{\"@id\":\"https:\\\/\\\/www.tui.at\\\/blog\\\/tuireiseexperten-geben-insidertipps-obere-adria\\\/\"},\"wordCount\":1408,\"commentCount\":0,\"publisher\":{\"@id\":\"https:\\\/\\\/www.tui.at\\\/blog\\\/#organization\"},\"image\":{\"@id\":\"https:\\\/\\\/www.tui.at\\\/blog\\\/tuireiseexperten-geben-insidertipps-obere-adria\\\/#primaryimage\"},\"thumbnailUrl\":\"https:\\\/\\\/www.tui.at\\\/blog\\\/wp-content\\\/uploads\\\/2018\\\/04\\\/shutterstock_636231197.jpg\",\"articleSection\":[\"Urlaub am Meer\"],\"inLanguage\":\"de\",\"potentialAction\":[{\"@type\":\"CommentAction\",\"name\":\"Comment\",\"target\":[\"https:\\\/\\\/www.tui.at\\\/blog\\\/tuireiseexperten-geben-insidertipps-obere-adria\\\/#respond\"]}]},{\"@type\":\"WebPage\",\"@id\":\"https:\\\/\\\/www.tui.at\\\/blog\\\/tuireiseexperten-geben-insidertipps-obere-adria\\\/\",\"url\":\"https:\\\/\\\/www.tui.at\\\/blog\\\/tuireiseexperten-geben-insidertipps-obere-adria\\\/\",\"name\":\"TUIReiseexperten geben Insidertipps - Obere Adria - TUI Blog\",\"isPartOf\":{\"@id\":\"https:\\\/\\\/www.tui.at\\\/blog\\\/#website\"},\"primaryImageOfPage\":{\"@id\":\"https:\\\/\\\/www.tui.at\\\/blog\\\/tuireiseexperten-geben-insidertipps-obere-adria\\\/#primaryimage\"},\"image\":{\"@id\":\"https:\\\/\\\/www.tui.at\\\/blog\\\/tuireiseexperten-geben-insidertipps-obere-adria\\\/#primaryimage\"},\"thumbnailUrl\":\"https:\\\/\\\/www.tui.at\\\/blog\\\/wp-content\\\/uploads\\\/2018\\\/04\\\/shutterstock_636231197.jpg\",\"datePublished\":\"2021-03-11T08:19:24+00:00\",\"dateModified\":\"2025-10-24T09:39:24+00:00\",\"description\":\"Unsere #TUIReiseexperten geben Insidertipps zu ihren Lieblingsdestinationen. Heute erz\u00e4hlt Martin Hinderer von der TUI Das Reiseb\u00fcro-Filiale im Sillpark in Innsbruck \u00fcber seine Lieblingsdestination, die Obere Adria.\",\"breadcrumb\":{\"@id\":\"https:\\\/\\\/www.tui.at\\\/blog\\\/tuireiseexperten-geben-insidertipps-obere-adria\\\/#breadcrumb\"},\"inLanguage\":\"de\",\"potentialAction\":[{\"@type\":\"ReadAction\",\"target\":[\"https:\\\/\\\/www.tui.at\\\/blog\\\/tuireiseexperten-geben-insidertipps-obere-adria\\\/\"]}]},{\"@type\":\"ImageObject\",\"inLanguage\":\"de\",\"@id\":\"https:\\\/\\\/www.tui.at\\\/blog\\\/tuireiseexperten-geben-insidertipps-obere-adria\\\/#primaryimage\",\"url\":\"https:\\\/\\\/www.tui.at\\\/blog\\\/wp-content\\\/uploads\\\/2018\\\/04\\\/shutterstock_636231197.jpg\",\"contentUrl\":\"https:\\\/\\\/www.tui.at\\\/blog\\\/wp-content\\\/uploads\\\/2018\\\/04\\\/shutterstock_636231197.jpg\",\"width\":1600,\"height\":884,\"caption\":\"TUI Leuchtturm Lignano\"},{\"@type\":\"BreadcrumbList\",\"@id\":\"https:\\\/\\\/www.tui.at\\\/blog\\\/tuireiseexperten-geben-insidertipps-obere-adria\\\/#breadcrumb\",\"itemListElement\":[{\"@type\":\"ListItem\",\"position\":1,\"name\":\"Startseite\",\"item\":\"https:\\\/\\\/www.tui.at\\\/blog\\\/\"},{\"@type\":\"ListItem\",\"position\":2,\"name\":\"#TUIReiseexperten geben Insidertipps \u2013 Obere Adria\"}]},{\"@type\":\"WebSite\",\"@id\":\"https:\\\/\\\/www.tui.at\\\/blog\\\/#website\",\"url\":\"https:\\\/\\\/www.tui.at\\\/blog\\\/\",\"name\":\"TUI.at Reiseblog\",\"description\":\"Inspirationen f\u00fcr den perfekten Urlaub\",\"publisher\":{\"@id\":\"https:\\\/\\\/www.tui.at\\\/blog\\\/#organization\"},\"potentialAction\":[{\"@type\":\"SearchAction\",\"target\":{\"@type\":\"EntryPoint\",\"urlTemplate\":\"https:\\\/\\\/www.tui.at\\\/blog\\\/?s={search_term_string}\"},\"query-input\":{\"@type\":\"PropertyValueSpecification\",\"valueRequired\":true,\"valueName\":\"search_term_string\"}}],\"inLanguage\":\"de\"},{\"@type\":\"Organization\",\"@id\":\"https:\\\/\\\/www.tui.at\\\/blog\\\/#organization\",\"name\":\"TUI.at Reiseblog\",\"url\":\"https:\\\/\\\/www.tui.at\\\/blog\\\/\",\"logo\":{\"@type\":\"ImageObject\",\"inLanguage\":\"de\",\"@id\":\"https:\\\/\\\/www.tui.at\\\/blog\\\/#\\\/schema\\\/logo\\\/image\\\/\",\"url\":\"https:\\\/\\\/www.tui.at\\\/blog\\\/wp-content\\\/uploads\\\/2025\\\/09\\\/cropped-tui-logo-3.webp\",\"contentUrl\":\"https:\\\/\\\/www.tui.at\\\/blog\\\/wp-content\\\/uploads\\\/2025\\\/09\\\/cropped-tui-logo-3.webp\",\"width\":164,\"height\":72,\"caption\":\"TUI.at Reiseblog\"},\"image\":{\"@id\":\"https:\\\/\\\/www.tui.at\\\/blog\\\/#\\\/schema\\\/logo\\\/image\\\/\"}},{\"@type\":\"Person\",\"@id\":\"https:\\\/\\\/www.tui.at\\\/blog\\\/#\\\/schema\\\/person\\\/d690730bb801c31eaf2cb9f00802c039\",\"name\":\"TUI ReiseexpertInnen\",\"description\":\"Unsere TUI ReiseexpertInnen geben Insidertipps zu Destinationen rund um die Welt.\",\"sameAs\":[\"http:\\\/\\\/www.tui.at\\\/reisebuero\"],\"url\":\"https:\\\/\\\/www.tui.at\\\/blog\\\/author\\\/tui-reiseexpertinnen\\\/\"}]}<\/script>\n<!-- \/ Yoast SEO plugin. -->","yoast_head_json":{"title":"TUIReiseexperten geben Insidertipps - Obere Adria - TUI Blog","description":"Unsere #TUIReiseexperten geben Insidertipps zu ihren Lieblingsdestinationen. Heute erz\u00e4hlt Martin Hinderer von der TUI Das Reiseb\u00fcro-Filiale im Sillpark in Innsbruck \u00fcber seine Lieblingsdestination, die Obere Adria.","robots":{"index":"index","follow":"follow","max-snippet":"max-snippet:-1","max-image-preview":"max-image-preview:large","max-video-preview":"max-video-preview:-1"},"canonical":"https:\/\/www.tui.at\/blog\/tuireiseexperten-geben-insidertipps-obere-adria\/","og_locale":"de_DE","og_type":"article","og_title":"TUIReiseexperten geben Insidertipps - Obere Adria - TUI Blog","og_description":"Unsere #TUIReiseexperten geben Insidertipps zu ihren Lieblingsdestinationen. Heute erz\u00e4hlt Martin Hinderer von der TUI Das Reiseb\u00fcro-Filiale im Sillpark in Innsbruck \u00fcber seine Lieblingsdestination, die Obere Adria.","og_url":"https:\/\/www.tui.at\/blog\/tuireiseexperten-geben-insidertipps-obere-adria\/","og_site_name":"TUI.at Reiseblog","article_published_time":"2021-03-11T08:19:24+00:00","article_modified_time":"2025-10-24T09:39:24+00:00","og_image":[{"width":1600,"height":884,"url":"https:\/\/www.tui.at\/blog\/wp-content\/uploads\/2018\/04\/shutterstock_636231197.jpg","type":"image\/jpeg"}],"author":"TUI ReiseexpertInnen","twitter_card":"summary_large_image","twitter_misc":{"Verfasst von":"TUI ReiseexpertInnen","Gesch\u00e4tzte Lesezeit":"7\u00a0Minuten"},"schema":{"@context":"https:\/\/schema.org","@graph":[{"@type":"BlogPosting","@id":"https:\/\/www.tui.at\/blog\/tuireiseexperten-geben-insidertipps-obere-adria\/#article","isPartOf":{"@id":"https:\/\/www.tui.at\/blog\/tuireiseexperten-geben-insidertipps-obere-adria\/"},"author":{"name":"TUI ReiseexpertInnen","@id":"https:\/\/www.tui.at\/blog\/#\/schema\/person\/d690730bb801c31eaf2cb9f00802c039"},"headline":"#TUIReiseexperten geben Insidertipps \u2013 Obere Adria","datePublished":"2021-03-11T08:19:24+00:00","dateModified":"2025-10-24T09:39:24+00:00","mainEntityOfPage":{"@id":"https:\/\/www.tui.at\/blog\/tuireiseexperten-geben-insidertipps-obere-adria\/"},"wordCount":1408,"commentCount":0,"publisher":{"@id":"https:\/\/www.tui.at\/blog\/#organization"},"image":{"@id":"https:\/\/www.tui.at\/blog\/tuireiseexperten-geben-insidertipps-obere-adria\/#primaryimage"},"thumbnailUrl":"https:\/\/www.tui.at\/blog\/wp-content\/uploads\/2018\/04\/shutterstock_636231197.jpg","articleSection":["Urlaub am Meer"],"inLanguage":"de","potentialAction":[{"@type":"CommentAction","name":"Comment","target":["https:\/\/www.tui.at\/blog\/tuireiseexperten-geben-insidertipps-obere-adria\/#respond"]}]},{"@type":"WebPage","@id":"https:\/\/www.tui.at\/blog\/tuireiseexperten-geben-insidertipps-obere-adria\/","url":"https:\/\/www.tui.at\/blog\/tuireiseexperten-geben-insidertipps-obere-adria\/","name":"TUIReiseexperten geben Insidertipps - Obere Adria - TUI Blog","isPartOf":{"@id":"https:\/\/www.tui.at\/blog\/#website"},"primaryImageOfPage":{"@id":"https:\/\/www.tui.at\/blog\/tuireiseexperten-geben-insidertipps-obere-adria\/#primaryimage"},"image":{"@id":"https:\/\/www.tui.at\/blog\/tuireiseexperten-geben-insidertipps-obere-adria\/#primaryimage"},"thumbnailUrl":"https:\/\/www.tui.at\/blog\/wp-content\/uploads\/2018\/04\/shutterstock_636231197.jpg","datePublished":"2021-03-11T08:19:24+00:00","dateModified":"2025-10-24T09:39:24+00:00","description":"Unsere #TUIReiseexperten geben Insidertipps zu ihren Lieblingsdestinationen. Heute erz\u00e4hlt Martin Hinderer von der TUI Das Reiseb\u00fcro-Filiale im Sillpark in Innsbruck \u00fcber seine Lieblingsdestination, die Obere Adria.","breadcrumb":{"@id":"https:\/\/www.tui.at\/blog\/tuireiseexperten-geben-insidertipps-obere-adria\/#breadcrumb"},"inLanguage":"de","potentialAction":[{"@type":"ReadAction","target":["https:\/\/www.tui.at\/blog\/tuireiseexperten-geben-insidertipps-obere-adria\/"]}]},{"@type":"ImageObject","inLanguage":"de","@id":"https:\/\/www.tui.at\/blog\/tuireiseexperten-geben-insidertipps-obere-adria\/#primaryimage","url":"https:\/\/www.tui.at\/blog\/wp-content\/uploads\/2018\/04\/shutterstock_636231197.jpg","contentUrl":"https:\/\/www.tui.at\/blog\/wp-content\/uploads\/2018\/04\/shutterstock_636231197.jpg","width":1600,"height":884,"caption":"TUI Leuchtturm Lignano"},{"@type":"BreadcrumbList","@id":"https:\/\/www.tui.at\/blog\/tuireiseexperten-geben-insidertipps-obere-adria\/#breadcrumb","itemListElement":[{"@type":"ListItem","position":1,"name":"Startseite","item":"https:\/\/www.tui.at\/blog\/"},{"@type":"ListItem","position":2,"name":"#TUIReiseexperten geben Insidertipps \u2013 Obere Adria"}]},{"@type":"WebSite","@id":"https:\/\/www.tui.at\/blog\/#website","url":"https:\/\/www.tui.at\/blog\/","name":"TUI.at Reiseblog","description":"Inspirationen f\u00fcr den perfekten Urlaub","publisher":{"@id":"https:\/\/www.tui.at\/blog\/#organization"},"potentialAction":[{"@type":"SearchAction","target":{"@type":"EntryPoint","urlTemplate":"https:\/\/www.tui.at\/blog\/?s={search_term_string}"},"query-input":{"@type":"PropertyValueSpecification","valueRequired":true,"valueName":"search_term_string"}}],"inLanguage":"de"},{"@type":"Organization","@id":"https:\/\/www.tui.at\/blog\/#organization","name":"TUI.at Reiseblog","url":"https:\/\/www.tui.at\/blog\/","logo":{"@type":"ImageObject","inLanguage":"de","@id":"https:\/\/www.tui.at\/blog\/#\/schema\/logo\/image\/","url":"https:\/\/www.tui.at\/blog\/wp-content\/uploads\/2025\/09\/cropped-tui-logo-3.webp","contentUrl":"https:\/\/www.tui.at\/blog\/wp-content\/uploads\/2025\/09\/cropped-tui-logo-3.webp","width":164,"height":72,"caption":"TUI.at Reiseblog"},"image":{"@id":"https:\/\/www.tui.at\/blog\/#\/schema\/logo\/image\/"}},{"@type":"Person","@id":"https:\/\/www.tui.at\/blog\/#\/schema\/person\/d690730bb801c31eaf2cb9f00802c039","name":"TUI ReiseexpertInnen","description":"Unsere TUI ReiseexpertInnen geben Insidertipps zu Destinationen rund um die Welt.","sameAs":["http:\/\/www.tui.at\/reisebuero"],"url":"https:\/\/www.tui.at\/blog\/author\/tui-reiseexpertinnen\/"}]}},"_links":{"self":[{"href":"https:\/\/www.tui.at\/blog\/wp-json\/wp\/v2\/posts\/487659","targetHints":{"allow":["GET"]}}],"collection":[{"href":"https:\/\/www.tui.at\/blog\/wp-json\/wp\/v2\/posts"}],"about":[{"href":"https:\/\/www.tui.at\/blog\/wp-json\/wp\/v2\/types\/post"}],"author":[{"embeddable":true,"href":"https:\/\/www.tui.at\/blog\/wp-json\/wp\/v2\/users\/216"}],"replies":[{"embeddable":true,"href":"https:\/\/www.tui.at\/blog\/wp-json\/wp\/v2\/comments?post=487659"}],"version-history":[{"count":3,"href":"https:\/\/www.tui.at\/blog\/wp-json\/wp\/v2\/posts\/487659\/revisions"}],"predecessor-version":[{"id":490945,"href":"https:\/\/www.tui.at\/blog\/wp-json\/wp\/v2\/posts\/487659\/revisions\/490945"}],"wp:featuredmedia":[{"embeddable":true,"href":"https:\/\/www.tui.at\/blog\/wp-json\/wp\/v2\/media\/487660"}],"wp:attachment":[{"href":"https:\/\/www.tui.at\/blog\/wp-json\/wp\/v2\/media?parent=487659"}],"wp:term":[{"taxonomy":"category","embeddable":true,"href":"https:\/\/www.tui.at\/blog\/wp-json\/wp\/v2\/categories?post=487659"},{"taxonomy":"post_tag","embeddable":true,"href":"https:\/\/www.tui.at\/blog\/wp-json\/wp\/v2\/tags?post=487659"}],"curies":[{"name":"wp","href":"https:\/\/api.w.org\/{rel}","templated":true}]}}