{"id":487631,"date":"2021-03-18T10:50:05","date_gmt":"2021-03-18T09:50:05","guid":{"rendered":"https:\/\/www.tui.at\/blog\/tuireiseexperten-geben-insidertipps-teneriffa\/"},"modified":"2025-10-24T11:39:24","modified_gmt":"2025-10-24T09:39:24","slug":"tuireiseexperten-teneriffa","status":"publish","type":"post","link":"https:\/\/www.tui.at\/blog\/tuireiseexperten-teneriffa\/","title":{"rendered":"#TUIReiseexperten geben Insidertipps \u2013 Teneriffa"},"content":{"rendered":"<div class=\"legacy-fullwidth\"><div class=\"legacy-fusion-text\">Unsere <a class=\"yt-simple-endpoint style-scope yt-formatted-string\" href=\"https:\/\/www.youtube.com\/results?search_query=%23TUIReiseexperten\" target=\"_blank\" rel=\"noopener noreferrer\">#TUIReiseexperten<\/a> geben Insidertipps zu ihren Lieblingsdestinationen. Heute erz\u00e4hlt Michael Haid von einer unserer\u00a0<a href=\"https:\/\/www.tui.at\/reisebuero\/tirol\/imst\/tui-das-reisebuero-gemeinde-imst\/\" target=\"_blank\" rel=\"noopener noreferrer\">TUI Das Reiseb\u00fcro-Filiale in Tirol<\/a>\u00a0\u00fcber seine Lieblingsdestination <a href=\"http:\/\/www.tui.at\/pauschalreisen\/spanien\/teneriffa\/\" target=\"_blank\" rel=\"noopener noreferrer\">Teneriffa<\/a>.<\/div><\/div>\n\n\n<div class=\"legacy-fullwidth\"><div class=\"legacy-fusion-text\"><\/p>\n<blockquote><p>Zeit f\u00fcr Vorfreude!\u00a0<strong>Wir haben\u00a0<a href=\"https:\/\/www.tui.at\/pauschalreisen\/sommerurlaub\/\" target=\"_blank\" rel=\"noopener noreferrer\">die sch\u00f6nsten Pl\u00e4tze f\u00fcr deinen Sommerurlaub<\/a><\/strong>.<br \/>\nEntdecke jetzt alle Angebote f\u00fcr deine Pauschalreise schon ab 399 \u20ac f\u00fcr 7 N\u00e4chte inklusive Flug! \u2600<\/p><\/blockquote>\n<p><\/div><\/div>\n\n\n<div class=\"gb-container gb-container-f09641d5\">\n\n<h2 class=\"gb-headline gb-headline-4df36d7f gb-headline-text\">Dein TUI Reiseexperte f\u00fcr Teneriffa<\/h2>\n\n\n<div class=\"gb-grid-wrapper gb-grid-wrapper-f1d376ae\">\n<div class=\"gb-grid-column gb-grid-column-8d32cad9\"><div class=\"gb-container gb-container-8d32cad9\">\n\n<figure class=\"gb-block-image gb-block-image-6d311477\"><img loading=\"lazy\" decoding=\"async\" width=\"145\" height=\"120\" class=\"gb-image gb-image-6d311477\" src=\"https:\/\/www.tui.at\/blog\/wp-content\/uploads\/2017\/12\/TUI-Das-Reisebuero-Tirol-michael-haid-291013.jpeg\" alt=\"TUI Das Reiseb\u00fcro Tirol-michael-haid-291013\" title=\"TUI Das Reiseb\u00fcro Tirol-michael-haid-291013\"\/><\/figure>\n\n<\/div><\/div>\n\n<div class=\"gb-grid-column gb-grid-column-688e335f\"><div class=\"gb-container gb-container-688e335f\">\n\n<h4 class=\"gb-headline gb-headline-713b79c6 gb-headline-text\"><a href=\"https:\/\/www.tui.at\/reisebuero\/tirol\/imst\/tui-das-reisebuero-gemeinde-imst\/#team\" target=\"_blank\" rel=\"noreferrer noopener\">Michael Hai<\/a><\/h4>\n\n\n\n<p class=\"gb-headline gb-headline-f23efc42 gb-headline-text\">\u260f 050 884 265 20<\/p>\n\n\n\n<p class=\"gb-headline gb-headline-19818ffc gb-headline-text\"><a href=\"mailto:michael.haid@tui.at\">michael.haid@tui.at<\/a><\/p>\n\n<\/div><\/div>\n<\/div>\n<\/div>\n\n\n<p><div class=\"legacy-fullwidth\"><div class=\"legacy-fusion-title\"><h2>Zum Video: #TUIReiseexperten \u00fcber Teneriffa<\/h2><\/div><\/div><div class=\"legacy-row\"><div class=\"three-fourth\"><div class=\"legacy-youtube-wrapper\"> <div class=\"brlbs-cmpnt-container brlbs-cmpnt-content-blocker brlbs-cmpnt-with-individual-styles\" data-borlabs-cookie-content-blocker-id=\"youtube-content-blocker\" data-borlabs-cookie-content=\"PGlmcmFtZSBsb2FkaW5nPSJsYXp5IiB3aWR0aD0iNjAwIiBoZWlnaHQ9IjM1MCIgc3JjPSJodHRwczovL3d3dy55b3V0dWJlLW5vY29va2llLmNvbS9lbWJlZC82YU5Wc1hISUtIUSIgdGl0bGU9IllvdVR1YmUgdmlkZW8gcGxheWVyIiBmcmFtZWJvcmRlcj0iMCIgYWxsb3c9ImFjY2VsZXJvbWV0ZXI7ICBjbGlwYm9hcmQtd3JpdGU7IGVuY3J5cHRlZC1tZWRpYTsgZ3lyb3Njb3BlOyBwaWN0dXJlLWluLXBpY3R1cmU7IHdlYi1zaGFyZSIgcmVmZXJyZXJwb2xpY3k9InN0cmljdC1vcmlnaW4td2hlbi1jcm9zcy1vcmlnaW4iIGFsbG93ZnVsbHNjcmVlbj48L2lmcmFtZT4=\"><div class=\"brlbs-cmpnt-cb-preset-c brlbs-cmpnt-cb-youtube\"> <div class=\"brlbs-cmpnt-cb-thumbnail\" style=\"background-image: url('https:\/\/www.tui.at\/blog\/wp-content\/uploads\/borlabs-cookie\/1\/yt_6aNVsXHIKHQ_hqdefault.jpg')\"><\/div> <div class=\"brlbs-cmpnt-cb-main\"> <div class=\"brlbs-cmpnt-cb-play-button\"><\/div> <div class=\"brlbs-cmpnt-cb-content\"> <p class=\"brlbs-cmpnt-cb-description\">Sie sehen gerade einen Platzhalterinhalt von <strong>YouTube<\/strong>. Um auf den eigentlichen Inhalt zuzugreifen, klicken Sie auf die Schaltfl\u00e4che unten. Bitte beachten Sie, dass dabei Daten an Drittanbieter weitergegeben werden.<\/p> <a class=\"brlbs-cmpnt-cb-provider-toggle\" href=\"#\" data-borlabs-cookie-show-provider-information role=\"button\">Mehr Informationen<\/a> <\/div> <div class=\"brlbs-cmpnt-cb-buttons\"> <a class=\"brlbs-cmpnt-cb-btn\" href=\"#\" data-borlabs-cookie-unblock role=\"button\">Inhalt entsperren<\/a> <a class=\"brlbs-cmpnt-cb-btn\" href=\"#\" data-borlabs-cookie-accept-service role=\"button\" style=\"display: inherit\">Erforderlichen Service akzeptieren und Inhalte entsperren<\/a> <\/div> <\/div> <\/div><\/div><\/div><\/div><\/div><\/p>\n\n\n<div class=\"legacy-fullwidth\"><div class=\"legacy-fusion-title\"><h2>Mehr Insidertipps \u00fcber Teneriffa<\/h2><\/div><div class=\"legacy-fusion-title\"><h3>Teide Nationalpark<\/h3><\/div><div class=\"legacy-fusion-text\">Der <strong>Vulkan Pico del Teide<\/strong> ist mit 3.718 Metern der h\u00f6chste Berg von ganz Spanien und pr\u00e4gt die gesamte Insel. Im <strong>Nationalpark <\/strong>gibt es unz\u00e4hlige Wanderrouten durch Kiefernw\u00e4lder und \u00fcber Lavagestein. F\u00fcr Naturliebhaber ein einziger Traum. Es gibt auch zwei Besucherzentren mit Infos, Ausstellungen und allen m\u00f6glichen Erkl\u00e4rungen zum Nationalpark.<\/div><\/div>\n\n\n<div class=\"legacy-fullwidth\"><div class=\"legacy-fusion-text\"><strong>Besondere Insidertipps zum Tide Nationalpark:<\/strong><\/div><ul class=\"legacy-checklist medium\"><li class=\"legacy-li-item\"><span class=\"circle\" data-icon=\"fa-info-circle\"><\/span><div class=\"legacy-li-item-wrapper\">Es gibt eine Seilbahn vom Nationalpark hinauf bis auf 3.555 Meter.<\/div><\/li><li class=\"legacy-li-item\"><span class=\"circle\" data-icon=\"fa-info-circle\"><\/span><div class=\"legacy-li-item-wrapper\">Der Aufstieg der letzten 163 H\u00f6henmeter bis zum Kraterrand ist nur mit vorheriger Genehmigung f\u00fcr einen bestimmten Tag samt bestimmter Zeitspanne m\u00f6glich. Auf der Website des Nationalparks kann diese eingeholt werden.<\/div><\/li><li class=\"legacy-li-item\"><span class=\"circle\" data-icon=\"fa-info-circle\"><\/span><div class=\"legacy-li-item-wrapper\">Dinner mit anschlie\u00dfender Sternenbeobachtung mit einem Astronomie-Guide. Denn was wenige Menschen wissen ist, dass Teneriffa zusammen mit Hawaii und Chile zu den wichtigsten Sternwarten z\u00e4hlt.<\/div><\/li><\/ul><\/div>\n\n\n<div class=\"legacy-fullwidth\"><div class=\"legacy-fusion-text\"><a href=\"https:\/\/blog.tui.at\/wp-content\/uploads\/2017\/12\/PressereiseTeneriffa_Mai2015_cTUI-Florian-Albert-39.jpg\"><img loading=\"lazy\" decoding=\"async\" class=\"aligncenter wp-image-13326 size-large\" src=\"https:\/\/www.tui.at\/blog\/wp-content\/uploads\/2017\/12\/PressereiseTeneriffa_Mai2015_cTUI-Florian-Albert-39.jpg\" alt=\"Teide Nationalpark_Teneriffa_TUI_TUIReiseexperten\" width=\"669\" height=\"446\" \/><\/a><\/div><\/div>\n\n\n<div class=\"legacy-row\"><div class=\"one-half\"><div class=\"legacy-fusion-text\"><a href=\"https:\/\/blog.tui.at\/wp-content\/uploads\/2017\/12\/PressereiseTeneriffa_Mai2015_cTUI-Florian-Albert-23.jpg\"><img loading=\"lazy\" decoding=\"async\" class=\"alignnone size-medium wp-image-13324\" src=\"https:\/\/www.tui.at\/blog\/wp-content\/uploads\/2017\/12\/PressereiseTeneriffa_Mai2015_cTUI-Florian-Albert-23.jpg\" alt=\"TUI_Teneriffa_TeideNationalpark_TUIReiseexperten\" width=\"615\" height=\"410\" \/><\/a><\/div><\/div>\n\n\n<div class=\"one-half\"><div class=\"legacy-fusion-text\"><a href=\"https:\/\/blog.tui.at\/wp-content\/uploads\/2017\/12\/PressereiseTeneriffa_Mai2015_cTUI-Florian-Albert-23.jpg\"><img loading=\"lazy\" decoding=\"async\" class=\"alignnone size-medium wp-image-13324\" src=\"https:\/\/www.tui.at\/blog\/wp-content\/uploads\/2017\/12\/PressereiseTeneriffa_Mai2015_cTUI-Florian-Albert-23.jpg\" alt=\"TUI_Teneriffa_TeideNationalpark_TUIReiseexperten\" width=\"615\" height=\"410\" \/><\/a><\/div><\/div><\/div>\n\n\n<div class=\"legacy-fullwidth\"><div class=\"legacy-fusion-title\"><h3>Hoteltipp auf Teneriffa<\/h3><\/div><div class=\"legacy-fusion-text\">Das elegante Resort <strong><a href=\"https:\/\/www.tui.at\/pauschalreisen\/suchen\/angebote\/ADRIAN-Hotels-Jardines-de-Nivaria\/3680\/hotelDescription?startDate=2021-03-19&amp;endDate=2021-11-15&amp;duration=7-&amp;sortOffersField=campaignOffers&amp;campaigns=ZNG&amp;language=de&amp;contentid=28_rv_kanarischeinseln_20210311_WB21\" target=\"_blank\" rel=\"noopener noreferrer\">ADRIAN Hotels Jardines de Nivaria<\/a><\/strong> liegt direkt am wundersch\u00f6nen <strong>Sandstrand Playa Fa\u00f1ab\u00e9<\/strong>. Die belebte Strandpromenade in unmittelbarer N\u00e4he mit zahlreichen Einkaufsm\u00f6glichkeiten und Restaurants l\u00e4dt abends zum gem\u00fctlichen Flanieren ein. Nicht zuletzt \u00fcberzeugt das Hotel durch das vielf\u00e4ltige kulinarische Angebot sowie durch das abwechslungsreiche Unterhaltungsprogramm f\u00fcr Gro\u00df und Klein. Ein perfekter Urlaub f\u00fcr die ganze Familie!<\/div><\/div>\n\n\n<div class=\"legacy-fullwidth\"><div class=\"legacy-fusion-text\"><img loading=\"lazy\" decoding=\"async\" class=\"alignnone size-medium wp-image-22795 aligncenter\" src=\"https:\/\/www.tui.at\/blog\/wp-content\/uploads\/2021\/03\/3ab0f149-9bbe-4cf1-8b60-59bae18a8a47.jpg\" alt=\"Insidertipp ADRIAN Hotels Jardines de Nivaria\" width=\"615\" height=\"461\" \/><\/div><\/div>\n\n\n<div class=\"legacy-row\"><div class=\"one-half\"><div class=\"legacy-fusion-text\"><img loading=\"lazy\" decoding=\"async\" class=\"alignnone size-medium wp-image-22798 aligncenter\" src=\"https:\/\/www.tui.at\/blog\/wp-content\/uploads\/2021\/03\/d2f10774-beb6-44fa-881e-25c9494878e4.jpg\" alt=\"Insidertipp ADRIAN Hotels Jardines de Nivaria\" width=\"615\" height=\"461\" \/><\/div><\/div>\n\n\n<div class=\"one-half\"><div class=\"legacy-fusion-text\"><img loading=\"lazy\" decoding=\"async\" class=\"alignnone size-medium wp-image-22797 aligncenter\" src=\"https:\/\/www.tui.at\/blog\/wp-content\/uploads\/2021\/03\/85b2701e-12b7-4bd3-9c4d-901b3adf0eca.jpg\" alt=\"Insidertipp ADRIAN Hotels Jardines de Nivaria\" width=\"615\" height=\"461\" \/><\/div><\/div><\/div>\n\n\n<div class=\"legacy-fullwidth\"><div class=\"legacy-fusion-text\"><strong>Besonderer Insidertipp zum ADRIAN Hotels Jardines de Nivaria:<\/strong><\/div><ul class=\"legacy-checklist medium\"><li class=\"legacy-li-item\"><span class=\"circle\" data-icon=\"fa-info-circle\"><\/span><div class=\"legacy-li-item-wrapper\">Das Gourmet-Restaurant \u201eLa C\u00fapula&#8220; ist der ideale Ort, um ein romantisches Abendmahl bei Kerzenlicht zu genie\u03b2en. Hier kommen die anspruchsvollsten Gaumen in den Genuss eines vorz\u00fcglichen kulinarischen Angebots und einer Auswahl der erlesensten spanischen Weine. Die Gerichte sind eine Fusion aus franz\u00f6sischer und kanarischer K\u00fcche, wodurch einzigartige Speisen entstehen. Genu\u00df pur ist garantiert!<\/div><\/li><\/ul><\/div>\n","protected":false},"excerpt":{"rendered":"<p>Unsere #TUIReiseexperten geben Insidertipps zu ihren Lieblingsdestinationen. Michael Haid vom TUI Das Reiseb\u00fcro in Tirol erz\u00e4hlt \u00fcber Teneriffa.<\/p>\n","protected":false},"author":216,"featured_media":487632,"comment_status":"open","ping_status":"closed","sticky":false,"template":"","format":"standard","meta":{"_acf_changed":false,"footnotes":""},"categories":[5148],"tags":[4892,4929,4930,4849,4928,4931],"class_list":["post-487631","post","type-post","status-publish","format-standard","has-post-thumbnail","hentry","category-archiv-aktivurlaub","tag-insidertipps","tag-reiseexperte","tag-teneriffa","tag-tui","tag-tui-das-reisebuero","tag-tuireiseexperten"],"acf":[],"yoast_head":"<!-- This site is optimized with the Yoast SEO plugin v27.4 - https:\/\/yoast.com\/product\/yoast-seo-wordpress\/ -->\n<title>#TUIReiseexperten geben Insidertipps \u2013 Teneriffa - TUI.at Reiseblog<\/title>\n<meta name=\"description\" content=\"Unsere #TUIReiseexperten geben Insidertipps zu ihren Lieblingsdestinationen. Michael Haid vom TUI Das Reiseb\u00fcro in Tirol erz\u00e4hlt \u00fcber Teneriffa.\" \/>\n<meta name=\"robots\" content=\"index, follow, max-snippet:-1, max-image-preview:large, max-video-preview:-1\" \/>\n<link rel=\"canonical\" href=\"https:\/\/www.tui.at\/blog\/tuireiseexperten-teneriffa\/\" \/>\n<meta property=\"og:locale\" content=\"de_DE\" \/>\n<meta property=\"og:type\" content=\"article\" \/>\n<meta property=\"og:title\" content=\"#TUIReiseexperten geben Insidertipps \u2013 Teneriffa - TUI.at Reiseblog\" \/>\n<meta property=\"og:description\" content=\"Unsere #TUIReiseexperten geben Insidertipps zu ihren Lieblingsdestinationen. Michael Haid vom TUI Das Reiseb\u00fcro in Tirol erz\u00e4hlt \u00fcber Teneriffa.\" \/>\n<meta property=\"og:url\" content=\"https:\/\/www.tui.at\/blog\/tuireiseexperten-teneriffa\/\" \/>\n<meta property=\"og:site_name\" content=\"TUI.at Reiseblog\" \/>\n<meta property=\"article:published_time\" content=\"2021-03-18T09:50:05+00:00\" \/>\n<meta property=\"article:modified_time\" content=\"2025-10-24T09:39:24+00:00\" \/>\n<meta property=\"og:image\" content=\"https:\/\/www.tui.at\/blog\/wp-content\/uploads\/2017\/12\/Teneriffa_TUIReiseexperteniStock-641153266.jpg\" \/>\n\t<meta property=\"og:image:width\" content=\"1600\" \/>\n\t<meta property=\"og:image:height\" content=\"722\" \/>\n\t<meta property=\"og:image:type\" content=\"image\/jpeg\" \/>\n<meta name=\"author\" content=\"TUI ReiseexpertInnen\" \/>\n<meta name=\"twitter:card\" content=\"summary_large_image\" \/>\n<meta name=\"twitter:label1\" content=\"Verfasst von\" \/>\n\t<meta name=\"twitter:data1\" content=\"TUI ReiseexpertInnen\" \/>\n\t<meta name=\"twitter:label2\" content=\"Gesch\u00e4tzte Lesezeit\" \/>\n\t<meta name=\"twitter:data2\" content=\"6\u00a0Minuten\" \/>\n<script type=\"application\/ld+json\" class=\"yoast-schema-graph\">{\"@context\":\"https:\\\/\\\/schema.org\",\"@graph\":[{\"@type\":\"BlogPosting\",\"@id\":\"https:\\\/\\\/www.tui.at\\\/blog\\\/tuireiseexperten-teneriffa\\\/#article\",\"isPartOf\":{\"@id\":\"https:\\\/\\\/www.tui.at\\\/blog\\\/tuireiseexperten-teneriffa\\\/\"},\"author\":{\"name\":\"TUI ReiseexpertInnen\",\"@id\":\"https:\\\/\\\/www.tui.at\\\/blog\\\/#\\\/schema\\\/person\\\/d690730bb801c31eaf2cb9f00802c039\"},\"headline\":\"#TUIReiseexperten geben Insidertipps \u2013 Teneriffa\",\"datePublished\":\"2021-03-18T09:50:05+00:00\",\"dateModified\":\"2025-10-24T09:39:24+00:00\",\"mainEntityOfPage\":{\"@id\":\"https:\\\/\\\/www.tui.at\\\/blog\\\/tuireiseexperten-teneriffa\\\/\"},\"wordCount\":1175,\"commentCount\":0,\"publisher\":{\"@id\":\"https:\\\/\\\/www.tui.at\\\/blog\\\/#organization\"},\"image\":{\"@id\":\"https:\\\/\\\/www.tui.at\\\/blog\\\/tuireiseexperten-teneriffa\\\/#primaryimage\"},\"thumbnailUrl\":\"https:\\\/\\\/www.tui.at\\\/blog\\\/wp-content\\\/uploads\\\/2017\\\/12\\\/Teneriffa_TUIReiseexperteniStock-641153266.jpg\",\"keywords\":[\"Insidertipps\",\"Reiseexperte\",\"Teneriffa\",\"TUI\",\"TUI Das Reiseb\u00fcro\",\"TUIReiseexperten\"],\"articleSection\":[\"Aktivurlaub\"],\"inLanguage\":\"de\",\"potentialAction\":[{\"@type\":\"CommentAction\",\"name\":\"Comment\",\"target\":[\"https:\\\/\\\/www.tui.at\\\/blog\\\/tuireiseexperten-teneriffa\\\/#respond\"]}]},{\"@type\":\"WebPage\",\"@id\":\"https:\\\/\\\/www.tui.at\\\/blog\\\/tuireiseexperten-teneriffa\\\/\",\"url\":\"https:\\\/\\\/www.tui.at\\\/blog\\\/tuireiseexperten-teneriffa\\\/\",\"name\":\"#TUIReiseexperten geben Insidertipps \u2013 Teneriffa - TUI.at Reiseblog\",\"isPartOf\":{\"@id\":\"https:\\\/\\\/www.tui.at\\\/blog\\\/#website\"},\"primaryImageOfPage\":{\"@id\":\"https:\\\/\\\/www.tui.at\\\/blog\\\/tuireiseexperten-teneriffa\\\/#primaryimage\"},\"image\":{\"@id\":\"https:\\\/\\\/www.tui.at\\\/blog\\\/tuireiseexperten-teneriffa\\\/#primaryimage\"},\"thumbnailUrl\":\"https:\\\/\\\/www.tui.at\\\/blog\\\/wp-content\\\/uploads\\\/2017\\\/12\\\/Teneriffa_TUIReiseexperteniStock-641153266.jpg\",\"datePublished\":\"2021-03-18T09:50:05+00:00\",\"dateModified\":\"2025-10-24T09:39:24+00:00\",\"description\":\"Unsere #TUIReiseexperten geben Insidertipps zu ihren Lieblingsdestinationen. Michael Haid vom TUI Das Reiseb\u00fcro in Tirol erz\u00e4hlt \u00fcber Teneriffa.\",\"breadcrumb\":{\"@id\":\"https:\\\/\\\/www.tui.at\\\/blog\\\/tuireiseexperten-teneriffa\\\/#breadcrumb\"},\"inLanguage\":\"de\",\"potentialAction\":[{\"@type\":\"ReadAction\",\"target\":[\"https:\\\/\\\/www.tui.at\\\/blog\\\/tuireiseexperten-teneriffa\\\/\"]}]},{\"@type\":\"ImageObject\",\"inLanguage\":\"de\",\"@id\":\"https:\\\/\\\/www.tui.at\\\/blog\\\/tuireiseexperten-teneriffa\\\/#primaryimage\",\"url\":\"https:\\\/\\\/www.tui.at\\\/blog\\\/wp-content\\\/uploads\\\/2017\\\/12\\\/Teneriffa_TUIReiseexperteniStock-641153266.jpg\",\"contentUrl\":\"https:\\\/\\\/www.tui.at\\\/blog\\\/wp-content\\\/uploads\\\/2017\\\/12\\\/Teneriffa_TUIReiseexperteniStock-641153266.jpg\",\"width\":1600,\"height\":722,\"caption\":\"Panoramic landscape in Anaga mountains, Tenerife Canary Islands, Spain\"},{\"@type\":\"BreadcrumbList\",\"@id\":\"https:\\\/\\\/www.tui.at\\\/blog\\\/tuireiseexperten-teneriffa\\\/#breadcrumb\",\"itemListElement\":[{\"@type\":\"ListItem\",\"position\":1,\"name\":\"Startseite\",\"item\":\"https:\\\/\\\/www.tui.at\\\/blog\\\/\"},{\"@type\":\"ListItem\",\"position\":2,\"name\":\"#TUIReiseexperten geben Insidertipps \u2013 Teneriffa\"}]},{\"@type\":\"WebSite\",\"@id\":\"https:\\\/\\\/www.tui.at\\\/blog\\\/#website\",\"url\":\"https:\\\/\\\/www.tui.at\\\/blog\\\/\",\"name\":\"TUI.at Reiseblog\",\"description\":\"Inspirationen f\u00fcr den perfekten Urlaub\",\"publisher\":{\"@id\":\"https:\\\/\\\/www.tui.at\\\/blog\\\/#organization\"},\"potentialAction\":[{\"@type\":\"SearchAction\",\"target\":{\"@type\":\"EntryPoint\",\"urlTemplate\":\"https:\\\/\\\/www.tui.at\\\/blog\\\/?s={search_term_string}\"},\"query-input\":{\"@type\":\"PropertyValueSpecification\",\"valueRequired\":true,\"valueName\":\"search_term_string\"}}],\"inLanguage\":\"de\"},{\"@type\":\"Organization\",\"@id\":\"https:\\\/\\\/www.tui.at\\\/blog\\\/#organization\",\"name\":\"TUI.at Reiseblog\",\"url\":\"https:\\\/\\\/www.tui.at\\\/blog\\\/\",\"logo\":{\"@type\":\"ImageObject\",\"inLanguage\":\"de\",\"@id\":\"https:\\\/\\\/www.tui.at\\\/blog\\\/#\\\/schema\\\/logo\\\/image\\\/\",\"url\":\"https:\\\/\\\/www.tui.at\\\/blog\\\/wp-content\\\/uploads\\\/2025\\\/09\\\/cropped-tui-logo-3.webp\",\"contentUrl\":\"https:\\\/\\\/www.tui.at\\\/blog\\\/wp-content\\\/uploads\\\/2025\\\/09\\\/cropped-tui-logo-3.webp\",\"width\":164,\"height\":72,\"caption\":\"TUI.at Reiseblog\"},\"image\":{\"@id\":\"https:\\\/\\\/www.tui.at\\\/blog\\\/#\\\/schema\\\/logo\\\/image\\\/\"}},{\"@type\":\"Person\",\"@id\":\"https:\\\/\\\/www.tui.at\\\/blog\\\/#\\\/schema\\\/person\\\/d690730bb801c31eaf2cb9f00802c039\",\"name\":\"TUI ReiseexpertInnen\",\"description\":\"Unsere TUI ReiseexpertInnen geben Insidertipps zu Destinationen rund um die Welt.\",\"sameAs\":[\"http:\\\/\\\/www.tui.at\\\/reisebuero\"],\"url\":\"https:\\\/\\\/www.tui.at\\\/blog\\\/author\\\/tui-reiseexpertinnen\\\/\"}]}<\/script>\n<!-- \/ Yoast SEO plugin. -->","yoast_head_json":{"title":"#TUIReiseexperten geben Insidertipps \u2013 Teneriffa - TUI.at Reiseblog","description":"Unsere #TUIReiseexperten geben Insidertipps zu ihren Lieblingsdestinationen. Michael Haid vom TUI Das Reiseb\u00fcro in Tirol erz\u00e4hlt \u00fcber Teneriffa.","robots":{"index":"index","follow":"follow","max-snippet":"max-snippet:-1","max-image-preview":"max-image-preview:large","max-video-preview":"max-video-preview:-1"},"canonical":"https:\/\/www.tui.at\/blog\/tuireiseexperten-teneriffa\/","og_locale":"de_DE","og_type":"article","og_title":"#TUIReiseexperten geben Insidertipps \u2013 Teneriffa - TUI.at Reiseblog","og_description":"Unsere #TUIReiseexperten geben Insidertipps zu ihren Lieblingsdestinationen. Michael Haid vom TUI Das Reiseb\u00fcro in Tirol erz\u00e4hlt \u00fcber Teneriffa.","og_url":"https:\/\/www.tui.at\/blog\/tuireiseexperten-teneriffa\/","og_site_name":"TUI.at Reiseblog","article_published_time":"2021-03-18T09:50:05+00:00","article_modified_time":"2025-10-24T09:39:24+00:00","og_image":[{"width":1600,"height":722,"url":"https:\/\/www.tui.at\/blog\/wp-content\/uploads\/2017\/12\/Teneriffa_TUIReiseexperteniStock-641153266.jpg","type":"image\/jpeg"}],"author":"TUI ReiseexpertInnen","twitter_card":"summary_large_image","twitter_misc":{"Verfasst von":"TUI ReiseexpertInnen","Gesch\u00e4tzte Lesezeit":"6\u00a0Minuten"},"schema":{"@context":"https:\/\/schema.org","@graph":[{"@type":"BlogPosting","@id":"https:\/\/www.tui.at\/blog\/tuireiseexperten-teneriffa\/#article","isPartOf":{"@id":"https:\/\/www.tui.at\/blog\/tuireiseexperten-teneriffa\/"},"author":{"name":"TUI ReiseexpertInnen","@id":"https:\/\/www.tui.at\/blog\/#\/schema\/person\/d690730bb801c31eaf2cb9f00802c039"},"headline":"#TUIReiseexperten geben Insidertipps \u2013 Teneriffa","datePublished":"2021-03-18T09:50:05+00:00","dateModified":"2025-10-24T09:39:24+00:00","mainEntityOfPage":{"@id":"https:\/\/www.tui.at\/blog\/tuireiseexperten-teneriffa\/"},"wordCount":1175,"commentCount":0,"publisher":{"@id":"https:\/\/www.tui.at\/blog\/#organization"},"image":{"@id":"https:\/\/www.tui.at\/blog\/tuireiseexperten-teneriffa\/#primaryimage"},"thumbnailUrl":"https:\/\/www.tui.at\/blog\/wp-content\/uploads\/2017\/12\/Teneriffa_TUIReiseexperteniStock-641153266.jpg","keywords":["Insidertipps","Reiseexperte","Teneriffa","TUI","TUI Das Reiseb\u00fcro","TUIReiseexperten"],"articleSection":["Aktivurlaub"],"inLanguage":"de","potentialAction":[{"@type":"CommentAction","name":"Comment","target":["https:\/\/www.tui.at\/blog\/tuireiseexperten-teneriffa\/#respond"]}]},{"@type":"WebPage","@id":"https:\/\/www.tui.at\/blog\/tuireiseexperten-teneriffa\/","url":"https:\/\/www.tui.at\/blog\/tuireiseexperten-teneriffa\/","name":"#TUIReiseexperten geben Insidertipps \u2013 Teneriffa - TUI.at Reiseblog","isPartOf":{"@id":"https:\/\/www.tui.at\/blog\/#website"},"primaryImageOfPage":{"@id":"https:\/\/www.tui.at\/blog\/tuireiseexperten-teneriffa\/#primaryimage"},"image":{"@id":"https:\/\/www.tui.at\/blog\/tuireiseexperten-teneriffa\/#primaryimage"},"thumbnailUrl":"https:\/\/www.tui.at\/blog\/wp-content\/uploads\/2017\/12\/Teneriffa_TUIReiseexperteniStock-641153266.jpg","datePublished":"2021-03-18T09:50:05+00:00","dateModified":"2025-10-24T09:39:24+00:00","description":"Unsere #TUIReiseexperten geben Insidertipps zu ihren Lieblingsdestinationen. Michael Haid vom TUI Das Reiseb\u00fcro in Tirol erz\u00e4hlt \u00fcber Teneriffa.","breadcrumb":{"@id":"https:\/\/www.tui.at\/blog\/tuireiseexperten-teneriffa\/#breadcrumb"},"inLanguage":"de","potentialAction":[{"@type":"ReadAction","target":["https:\/\/www.tui.at\/blog\/tuireiseexperten-teneriffa\/"]}]},{"@type":"ImageObject","inLanguage":"de","@id":"https:\/\/www.tui.at\/blog\/tuireiseexperten-teneriffa\/#primaryimage","url":"https:\/\/www.tui.at\/blog\/wp-content\/uploads\/2017\/12\/Teneriffa_TUIReiseexperteniStock-641153266.jpg","contentUrl":"https:\/\/www.tui.at\/blog\/wp-content\/uploads\/2017\/12\/Teneriffa_TUIReiseexperteniStock-641153266.jpg","width":1600,"height":722,"caption":"Panoramic landscape in Anaga mountains, Tenerife Canary Islands, Spain"},{"@type":"BreadcrumbList","@id":"https:\/\/www.tui.at\/blog\/tuireiseexperten-teneriffa\/#breadcrumb","itemListElement":[{"@type":"ListItem","position":1,"name":"Startseite","item":"https:\/\/www.tui.at\/blog\/"},{"@type":"ListItem","position":2,"name":"#TUIReiseexperten geben Insidertipps \u2013 Teneriffa"}]},{"@type":"WebSite","@id":"https:\/\/www.tui.at\/blog\/#website","url":"https:\/\/www.tui.at\/blog\/","name":"TUI.at Reiseblog","description":"Inspirationen f\u00fcr den perfekten Urlaub","publisher":{"@id":"https:\/\/www.tui.at\/blog\/#organization"},"potentialAction":[{"@type":"SearchAction","target":{"@type":"EntryPoint","urlTemplate":"https:\/\/www.tui.at\/blog\/?s={search_term_string}"},"query-input":{"@type":"PropertyValueSpecification","valueRequired":true,"valueName":"search_term_string"}}],"inLanguage":"de"},{"@type":"Organization","@id":"https:\/\/www.tui.at\/blog\/#organization","name":"TUI.at Reiseblog","url":"https:\/\/www.tui.at\/blog\/","logo":{"@type":"ImageObject","inLanguage":"de","@id":"https:\/\/www.tui.at\/blog\/#\/schema\/logo\/image\/","url":"https:\/\/www.tui.at\/blog\/wp-content\/uploads\/2025\/09\/cropped-tui-logo-3.webp","contentUrl":"https:\/\/www.tui.at\/blog\/wp-content\/uploads\/2025\/09\/cropped-tui-logo-3.webp","width":164,"height":72,"caption":"TUI.at Reiseblog"},"image":{"@id":"https:\/\/www.tui.at\/blog\/#\/schema\/logo\/image\/"}},{"@type":"Person","@id":"https:\/\/www.tui.at\/blog\/#\/schema\/person\/d690730bb801c31eaf2cb9f00802c039","name":"TUI ReiseexpertInnen","description":"Unsere TUI ReiseexpertInnen geben Insidertipps zu Destinationen rund um die Welt.","sameAs":["http:\/\/www.tui.at\/reisebuero"],"url":"https:\/\/www.tui.at\/blog\/author\/tui-reiseexpertinnen\/"}]}},"_links":{"self":[{"href":"https:\/\/www.tui.at\/blog\/wp-json\/wp\/v2\/posts\/487631","targetHints":{"allow":["GET"]}}],"collection":[{"href":"https:\/\/www.tui.at\/blog\/wp-json\/wp\/v2\/posts"}],"about":[{"href":"https:\/\/www.tui.at\/blog\/wp-json\/wp\/v2\/types\/post"}],"author":[{"embeddable":true,"href":"https:\/\/www.tui.at\/blog\/wp-json\/wp\/v2\/users\/216"}],"replies":[{"embeddable":true,"href":"https:\/\/www.tui.at\/blog\/wp-json\/wp\/v2\/comments?post=487631"}],"version-history":[{"count":7,"href":"https:\/\/www.tui.at\/blog\/wp-json\/wp\/v2\/posts\/487631\/revisions"}],"predecessor-version":[{"id":490946,"href":"https:\/\/www.tui.at\/blog\/wp-json\/wp\/v2\/posts\/487631\/revisions\/490946"}],"wp:featuredmedia":[{"embeddable":true,"href":"https:\/\/www.tui.at\/blog\/wp-json\/wp\/v2\/media\/487632"}],"wp:attachment":[{"href":"https:\/\/www.tui.at\/blog\/wp-json\/wp\/v2\/media?parent=487631"}],"wp:term":[{"taxonomy":"category","embeddable":true,"href":"https:\/\/www.tui.at\/blog\/wp-json\/wp\/v2\/categories?post=487631"},{"taxonomy":"post_tag","embeddable":true,"href":"https:\/\/www.tui.at\/blog\/wp-json\/wp\/v2\/tags?post=487631"}],"curies":[{"name":"wp","href":"https:\/\/api.w.org\/{rel}","templated":true}]}}