{"id":487600,"date":"2018-01-15T11:04:42","date_gmt":"2018-01-15T10:04:42","guid":{"rendered":"https:\/\/www.tui.at\/blog\/7-gruende-jetzt-auf-die-kapverden-zu-reisen\/"},"modified":"2025-10-24T11:39:24","modified_gmt":"2025-10-24T09:39:24","slug":"7-gruende-jetzt-auf-die-kapverden-zu-reisen","status":"publish","type":"post","link":"https:\/\/www.tui.at\/blog\/7-gruende-jetzt-auf-die-kapverden-zu-reisen\/","title":{"rendered":"7 Gr\u00fcnde, jetzt auf die Kapverden zu reisen"},"content":{"rendered":"<p><div class=\"legacy-fullwidth\"><div class=\"legacy-fusion-text\">Tosende Wellen, Bilderbuchstr\u00e4nde, 350 Sonnentage im Jahr und ein Mix aus portugiesischem Charme und afrikanischen Traditionen: Die <a href=\"http:\/\/www.tui.at\/pauschalreisen\/suchen\/regionen\/Kapverdische-Inseln\/1333?startDate=2017-10-27&amp;endDate=2017-11-23\">Kapverdischen Inseln<\/a> an der westafrikanischen K\u00fcste sind das bisher am besten geh\u00fctete Geheimnis des Atlantiks. 7 Gr\u00fcnde, warum die Insel Boa Vista die ideale Winterflucht ist.<\/div><\/div><div class=\"legacy-fullwidth\"><div class=\"legacy-fusion-title\"><h2>1. Wegen der abenteuerlichen Geschichten <\/h2><\/div><div class=\"legacy-fusion-text\">Obwohl <a href=\"http:\/\/www.tui.at\/pauschalreisen\/kap-verde\/boa-vista\/\">Boa Vista<\/a>\u00a0als drittgr\u00f6\u00dfte Insel der Kapverden &#8222;nur&#8220; eine Fl\u00e4che von 620 km2 hat (im Vergleich: Wien hat eine Fl\u00e4che von 415 km2), liegen rund um die Insel etwa 120 Schiffswracks. Warum vor einem so kleinen Eiland so viele Schiffe aufliefen, ist bis heute ein R\u00e4tsel, Theorien dar\u00fcber gibt es viele \u2013 und die meisten davon sind abenteuerlich. So behaupten die einen, es g\u00e4be kosmische Kr\u00e4fte, die Schiffe anziehen, andere glauben an ungenaue Seekarten. Die lustigste Theorie gibt den Einwohnern die Schuld: Die sollen angeblich die Leuchtt\u00fcrme der Insel manipuliert haben, damit das Licht ausging \u2013 und stattdessen Ziegen Lampen an die Schw\u00e4nze gebunden haben, damit die Schiffe die Orientierung verloren und kenterten. Beweise f\u00fcr diese Kreativit\u00e4t gibt es keine, als jedoch vor 40 Jahren das spanische Frachtschiff Santa Maria vor der K\u00fcste auf Grund lief, dauerte es nur eine Stunde, bis die Insulaner die Fracht an Land gebracht hatten; und sie konnten rund ein Jahr davon leben. Noch heute liegt das gigantische Wrack an der Boa Esperanca und kann besichtigt werden, zum Beispiel bei der <a href=\"https:\/\/gotui.com\/de\/kapverdische-inseln\/boa-vista\/gelandewagentour-postkartenmotive-boa-vista\/info\/ASX-X-CV0-POSTCARDS\">&#8222;Gel\u00e4ndewagentour \u2013 Postkartenmotive Boa Vista&#8220;<\/a>\u00a0um \u20ac 75 pro Person.<\/div><\/div><div class=\"legacy-fullwidth\"><div class=\"legacy-fusion-text\"><\/p>\n<figure id=\"attachment_12757\" aria-describedby=\"caption-attachment-12757\" style=\"width: 605px\" class=\"wp-caption aligncenter\"><img loading=\"lazy\" decoding=\"async\" class=\"size-medium wp-image-12757\" src=\"https:\/\/www.tui.at\/blog\/wp-content\/uploads\/2017\/10\/2_Geschichten_Kapverden_Jasmin-Kreulitsch.jpg\" alt=\"Das Frachtschiff Santa Maria lief vor 40 Jahren an der K\u00fcste von Boa Vista auf.\" width=\"615\" height=\"461\" \/><figcaption id=\"caption-attachment-12757\" class=\"wp-caption-text\">Das Frachtschiff Santa Maria lief vor 40 Jahren an der K\u00fcste von Boa Vista auf.<\/figcaption><\/figure>\n<figure id=\"attachment_12756\" aria-describedby=\"caption-attachment-12756\" style=\"width: 605px\" class=\"wp-caption aligncenter\"><img loading=\"lazy\" decoding=\"async\" class=\"size-medium wp-image-12756\" src=\"https:\/\/www.tui.at\/blog\/wp-content\/uploads\/2017\/10\/1_Geschichten_Kapverden_Jasmin-Kreulitsch.jpg\" alt=\"Heute fahren viele Urlauber an den Strand und bestaunen das Schiffswrack.\" width=\"615\" height=\"461\" \/><figcaption id=\"caption-attachment-12756\" class=\"wp-caption-text\">Heute fahren viele Urlauber an den Strand und bestaunen das Schiffswrack.<\/figcaption><\/figure>\n<p><\/div><\/div><div class=\"legacy-fullwidth\"><div class=\"legacy-fusion-title\"><h2>2. Wegen der kargen Landschaft<\/h2><\/div><div class=\"legacy-fusion-text\">Was viele automatisch als Nachteil betrachten, ist in Wahrheit der Reiz der Insel: Ja, Boa Vista hat eine karge Vegetation. Auf den ersten Blick sieht man eine unendliche Weite, die scheinbar nichts als von der Sonne verbrannte Erde mit tiefen Rissen, menschenleere Steinw\u00fcsten und erodierte Vulkanschlote zu bieten hat. Doch genau diese Kargheit verstr\u00f6mt ein besonderes Flair &#8211; und bietet die besten Fotomotive. Zum Beispiel der &#8222;Grand Canyon&#8220; der Insel, der wie ein kleineres Steinmeer seinem amerikanischen Namensgeber in Sachen Sch\u00f6nheit in nichts nachsteht. Lustig: Es gibt auch eine Stra\u00dfe, die von den Einheimischen als &#8222;Route 66&#8220; bezeichnet wird \u2013 allerdings nicht, weil sie der US-Version \u00e4hnelt, sondern weil sie 6,6 Kilometer lang ist (bei der Tour &#8222;Gel\u00e4ndewagentour \u2013 Postkartenmotive Boa Vista&#8220; stoppt man sowohl beim &#8222;Grand Canyon&#8220;, als auch der &#8222;Route 66&#8220;).<\/div><\/div><div class=\"legacy-fullwidth\"><div class=\"legacy-fusion-text\"><\/p>\n<figure id=\"attachment_12759\" aria-describedby=\"caption-attachment-12759\" style=\"width: 605px\" class=\"wp-caption aligncenter\"><img loading=\"lazy\" decoding=\"async\" class=\"size-medium wp-image-12759 aligncenter\" src=\"https:\/\/www.tui.at\/blog\/wp-content\/uploads\/2017\/10\/3_Landschaft_Kapverden_Jasmin-Kreulitsch.jpg\" alt=\"Ein typischer Anblick auf der Insel: ein erodierter Vulkanschlot.\" width=\"615\" height=\"461\" \/><figcaption id=\"caption-attachment-12759\" class=\"wp-caption-text\">Ein typischer Anblick auf der Insel: ein erodierter Vulkanschlot.<\/figcaption><\/figure>\n<figure id=\"attachment_12760\" aria-describedby=\"caption-attachment-12760\" style=\"width: 605px\" class=\"wp-caption aligncenter\"><img loading=\"lazy\" decoding=\"async\" class=\"size-medium wp-image-12760\" src=\"https:\/\/www.tui.at\/blog\/wp-content\/uploads\/2017\/10\/4_Landschaft_Kapverden_Jasmin-Kreulitsch.jpg\" alt=\"TUI-Bloggerin Jasmin Kreulitsch genie\u00dft den Blick auf den \u201eGrand Canyon\u201c.\" width=\"615\" height=\"461\" \/><figcaption id=\"caption-attachment-12760\" class=\"wp-caption-text\">TUI-Bloggerin Jasmin Kreulitsch genie\u00dft den Blick auf den &#8222;Grand Canyon&#8220;.<\/figcaption><\/figure>\n<figure id=\"attachment_12761\" aria-describedby=\"caption-attachment-12761\" style=\"width: 605px\" class=\"wp-caption aligncenter\"><img loading=\"lazy\" decoding=\"async\" class=\"size-medium wp-image-12761\" src=\"https:\/\/www.tui.at\/blog\/wp-content\/uploads\/2017\/10\/5_Landschaft_Kapverden_Jasmin-Kreulitsch.jpg\" alt=\"Viele Wege f\u00fchren Off-Road \u00fcber die Insel.\" width=\"615\" height=\"461\" \/><figcaption id=\"caption-attachment-12761\" class=\"wp-caption-text\">Viele Wege f\u00fchren Off-Road \u00fcber die Insel.<\/figcaption><\/figure>\n<p><\/div><\/div><div class=\"legacy-fullwidth\"><div class=\"legacy-fusion-title\"><h2>3. Wegen der \u201eSahara im Atlantik\u201c<\/h2><\/div><div class=\"legacy-fusion-text\">Man w\u00fcrde es nicht vermuten, aber auf Boa Vista gibt\u2019s eine ordentliche Dosis W\u00fcsten-Feeling: Weil der Nordostpassat stetig weht und den Sand der Sahara rund 500 Kilometer \u00fcber den Atlantik zu den Kapverden treibt, sind in der W\u00fcste Deserto de Viana Wanderd\u00fcnen entstanden, mit weichen H\u00fcgeln und einem Meer aus Sand, das von den Insulanern &#8222;Sahara im Atlantik&#8220; genannt wird. Lustig: Es gibt Ausfl\u00fcge, wo man in der Deserto de Viana Halt macht und D\u00fcnensurfen ausprobieren kann, zum Beispiel bei der Tour <a href=\"https:\/\/gotui.com\/de\/kapverdische-inseln\/boa-vista\/schatze-des-sudens\/info\/ASX-X-CV0-DERUNBERUH\">&#8222;Sch\u00e4tze des S\u00fcdens&#8220;<\/a>\u00a0um \u20ac 40 pro Person.<\/div><\/div><div class=\"legacy-fullwidth\"><div class=\"legacy-fusion-text\"><\/p>\n<figure id=\"attachment_12762\" aria-describedby=\"caption-attachment-12762\" style=\"width: 605px\" class=\"wp-caption aligncenter\"><img loading=\"lazy\" decoding=\"async\" class=\"size-medium wp-image-12762\" src=\"https:\/\/www.tui.at\/blog\/wp-content\/uploads\/2017\/10\/6_Wueste_Kapverden_Jasmin-Kreulitsch.jpg\" alt=\"Ein Meer aus Sand: die W\u00fcste Deserto de Viana.\" width=\"615\" height=\"461\" \/><figcaption id=\"caption-attachment-12762\" class=\"wp-caption-text\">Ein Meer aus Sand: die W\u00fcste Deserto de Viana.<\/figcaption><\/figure>\n<figure id=\"attachment_12763\" aria-describedby=\"caption-attachment-12763\" style=\"width: 605px\" class=\"wp-caption aligncenter\"><img loading=\"lazy\" decoding=\"async\" class=\"size-medium wp-image-12763\" src=\"https:\/\/www.tui.at\/blog\/wp-content\/uploads\/2017\/10\/7_Wueste_Kapverden_Jasmin-Kreulitsch.jpg\" alt=\"TUI-Bloggerin Jasmin Kreulitsch mitten in der \u201eSahara des Atlantiks\u201c.\" width=\"615\" height=\"461\" \/><figcaption id=\"caption-attachment-12763\" class=\"wp-caption-text\">TUI-Bloggerin Jasmin Kreulitsch mitten in der &#8222;Sahara des Atlantiks&#8220;.<\/figcaption><\/figure>\n<p><\/div><\/div><div class=\"legacy-fullwidth\"><div class=\"legacy-fusion-title\"><h2>4. Wegen der Str\u00e4nde<\/h2><\/div><div class=\"legacy-fusion-text\">Boa Vista bietet insgesamt 55 Kilometer Strand \u2013 mit wei\u00dfem Sand, t\u00fcrkisfarbenem Wasser und vor allem menschenleer. Wer jetzt auf Boa Vista reist, erlebt noch Momente der Einsamkeit und kann stundenlang am Strand spazieren gehen, ohne jemandem zu begegnen. Der sch\u00f6nste Strand (nicht nur von Boa Vista, sondern von den gesamten Kapverden) befindet sich im S\u00fcden der Insel: Der Praia de Santa Monica ist 18 Kilometer lang und touristisch (noch) kaum erschlossen. Allerdings hat ein britischer Milliard\u00e4r 15 Kilometer davon gekauft und steht in Verhandlungen mit gro\u00dfen Hotelketten. In sp\u00e4testens f\u00fcnf Jahren wird hier eine k\u00fcnstliche Touristenstadt stehen, daher hat man jetzt die beste Chance, Boa Vista in seiner urspr\u00fcnglichen Sch\u00f6nheit kennenzulernen.<\/div><\/div><div class=\"legacy-fullwidth\"><div class=\"legacy-fusion-text\"><\/p>\n<figure id=\"attachment_12765\" aria-describedby=\"caption-attachment-12765\" style=\"width: 605px\" class=\"wp-caption aligncenter\"><img loading=\"lazy\" decoding=\"async\" class=\"size-medium wp-image-12765\" src=\"https:\/\/www.tui.at\/blog\/wp-content\/uploads\/2017\/10\/8_Bach_Kapverden_Jasmin-Kreulitsch.jpg\" alt=\"Die Sonnenunterg\u00e4nge auf Boa Vista sind malerisch sch\u00f6n.\" width=\"615\" height=\"461\" \/><figcaption id=\"caption-attachment-12765\" class=\"wp-caption-text\">Die Sonnenunterg\u00e4nge auf Boa Vista sind malerisch sch\u00f6n.<\/figcaption><\/figure>\n<figure id=\"attachment_12766\" aria-describedby=\"caption-attachment-12766\" style=\"width: 605px\" class=\"wp-caption aligncenter\"><img loading=\"lazy\" decoding=\"async\" class=\"size-medium wp-image-12766\" src=\"https:\/\/www.tui.at\/blog\/wp-content\/uploads\/2017\/10\/9_Beach_Kapverden_Jasmin-Kreulitsch.jpg\" alt=\"TUI-Bloggerin Jasmin Kreulitsch am Bilderbuchstrand Praia de Santa Monica.\" width=\"615\" height=\"461\" \/><figcaption id=\"caption-attachment-12766\" class=\"wp-caption-text\">TUI-Bloggerin Jasmin Kreulitsch am Bilderbuchstrand Praia de Santa Monica.<\/figcaption><\/figure>\n<p><\/div><\/div><div class=\"legacy-fullwidth\"><div class=\"legacy-fusion-title\"><h2>5. Wegen der abenteuerlichen Ausfl\u00fcge<\/h2><\/div><div class=\"legacy-fusion-text\">Die Kapverden liegen in Afrika, deshalb sind die Standards anders als in Europa, auch was den Stra\u00dfenverkehr angeht. Die Insel Boa Vista hat zwar asphaltierte Stra\u00dfen, die meisten Routen f\u00fchren aber \u00fcber abenteuerliche und holprige Strecken \u2013 und genau das macht den Reiz aus. F\u00e4hrt man im Jeep \u00fcber unebene Wege, steinige Stra\u00dfen und h\u00fcgelige Str\u00e4nde, hat man mehr das Gef\u00fchl, einen Adventure-Trip zu machen als einen gebuchten Ausflug: Der Begriff Off-Road wird hier wirklich zur Realit\u00e4t. Und wer noch eine Dosis Abenteuer drauflegen m\u00f6chte, der erkundet die Insel auf einem Quad (<a href=\"https:\/\/gotui.com\/de\/kapverdische-inseln\/boa-vista\/quad-tour-4-stunden\/info\/ASX-X-CV0-QUAD%204H\">Halbtags-Tour<\/a> um ca. \u20ac 78 pro Person) und saust in Eigenregie zu den sch\u00f6nsten Orten der Insel.<\/div><\/div><div class=\"legacy-fullwidth\"><div class=\"legacy-fusion-text\"><\/p>\n<figure id=\"attachment_12767\" aria-describedby=\"caption-attachment-12767\" style=\"width: 605px\" class=\"wp-caption aligncenter\"><img loading=\"lazy\" decoding=\"async\" class=\"size-medium wp-image-12767\" src=\"https:\/\/www.tui.at\/blog\/wp-content\/uploads\/2017\/10\/10_Ausflug_Kapverden_Jasmin-Kreulitsch.jpg\" alt=\"Im Jeep geht es quer \u00fcber die Insel und \u00fcber D\u00fcnen und Str\u00e4nde.\" width=\"615\" height=\"461\" \/><figcaption id=\"caption-attachment-12767\" class=\"wp-caption-text\">Im Jeep geht es quer \u00fcber die Insel und \u00fcber D\u00fcnen und Str\u00e4nde.<\/figcaption><\/figure>\n<figure id=\"attachment_12768\" aria-describedby=\"caption-attachment-12768\" style=\"width: 605px\" class=\"wp-caption aligncenter\"><img loading=\"lazy\" decoding=\"async\" class=\"size-medium wp-image-12768\" src=\"https:\/\/www.tui.at\/blog\/wp-content\/uploads\/2017\/10\/11_Ausflug_Kapverden_Jasmin-Kreulitsch.jpg\" alt=\"Auf Boa Vista bremst man gerne f\u00fcr Schildkr\u00f6ten.\" width=\"615\" height=\"461\" \/><figcaption id=\"caption-attachment-12768\" class=\"wp-caption-text\">Auf Boa Vista bremst man gerne f\u00fcr Schildkr\u00f6ten.<\/figcaption><\/figure>\n<figure id=\"attachment_12769\" aria-describedby=\"caption-attachment-12769\" style=\"width: 605px\" class=\"wp-caption aligncenter\"><img loading=\"lazy\" decoding=\"async\" class=\"size-medium wp-image-12769\" src=\"https:\/\/www.tui.at\/blog\/wp-content\/uploads\/2017\/10\/12_Ausflug_Kapverden_Jasmin-Kreulitsch.jpg\" alt=\"Abenteurer sausen im Quad \u00fcber die Insel.\" width=\"615\" height=\"461\" \/><figcaption id=\"caption-attachment-12769\" class=\"wp-caption-text\">Abenteurer sausen im Quad \u00fcber die Insel.<\/figcaption><\/figure>\n<p><\/div><\/div><div class=\"legacy-fullwidth\"><div class=\"legacy-fusion-title\"><h2>6. Wegen der Hotelanlagen<\/h2><\/div><div class=\"legacy-fusion-text\">Der Tourismus auf den Kapverden ist jung, erst vor knapp zehn Jahren wurde auf Boa Vista der Flughafen gebaut, danach entstanden ein paar kleinere Hotels und Pensionen in Sal Rei. Die Highlights der Insel sind f\u00fcr Urlauber aber die zwei gro\u00dfen Hotelanlagen der RIU-Hotels: das <a href=\"https:\/\/www.tui.at\/pauschalreisen\/suchen\/angebote\/ClubHotel-Riu-Karamboa\/102530\/id?contentid=239_hoauto_b2_SID10005_20180413&amp;departureAirports=VIE&amp;startDate=2018-10-31&amp;endDate=2019-04-29&amp;duration=7-&amp;sortOffersField=countryDepartureAirports&amp;abtestSuperLastMinute=true&amp;links=1\" target=\"_blank\" rel=\"noopener noreferrer\">RIU Karamboa<\/a> im Norden und das <a href=\"https:\/\/www.tui.at\/pauschalreisen\/suchen\/angebote\/Hotel-Riu-Touareg\/231741\/id?contentid=239_hoauto_b2_SID10005_20180413&amp;departureAirports=VIE&amp;startDate=2018-10-30&amp;endDate=2019-04-28&amp;duration=7-&amp;sortOffersField=countryDepartureAirports&amp;abtestSuperLastMinute=true&amp;links=1\" target=\"_blank\" rel=\"noopener noreferrer\">RIU Touareg<\/a>\u00a0im S\u00fcden. Vor allem Letzteres ist eine Welt f\u00fcr sich: Gebaut im kargen Nirgendwo der Insel thront die Hotelanlage wie eine \u00fcberdimensionale Sandburg direkt am Strand. Kein Geb\u00e4ude ist h\u00f6her als zwei Etagen, so erstreckt sich das Hotel auf einer gigantischen Fl\u00e4che im malerischen S\u00fcden und bietet Platz f\u00fcr rund 1.500 Zimmer. Wer jetzt sagt, das sei viel zu gro\u00df, der irrt sich: Das Hotel ist so gro\u00dfz\u00fcgig gebaut, dass es wie ein kleines Dorf wirkt, in dem jeder seine Ruhe findet, wenn er es m\u00f6chte. Das 5-Sterne-Haus bietet einen 24-Stunden-All-inklusive-Service und punktet vor allem mit der Lage: Da sich rund um die Hotelanlage nichts befindet, ist es herrlich ruhig und der kilometerlange malerische Strand ist nur f\u00fcr die Hotelg\u00e4ste. Zum Sonnenuntergang gegen 18 Uhr kann es sogar passieren, dass man v\u00f6llig alleine ist, wenn man ein bisschen abseits des Hotels spaziert.<\/div><\/div><div class=\"legacy-fullwidth\"><div class=\"legacy-fusion-text\"><\/p>\n<figure id=\"attachment_12772\" aria-describedby=\"caption-attachment-12772\" style=\"width: 605px\" class=\"wp-caption aligncenter\"><img loading=\"lazy\" decoding=\"async\" class=\"size-medium wp-image-12772\" src=\"https:\/\/www.tui.at\/blog\/wp-content\/uploads\/2017\/10\/15_RIU_Kapverden_Jasmin-Kreulitsch.jpg\" alt=\"Die Hotelanlage ist im maurischen Stil gebaut.\" width=\"615\" height=\"461\" \/><figcaption id=\"caption-attachment-12772\" class=\"wp-caption-text\">Die Hotelanlage ist im maurischen Stil gebaut.<\/figcaption><\/figure>\n<figure id=\"attachment_12771\" aria-describedby=\"caption-attachment-12771\" style=\"width: 605px\" class=\"wp-caption aligncenter\"><img loading=\"lazy\" decoding=\"async\" class=\"size-medium wp-image-12771\" src=\"https:\/\/www.tui.at\/blog\/wp-content\/uploads\/2017\/10\/14_RIU_Kapverden_Jasmin-Kreulitsch.jpg\" alt=\"Aus vielen Zimmern hat man einen umwerfenden Blick auf den Strand.\" width=\"615\" height=\"461\" \/><figcaption id=\"caption-attachment-12771\" class=\"wp-caption-text\">Die meisten Zimmer haben einen umwerfenden Blick auf den Strand.<\/figcaption><\/figure>\n<figure id=\"attachment_12770\" aria-describedby=\"caption-attachment-12770\" style=\"width: 605px\" class=\"wp-caption aligncenter\"><img loading=\"lazy\" decoding=\"async\" class=\"size-medium wp-image-12770\" src=\"https:\/\/www.tui.at\/blog\/wp-content\/uploads\/2017\/10\/13_RIU_Kapverden_Jasmin-Kreulitsch.jpg\" alt=\"Das RIU Touareg wirkt wie eine \u00fcberdimensionale Sandburg.\" width=\"615\" height=\"461\" \/><figcaption id=\"caption-attachment-12770\" class=\"wp-caption-text\">Das RIU Touareg wirkt wie eine \u00fcberdimensionale Sandburg.<\/figcaption><\/figure>\n<figure id=\"attachment_12773\" aria-describedby=\"caption-attachment-12773\" style=\"width: 605px\" class=\"wp-caption aligncenter\"><img loading=\"lazy\" decoding=\"async\" class=\"size-medium wp-image-12773\" src=\"https:\/\/www.tui.at\/blog\/wp-content\/uploads\/2017\/10\/16_RIU_Kapverden_Jasmin-Kreulitsch.jpg\" alt=\"Abends hat man den Strand oft f\u00fcr sich alleine, wei\u00df TUI-Bloggerin Jasmin Kreulitsch.\" width=\"615\" height=\"461\" \/><figcaption id=\"caption-attachment-12773\" class=\"wp-caption-text\">Abends hat man den Strand oft f\u00fcr sich alleine, wei\u00df TUI-Bloggerin Jasmin Kreulitsch.<\/figcaption><\/figure>\n<p><\/div><\/div><div class=\"legacy-fullwidth\"><div class=\"legacy-fusion-title\"><h2>7. Wegen der Einheimischen<\/h2><\/div><div class=\"legacy-fusion-text\">Urspr\u00fcnglich von den Portugiesen als St\u00fctzpunkt f\u00fcr (Sklaven-)Handelsfahrten und Exil-Ort f\u00fcr politische H\u00e4ftlinge angedacht, entwickelte sich auf Boa Vista nach der Entdeckung im Jahr 1456 eine ganz eigene Dynamik: &#8222;Freie&#8220; und Sklaven lebten friedlich zusammen, gr\u00fcndeten Familien und kreierten so eine ganz eigene Kultur aus verschiedensten Ethnien. Die Gesichter der Insulaner sind deshalb heute enorm vielf\u00e4ltig: Es gibt Hautschattierungen in allen Braunnuancen, viele europ\u00e4ische Gesichtsz\u00fcge, aber nat\u00fcrlich auch Einwanderer vom afrikanischen Festland. Es herrscht jedoch europ\u00e4isches Flair: Auch wenn man auf den Kapverden geografisch in Afrika ist: Die Inselgruppe wurde erst 1975 eine unabh\u00e4ngige Republik; zuvor waren sie portugiesisches \u00dcberseegebiet. F\u00fcr Kapverden-Urlauber bedeutet das zum Beispiel, dass Geld zu wechseln nicht n\u00f6tig ist: Auf Boa Vista ist der Euro v\u00f6llig etabliert! Wer mehr \u00fcber die Lebensart der Insulaner wissen will, sollte seinen Urlaub nicht nur am Strand verbringen, sondern auch mal durch die D\u00f6rfer fahren und dort einen Kaffee trinken. Ob Sal Rei, Bofarreira oder Rabil: Gerade abends treffen sich die Insulaner auf den Hauptpl\u00e4tzen ihrer D\u00f6rfer zum Plaudern und haben keinerlei Ber\u00fchrungs\u00e4ngste mit Besuchern.<\/div><\/div><div class=\"legacy-fullwidth\"><div class=\"legacy-fusion-text\"><\/p>\n<figure id=\"attachment_12774\" aria-describedby=\"caption-attachment-12774\" style=\"width: 605px\" class=\"wp-caption aligncenter\"><img loading=\"lazy\" decoding=\"async\" class=\"size-medium wp-image-12774\" src=\"https:\/\/www.tui.at\/blog\/wp-content\/uploads\/2017\/10\/17_Locals_Kapverden_Jasmin-Kreulitsch.jpg\" alt=\"Die D\u00f6rfer der Insel kommen in bunten Farben daher.\" width=\"615\" height=\"461\" \/><figcaption id=\"caption-attachment-12774\" class=\"wp-caption-text\">Die D\u00f6rfer der Insel kommen in bunten Farben daher.<\/figcaption><\/figure>\n<figure id=\"attachment_12775\" aria-describedby=\"caption-attachment-12775\" style=\"width: 605px\" class=\"wp-caption aligncenter\"><img loading=\"lazy\" decoding=\"async\" class=\"size-medium wp-image-12775\" src=\"https:\/\/www.tui.at\/blog\/wp-content\/uploads\/2017\/10\/18_Locals_Kapverden_Jasmin-Kreulitsch.jpg\" alt=\"Musik liegt den Einheimischen sehr am Herzen, deshalb wird oft f\u00fcr Urlauber musiziert.\" width=\"615\" height=\"461\" \/><figcaption id=\"caption-attachment-12775\" class=\"wp-caption-text\">Musik liegt den Einheimischen sehr am Herzen, deshalb wird oft f\u00fcr Urlauber musiziert.<\/figcaption><\/figure>\n<p><\/div><\/div><\/p>\n","protected":false},"excerpt":{"rendered":"<p>Die Kapverdischen Inseln an der westafrikanischen K\u00fcste sind das bisher am besten geh\u00fctete Geheimnis des Atlantiks. Wir haben  7 Gr\u00fcnde sie zu besuchen.<\/p>\n","protected":false},"author":217,"featured_media":487601,"comment_status":"closed","ping_status":"closed","sticky":false,"template":"","format":"standard","meta":{"_acf_changed":false,"footnotes":""},"categories":[5146],"tags":[4899,4900,4882,4883,4901,4902,4903,4895,4904,4905,4849,4906,4907],"class_list":["post-487600","post","type-post","status-publish","format-standard","has-post-thumbnail","hentry","category-archiv-urlaub-am-meer","tag-afrika","tag-boa-vista","tag-fernreise","tag-insel","tag-kapverden","tag-kapverdnische-inseln","tag-nischendestination","tag-reisen","tag-riu","tag-trenddestination","tag-tui","tag-tuifly","tag-winterflucht"],"acf":[],"yoast_head":"<!-- This site is optimized with the Yoast SEO plugin v27.4 - https:\/\/yoast.com\/product\/yoast-seo-wordpress\/ -->\n<title>7 Gr\u00fcnde jetzt auf die Kapverden zu reisen - TUI Blog<\/title>\n<meta name=\"description\" content=\"Die Kapverdischen Inseln an der westafrikanischen K\u00fcste sind das bisher am besten geh\u00fctete Geheimnis des Atlantiks. Wir haben 7 Gr\u00fcnde sie zu besuchen.\" \/>\n<meta name=\"robots\" content=\"index, follow, max-snippet:-1, max-image-preview:large, max-video-preview:-1\" \/>\n<link rel=\"canonical\" href=\"https:\/\/www.tui.at\/blog\/7-gruende-jetzt-auf-die-kapverden-zu-reisen\/\" \/>\n<meta property=\"og:locale\" content=\"de_DE\" \/>\n<meta property=\"og:type\" content=\"article\" \/>\n<meta property=\"og:title\" content=\"7 Gr\u00fcnde jetzt auf die Kapverden zu reisen - TUI Blog\" \/>\n<meta property=\"og:description\" content=\"Die Kapverdischen Inseln an der westafrikanischen K\u00fcste sind das bisher am besten geh\u00fctete Geheimnis des Atlantiks. Wir haben 7 Gr\u00fcnde sie zu besuchen.\" \/>\n<meta property=\"og:url\" content=\"https:\/\/www.tui.at\/blog\/7-gruende-jetzt-auf-die-kapverden-zu-reisen\/\" \/>\n<meta property=\"og:site_name\" content=\"TUI.at Reiseblog\" \/>\n<meta property=\"article:published_time\" content=\"2018-01-15T10:04:42+00:00\" \/>\n<meta property=\"article:modified_time\" content=\"2025-10-24T09:39:24+00:00\" \/>\n<meta property=\"og:image\" content=\"https:\/\/www.tui.at\/blog\/wp-content\/uploads\/2017\/10\/0_Header_Kapverden_Jasmin-Kreulitsch.jpg\" \/>\n\t<meta property=\"og:image:width\" content=\"1300\" \/>\n\t<meta property=\"og:image:height\" content=\"600\" \/>\n\t<meta property=\"og:image:type\" content=\"image\/jpeg\" \/>\n<meta name=\"author\" content=\"Jasmin\" \/>\n<meta name=\"twitter:card\" content=\"summary_large_image\" \/>\n<meta name=\"twitter:label1\" content=\"Verfasst von\" \/>\n\t<meta name=\"twitter:data1\" content=\"Jasmin\" \/>\n\t<meta name=\"twitter:label2\" content=\"Gesch\u00e4tzte Lesezeit\" \/>\n\t<meta name=\"twitter:data2\" content=\"12\u00a0Minuten\" \/>\n<script type=\"application\/ld+json\" class=\"yoast-schema-graph\">{\"@context\":\"https:\\\/\\\/schema.org\",\"@graph\":[{\"@type\":\"BlogPosting\",\"@id\":\"https:\\\/\\\/www.tui.at\\\/blog\\\/7-gruende-jetzt-auf-die-kapverden-zu-reisen\\\/#article\",\"isPartOf\":{\"@id\":\"https:\\\/\\\/www.tui.at\\\/blog\\\/7-gruende-jetzt-auf-die-kapverden-zu-reisen\\\/\"},\"author\":{\"name\":\"Jasmin\",\"@id\":\"https:\\\/\\\/www.tui.at\\\/blog\\\/#\\\/schema\\\/person\\\/8cb6477d5e81d57cac3acaecdd5e9a8d\"},\"headline\":\"7 Gr\u00fcnde, jetzt auf die Kapverden zu reisen\",\"datePublished\":\"2018-01-15T10:04:42+00:00\",\"dateModified\":\"2025-10-24T09:39:24+00:00\",\"mainEntityOfPage\":{\"@id\":\"https:\\\/\\\/www.tui.at\\\/blog\\\/7-gruende-jetzt-auf-die-kapverden-zu-reisen\\\/\"},\"wordCount\":2429,\"publisher\":{\"@id\":\"https:\\\/\\\/www.tui.at\\\/blog\\\/#organization\"},\"image\":{\"@id\":\"https:\\\/\\\/www.tui.at\\\/blog\\\/7-gruende-jetzt-auf-die-kapverden-zu-reisen\\\/#primaryimage\"},\"thumbnailUrl\":\"https:\\\/\\\/www.tui.at\\\/blog\\\/wp-content\\\/uploads\\\/2017\\\/10\\\/0_Header_Kapverden_Jasmin-Kreulitsch.jpg\",\"keywords\":[\"Afrika\",\"Boa Vista\",\"Fernreise\",\"Insel\",\"Kapverden\",\"Kapverdnische Inseln\",\"Nischendestination\",\"Reisen\",\"RIU\",\"Trenddestination\",\"TUI\",\"TUIfly\",\"Winterflucht\"],\"articleSection\":[\"Urlaub am Meer\"],\"inLanguage\":\"de\"},{\"@type\":\"WebPage\",\"@id\":\"https:\\\/\\\/www.tui.at\\\/blog\\\/7-gruende-jetzt-auf-die-kapverden-zu-reisen\\\/\",\"url\":\"https:\\\/\\\/www.tui.at\\\/blog\\\/7-gruende-jetzt-auf-die-kapverden-zu-reisen\\\/\",\"name\":\"7 Gr\u00fcnde jetzt auf die Kapverden zu reisen - TUI Blog\",\"isPartOf\":{\"@id\":\"https:\\\/\\\/www.tui.at\\\/blog\\\/#website\"},\"primaryImageOfPage\":{\"@id\":\"https:\\\/\\\/www.tui.at\\\/blog\\\/7-gruende-jetzt-auf-die-kapverden-zu-reisen\\\/#primaryimage\"},\"image\":{\"@id\":\"https:\\\/\\\/www.tui.at\\\/blog\\\/7-gruende-jetzt-auf-die-kapverden-zu-reisen\\\/#primaryimage\"},\"thumbnailUrl\":\"https:\\\/\\\/www.tui.at\\\/blog\\\/wp-content\\\/uploads\\\/2017\\\/10\\\/0_Header_Kapverden_Jasmin-Kreulitsch.jpg\",\"datePublished\":\"2018-01-15T10:04:42+00:00\",\"dateModified\":\"2025-10-24T09:39:24+00:00\",\"description\":\"Die Kapverdischen Inseln an der westafrikanischen K\u00fcste sind das bisher am besten geh\u00fctete Geheimnis des Atlantiks. Wir haben 7 Gr\u00fcnde sie zu besuchen.\",\"breadcrumb\":{\"@id\":\"https:\\\/\\\/www.tui.at\\\/blog\\\/7-gruende-jetzt-auf-die-kapverden-zu-reisen\\\/#breadcrumb\"},\"inLanguage\":\"de\",\"potentialAction\":[{\"@type\":\"ReadAction\",\"target\":[\"https:\\\/\\\/www.tui.at\\\/blog\\\/7-gruende-jetzt-auf-die-kapverden-zu-reisen\\\/\"]}]},{\"@type\":\"ImageObject\",\"inLanguage\":\"de\",\"@id\":\"https:\\\/\\\/www.tui.at\\\/blog\\\/7-gruende-jetzt-auf-die-kapverden-zu-reisen\\\/#primaryimage\",\"url\":\"https:\\\/\\\/www.tui.at\\\/blog\\\/wp-content\\\/uploads\\\/2017\\\/10\\\/0_Header_Kapverden_Jasmin-Kreulitsch.jpg\",\"contentUrl\":\"https:\\\/\\\/www.tui.at\\\/blog\\\/wp-content\\\/uploads\\\/2017\\\/10\\\/0_Header_Kapverden_Jasmin-Kreulitsch.jpg\",\"width\":1300,\"height\":600,\"caption\":\"TUI_Kapverden_BoaVista\"},{\"@type\":\"BreadcrumbList\",\"@id\":\"https:\\\/\\\/www.tui.at\\\/blog\\\/7-gruende-jetzt-auf-die-kapverden-zu-reisen\\\/#breadcrumb\",\"itemListElement\":[{\"@type\":\"ListItem\",\"position\":1,\"name\":\"Startseite\",\"item\":\"https:\\\/\\\/www.tui.at\\\/blog\\\/\"},{\"@type\":\"ListItem\",\"position\":2,\"name\":\"7 Gr\u00fcnde, jetzt auf die Kapverden zu reisen\"}]},{\"@type\":\"WebSite\",\"@id\":\"https:\\\/\\\/www.tui.at\\\/blog\\\/#website\",\"url\":\"https:\\\/\\\/www.tui.at\\\/blog\\\/\",\"name\":\"TUI.at Reiseblog\",\"description\":\"Inspirationen f\u00fcr den perfekten Urlaub\",\"publisher\":{\"@id\":\"https:\\\/\\\/www.tui.at\\\/blog\\\/#organization\"},\"potentialAction\":[{\"@type\":\"SearchAction\",\"target\":{\"@type\":\"EntryPoint\",\"urlTemplate\":\"https:\\\/\\\/www.tui.at\\\/blog\\\/?s={search_term_string}\"},\"query-input\":{\"@type\":\"PropertyValueSpecification\",\"valueRequired\":true,\"valueName\":\"search_term_string\"}}],\"inLanguage\":\"de\"},{\"@type\":\"Organization\",\"@id\":\"https:\\\/\\\/www.tui.at\\\/blog\\\/#organization\",\"name\":\"TUI.at Reiseblog\",\"url\":\"https:\\\/\\\/www.tui.at\\\/blog\\\/\",\"logo\":{\"@type\":\"ImageObject\",\"inLanguage\":\"de\",\"@id\":\"https:\\\/\\\/www.tui.at\\\/blog\\\/#\\\/schema\\\/logo\\\/image\\\/\",\"url\":\"https:\\\/\\\/www.tui.at\\\/blog\\\/wp-content\\\/uploads\\\/2025\\\/09\\\/cropped-tui-logo-3.webp\",\"contentUrl\":\"https:\\\/\\\/www.tui.at\\\/blog\\\/wp-content\\\/uploads\\\/2025\\\/09\\\/cropped-tui-logo-3.webp\",\"width\":164,\"height\":72,\"caption\":\"TUI.at Reiseblog\"},\"image\":{\"@id\":\"https:\\\/\\\/www.tui.at\\\/blog\\\/#\\\/schema\\\/logo\\\/image\\\/\"}},{\"@type\":\"Person\",\"@id\":\"https:\\\/\\\/www.tui.at\\\/blog\\\/#\\\/schema\\\/person\\\/8cb6477d5e81d57cac3acaecdd5e9a8d\",\"name\":\"Jasmin\",\"description\":\"Jasmin Kreulitsch ist Reisejournalistin, Reisebloggerin und (Reise-)Buchautorin. Sie lebt in Wien und ist zu Hause in der ganzen Welt. Wenn sie zu ihren Recherchereisen aufbricht, hat sie dank einem ausgepr\u00e4gten Nerd-Gen wirklich alles dabei. Vor allem die Neugier auf neue Destinationen und die gro\u00dfe Lust, allen davon zu erz\u00e4hlen. Auf ihrem Reiseblog kosmopoetin.com nimmt sie ihre Leser in Travel Tales rund um den Globus mit.\",\"url\":\"https:\\\/\\\/www.tui.at\\\/blog\\\/author\\\/jasmin\\\/\"}]}<\/script>\n<!-- \/ Yoast SEO plugin. -->","yoast_head_json":{"title":"7 Gr\u00fcnde jetzt auf die Kapverden zu reisen - TUI Blog","description":"Die Kapverdischen Inseln an der westafrikanischen K\u00fcste sind das bisher am besten geh\u00fctete Geheimnis des Atlantiks. Wir haben 7 Gr\u00fcnde sie zu besuchen.","robots":{"index":"index","follow":"follow","max-snippet":"max-snippet:-1","max-image-preview":"max-image-preview:large","max-video-preview":"max-video-preview:-1"},"canonical":"https:\/\/www.tui.at\/blog\/7-gruende-jetzt-auf-die-kapverden-zu-reisen\/","og_locale":"de_DE","og_type":"article","og_title":"7 Gr\u00fcnde jetzt auf die Kapverden zu reisen - TUI Blog","og_description":"Die Kapverdischen Inseln an der westafrikanischen K\u00fcste sind das bisher am besten geh\u00fctete Geheimnis des Atlantiks. Wir haben 7 Gr\u00fcnde sie zu besuchen.","og_url":"https:\/\/www.tui.at\/blog\/7-gruende-jetzt-auf-die-kapverden-zu-reisen\/","og_site_name":"TUI.at Reiseblog","article_published_time":"2018-01-15T10:04:42+00:00","article_modified_time":"2025-10-24T09:39:24+00:00","og_image":[{"width":1300,"height":600,"url":"https:\/\/www.tui.at\/blog\/wp-content\/uploads\/2017\/10\/0_Header_Kapverden_Jasmin-Kreulitsch.jpg","type":"image\/jpeg"}],"author":"Jasmin","twitter_card":"summary_large_image","twitter_misc":{"Verfasst von":"Jasmin","Gesch\u00e4tzte Lesezeit":"12\u00a0Minuten"},"schema":{"@context":"https:\/\/schema.org","@graph":[{"@type":"BlogPosting","@id":"https:\/\/www.tui.at\/blog\/7-gruende-jetzt-auf-die-kapverden-zu-reisen\/#article","isPartOf":{"@id":"https:\/\/www.tui.at\/blog\/7-gruende-jetzt-auf-die-kapverden-zu-reisen\/"},"author":{"name":"Jasmin","@id":"https:\/\/www.tui.at\/blog\/#\/schema\/person\/8cb6477d5e81d57cac3acaecdd5e9a8d"},"headline":"7 Gr\u00fcnde, jetzt auf die Kapverden zu reisen","datePublished":"2018-01-15T10:04:42+00:00","dateModified":"2025-10-24T09:39:24+00:00","mainEntityOfPage":{"@id":"https:\/\/www.tui.at\/blog\/7-gruende-jetzt-auf-die-kapverden-zu-reisen\/"},"wordCount":2429,"publisher":{"@id":"https:\/\/www.tui.at\/blog\/#organization"},"image":{"@id":"https:\/\/www.tui.at\/blog\/7-gruende-jetzt-auf-die-kapverden-zu-reisen\/#primaryimage"},"thumbnailUrl":"https:\/\/www.tui.at\/blog\/wp-content\/uploads\/2017\/10\/0_Header_Kapverden_Jasmin-Kreulitsch.jpg","keywords":["Afrika","Boa Vista","Fernreise","Insel","Kapverden","Kapverdnische Inseln","Nischendestination","Reisen","RIU","Trenddestination","TUI","TUIfly","Winterflucht"],"articleSection":["Urlaub am Meer"],"inLanguage":"de"},{"@type":"WebPage","@id":"https:\/\/www.tui.at\/blog\/7-gruende-jetzt-auf-die-kapverden-zu-reisen\/","url":"https:\/\/www.tui.at\/blog\/7-gruende-jetzt-auf-die-kapverden-zu-reisen\/","name":"7 Gr\u00fcnde jetzt auf die Kapverden zu reisen - TUI Blog","isPartOf":{"@id":"https:\/\/www.tui.at\/blog\/#website"},"primaryImageOfPage":{"@id":"https:\/\/www.tui.at\/blog\/7-gruende-jetzt-auf-die-kapverden-zu-reisen\/#primaryimage"},"image":{"@id":"https:\/\/www.tui.at\/blog\/7-gruende-jetzt-auf-die-kapverden-zu-reisen\/#primaryimage"},"thumbnailUrl":"https:\/\/www.tui.at\/blog\/wp-content\/uploads\/2017\/10\/0_Header_Kapverden_Jasmin-Kreulitsch.jpg","datePublished":"2018-01-15T10:04:42+00:00","dateModified":"2025-10-24T09:39:24+00:00","description":"Die Kapverdischen Inseln an der westafrikanischen K\u00fcste sind das bisher am besten geh\u00fctete Geheimnis des Atlantiks. Wir haben 7 Gr\u00fcnde sie zu besuchen.","breadcrumb":{"@id":"https:\/\/www.tui.at\/blog\/7-gruende-jetzt-auf-die-kapverden-zu-reisen\/#breadcrumb"},"inLanguage":"de","potentialAction":[{"@type":"ReadAction","target":["https:\/\/www.tui.at\/blog\/7-gruende-jetzt-auf-die-kapverden-zu-reisen\/"]}]},{"@type":"ImageObject","inLanguage":"de","@id":"https:\/\/www.tui.at\/blog\/7-gruende-jetzt-auf-die-kapverden-zu-reisen\/#primaryimage","url":"https:\/\/www.tui.at\/blog\/wp-content\/uploads\/2017\/10\/0_Header_Kapverden_Jasmin-Kreulitsch.jpg","contentUrl":"https:\/\/www.tui.at\/blog\/wp-content\/uploads\/2017\/10\/0_Header_Kapverden_Jasmin-Kreulitsch.jpg","width":1300,"height":600,"caption":"TUI_Kapverden_BoaVista"},{"@type":"BreadcrumbList","@id":"https:\/\/www.tui.at\/blog\/7-gruende-jetzt-auf-die-kapverden-zu-reisen\/#breadcrumb","itemListElement":[{"@type":"ListItem","position":1,"name":"Startseite","item":"https:\/\/www.tui.at\/blog\/"},{"@type":"ListItem","position":2,"name":"7 Gr\u00fcnde, jetzt auf die Kapverden zu reisen"}]},{"@type":"WebSite","@id":"https:\/\/www.tui.at\/blog\/#website","url":"https:\/\/www.tui.at\/blog\/","name":"TUI.at Reiseblog","description":"Inspirationen f\u00fcr den perfekten Urlaub","publisher":{"@id":"https:\/\/www.tui.at\/blog\/#organization"},"potentialAction":[{"@type":"SearchAction","target":{"@type":"EntryPoint","urlTemplate":"https:\/\/www.tui.at\/blog\/?s={search_term_string}"},"query-input":{"@type":"PropertyValueSpecification","valueRequired":true,"valueName":"search_term_string"}}],"inLanguage":"de"},{"@type":"Organization","@id":"https:\/\/www.tui.at\/blog\/#organization","name":"TUI.at Reiseblog","url":"https:\/\/www.tui.at\/blog\/","logo":{"@type":"ImageObject","inLanguage":"de","@id":"https:\/\/www.tui.at\/blog\/#\/schema\/logo\/image\/","url":"https:\/\/www.tui.at\/blog\/wp-content\/uploads\/2025\/09\/cropped-tui-logo-3.webp","contentUrl":"https:\/\/www.tui.at\/blog\/wp-content\/uploads\/2025\/09\/cropped-tui-logo-3.webp","width":164,"height":72,"caption":"TUI.at Reiseblog"},"image":{"@id":"https:\/\/www.tui.at\/blog\/#\/schema\/logo\/image\/"}},{"@type":"Person","@id":"https:\/\/www.tui.at\/blog\/#\/schema\/person\/8cb6477d5e81d57cac3acaecdd5e9a8d","name":"Jasmin","description":"Jasmin Kreulitsch ist Reisejournalistin, Reisebloggerin und (Reise-)Buchautorin. Sie lebt in Wien und ist zu Hause in der ganzen Welt. Wenn sie zu ihren Recherchereisen aufbricht, hat sie dank einem ausgepr\u00e4gten Nerd-Gen wirklich alles dabei. Vor allem die Neugier auf neue Destinationen und die gro\u00dfe Lust, allen davon zu erz\u00e4hlen. Auf ihrem Reiseblog kosmopoetin.com nimmt sie ihre Leser in Travel Tales rund um den Globus mit.","url":"https:\/\/www.tui.at\/blog\/author\/jasmin\/"}]}},"_links":{"self":[{"href":"https:\/\/www.tui.at\/blog\/wp-json\/wp\/v2\/posts\/487600","targetHints":{"allow":["GET"]}}],"collection":[{"href":"https:\/\/www.tui.at\/blog\/wp-json\/wp\/v2\/posts"}],"about":[{"href":"https:\/\/www.tui.at\/blog\/wp-json\/wp\/v2\/types\/post"}],"author":[{"embeddable":true,"href":"https:\/\/www.tui.at\/blog\/wp-json\/wp\/v2\/users\/217"}],"replies":[{"embeddable":true,"href":"https:\/\/www.tui.at\/blog\/wp-json\/wp\/v2\/comments?post=487600"}],"version-history":[{"count":1,"href":"https:\/\/www.tui.at\/blog\/wp-json\/wp\/v2\/posts\/487600\/revisions"}],"predecessor-version":[{"id":490339,"href":"https:\/\/www.tui.at\/blog\/wp-json\/wp\/v2\/posts\/487600\/revisions\/490339"}],"wp:featuredmedia":[{"embeddable":true,"href":"https:\/\/www.tui.at\/blog\/wp-json\/wp\/v2\/media\/487601"}],"wp:attachment":[{"href":"https:\/\/www.tui.at\/blog\/wp-json\/wp\/v2\/media?parent=487600"}],"wp:term":[{"taxonomy":"category","embeddable":true,"href":"https:\/\/www.tui.at\/blog\/wp-json\/wp\/v2\/categories?post=487600"},{"taxonomy":"post_tag","embeddable":true,"href":"https:\/\/www.tui.at\/blog\/wp-json\/wp\/v2\/tags?post=487600"}],"curies":[{"name":"wp","href":"https:\/\/api.w.org\/{rel}","templated":true}]}}