{"id":487523,"date":"2020-12-30T08:00:42","date_gmt":"2020-12-30T07:00:42","guid":{"rendered":"https:\/\/www.tui.at\/blog\/reisebericht-der-unberuehrte-nordwesten-gran-canarias\/"},"modified":"2025-10-24T11:39:22","modified_gmt":"2025-10-24T09:39:22","slug":"reisebericht-der-unberuehrte-nordwesten-von-gran-canaria","status":"publish","type":"post","link":"https:\/\/www.tui.at\/blog\/reisebericht-der-unberuehrte-nordwesten-von-gran-canaria\/","title":{"rendered":"Reisebericht: Der unber\u00fchrte Nordwesten von Gran Canaria"},"content":{"rendered":"<div class=\"legacy-fullwidth\"><div class=\"legacy-fusion-text\">Urlaub bedeutet f\u00fcr uns immer auch Entdeckungsreise!<\/p>\n<p>Ja, man darf auch mal faul am Strand oder am Pool liegen und sich die Sonne auf den Bauch scheinen lassen oder einfach die Seele baumeln lassen. Aber ein bisschen Abenteuerlust schadet nie!<\/p>\n<p>So haben wir auch auf <a href=\"http:\/\/www.tui.at\/regionen\/spanien\/kanarische-inseln\/gran-canaria\" target=\"_blank\" rel=\"noopener noreferrer\">Gran Canaria<\/a> versucht ein paar unber\u00fchrte Flecken zu finden um euch Tipps bieten zu k\u00f6nnen, die so garantiert in keinem Reisef\u00fchrer stehen.<\/p>\n<p><img loading=\"lazy\" decoding=\"async\" class=\"alignnone size-medium wp-image-9576\" src=\"https:\/\/www.tui.at\/blog\/wp-content\/uploads\/2016\/10\/ladyvenom_grancanaria-145.jpg\" alt=\"Nordwestk\u00fcste Gran Canarias\" width=\"615\" height=\"410\" \/><\/p>\n<h6 style=\"text-align: center;\">Der Nordwesten von Gran Canaria &#8211; wild und unber\u00fchrt<\/h6>\n<p><\/div><div class=\"legacy-fusion-title\"><h2>Insel-Erkundung abseits des Mainstreams<\/h2><\/div><div class=\"legacy-fusion-title\"><h2>Unsere Top 3 Geheim-Tipps<\/h2><\/div><ul class=\"legacy-checklist small\"><li class=\"legacy-li-item\"><span class=\"circle\" data-icon=\"\"><\/span><div class=\"legacy-li-item-wrapper\">Die Naturb\u00e4der von Roque Prieto<\/div><\/li><li class=\"legacy-li-item\"><span class=\"circle\" data-icon=\"\"><\/span><div class=\"legacy-li-item-wrapper\">Die Salzterrassen von El Bufadero<\/div><\/li><li class=\"legacy-li-item\"><span class=\"circle\" data-icon=\"\"><\/span><div class=\"legacy-li-item-wrapper\">Die Bananenplantagen<\/div><\/li><\/ul><div class=\"legacy-fusion-text\">Die meisten G\u00e4ste verbringen eine volle Woche auf Gran Canaria, aber sehen nur einen kleinen Teil der Insel. Dabei kann man mit einem Mietauto sehr viel an einem Tag sehen, ohne weite Distanzen fahren zu m\u00fcssen.<\/p>\n<p><img loading=\"lazy\" decoding=\"async\" class=\"alignnone size-medium wp-image-9580\" src=\"https:\/\/www.tui.at\/blog\/wp-content\/uploads\/2016\/10\/ladyvenom_grancanaria-171.jpg\" alt=\"ladyvenom_grancanaria-171\" width=\"615\" height=\"410\" \/><\/p>\n<h6 style=\"text-align: center;\">Die Stra\u00dfen sind wenig befahren und gut ausgebaut<\/h6>\n<p>Wir haben nach einem Tagesausflug in die Hauptstadt Las Palmas beschlossen, uns den Nordwesten der\u00a0Insel genauer\u00a0anzusehen &#8211; hierher kommen nur wenige Touristen, dabei gibt es hier viel zu sehen.<\/div><div class=\"legacy-fusion-title\"><h2>Von Roque Prieto bis zum Leuchtturm<\/h2><\/div><div class=\"legacy-fusion-text\">Wir starten bei einem St\u00fcck kanarischer Tradition: Einer alten Salzproduktionsst\u00e4tte mit dem Namen &#8222;El Bufadero&#8220;. Hier wurde vor \u00fcber 100 Jahren noch Salz f\u00fcr die Fischerei produziert &#8211; um den Fang frisch zu halten, bevor es K\u00fchlsysteme gab.<\/p>\n<p><img loading=\"lazy\" decoding=\"async\" class=\"alignnone size-medium wp-image-9577\" src=\"https:\/\/www.tui.at\/blog\/wp-content\/uploads\/2016\/10\/ladyvenom_grancanaria-150.jpg\" alt=\"El Bufadero Salinas\" width=\"615\" height=\"410\" \/><\/p>\n<p>Heute zeugen noch die verbliebenen Salzterrassen von der Produktion &#8211; es d\u00fcrfte hier aber schon l\u00e4nger nicht mehr aktiv Salz hergestellt\u00a0werden. Dennoch gibt es Bestrebungen diese Betriebe zu erhalten, um einen Teil der Tradition Gran Canarias zu bewahren.<\/p>\n<p>Wir sind begeistert von dem kulturellen Erbe und wissen nun auch, warum die schrumpligen Salzkartoffeln eines der Nationalgerichte der Inseln sind!<\/p>\n<p><img loading=\"lazy\" decoding=\"async\" class=\"alignnone size-medium wp-image-9598\" src=\"https:\/\/www.tui.at\/blog\/wp-content\/uploads\/2016\/10\/ladyvenom_grancanaria-136.jpg\" alt=\"Salinas in Gran Canaria\" width=\"615\" height=\"410\" \/><\/p>\n<h6 style=\"text-align: center;\">Ob die Kartoffeln wohl in rosa Wasser gekocht werden?<\/h6>\n<p>Auf dem Weg weiter nach Westen entlang der Nordk\u00fcste passieren wir unz\u00e4hlige Bananenplantagen. Uns war gar nicht bewusst, wie viele Bananen hier wachsen! Rund 90% der Bananen werden exportiert (der Gro\u00dfteil auf&#8217;s Spanische Festland), der Rest verbleibt auf der Insel.<\/p>\n<p><img loading=\"lazy\" decoding=\"async\" class=\"alignnone size-medium wp-image-9579\" src=\"https:\/\/www.tui.at\/blog\/wp-content\/uploads\/2016\/10\/ladyvenom_grancanaria-165.jpg\" alt=\"Bananenplantagen Gran Canaria\" width=\"615\" height=\"410\" \/><\/p>\n<h6 style=\"text-align: center;\">Die hier sind noch nicht ganz erntereif<\/h6>\n<p>Unser n\u00e4chster Stopp gilt den Naturb\u00e4dern von Roque Prieto. Dank Google Maps verfahren wir uns immer tiefer in die Bananenplantagen, aber letztlich finden wir sie doch! Versteckte Juwelen f\u00fcr alle Bewohner der Nordk\u00fcste, die sonst nicht so einfach baden gehen k\u00f6nnten.<\/p>\n<p><img loading=\"lazy\" decoding=\"async\" class=\"alignnone size-medium wp-image-9582\" src=\"https:\/\/www.tui.at\/blog\/wp-content\/uploads\/2016\/10\/ladyvenom_grancanaria-181.jpg\" alt=\"Roque Prieto\" width=\"615\" height=\"410\" \/><\/p>\n<p>Das Meer an der Nordk\u00fcste ist wild und ungez\u00e4hmt &#8211; erst diese, in den Stein gehauenen Becken erm\u00f6glichen es, schwimmen zu gehen.<\/p>\n<p>Als wir hier ankommen weht eine rote Flagge &#8211; also heute empfiehlt es sich hier nicht zu baden, die starke Str\u00f6mung schl\u00e4gt \u00fcber die Begrenzungspfeiler. Trotzdem ersp\u00e4hen wir ein paar Einheimische, die sich den Badespa\u00df nicht verderben lassen!<\/p>\n<p>Durch bunte D\u00f6rfer fahren wir weiter bis ganz an die Nordwestspitze der Insel.<\/p>\n<p><img loading=\"lazy\" decoding=\"async\" class=\"alignnone size-medium wp-image-9583\" src=\"https:\/\/www.tui.at\/blog\/wp-content\/uploads\/2016\/10\/ladyvenom_grancanaria-190.jpg\" alt=\"D\u00f6rfer im Norden Gran Canarias\" width=\"615\" height=\"410\" \/><\/p>\n<p>Der &#8222;Faro de Punta Sardina&#8220; ist unser Ziel &#8211; ein Leuchtturm mit besonderer Geschichte. Als der alte Turm weichen musste, um einem neuen und modernen Leuchtturm Platz zu machen, geschah der Abriss in einer Nacht- und Nebelaktion. Dabei wurde die gesamte technische Ausr\u00fcstung des alten Turmes zerst\u00f6rt! Der neue Turm kostete daher deutlich mehr als geplant &#8211; da alles neu angeschafft werden musste. Hier steht er nun &#8211; der teure Turm und weist den Weg.<\/p>\n<p><img loading=\"lazy\" decoding=\"async\" class=\"alignnone size-medium wp-image-9584\" src=\"https:\/\/www.tui.at\/blog\/wp-content\/uploads\/2016\/10\/ladyvenom_grancanaria-195.jpg\" alt=\"Faro de Punta Sardina\" width=\"615\" height=\"410\" \/><\/div><div class=\"legacy-fusion-title\"><h2>Der Westk\u00fcste entlang bis in den Sonnenuntergang<\/h2><\/div><div class=\"legacy-fusion-text\">Vom Leuchtturm aus machen wir uns auf den Weg zur\u00fcck nach Maspalomas in unser Hotel und genie\u00dfen dabei die Fahrt entlang der Westk\u00fcste durch die Berglandschaft.<\/p>\n<p>Unser erster Stop f\u00fchrt uns nach Agaete, genauer gesagt nach &#8222;Puerto de las Nieves&#8220; &#8211; den Teil der Stadt direkt am Wasser. Wir hatten viel von diesem Ort geh\u00f6rt und waren gespannt, aber unsere Erwartungen wurden nicht ganz erf\u00fcllt. Zu trist der Hafen, der direkt an den steinigen Strand anschlie\u00dft, zu viel industrielles Treiben im Hafen, um dem Charme des Fischerortes zu erliegen. Trotzdem hier ein Eindruck aus dem Ort:<\/p>\n<p><img loading=\"lazy\" decoding=\"async\" class=\"alignnone size-medium wp-image-9587\" src=\"https:\/\/www.tui.at\/blog\/wp-content\/uploads\/2016\/10\/ladyvenom_grancanaria-206.jpg\" alt=\"Agaete\" width=\"615\" height=\"410\" \/><\/p>\n<p>Die blau-wei\u00dfen Fassaden sind h\u00fcbsch, aber dahinter wartet der Hafen mit Industrieflair.<\/p>\n<p><img loading=\"lazy\" decoding=\"async\" class=\"alignnone size-medium wp-image-9588\" src=\"https:\/\/www.tui.at\/blog\/wp-content\/uploads\/2016\/10\/ladyvenom_grancanaria-208.jpg\" alt=\"Puerto de las Nieves\" width=\"615\" height=\"410\" \/><\/p>\n<p>Der Blick auf die Bergwelt mit dem klaren Wasser w\u00e4re beeindruckend, w\u00e4re da nicht dieser riesige Steg der zu F\u00e4hrschiffen und dem Hafen f\u00fchrt.<\/p>\n<p>So fahren wir schnell weiter Richtung S\u00fcden &#8211; denn es gibt noch mehr zu sehen!<\/p>\n<p><img loading=\"lazy\" decoding=\"async\" class=\"alignnone size-medium wp-image-9592\" src=\"https:\/\/www.tui.at\/blog\/wp-content\/uploads\/2016\/10\/ladyvenom_grancanaria-217.jpg\" alt=\"Westen Gran Canarias\" width=\"615\" height=\"410\" \/><\/p>\n<p>Die Stra\u00dfe GC-200 schl\u00e4ngelt sich an den Bergr\u00fccken entlang der K\u00fcste und er\u00f6ffnet immer neue Blicke!<\/p>\n<p><img loading=\"lazy\" decoding=\"async\" class=\"alignnone size-medium wp-image-9595\" src=\"https:\/\/www.tui.at\/blog\/wp-content\/uploads\/2016\/10\/ladyvenom_grancanaria-236.jpg\" alt=\"Mirador de Balcon\" width=\"615\" height=\"410\" \/><\/p>\n<h6 style=\"text-align: center;\">Mirador de Balc\u00f2n<\/h6>\n<p>Nach jeder Kurve wollen wir stehenbleiben und die Aussicht genie\u00dfen, nochmal zur\u00fcckblicken nach Norden und langsam die Sonne untergehen sehen Richtung Westen. Beim Aussichtspunkt &#8222;Mirador de Balc\u00f2n&#8220; halten wir und genie\u00dfen die Sicht auf den Atlantik.<\/p>\n<p><img loading=\"lazy\" decoding=\"async\" class=\"alignnone size-medium wp-image-9596\" src=\"https:\/\/www.tui.at\/blog\/wp-content\/uploads\/2016\/10\/ladyvenom_grancanaria-241.jpg\" alt=\"Playa de Aldea\" width=\"615\" height=\"410\" \/><\/p>\n<p>Beim &#8222;Playa de Aldea&#8220; schlie\u00dflich machen wir l\u00e4nger halt und beobachten alleine am Strand wie die Sonne im Meer versinkt und sich die gigantischen Klippen rot verf\u00e4rben. Ein perfektes Ende f\u00fcr unsere Erkundung der unber\u00fchrten Seiten von Gran Canaria!<\/p>\n<p><img loading=\"lazy\" decoding=\"async\" class=\"alignnone size-medium wp-image-9597\" src=\"https:\/\/www.tui.at\/blog\/wp-content\/uploads\/2016\/10\/ladyvenom_grancanaria-247.jpg\" alt=\"Begegnungen in Gran Canaria\" width=\"615\" height=\"410\" \/><\/p>\n<p>Ganz zum Schluss begr\u00fc\u00dft uns noch dieser Esel am Stra\u00dfenrand. <a href=\"http:\/\/www.tui.at\/regionen\/spanien\/kanarische-inseln\/gran-canaria\" target=\"_blank\" rel=\"noopener noreferrer\">Gran Canaria<\/a>, du hast uns \u00fcberrascht!<\/div><\/div>\n","protected":false},"excerpt":{"rendered":"<p>Hier findet ihr Tipps f\u00fcr ein paar unber\u00fchrte Flecken auf Gran Canaria, die so garantiert in keinem Reisef\u00fchrer stehen.<\/p>\n","protected":false},"author":204,"featured_media":487524,"comment_status":"open","ping_status":"closed","sticky":false,"template":"","format":"standard","meta":{"_acf_changed":false,"footnotes":""},"categories":[5148],"tags":[4866,4867,4868,4869,4870],"class_list":["post-487523","post","type-post","status-publish","format-standard","has-post-thumbnail","hentry","category-archiv-aktivurlaub","tag-aktivurlaub-kanaren","tag-gran-canaria","tag-insidertipps-kanaren","tag-kanaren","tag-kanarische-inseln"],"acf":[],"yoast_head":"<!-- This site is optimized with the Yoast SEO plugin v27.4 - https:\/\/yoast.com\/product\/yoast-seo-wordpress\/ -->\n<title>Reisebericht: Der unber\u00fchrte Nordwesten von Gran Canaria - TUI.at Reiseblog<\/title>\n<meta name=\"description\" content=\"Kommt mit auf eine Insel-Erkundung abseits des Mainstreams! Spannende Entdeckungsreise und pure Entspannung. Auf Gran Canaria geht beides!\" \/>\n<meta name=\"robots\" content=\"index, follow, max-snippet:-1, max-image-preview:large, max-video-preview:-1\" \/>\n<link rel=\"canonical\" href=\"https:\/\/www.tui.at\/blog\/reisebericht-der-unberuehrte-nordwesten-von-gran-canaria\/\" \/>\n<meta property=\"og:locale\" content=\"de_DE\" \/>\n<meta property=\"og:type\" content=\"article\" \/>\n<meta property=\"og:title\" content=\"Reisebericht: Der unber\u00fchrte Nordwesten von Gran Canaria - TUI.at Reiseblog\" \/>\n<meta property=\"og:description\" content=\"Kommt mit auf eine Insel-Erkundung abseits des Mainstreams! Spannende Entdeckungsreise und pure Entspannung. Auf Gran Canaria geht beides!\" \/>\n<meta property=\"og:url\" content=\"https:\/\/www.tui.at\/blog\/reisebericht-der-unberuehrte-nordwesten-von-gran-canaria\/\" \/>\n<meta property=\"og:site_name\" content=\"TUI.at Reiseblog\" \/>\n<meta property=\"article:published_time\" content=\"2020-12-30T07:00:42+00:00\" \/>\n<meta property=\"article:modified_time\" content=\"2025-10-24T09:39:22+00:00\" \/>\n<meta property=\"og:image\" content=\"https:\/\/www.tui.at\/blog\/wp-content\/uploads\/2016\/10\/ladyvenom_grancanaria-158.jpg\" \/>\n\t<meta property=\"og:image:width\" content=\"1600\" \/>\n\t<meta property=\"og:image:height\" content=\"1067\" \/>\n\t<meta property=\"og:image:type\" content=\"image\/jpeg\" \/>\n<meta name=\"author\" content=\"Marion&amp;Raffael Payr\" \/>\n<meta name=\"twitter:card\" content=\"summary_large_image\" \/>\n<meta name=\"twitter:label1\" content=\"Verfasst von\" \/>\n\t<meta name=\"twitter:data1\" content=\"Marion&amp;Raffael Payr\" \/>\n\t<meta name=\"twitter:label2\" content=\"Gesch\u00e4tzte Lesezeit\" \/>\n\t<meta name=\"twitter:data2\" content=\"5\u00a0Minuten\" \/>\n<script type=\"application\/ld+json\" class=\"yoast-schema-graph\">{\"@context\":\"https:\\\/\\\/schema.org\",\"@graph\":[{\"@type\":\"BlogPosting\",\"@id\":\"https:\\\/\\\/www.tui.at\\\/blog\\\/reisebericht-der-unberuehrte-nordwesten-von-gran-canaria\\\/#article\",\"isPartOf\":{\"@id\":\"https:\\\/\\\/www.tui.at\\\/blog\\\/reisebericht-der-unberuehrte-nordwesten-von-gran-canaria\\\/\"},\"author\":{\"name\":\"Marion&amp;Raffael Payr\",\"@id\":\"https:\\\/\\\/www.tui.at\\\/blog\\\/#\\\/schema\\\/person\\\/05681e5907afb9e2ceee55587d9cb5e1\"},\"headline\":\"Reisebericht: Der unber\u00fchrte Nordwesten von Gran Canaria\",\"datePublished\":\"2020-12-30T07:00:42+00:00\",\"dateModified\":\"2025-10-24T09:39:22+00:00\",\"mainEntityOfPage\":{\"@id\":\"https:\\\/\\\/www.tui.at\\\/blog\\\/reisebericht-der-unberuehrte-nordwesten-von-gran-canaria\\\/\"},\"wordCount\":1003,\"commentCount\":1,\"publisher\":{\"@id\":\"https:\\\/\\\/www.tui.at\\\/blog\\\/#organization\"},\"image\":{\"@id\":\"https:\\\/\\\/www.tui.at\\\/blog\\\/reisebericht-der-unberuehrte-nordwesten-von-gran-canaria\\\/#primaryimage\"},\"thumbnailUrl\":\"https:\\\/\\\/www.tui.at\\\/blog\\\/wp-content\\\/uploads\\\/2016\\\/10\\\/ladyvenom_grancanaria-158.jpg\",\"keywords\":[\"Aktivurlaub Kanaren\",\"Gran Canaria\",\"Insidertipps Kanaren\",\"Kanaren\",\"Kanarische Inseln\"],\"articleSection\":[\"Aktivurlaub\"],\"inLanguage\":\"de\",\"potentialAction\":[{\"@type\":\"CommentAction\",\"name\":\"Comment\",\"target\":[\"https:\\\/\\\/www.tui.at\\\/blog\\\/reisebericht-der-unberuehrte-nordwesten-von-gran-canaria\\\/#respond\"]}]},{\"@type\":\"WebPage\",\"@id\":\"https:\\\/\\\/www.tui.at\\\/blog\\\/reisebericht-der-unberuehrte-nordwesten-von-gran-canaria\\\/\",\"url\":\"https:\\\/\\\/www.tui.at\\\/blog\\\/reisebericht-der-unberuehrte-nordwesten-von-gran-canaria\\\/\",\"name\":\"Reisebericht: Der unber\u00fchrte Nordwesten von Gran Canaria - TUI.at Reiseblog\",\"isPartOf\":{\"@id\":\"https:\\\/\\\/www.tui.at\\\/blog\\\/#website\"},\"primaryImageOfPage\":{\"@id\":\"https:\\\/\\\/www.tui.at\\\/blog\\\/reisebericht-der-unberuehrte-nordwesten-von-gran-canaria\\\/#primaryimage\"},\"image\":{\"@id\":\"https:\\\/\\\/www.tui.at\\\/blog\\\/reisebericht-der-unberuehrte-nordwesten-von-gran-canaria\\\/#primaryimage\"},\"thumbnailUrl\":\"https:\\\/\\\/www.tui.at\\\/blog\\\/wp-content\\\/uploads\\\/2016\\\/10\\\/ladyvenom_grancanaria-158.jpg\",\"datePublished\":\"2020-12-30T07:00:42+00:00\",\"dateModified\":\"2025-10-24T09:39:22+00:00\",\"description\":\"Kommt mit auf eine Insel-Erkundung abseits des Mainstreams! Spannende Entdeckungsreise und pure Entspannung. Auf Gran Canaria geht beides!\",\"breadcrumb\":{\"@id\":\"https:\\\/\\\/www.tui.at\\\/blog\\\/reisebericht-der-unberuehrte-nordwesten-von-gran-canaria\\\/#breadcrumb\"},\"inLanguage\":\"de\",\"potentialAction\":[{\"@type\":\"ReadAction\",\"target\":[\"https:\\\/\\\/www.tui.at\\\/blog\\\/reisebericht-der-unberuehrte-nordwesten-von-gran-canaria\\\/\"]}]},{\"@type\":\"ImageObject\",\"inLanguage\":\"de\",\"@id\":\"https:\\\/\\\/www.tui.at\\\/blog\\\/reisebericht-der-unberuehrte-nordwesten-von-gran-canaria\\\/#primaryimage\",\"url\":\"https:\\\/\\\/www.tui.at\\\/blog\\\/wp-content\\\/uploads\\\/2016\\\/10\\\/ladyvenom_grancanaria-158.jpg\",\"contentUrl\":\"https:\\\/\\\/www.tui.at\\\/blog\\\/wp-content\\\/uploads\\\/2016\\\/10\\\/ladyvenom_grancanaria-158.jpg\",\"width\":1600,\"height\":1067,\"caption\":\"El Bufadero\"},{\"@type\":\"BreadcrumbList\",\"@id\":\"https:\\\/\\\/www.tui.at\\\/blog\\\/reisebericht-der-unberuehrte-nordwesten-von-gran-canaria\\\/#breadcrumb\",\"itemListElement\":[{\"@type\":\"ListItem\",\"position\":1,\"name\":\"Startseite\",\"item\":\"https:\\\/\\\/www.tui.at\\\/blog\\\/\"},{\"@type\":\"ListItem\",\"position\":2,\"name\":\"Reisebericht: Der unber\u00fchrte Nordwesten von Gran Canaria\"}]},{\"@type\":\"WebSite\",\"@id\":\"https:\\\/\\\/www.tui.at\\\/blog\\\/#website\",\"url\":\"https:\\\/\\\/www.tui.at\\\/blog\\\/\",\"name\":\"TUI.at Reiseblog\",\"description\":\"Inspirationen f\u00fcr den perfekten Urlaub\",\"publisher\":{\"@id\":\"https:\\\/\\\/www.tui.at\\\/blog\\\/#organization\"},\"potentialAction\":[{\"@type\":\"SearchAction\",\"target\":{\"@type\":\"EntryPoint\",\"urlTemplate\":\"https:\\\/\\\/www.tui.at\\\/blog\\\/?s={search_term_string}\"},\"query-input\":{\"@type\":\"PropertyValueSpecification\",\"valueRequired\":true,\"valueName\":\"search_term_string\"}}],\"inLanguage\":\"de\"},{\"@type\":\"Organization\",\"@id\":\"https:\\\/\\\/www.tui.at\\\/blog\\\/#organization\",\"name\":\"TUI.at Reiseblog\",\"url\":\"https:\\\/\\\/www.tui.at\\\/blog\\\/\",\"logo\":{\"@type\":\"ImageObject\",\"inLanguage\":\"de\",\"@id\":\"https:\\\/\\\/www.tui.at\\\/blog\\\/#\\\/schema\\\/logo\\\/image\\\/\",\"url\":\"https:\\\/\\\/www.tui.at\\\/blog\\\/wp-content\\\/uploads\\\/2025\\\/09\\\/cropped-tui-logo-3.webp\",\"contentUrl\":\"https:\\\/\\\/www.tui.at\\\/blog\\\/wp-content\\\/uploads\\\/2025\\\/09\\\/cropped-tui-logo-3.webp\",\"width\":164,\"height\":72,\"caption\":\"TUI.at Reiseblog\"},\"image\":{\"@id\":\"https:\\\/\\\/www.tui.at\\\/blog\\\/#\\\/schema\\\/logo\\\/image\\\/\"}},{\"@type\":\"Person\",\"@id\":\"https:\\\/\\\/www.tui.at\\\/blog\\\/#\\\/schema\\\/person\\\/05681e5907afb9e2ceee55587d9cb5e1\",\"name\":\"Marion&amp;Raffael Payr\",\"description\":\"Marion (@ladyvenom) und Raffael (@lionheaded) sind Blogger und Instagramer und verbringen durch diese Jobs viel Zeit unterwegs auf Reisen. Ihre liebsten Projekte sind die, wo sie gemeinsam arbeiten k\u00f6nnen und sich dabei kreativ austoben d\u00fcrfen. Dann geht es f\u00fcr die beiden sowohl in die Berge zum Wandern oder Wintersporteln, als auch an\u2019s Meer zum Relaxen und Baden, in St\u00e4dte zum Erkunden und Shoppen, auf Alpenh\u00fctten f\u00fcr die urigen Erlebnisse und auch in Luxushotels mit Spa und allem drum und dran. Ihr Anspruch an\u2019s Reisen ist sich der Destination voll und ganz hinzugeben und die Energie des Ortes aufzunehmen - das geht f\u00fcr die zwei unter ganz vielen unterschiedlichen Reise-Umst\u00e4nden.\",\"sameAs\":[\"http:\\\/\\\/thetravelblog.at\"],\"url\":\"https:\\\/\\\/www.tui.at\\\/blog\\\/author\\\/marion_raffael\\\/\"}]}<\/script>\n<!-- \/ Yoast SEO plugin. -->","yoast_head_json":{"title":"Reisebericht: Der unber\u00fchrte Nordwesten von Gran Canaria - TUI.at Reiseblog","description":"Kommt mit auf eine Insel-Erkundung abseits des Mainstreams! Spannende Entdeckungsreise und pure Entspannung. Auf Gran Canaria geht beides!","robots":{"index":"index","follow":"follow","max-snippet":"max-snippet:-1","max-image-preview":"max-image-preview:large","max-video-preview":"max-video-preview:-1"},"canonical":"https:\/\/www.tui.at\/blog\/reisebericht-der-unberuehrte-nordwesten-von-gran-canaria\/","og_locale":"de_DE","og_type":"article","og_title":"Reisebericht: Der unber\u00fchrte Nordwesten von Gran Canaria - TUI.at Reiseblog","og_description":"Kommt mit auf eine Insel-Erkundung abseits des Mainstreams! Spannende Entdeckungsreise und pure Entspannung. Auf Gran Canaria geht beides!","og_url":"https:\/\/www.tui.at\/blog\/reisebericht-der-unberuehrte-nordwesten-von-gran-canaria\/","og_site_name":"TUI.at Reiseblog","article_published_time":"2020-12-30T07:00:42+00:00","article_modified_time":"2025-10-24T09:39:22+00:00","og_image":[{"width":1600,"height":1067,"url":"https:\/\/www.tui.at\/blog\/wp-content\/uploads\/2016\/10\/ladyvenom_grancanaria-158.jpg","type":"image\/jpeg"}],"author":"Marion&amp;Raffael Payr","twitter_card":"summary_large_image","twitter_misc":{"Verfasst von":"Marion&amp;Raffael Payr","Gesch\u00e4tzte Lesezeit":"5\u00a0Minuten"},"schema":{"@context":"https:\/\/schema.org","@graph":[{"@type":"BlogPosting","@id":"https:\/\/www.tui.at\/blog\/reisebericht-der-unberuehrte-nordwesten-von-gran-canaria\/#article","isPartOf":{"@id":"https:\/\/www.tui.at\/blog\/reisebericht-der-unberuehrte-nordwesten-von-gran-canaria\/"},"author":{"name":"Marion&amp;Raffael Payr","@id":"https:\/\/www.tui.at\/blog\/#\/schema\/person\/05681e5907afb9e2ceee55587d9cb5e1"},"headline":"Reisebericht: Der unber\u00fchrte Nordwesten von Gran Canaria","datePublished":"2020-12-30T07:00:42+00:00","dateModified":"2025-10-24T09:39:22+00:00","mainEntityOfPage":{"@id":"https:\/\/www.tui.at\/blog\/reisebericht-der-unberuehrte-nordwesten-von-gran-canaria\/"},"wordCount":1003,"commentCount":1,"publisher":{"@id":"https:\/\/www.tui.at\/blog\/#organization"},"image":{"@id":"https:\/\/www.tui.at\/blog\/reisebericht-der-unberuehrte-nordwesten-von-gran-canaria\/#primaryimage"},"thumbnailUrl":"https:\/\/www.tui.at\/blog\/wp-content\/uploads\/2016\/10\/ladyvenom_grancanaria-158.jpg","keywords":["Aktivurlaub Kanaren","Gran Canaria","Insidertipps Kanaren","Kanaren","Kanarische Inseln"],"articleSection":["Aktivurlaub"],"inLanguage":"de","potentialAction":[{"@type":"CommentAction","name":"Comment","target":["https:\/\/www.tui.at\/blog\/reisebericht-der-unberuehrte-nordwesten-von-gran-canaria\/#respond"]}]},{"@type":"WebPage","@id":"https:\/\/www.tui.at\/blog\/reisebericht-der-unberuehrte-nordwesten-von-gran-canaria\/","url":"https:\/\/www.tui.at\/blog\/reisebericht-der-unberuehrte-nordwesten-von-gran-canaria\/","name":"Reisebericht: Der unber\u00fchrte Nordwesten von Gran Canaria - TUI.at Reiseblog","isPartOf":{"@id":"https:\/\/www.tui.at\/blog\/#website"},"primaryImageOfPage":{"@id":"https:\/\/www.tui.at\/blog\/reisebericht-der-unberuehrte-nordwesten-von-gran-canaria\/#primaryimage"},"image":{"@id":"https:\/\/www.tui.at\/blog\/reisebericht-der-unberuehrte-nordwesten-von-gran-canaria\/#primaryimage"},"thumbnailUrl":"https:\/\/www.tui.at\/blog\/wp-content\/uploads\/2016\/10\/ladyvenom_grancanaria-158.jpg","datePublished":"2020-12-30T07:00:42+00:00","dateModified":"2025-10-24T09:39:22+00:00","description":"Kommt mit auf eine Insel-Erkundung abseits des Mainstreams! Spannende Entdeckungsreise und pure Entspannung. Auf Gran Canaria geht beides!","breadcrumb":{"@id":"https:\/\/www.tui.at\/blog\/reisebericht-der-unberuehrte-nordwesten-von-gran-canaria\/#breadcrumb"},"inLanguage":"de","potentialAction":[{"@type":"ReadAction","target":["https:\/\/www.tui.at\/blog\/reisebericht-der-unberuehrte-nordwesten-von-gran-canaria\/"]}]},{"@type":"ImageObject","inLanguage":"de","@id":"https:\/\/www.tui.at\/blog\/reisebericht-der-unberuehrte-nordwesten-von-gran-canaria\/#primaryimage","url":"https:\/\/www.tui.at\/blog\/wp-content\/uploads\/2016\/10\/ladyvenom_grancanaria-158.jpg","contentUrl":"https:\/\/www.tui.at\/blog\/wp-content\/uploads\/2016\/10\/ladyvenom_grancanaria-158.jpg","width":1600,"height":1067,"caption":"El Bufadero"},{"@type":"BreadcrumbList","@id":"https:\/\/www.tui.at\/blog\/reisebericht-der-unberuehrte-nordwesten-von-gran-canaria\/#breadcrumb","itemListElement":[{"@type":"ListItem","position":1,"name":"Startseite","item":"https:\/\/www.tui.at\/blog\/"},{"@type":"ListItem","position":2,"name":"Reisebericht: Der unber\u00fchrte Nordwesten von Gran Canaria"}]},{"@type":"WebSite","@id":"https:\/\/www.tui.at\/blog\/#website","url":"https:\/\/www.tui.at\/blog\/","name":"TUI.at Reiseblog","description":"Inspirationen f\u00fcr den perfekten Urlaub","publisher":{"@id":"https:\/\/www.tui.at\/blog\/#organization"},"potentialAction":[{"@type":"SearchAction","target":{"@type":"EntryPoint","urlTemplate":"https:\/\/www.tui.at\/blog\/?s={search_term_string}"},"query-input":{"@type":"PropertyValueSpecification","valueRequired":true,"valueName":"search_term_string"}}],"inLanguage":"de"},{"@type":"Organization","@id":"https:\/\/www.tui.at\/blog\/#organization","name":"TUI.at Reiseblog","url":"https:\/\/www.tui.at\/blog\/","logo":{"@type":"ImageObject","inLanguage":"de","@id":"https:\/\/www.tui.at\/blog\/#\/schema\/logo\/image\/","url":"https:\/\/www.tui.at\/blog\/wp-content\/uploads\/2025\/09\/cropped-tui-logo-3.webp","contentUrl":"https:\/\/www.tui.at\/blog\/wp-content\/uploads\/2025\/09\/cropped-tui-logo-3.webp","width":164,"height":72,"caption":"TUI.at Reiseblog"},"image":{"@id":"https:\/\/www.tui.at\/blog\/#\/schema\/logo\/image\/"}},{"@type":"Person","@id":"https:\/\/www.tui.at\/blog\/#\/schema\/person\/05681e5907afb9e2ceee55587d9cb5e1","name":"Marion&amp;Raffael Payr","description":"Marion (@ladyvenom) und Raffael (@lionheaded) sind Blogger und Instagramer und verbringen durch diese Jobs viel Zeit unterwegs auf Reisen. Ihre liebsten Projekte sind die, wo sie gemeinsam arbeiten k\u00f6nnen und sich dabei kreativ austoben d\u00fcrfen. Dann geht es f\u00fcr die beiden sowohl in die Berge zum Wandern oder Wintersporteln, als auch an\u2019s Meer zum Relaxen und Baden, in St\u00e4dte zum Erkunden und Shoppen, auf Alpenh\u00fctten f\u00fcr die urigen Erlebnisse und auch in Luxushotels mit Spa und allem drum und dran. Ihr Anspruch an\u2019s Reisen ist sich der Destination voll und ganz hinzugeben und die Energie des Ortes aufzunehmen - das geht f\u00fcr die zwei unter ganz vielen unterschiedlichen Reise-Umst\u00e4nden.","sameAs":["http:\/\/thetravelblog.at"],"url":"https:\/\/www.tui.at\/blog\/author\/marion_raffael\/"}]}},"_links":{"self":[{"href":"https:\/\/www.tui.at\/blog\/wp-json\/wp\/v2\/posts\/487523","targetHints":{"allow":["GET"]}}],"collection":[{"href":"https:\/\/www.tui.at\/blog\/wp-json\/wp\/v2\/posts"}],"about":[{"href":"https:\/\/www.tui.at\/blog\/wp-json\/wp\/v2\/types\/post"}],"author":[{"embeddable":true,"href":"https:\/\/www.tui.at\/blog\/wp-json\/wp\/v2\/users\/204"}],"replies":[{"embeddable":true,"href":"https:\/\/www.tui.at\/blog\/wp-json\/wp\/v2\/comments?post=487523"}],"version-history":[{"count":1,"href":"https:\/\/www.tui.at\/blog\/wp-json\/wp\/v2\/posts\/487523\/revisions"}],"predecessor-version":[{"id":490269,"href":"https:\/\/www.tui.at\/blog\/wp-json\/wp\/v2\/posts\/487523\/revisions\/490269"}],"wp:featuredmedia":[{"embeddable":true,"href":"https:\/\/www.tui.at\/blog\/wp-json\/wp\/v2\/media\/487524"}],"wp:attachment":[{"href":"https:\/\/www.tui.at\/blog\/wp-json\/wp\/v2\/media?parent=487523"}],"wp:term":[{"taxonomy":"category","embeddable":true,"href":"https:\/\/www.tui.at\/blog\/wp-json\/wp\/v2\/categories?post=487523"},{"taxonomy":"post_tag","embeddable":true,"href":"https:\/\/www.tui.at\/blog\/wp-json\/wp\/v2\/tags?post=487523"}],"curies":[{"name":"wp","href":"https:\/\/api.w.org\/{rel}","templated":true}]}}